{"id":96052,"date":"2022-04-11T12:06:03","date_gmt":"2022-04-11T15:06:03","guid":{"rendered":"https:\/\/www.blogsoestado.com\/danielmatos\/?p=96052"},"modified":"2022-04-11T12:06:03","modified_gmt":"2022-04-11T15:06:03","slug":"presidente-da-aged-caue-aragao-acompanha-brandao-na-reinauguracao-da-unidade-da-agencia-em-parnarama","status":"publish","type":"post","link":"https:\/\/www.blogsoestado.com\/danielmatos\/presidente-da-aged-caue-aragao-acompanha-brandao-na-reinauguracao-da-unidade-da-agencia-em-parnarama\/","title":{"rendered":"Presidente da Aged, Cau\u00ea Arag\u00e3o, acompanha Brand\u00e3o na reinaugura\u00e7\u00e3o da unidade da ag\u00eancia em Parnarama"},"content":{"rendered":"\n<div class=\"wp-block-image\"><figure class=\"aligncenter size-large\"><a href=\"https:\/\/www.blogsoestado.com\/danielmatos\/files\/2022\/04\/Screenshot_20220411-1159102.png\"><img decoding=\"async\" src=\"https:\/\/www.blogsoestado.com\/danielmatos\/files\/2022\/04\/Screenshot_20220411-1159102.png\" alt=\"\" class=\"wp-image-96054\"\/><\/a><figcaption>Carlos Brand\u00e3o e Cau\u00ea Arag\u00e3o dialogam sobre as melhorias implementadas na unidade da Aged-MA de Parnarama<\/figcaption><\/figure><\/div>\n\n\n\n<p>O diretor-presidente da Ag\u00eancia Estadual de Defesa Agropecu\u00e1ria (Aged-MA), Cau\u00ea Arag\u00e3o, acompanhou o governador Carlos Brand\u00e3o na inaugura\u00e7\u00e3o da unidade regional da autarquia no munic\u00edpio de Parnarama. O pr\u00e9dio foi totalmente revitalizado, proporcionando maior qualidade de atendimento ao p\u00fablico e melhores condi\u00e7\u00f5es de trabalho aos servidores.<\/p>\n\n\n\n<div class=\"wp-block-image\"><figure class=\"aligncenter size-large\"><a href=\"https:\/\/www.blogsoestado.com\/danielmatos\/files\/2022\/04\/Screenshot_20220411-1157082.png\"><img decoding=\"async\" src=\"https:\/\/www.blogsoestado.com\/danielmatos\/files\/2022\/04\/Screenshot_20220411-1157082-696x1024.png\" alt=\"\" class=\"wp-image-96055\"\/><\/a><figcaption>Cau\u00ea Arag\u00e3o e o governador Carlos Brand\u00e3o diante do pr\u00e9dio rec\u00e9m-revitalizado para melhor atender ao p\u00fablico<\/figcaption><\/figure><\/div>\n\n\n\n<p>Diversas autoridades p\u00fablicas prestigiaram o ato, dentre as secret\u00e1rios, deputados, prefeitos e lideran\u00e7as populares.<\/p>\n\n\n\n<div class=\"wp-block-image\"><figure class=\"aligncenter size-large\"><a href=\"https:\/\/www.blogsoestado.com\/danielmatos\/files\/2022\/04\/Screenshot_20220411-1157262.png\"><img decoding=\"async\" src=\"https:\/\/www.blogsoestado.com\/danielmatos\/files\/2022\/04\/Screenshot_20220411-1157262.png\" alt=\"\" class=\"wp-image-96056\"\/><\/a><figcaption>O diretor-presidente da Aged-MA, Cau\u00ea Arag\u00e3o, diante da placa de reinaugura\u00e7\u00e3o do pr\u00e9dio<\/figcaption><\/figure><\/div>\n\n\n\n<p>A reinaugura\u00e7\u00e3o da unidade da Aged-MA de Parnarama \u00e9 um dos primeiros atos protagonizado por Cau\u00ea Arag\u00e3o no cargo e \u00e9 o pren\u00fancio de grandes feitos em favor da agropecu\u00e1ria maranhense durante a sua gest\u00e3o.<\/p>\n\n\n\n<div class=\"wp-block-image\"><figure class=\"aligncenter size-large\"><a href=\"https:\/\/www.blogsoestado.com\/danielmatos\/files\/2022\/04\/Screenshot_20220411-1157452.png\"><img decoding=\"async\" src=\"https:\/\/www.blogsoestado.com\/danielmatos\/files\/2022\/04\/Screenshot_20220411-1157452.png\" alt=\"\" class=\"wp-image-96057\"\/><\/a><figcaption>O governador Carlos Brand\u00e3o e o diretor-presidente da Aged-MA, Cau\u00ea Arag\u00e3o, com servidores da unidade regional da autarquia em Parnarama<\/figcaption><\/figure><\/div>\n","protected":false},"excerpt":{"rendered":"<p>O diretor-presidente da Ag\u00eancia Estadual de Defesa Agropecu\u00e1ria (Aged-MA), Cau\u00ea Arag\u00e3o, acompanhou o governador Carlos Brand\u00e3o na inaugura\u00e7\u00e3o da unidade [&hellip;]<\/p>\n","protected":false},"author":0,"featured_media":0,"comment_status":"open","ping_status":"open","sticky":false,"template":"","format":"standard","meta":{"site-sidebar-layout":"default","site-content-layout":"","ast-site-content-layout":"default","site-content-style":"default","site-sidebar-style":"default","ast-global-header-display":"","ast-banner-title-visibility":"","ast-main-header-display":"","ast-hfb-above-header-display":"","ast-hfb-below-header-display":"","ast-hfb-mobile-header-display":"","site-post-title":"","ast-breadcrumbs-content":"","ast-featured-img":"","footer-sml-layout":"","ast-disable-related-posts":"","theme-transparent-header-meta":"","adv-header-id-meta":"","stick-header-meta":"","header-above-stick-meta":"","header-main-stick-meta":"","header-below-stick-meta":"","astra-migrate-meta-layouts":"default","ast-page-background-enabled":"default","ast-page-background-meta":{"desktop":{"background-color":"var(--ast-global-color-5)","background-image":"","background-repeat":"repeat","background-position":"center center","background-size":"auto","background-attachment":"scroll","background-type":"","background-media":"","overlay-type":"","overlay-color":"","overlay-opacity":"","overlay-gradient":""},"tablet":{"background-color":"","background-image":"","background-repeat":"repeat","background-position":"center center","background-size":"auto","background-attachment":"scroll","background-type":"","background-media":"","overlay-type":"","overlay-color":"","overlay-opacity":"","overlay-gradient":""},"mobile":{"background-color":"","background-image":"","background-repeat":"repeat","background-position":"center center","background-size":"auto","background-attachment":"scroll","background-type":"","background-media":"","overlay-type":"","overlay-color":"","overlay-opacity":"","overlay-gradient":""}},"ast-content-background-meta":{"desktop":{"background-color":"var(--ast-global-color-4)","background-image":"","background-repeat":"repeat","background-position":"center center","background-size":"auto","background-attachment":"scroll","background-type":"","background-media":"","overlay-type":"","overlay-color":"","overlay-opacity":"","overlay-gradient":""},"tablet":{"background-color":"var(--ast-global-color-4)","background-image":"","background-repeat":"repeat","background-position":"center center","background-size":"auto","background-attachment":"scroll","background-type":"","background-media":"","overlay-type":"","overlay-color":"","overlay-opacity":"","overlay-gradient":""},"mobile":{"background-color":"var(--ast-global-color-4)","background-image":"","background-repeat":"repeat","background-position":"center center","background-size":"auto","background-attachment":"scroll","background-type":"","background-media":"","overlay-type":"","overlay-color":"","overlay-opacity":"","overlay-gradient":""}},"footnotes":""},"categories":[1],"tags":[],"class_list":["post-96052","post","type-post","status-publish","format-standard","hentry","category-sem-categoria"],"yoast_head":"<!-- This site is optimized with the Yoast SEO plugin v26.6 - https:\/\/yoast.com\/wordpress\/plugins\/seo\/ -->\n<title>Presidente da Aged, Cau\u00ea Arag\u00e3o, acompanha Brand\u00e3o na reinaugura\u00e7\u00e3o da unidade da ag\u00eancia em Parnarama - Daniel Matos<\/title>\n<meta name=\"robots\" content=\"index, follow, max-snippet:-1, max-image-preview:large, max-video-preview:-1\" \/>\n<link rel=\"canonical\" href=\"https:\/\/www.blogsoestado.com\/danielmatos\/presidente-da-aged-caue-aragao-acompanha-brandao-na-reinauguracao-da-unidade-da-agencia-em-parnarama\/\" \/>\n<meta property=\"og:locale\" content=\"pt_BR\" \/>\n<meta property=\"og:type\" content=\"article\" \/>\n<meta property=\"og:title\" content=\"Presidente da Aged, Cau\u00ea Arag\u00e3o, acompanha Brand\u00e3o na reinaugura\u00e7\u00e3o da unidade da ag\u00eancia em Parnarama - Daniel Matos\" \/>\n<meta property=\"og:description\" content=\"O diretor-presidente da Ag\u00eancia Estadual de Defesa Agropecu\u00e1ria (Aged-MA), Cau\u00ea Arag\u00e3o, acompanhou o governador Carlos Brand\u00e3o na inaugura\u00e7\u00e3o da unidade [&hellip;]\" \/>\n<meta property=\"og:url\" content=\"https:\/\/www.blogsoestado.com\/danielmatos\/presidente-da-aged-caue-aragao-acompanha-brandao-na-reinauguracao-da-unidade-da-agencia-em-parnarama\/\" \/>\n<meta property=\"og:site_name\" content=\"Daniel Matos\" \/>\n<meta property=\"article:published_time\" content=\"2022-04-11T15:06:03+00:00\" \/>\n<meta property=\"og:image\" content=\"https:\/\/www.blogsoestado.com\/danielmatos\/files\/2022\/04\/Screenshot_20220411-1159102.png\" \/>\n<meta name=\"twitter:card\" content=\"summary_large_image\" \/>\n<meta name=\"twitter:label1\" content=\"Est. tempo de leitura\" \/>\n\t<meta name=\"twitter:data1\" content=\"1 minuto\" \/>\n<script type=\"application\/ld+json\" class=\"yoast-schema-graph\">{\"@context\":\"https:\/\/schema.org\",\"@graph\":[{\"@type\":\"WebPage\",\"@id\":\"https:\/\/www.blogsoestado.com\/danielmatos\/presidente-da-aged-caue-aragao-acompanha-brandao-na-reinauguracao-da-unidade-da-agencia-em-parnarama\/\",\"url\":\"https:\/\/www.blogsoestado.com\/danielmatos\/presidente-da-aged-caue-aragao-acompanha-brandao-na-reinauguracao-da-unidade-da-agencia-em-parnarama\/\",\"name\":\"Presidente da Aged, Cau\u00ea Arag\u00e3o, acompanha Brand\u00e3o na reinaugura\u00e7\u00e3o da unidade da ag\u00eancia em Parnarama - Daniel Matos\",\"isPartOf\":{\"@id\":\"https:\/\/www.blogsoestado.com\/danielmatos\/#website\"},\"primaryImageOfPage\":{\"@id\":\"https:\/\/www.blogsoestado.com\/danielmatos\/presidente-da-aged-caue-aragao-acompanha-brandao-na-reinauguracao-da-unidade-da-agencia-em-parnarama\/#primaryimage\"},\"image\":{\"@id\":\"https:\/\/www.blogsoestado.com\/danielmatos\/presidente-da-aged-caue-aragao-acompanha-brandao-na-reinauguracao-da-unidade-da-agencia-em-parnarama\/#primaryimage\"},\"thumbnailUrl\":\"https:\/\/www.blogsoestado.com\/danielmatos\/files\/2022\/04\/Screenshot_20220411-1159102.png\",\"datePublished\":\"2022-04-11T15:06:03+00:00\",\"author\":{\"@id\":\"\"},\"breadcrumb\":{\"@id\":\"https:\/\/www.blogsoestado.com\/danielmatos\/presidente-da-aged-caue-aragao-acompanha-brandao-na-reinauguracao-da-unidade-da-agencia-em-parnarama\/#breadcrumb\"},\"inLanguage\":\"pt-BR\",\"potentialAction\":[{\"@type\":\"ReadAction\",\"target\":[\"https:\/\/www.blogsoestado.com\/danielmatos\/presidente-da-aged-caue-aragao-acompanha-brandao-na-reinauguracao-da-unidade-da-agencia-em-parnarama\/\"]}]},{\"@type\":\"ImageObject\",\"inLanguage\":\"pt-BR\",\"@id\":\"https:\/\/www.blogsoestado.com\/danielmatos\/presidente-da-aged-caue-aragao-acompanha-brandao-na-reinauguracao-da-unidade-da-agencia-em-parnarama\/#primaryimage\",\"url\":\"https:\/\/www.blogsoestado.com\/danielmatos\/files\/2022\/04\/Screenshot_20220411-1159102.png\",\"contentUrl\":\"https:\/\/www.blogsoestado.com\/danielmatos\/files\/2022\/04\/Screenshot_20220411-1159102.png\"},{\"@type\":\"BreadcrumbList\",\"@id\":\"https:\/\/www.blogsoestado.com\/danielmatos\/presidente-da-aged-caue-aragao-acompanha-brandao-na-reinauguracao-da-unidade-da-agencia-em-parnarama\/#breadcrumb\",\"itemListElement\":[{\"@type\":\"ListItem\",\"position\":1,\"name\":\"In\u00edcio\",\"item\":\"https:\/\/www.blogsoestado.com\/danielmatos\/\"},{\"@type\":\"ListItem\",\"position\":2,\"name\":\"Presidente da Aged, Cau\u00ea Arag\u00e3o, acompanha Brand\u00e3o na reinaugura\u00e7\u00e3o da unidade da ag\u00eancia em Parnarama\"}]},{\"@type\":\"WebSite\",\"@id\":\"https:\/\/www.blogsoestado.com\/danielmatos\/#website\",\"url\":\"https:\/\/www.blogsoestado.com\/danielmatos\/\",\"name\":\"Daniel Matos\",\"description\":\"\",\"potentialAction\":[{\"@type\":\"SearchAction\",\"target\":{\"@type\":\"EntryPoint\",\"urlTemplate\":\"https:\/\/www.blogsoestado.com\/danielmatos\/?s={search_term_string}\"},\"query-input\":{\"@type\":\"PropertyValueSpecification\",\"valueRequired\":true,\"valueName\":\"search_term_string\"}}],\"inLanguage\":\"pt-BR\"}]}<\/script>\n<!-- \/ Yoast SEO plugin. -->","yoast_head_json":{"title":"Presidente da Aged, Cau\u00ea Arag\u00e3o, acompanha Brand\u00e3o na reinaugura\u00e7\u00e3o da unidade da ag\u00eancia em Parnarama - Daniel Matos","robots":{"index":"index","follow":"follow","max-snippet":"max-snippet:-1","max-image-preview":"max-image-preview:large","max-video-preview":"max-video-preview:-1"},"canonical":"https:\/\/www.blogsoestado.com\/danielmatos\/presidente-da-aged-caue-aragao-acompanha-brandao-na-reinauguracao-da-unidade-da-agencia-em-parnarama\/","og_locale":"pt_BR","og_type":"article","og_title":"Presidente da Aged, Cau\u00ea Arag\u00e3o, acompanha Brand\u00e3o na reinaugura\u00e7\u00e3o da unidade da ag\u00eancia em Parnarama - Daniel Matos","og_description":"O diretor-presidente da Ag\u00eancia Estadual de Defesa Agropecu\u00e1ria (Aged-MA), Cau\u00ea Arag\u00e3o, acompanhou o governador Carlos Brand\u00e3o na inaugura\u00e7\u00e3o da unidade [&hellip;]","og_url":"https:\/\/www.blogsoestado.com\/danielmatos\/presidente-da-aged-caue-aragao-acompanha-brandao-na-reinauguracao-da-unidade-da-agencia-em-parnarama\/","og_site_name":"Daniel Matos","article_published_time":"2022-04-11T15:06:03+00:00","og_image":[{"url":"https:\/\/www.blogsoestado.com\/danielmatos\/files\/2022\/04\/Screenshot_20220411-1159102.png","type":"","width":"","height":""}],"twitter_card":"summary_large_image","twitter_misc":{"Est. tempo de leitura":"1 minuto"},"schema":{"@context":"https:\/\/schema.org","@graph":[{"@type":"WebPage","@id":"https:\/\/www.blogsoestado.com\/danielmatos\/presidente-da-aged-caue-aragao-acompanha-brandao-na-reinauguracao-da-unidade-da-agencia-em-parnarama\/","url":"https:\/\/www.blogsoestado.com\/danielmatos\/presidente-da-aged-caue-aragao-acompanha-brandao-na-reinauguracao-da-unidade-da-agencia-em-parnarama\/","name":"Presidente da Aged, Cau\u00ea Arag\u00e3o, acompanha Brand\u00e3o na reinaugura\u00e7\u00e3o da unidade da ag\u00eancia em Parnarama - Daniel Matos","isPartOf":{"@id":"https:\/\/www.blogsoestado.com\/danielmatos\/#website"},"primaryImageOfPage":{"@id":"https:\/\/www.blogsoestado.com\/danielmatos\/presidente-da-aged-caue-aragao-acompanha-brandao-na-reinauguracao-da-unidade-da-agencia-em-parnarama\/#primaryimage"},"image":{"@id":"https:\/\/www.blogsoestado.com\/danielmatos\/presidente-da-aged-caue-aragao-acompanha-brandao-na-reinauguracao-da-unidade-da-agencia-em-parnarama\/#primaryimage"},"thumbnailUrl":"https:\/\/www.blogsoestado.com\/danielmatos\/files\/2022\/04\/Screenshot_20220411-1159102.png","datePublished":"2022-04-11T15:06:03+00:00","author":{"@id":""},"breadcrumb":{"@id":"https:\/\/www.blogsoestado.com\/danielmatos\/presidente-da-aged-caue-aragao-acompanha-brandao-na-reinauguracao-da-unidade-da-agencia-em-parnarama\/#breadcrumb"},"inLanguage":"pt-BR","potentialAction":[{"@type":"ReadAction","target":["https:\/\/www.blogsoestado.com\/danielmatos\/presidente-da-aged-caue-aragao-acompanha-brandao-na-reinauguracao-da-unidade-da-agencia-em-parnarama\/"]}]},{"@type":"ImageObject","inLanguage":"pt-BR","@id":"https:\/\/www.blogsoestado.com\/danielmatos\/presidente-da-aged-caue-aragao-acompanha-brandao-na-reinauguracao-da-unidade-da-agencia-em-parnarama\/#primaryimage","url":"https:\/\/www.blogsoestado.com\/danielmatos\/files\/2022\/04\/Screenshot_20220411-1159102.png","contentUrl":"https:\/\/www.blogsoestado.com\/danielmatos\/files\/2022\/04\/Screenshot_20220411-1159102.png"},{"@type":"BreadcrumbList","@id":"https:\/\/www.blogsoestado.com\/danielmatos\/presidente-da-aged-caue-aragao-acompanha-brandao-na-reinauguracao-da-unidade-da-agencia-em-parnarama\/#breadcrumb","itemListElement":[{"@type":"ListItem","position":1,"name":"In\u00edcio","item":"https:\/\/www.blogsoestado.com\/danielmatos\/"},{"@type":"ListItem","position":2,"name":"Presidente da Aged, Cau\u00ea Arag\u00e3o, acompanha Brand\u00e3o na reinaugura\u00e7\u00e3o da unidade da ag\u00eancia em Parnarama"}]},{"@type":"WebSite","@id":"https:\/\/www.blogsoestado.com\/danielmatos\/#website","url":"https:\/\/www.blogsoestado.com\/danielmatos\/","name":"Daniel Matos","description":"","potentialAction":[{"@type":"SearchAction","target":{"@type":"EntryPoint","urlTemplate":"https:\/\/www.blogsoestado.com\/danielmatos\/?s={search_term_string}"},"query-input":{"@type":"PropertyValueSpecification","valueRequired":true,"valueName":"search_term_string"}}],"inLanguage":"pt-BR"}]}},"jetpack_featured_media_url":"","_links":{"self":[{"href":"https:\/\/www.blogsoestado.com\/danielmatos\/wp-json\/wp\/v2\/posts\/96052","targetHints":{"allow":["GET"]}}],"collection":[{"href":"https:\/\/www.blogsoestado.com\/danielmatos\/wp-json\/wp\/v2\/posts"}],"about":[{"href":"https:\/\/www.blogsoestado.com\/danielmatos\/wp-json\/wp\/v2\/types\/post"}],"replies":[{"embeddable":true,"href":"https:\/\/www.blogsoestado.com\/danielmatos\/wp-json\/wp\/v2\/comments?post=96052"}],"version-history":[{"count":0,"href":"https:\/\/www.blogsoestado.com\/danielmatos\/wp-json\/wp\/v2\/posts\/96052\/revisions"}],"wp:attachment":[{"href":"https:\/\/www.blogsoestado.com\/danielmatos\/wp-json\/wp\/v2\/media?parent=96052"}],"wp:term":[{"taxonomy":"category","embeddable":true,"href":"https:\/\/www.blogsoestado.com\/danielmatos\/wp-json\/wp\/v2\/categories?post=96052"},{"taxonomy":"post_tag","embeddable":true,"href":"https:\/\/www.blogsoestado.com\/danielmatos\/wp-json\/wp\/v2\/tags?post=96052"}],"curies":[{"name":"wp","href":"https:\/\/api.w.org\/{rel}","templated":true}]}}