{"id":96059,"date":"2022-04-11T14:05:19","date_gmt":"2022-04-11T17:05:19","guid":{"rendered":"https:\/\/www.blogsoestado.com\/danielmatos\/?p=96059"},"modified":"2022-04-11T14:05:19","modified_gmt":"2022-04-11T17:05:19","slug":"mauro-fecury-recebe-honraria-do-crea-ma-por-bons-servicos-prestados-a-engenharia-e-a-agronomia","status":"publish","type":"post","link":"https:\/\/www.blogsoestado.com\/danielmatos\/mauro-fecury-recebe-honraria-do-crea-ma-por-bons-servicos-prestados-a-engenharia-e-a-agronomia\/","title":{"rendered":"Mauro Fecury recebe honraria do CREA-MA por bons servi\u00e7os prestados \u00e0 Engenharia e \u00e0 Agronomia"},"content":{"rendered":"\n<div class=\"wp-block-image\"><figure class=\"aligncenter size-large\"><a href=\"https:\/\/www.blogsoestado.com\/danielmatos\/files\/2022\/04\/Screenshot_20220411-1357192.png\"><img decoding=\"async\" src=\"https:\/\/www.blogsoestado.com\/danielmatos\/files\/2022\/04\/Screenshot_20220411-1357192.png\" alt=\"\" class=\"wp-image-96060\"\/><\/a><figcaption>O fundador e mantenedor da Universidade Ceuma foi agraciado pelo superintendente do CREA-MA, Lu\u00eds Pl\u00e9cio Soares<\/figcaption><\/figure><\/div>\n\n\n\n<p>Fundador e mantenedor da Universidade Ceuma, o engenheiro civil, ex-prefeito de S\u00e3o Lu\u00eds, ex-deputado federal e ex-senador da Rep\u00fablica Mauro Fecury recebeu do Conselho Regional de Engenharia e Agronomia do Maranh\u00e3o (CREA-MA) uma homenagem pelos servi\u00e7os prestados \u00e0 Engenharia e \u00e0 Agronomia no Estado e ao Sistema Confea\/Crea.<\/p>\n\n\n\n<p>Mauro Fecury \u00e9 engenheiro civil, formado pela Universidade Federal do Rio de Janeiro (UFRJ) e, dentre outras contribui\u00e7\u00f5es, teve participa\u00e7\u00e3o fundamental na aquisi\u00e7\u00e3o do primeiro pr\u00e9dio da sede do CREA-MA, tornando poss\u00edvel a compra do pr\u00e9dio hist\u00f3rico localizado na Rua do Giz. <\/p>\n\n\n\n<p>Essa foi mais uma grandiosa homenagem recebida por toda a colabora\u00e7\u00e3o de Mauro Fecury no crescimento e desenvolvimento do Maranh\u00e3o. Gra\u00e7as \u00e0 sua iniciativa e empenho, a Universidade Ceuma forma, h\u00e1 32 anos, profissionais de refer\u00eancia em diversas \u00e1reas.<\/p>\n\n\n\n<p>O superintendente do CREA-MA, Lu\u00eds Pl\u00e9cio Soares, afirmou que levar\u00e1 ao presidente do conselho um projeto de parceria entre a Universidade Ceuma e a entidade, visando beneficiar tanto os alunos quanto os profissionais de engenharia.<\/p>\n","protected":false},"excerpt":{"rendered":"<p>Fundador e mantenedor da Universidade Ceuma, o engenheiro civil, ex-prefeito de S\u00e3o Lu\u00eds, ex-deputado federal e ex-senador da Rep\u00fablica Mauro [&hellip;]<\/p>\n","protected":false},"author":0,"featured_media":0,"comment_status":"open","ping_status":"open","sticky":false,"template":"","format":"standard","meta":{"site-sidebar-layout":"default","site-content-layout":"","ast-site-content-layout":"default","site-content-style":"default","site-sidebar-style":"default","ast-global-header-display":"","ast-banner-title-visibility":"","ast-main-header-display":"","ast-hfb-above-header-display":"","ast-hfb-below-header-display":"","ast-hfb-mobile-header-display":"","site-post-title":"","ast-breadcrumbs-content":"","ast-featured-img":"","footer-sml-layout":"","ast-disable-related-posts":"","theme-transparent-header-meta":"","adv-header-id-meta":"","stick-header-meta":"","header-above-stick-meta":"","header-main-stick-meta":"","header-below-stick-meta":"","astra-migrate-meta-layouts":"default","ast-page-background-enabled":"default","ast-page-background-meta":{"desktop":{"background-color":"var(--ast-global-color-5)","background-image":"","background-repeat":"repeat","background-position":"center center","background-size":"auto","background-attachment":"scroll","background-type":"","background-media":"","overlay-type":"","overlay-color":"","overlay-opacity":"","overlay-gradient":""},"tablet":{"background-color":"","background-image":"","background-repeat":"repeat","background-position":"center center","background-size":"auto","background-attachment":"scroll","background-type":"","background-media":"","overlay-type":"","overlay-color":"","overlay-opacity":"","overlay-gradient":""},"mobile":{"background-color":"","background-image":"","background-repeat":"repeat","background-position":"center center","background-size":"auto","background-attachment":"scroll","background-type":"","background-media":"","overlay-type":"","overlay-color":"","overlay-opacity":"","overlay-gradient":""}},"ast-content-background-meta":{"desktop":{"background-color":"var(--ast-global-color-4)","background-image":"","background-repeat":"repeat","background-position":"center center","background-size":"auto","background-attachment":"scroll","background-type":"","background-media":"","overlay-type":"","overlay-color":"","overlay-opacity":"","overlay-gradient":""},"tablet":{"background-color":"var(--ast-global-color-4)","background-image":"","background-repeat":"repeat","background-position":"center center","background-size":"auto","background-attachment":"scroll","background-type":"","background-media":"","overlay-type":"","overlay-color":"","overlay-opacity":"","overlay-gradient":""},"mobile":{"background-color":"var(--ast-global-color-4)","background-image":"","background-repeat":"repeat","background-position":"center center","background-size":"auto","background-attachment":"scroll","background-type":"","background-media":"","overlay-type":"","overlay-color":"","overlay-opacity":"","overlay-gradient":""}},"footnotes":""},"categories":[1],"tags":[],"class_list":["post-96059","post","type-post","status-publish","format-standard","hentry","category-sem-categoria"],"yoast_head":"<!-- This site is optimized with the Yoast SEO plugin v26.6 - https:\/\/yoast.com\/wordpress\/plugins\/seo\/ -->\n<title>Mauro Fecury recebe honraria do CREA-MA por bons servi\u00e7os prestados \u00e0 Engenharia e \u00e0 Agronomia - Daniel Matos<\/title>\n<meta name=\"robots\" content=\"index, follow, max-snippet:-1, max-image-preview:large, max-video-preview:-1\" \/>\n<link rel=\"canonical\" href=\"https:\/\/www.blogsoestado.com\/danielmatos\/mauro-fecury-recebe-honraria-do-crea-ma-por-bons-servicos-prestados-a-engenharia-e-a-agronomia\/\" \/>\n<meta property=\"og:locale\" content=\"pt_BR\" \/>\n<meta property=\"og:type\" content=\"article\" \/>\n<meta property=\"og:title\" content=\"Mauro Fecury recebe honraria do CREA-MA por bons servi\u00e7os prestados \u00e0 Engenharia e \u00e0 Agronomia - Daniel Matos\" \/>\n<meta property=\"og:description\" content=\"Fundador e mantenedor da Universidade Ceuma, o engenheiro civil, ex-prefeito de S\u00e3o Lu\u00eds, ex-deputado federal e ex-senador da Rep\u00fablica Mauro [&hellip;]\" \/>\n<meta property=\"og:url\" content=\"https:\/\/www.blogsoestado.com\/danielmatos\/mauro-fecury-recebe-honraria-do-crea-ma-por-bons-servicos-prestados-a-engenharia-e-a-agronomia\/\" \/>\n<meta property=\"og:site_name\" content=\"Daniel Matos\" \/>\n<meta property=\"article:published_time\" content=\"2022-04-11T17:05:19+00:00\" \/>\n<meta property=\"og:image\" content=\"https:\/\/www.blogsoestado.com\/danielmatos\/files\/2022\/04\/Screenshot_20220411-1357192.png\" \/>\n<meta name=\"twitter:card\" content=\"summary_large_image\" \/>\n<meta name=\"twitter:label1\" content=\"Est. tempo de leitura\" \/>\n\t<meta name=\"twitter:data1\" content=\"1 minuto\" \/>\n<script type=\"application\/ld+json\" class=\"yoast-schema-graph\">{\"@context\":\"https:\/\/schema.org\",\"@graph\":[{\"@type\":\"WebPage\",\"@id\":\"https:\/\/www.blogsoestado.com\/danielmatos\/mauro-fecury-recebe-honraria-do-crea-ma-por-bons-servicos-prestados-a-engenharia-e-a-agronomia\/\",\"url\":\"https:\/\/www.blogsoestado.com\/danielmatos\/mauro-fecury-recebe-honraria-do-crea-ma-por-bons-servicos-prestados-a-engenharia-e-a-agronomia\/\",\"name\":\"Mauro Fecury recebe honraria do CREA-MA por bons servi\u00e7os prestados \u00e0 Engenharia e \u00e0 Agronomia - Daniel Matos\",\"isPartOf\":{\"@id\":\"https:\/\/www.blogsoestado.com\/danielmatos\/#website\"},\"primaryImageOfPage\":{\"@id\":\"https:\/\/www.blogsoestado.com\/danielmatos\/mauro-fecury-recebe-honraria-do-crea-ma-por-bons-servicos-prestados-a-engenharia-e-a-agronomia\/#primaryimage\"},\"image\":{\"@id\":\"https:\/\/www.blogsoestado.com\/danielmatos\/mauro-fecury-recebe-honraria-do-crea-ma-por-bons-servicos-prestados-a-engenharia-e-a-agronomia\/#primaryimage\"},\"thumbnailUrl\":\"https:\/\/www.blogsoestado.com\/danielmatos\/files\/2022\/04\/Screenshot_20220411-1357192.png\",\"datePublished\":\"2022-04-11T17:05:19+00:00\",\"author\":{\"@id\":\"\"},\"breadcrumb\":{\"@id\":\"https:\/\/www.blogsoestado.com\/danielmatos\/mauro-fecury-recebe-honraria-do-crea-ma-por-bons-servicos-prestados-a-engenharia-e-a-agronomia\/#breadcrumb\"},\"inLanguage\":\"pt-BR\",\"potentialAction\":[{\"@type\":\"ReadAction\",\"target\":[\"https:\/\/www.blogsoestado.com\/danielmatos\/mauro-fecury-recebe-honraria-do-crea-ma-por-bons-servicos-prestados-a-engenharia-e-a-agronomia\/\"]}]},{\"@type\":\"ImageObject\",\"inLanguage\":\"pt-BR\",\"@id\":\"https:\/\/www.blogsoestado.com\/danielmatos\/mauro-fecury-recebe-honraria-do-crea-ma-por-bons-servicos-prestados-a-engenharia-e-a-agronomia\/#primaryimage\",\"url\":\"https:\/\/www.blogsoestado.com\/danielmatos\/files\/2022\/04\/Screenshot_20220411-1357192.png\",\"contentUrl\":\"https:\/\/www.blogsoestado.com\/danielmatos\/files\/2022\/04\/Screenshot_20220411-1357192.png\"},{\"@type\":\"BreadcrumbList\",\"@id\":\"https:\/\/www.blogsoestado.com\/danielmatos\/mauro-fecury-recebe-honraria-do-crea-ma-por-bons-servicos-prestados-a-engenharia-e-a-agronomia\/#breadcrumb\",\"itemListElement\":[{\"@type\":\"ListItem\",\"position\":1,\"name\":\"In\u00edcio\",\"item\":\"https:\/\/www.blogsoestado.com\/danielmatos\/\"},{\"@type\":\"ListItem\",\"position\":2,\"name\":\"Mauro Fecury recebe honraria do CREA-MA por bons servi\u00e7os prestados \u00e0 Engenharia e \u00e0 Agronomia\"}]},{\"@type\":\"WebSite\",\"@id\":\"https:\/\/www.blogsoestado.com\/danielmatos\/#website\",\"url\":\"https:\/\/www.blogsoestado.com\/danielmatos\/\",\"name\":\"Daniel Matos\",\"description\":\"\",\"potentialAction\":[{\"@type\":\"SearchAction\",\"target\":{\"@type\":\"EntryPoint\",\"urlTemplate\":\"https:\/\/www.blogsoestado.com\/danielmatos\/?s={search_term_string}\"},\"query-input\":{\"@type\":\"PropertyValueSpecification\",\"valueRequired\":true,\"valueName\":\"search_term_string\"}}],\"inLanguage\":\"pt-BR\"}]}<\/script>\n<!-- \/ Yoast SEO plugin. -->","yoast_head_json":{"title":"Mauro Fecury recebe honraria do CREA-MA por bons servi\u00e7os prestados \u00e0 Engenharia e \u00e0 Agronomia - Daniel Matos","robots":{"index":"index","follow":"follow","max-snippet":"max-snippet:-1","max-image-preview":"max-image-preview:large","max-video-preview":"max-video-preview:-1"},"canonical":"https:\/\/www.blogsoestado.com\/danielmatos\/mauro-fecury-recebe-honraria-do-crea-ma-por-bons-servicos-prestados-a-engenharia-e-a-agronomia\/","og_locale":"pt_BR","og_type":"article","og_title":"Mauro Fecury recebe honraria do CREA-MA por bons servi\u00e7os prestados \u00e0 Engenharia e \u00e0 Agronomia - Daniel Matos","og_description":"Fundador e mantenedor da Universidade Ceuma, o engenheiro civil, ex-prefeito de S\u00e3o Lu\u00eds, ex-deputado federal e ex-senador da Rep\u00fablica Mauro [&hellip;]","og_url":"https:\/\/www.blogsoestado.com\/danielmatos\/mauro-fecury-recebe-honraria-do-crea-ma-por-bons-servicos-prestados-a-engenharia-e-a-agronomia\/","og_site_name":"Daniel Matos","article_published_time":"2022-04-11T17:05:19+00:00","og_image":[{"url":"https:\/\/www.blogsoestado.com\/danielmatos\/files\/2022\/04\/Screenshot_20220411-1357192.png","type":"","width":"","height":""}],"twitter_card":"summary_large_image","twitter_misc":{"Est. tempo de leitura":"1 minuto"},"schema":{"@context":"https:\/\/schema.org","@graph":[{"@type":"WebPage","@id":"https:\/\/www.blogsoestado.com\/danielmatos\/mauro-fecury-recebe-honraria-do-crea-ma-por-bons-servicos-prestados-a-engenharia-e-a-agronomia\/","url":"https:\/\/www.blogsoestado.com\/danielmatos\/mauro-fecury-recebe-honraria-do-crea-ma-por-bons-servicos-prestados-a-engenharia-e-a-agronomia\/","name":"Mauro Fecury recebe honraria do CREA-MA por bons servi\u00e7os prestados \u00e0 Engenharia e \u00e0 Agronomia - Daniel Matos","isPartOf":{"@id":"https:\/\/www.blogsoestado.com\/danielmatos\/#website"},"primaryImageOfPage":{"@id":"https:\/\/www.blogsoestado.com\/danielmatos\/mauro-fecury-recebe-honraria-do-crea-ma-por-bons-servicos-prestados-a-engenharia-e-a-agronomia\/#primaryimage"},"image":{"@id":"https:\/\/www.blogsoestado.com\/danielmatos\/mauro-fecury-recebe-honraria-do-crea-ma-por-bons-servicos-prestados-a-engenharia-e-a-agronomia\/#primaryimage"},"thumbnailUrl":"https:\/\/www.blogsoestado.com\/danielmatos\/files\/2022\/04\/Screenshot_20220411-1357192.png","datePublished":"2022-04-11T17:05:19+00:00","author":{"@id":""},"breadcrumb":{"@id":"https:\/\/www.blogsoestado.com\/danielmatos\/mauro-fecury-recebe-honraria-do-crea-ma-por-bons-servicos-prestados-a-engenharia-e-a-agronomia\/#breadcrumb"},"inLanguage":"pt-BR","potentialAction":[{"@type":"ReadAction","target":["https:\/\/www.blogsoestado.com\/danielmatos\/mauro-fecury-recebe-honraria-do-crea-ma-por-bons-servicos-prestados-a-engenharia-e-a-agronomia\/"]}]},{"@type":"ImageObject","inLanguage":"pt-BR","@id":"https:\/\/www.blogsoestado.com\/danielmatos\/mauro-fecury-recebe-honraria-do-crea-ma-por-bons-servicos-prestados-a-engenharia-e-a-agronomia\/#primaryimage","url":"https:\/\/www.blogsoestado.com\/danielmatos\/files\/2022\/04\/Screenshot_20220411-1357192.png","contentUrl":"https:\/\/www.blogsoestado.com\/danielmatos\/files\/2022\/04\/Screenshot_20220411-1357192.png"},{"@type":"BreadcrumbList","@id":"https:\/\/www.blogsoestado.com\/danielmatos\/mauro-fecury-recebe-honraria-do-crea-ma-por-bons-servicos-prestados-a-engenharia-e-a-agronomia\/#breadcrumb","itemListElement":[{"@type":"ListItem","position":1,"name":"In\u00edcio","item":"https:\/\/www.blogsoestado.com\/danielmatos\/"},{"@type":"ListItem","position":2,"name":"Mauro Fecury recebe honraria do CREA-MA por bons servi\u00e7os prestados \u00e0 Engenharia e \u00e0 Agronomia"}]},{"@type":"WebSite","@id":"https:\/\/www.blogsoestado.com\/danielmatos\/#website","url":"https:\/\/www.blogsoestado.com\/danielmatos\/","name":"Daniel Matos","description":"","potentialAction":[{"@type":"SearchAction","target":{"@type":"EntryPoint","urlTemplate":"https:\/\/www.blogsoestado.com\/danielmatos\/?s={search_term_string}"},"query-input":{"@type":"PropertyValueSpecification","valueRequired":true,"valueName":"search_term_string"}}],"inLanguage":"pt-BR"}]}},"jetpack_featured_media_url":"","_links":{"self":[{"href":"https:\/\/www.blogsoestado.com\/danielmatos\/wp-json\/wp\/v2\/posts\/96059","targetHints":{"allow":["GET"]}}],"collection":[{"href":"https:\/\/www.blogsoestado.com\/danielmatos\/wp-json\/wp\/v2\/posts"}],"about":[{"href":"https:\/\/www.blogsoestado.com\/danielmatos\/wp-json\/wp\/v2\/types\/post"}],"replies":[{"embeddable":true,"href":"https:\/\/www.blogsoestado.com\/danielmatos\/wp-json\/wp\/v2\/comments?post=96059"}],"version-history":[{"count":0,"href":"https:\/\/www.blogsoestado.com\/danielmatos\/wp-json\/wp\/v2\/posts\/96059\/revisions"}],"wp:attachment":[{"href":"https:\/\/www.blogsoestado.com\/danielmatos\/wp-json\/wp\/v2\/media?parent=96059"}],"wp:term":[{"taxonomy":"category","embeddable":true,"href":"https:\/\/www.blogsoestado.com\/danielmatos\/wp-json\/wp\/v2\/categories?post=96059"},{"taxonomy":"post_tag","embeddable":true,"href":"https:\/\/www.blogsoestado.com\/danielmatos\/wp-json\/wp\/v2\/tags?post=96059"}],"curies":[{"name":"wp","href":"https:\/\/api.w.org\/{rel}","templated":true}]}}