{"id":96071,"date":"2022-04-11T18:10:23","date_gmt":"2022-04-11T21:10:23","guid":{"rendered":"https:\/\/www.blogsoestado.com\/danielmatos\/?p=96071"},"modified":"2022-04-11T18:10:23","modified_gmt":"2022-04-11T21:10:23","slug":"anderson-martins-assume-mandato-de-vereador-em-sao-luis","status":"publish","type":"post","link":"https:\/\/www.blogsoestado.com\/danielmatos\/anderson-martins-assume-mandato-de-vereador-em-sao-luis\/","title":{"rendered":"Anderson Martins assume mandato de vereador em S\u00e3o Lu\u00eds"},"content":{"rendered":"\n<div class=\"wp-block-image\"><figure class=\"aligncenter size-large\"><a href=\"https:\/\/www.blogsoestado.com\/danielmatos\/files\/2022\/04\/Screenshot_20220411-1807162.png\"><img decoding=\"async\" src=\"https:\/\/www.blogsoestado.com\/danielmatos\/files\/2022\/04\/Screenshot_20220411-1807162.png\" alt=\"\" class=\"wp-image-96072\"\/><\/a><figcaption>Anderson pretende dar mais visibilidade ao seu trabalho em defesa das crian\u00e7as e da juventude da cidade<\/figcaption><\/figure><\/div>\n\n\n\n<p>O suplente de vereador Anderson Martins (Avante) toma posse, na manh\u00e3 desta ter\u00e7a-feira (12), na C\u00e2mara Municipal de S\u00e3o Lu\u00eds, como vereador, no lugar de Beto Castro, que solicitou uma licen\u00e7a de 121 dias para tratar de assuntos particulares. A posse est\u00e1 marcada para as 08h30, na sede do legislativo municipal, na Rua da Estrela, no centro de S\u00e3o Lu\u00eds.<\/p>\n\n\n\n<p>Durante esses quatro meses em que estar\u00e1 sentado na cadeira de vereador, Anderson pretende dar mais visibilidade ao seu trabalho em defesa das crian\u00e7as e da juventude da cidade, fazendo indica\u00e7\u00f5es e projetos que ser\u00e3o encaminhados ao plen\u00e1rio e ao prefeito. Pretende tamb\u00e9m abrir um di\u00e1logo com o Governo do Estado e outras esferas do poder p\u00fablico.<\/p>\n\n\n\n<p>\u201cVamos voltar para a c\u00e2mara para continuar aquele projeto que come\u00e7amos em 2015, da nossa frente parlamentar de apoio \u00e0 crian\u00e7a e ao adolescente. Temos tamb\u00e9m v\u00e1rias outras propostas, entre elas, dar retaguarda aos \u00f3rg\u00e3os de defesa social, as associa\u00e7\u00f5es, creches, institui\u00e7\u00f5es de acolhimento, para que elas tenham capacidade t\u00e9cnica e uma estrutura capaz de captar recursos para que possam andar de forma independente. Podem esperar muito empenho da minha parte para fazer o melhor pela nossa cidade\u201d, destacou.<\/p>\n\n\n\n<p><strong>Hist\u00f3rico<\/strong><\/p>\n\n\n\n<p>Morador do bairro Cidade Oper\u00e1ria, Anderson come\u00e7ou na vida p\u00fablica ainda cedo, como Conselheiro Tutelar por dois mandatos seguidos, sendo, na \u00e9poca o conselheiro mais votado em toda a regi\u00e3o. Em 2012,&nbsp;<\/p>\n\n\n\n<p>Em 2012, viu que era hora de tentar algo mais pelo desenvolvimento da inf\u00e2ncia e juventude e decidiu, junto de sua comunidade, tentar uma vaga na C\u00e2mara Municipal de S\u00e3o Lu\u00eds. Com a vontade de Deus e do povo e com pouqu\u00edssima estrutura, conseguiu tornar-se suplente de vereador da capital com 2.579 votos. Em agosto de 2014 assumiu a c\u00e2mara municipal de S\u00e3o Lu\u00eds por tr\u00eas meses. Fato hist\u00f3rico em sua vida.<\/p>\n\n\n\n<p>Nesse per\u00edodo, conseguiu trabalhar em prol da cidade, fazendo v\u00e1rios requerimentos, indica\u00e7\u00f5es, e outros projetos, buscando tamb\u00e9m a melhoria de sua regi\u00e3o, Cidade Oper\u00e1ria. Ainda conseguiu reunir todos os vereadores, promotores, comunidade e representantes da prefeitura e do governo do estado, em um painel que discutiu as pol\u00edticas p\u00fablicas, voltadas para o desenvolvimento saud\u00e1vel de crian\u00e7as e adolescentes.<\/p>\n\n\n\n<p>Em 2016 lan\u00e7ou novamente seu nome como candidato a vereador de S\u00e3o Lu\u00eds, conquistando 3.341 votos e em 2020, foi para a sua terceira tentativa, onde reuniu 2.550 votos e mais uma supl\u00eancia.<\/p>\n","protected":false},"excerpt":{"rendered":"<p>O suplente de vereador Anderson Martins (Avante) toma posse, na manh\u00e3 desta ter\u00e7a-feira (12), na C\u00e2mara Municipal de S\u00e3o Lu\u00eds, [&hellip;]<\/p>\n","protected":false},"author":0,"featured_media":0,"comment_status":"open","ping_status":"open","sticky":false,"template":"","format":"standard","meta":{"site-sidebar-layout":"default","site-content-layout":"","ast-site-content-layout":"default","site-content-style":"default","site-sidebar-style":"default","ast-global-header-display":"","ast-banner-title-visibility":"","ast-main-header-display":"","ast-hfb-above-header-display":"","ast-hfb-below-header-display":"","ast-hfb-mobile-header-display":"","site-post-title":"","ast-breadcrumbs-content":"","ast-featured-img":"","footer-sml-layout":"","ast-disable-related-posts":"","theme-transparent-header-meta":"","adv-header-id-meta":"","stick-header-meta":"","header-above-stick-meta":"","header-main-stick-meta":"","header-below-stick-meta":"","astra-migrate-meta-layouts":"default","ast-page-background-enabled":"default","ast-page-background-meta":{"desktop":{"background-color":"var(--ast-global-color-5)","background-image":"","background-repeat":"repeat","background-position":"center center","background-size":"auto","background-attachment":"scroll","background-type":"","background-media":"","overlay-type":"","overlay-color":"","overlay-opacity":"","overlay-gradient":""},"tablet":{"background-color":"","background-image":"","background-repeat":"repeat","background-position":"center center","background-size":"auto","background-attachment":"scroll","background-type":"","background-media":"","overlay-type":"","overlay-color":"","overlay-opacity":"","overlay-gradient":""},"mobile":{"background-color":"","background-image":"","background-repeat":"repeat","background-position":"center center","background-size":"auto","background-attachment":"scroll","background-type":"","background-media":"","overlay-type":"","overlay-color":"","overlay-opacity":"","overlay-gradient":""}},"ast-content-background-meta":{"desktop":{"background-color":"var(--ast-global-color-4)","background-image":"","background-repeat":"repeat","background-position":"center center","background-size":"auto","background-attachment":"scroll","background-type":"","background-media":"","overlay-type":"","overlay-color":"","overlay-opacity":"","overlay-gradient":""},"tablet":{"background-color":"var(--ast-global-color-4)","background-image":"","background-repeat":"repeat","background-position":"center center","background-size":"auto","background-attachment":"scroll","background-type":"","background-media":"","overlay-type":"","overlay-color":"","overlay-opacity":"","overlay-gradient":""},"mobile":{"background-color":"var(--ast-global-color-4)","background-image":"","background-repeat":"repeat","background-position":"center center","background-size":"auto","background-attachment":"scroll","background-type":"","background-media":"","overlay-type":"","overlay-color":"","overlay-opacity":"","overlay-gradient":""}},"footnotes":""},"categories":[1],"tags":[],"class_list":["post-96071","post","type-post","status-publish","format-standard","hentry","category-sem-categoria"],"yoast_head":"<!-- This site is optimized with the Yoast SEO plugin v26.6 - https:\/\/yoast.com\/wordpress\/plugins\/seo\/ -->\n<title>Anderson Martins assume mandato de vereador em S\u00e3o Lu\u00eds - Daniel Matos<\/title>\n<meta name=\"robots\" content=\"index, follow, max-snippet:-1, max-image-preview:large, max-video-preview:-1\" \/>\n<link rel=\"canonical\" href=\"https:\/\/www.blogsoestado.com\/danielmatos\/anderson-martins-assume-mandato-de-vereador-em-sao-luis\/\" \/>\n<meta property=\"og:locale\" content=\"pt_BR\" \/>\n<meta property=\"og:type\" content=\"article\" \/>\n<meta property=\"og:title\" content=\"Anderson Martins assume mandato de vereador em S\u00e3o Lu\u00eds - Daniel Matos\" \/>\n<meta property=\"og:description\" content=\"O suplente de vereador Anderson Martins (Avante) toma posse, na manh\u00e3 desta ter\u00e7a-feira (12), na C\u00e2mara Municipal de S\u00e3o Lu\u00eds, [&hellip;]\" \/>\n<meta property=\"og:url\" content=\"https:\/\/www.blogsoestado.com\/danielmatos\/anderson-martins-assume-mandato-de-vereador-em-sao-luis\/\" \/>\n<meta property=\"og:site_name\" content=\"Daniel Matos\" \/>\n<meta property=\"article:published_time\" content=\"2022-04-11T21:10:23+00:00\" \/>\n<meta property=\"og:image\" content=\"https:\/\/www.blogsoestado.com\/danielmatos\/files\/2022\/04\/Screenshot_20220411-1807162.png\" \/>\n<meta name=\"twitter:card\" content=\"summary_large_image\" \/>\n<meta name=\"twitter:label1\" content=\"Est. tempo de leitura\" \/>\n\t<meta name=\"twitter:data1\" content=\"2 minutos\" \/>\n<script type=\"application\/ld+json\" class=\"yoast-schema-graph\">{\"@context\":\"https:\/\/schema.org\",\"@graph\":[{\"@type\":\"WebPage\",\"@id\":\"https:\/\/www.blogsoestado.com\/danielmatos\/anderson-martins-assume-mandato-de-vereador-em-sao-luis\/\",\"url\":\"https:\/\/www.blogsoestado.com\/danielmatos\/anderson-martins-assume-mandato-de-vereador-em-sao-luis\/\",\"name\":\"Anderson Martins assume mandato de vereador em S\u00e3o Lu\u00eds - Daniel Matos\",\"isPartOf\":{\"@id\":\"https:\/\/www.blogsoestado.com\/danielmatos\/#website\"},\"primaryImageOfPage\":{\"@id\":\"https:\/\/www.blogsoestado.com\/danielmatos\/anderson-martins-assume-mandato-de-vereador-em-sao-luis\/#primaryimage\"},\"image\":{\"@id\":\"https:\/\/www.blogsoestado.com\/danielmatos\/anderson-martins-assume-mandato-de-vereador-em-sao-luis\/#primaryimage\"},\"thumbnailUrl\":\"https:\/\/www.blogsoestado.com\/danielmatos\/files\/2022\/04\/Screenshot_20220411-1807162.png\",\"datePublished\":\"2022-04-11T21:10:23+00:00\",\"author\":{\"@id\":\"\"},\"breadcrumb\":{\"@id\":\"https:\/\/www.blogsoestado.com\/danielmatos\/anderson-martins-assume-mandato-de-vereador-em-sao-luis\/#breadcrumb\"},\"inLanguage\":\"pt-BR\",\"potentialAction\":[{\"@type\":\"ReadAction\",\"target\":[\"https:\/\/www.blogsoestado.com\/danielmatos\/anderson-martins-assume-mandato-de-vereador-em-sao-luis\/\"]}]},{\"@type\":\"ImageObject\",\"inLanguage\":\"pt-BR\",\"@id\":\"https:\/\/www.blogsoestado.com\/danielmatos\/anderson-martins-assume-mandato-de-vereador-em-sao-luis\/#primaryimage\",\"url\":\"https:\/\/www.blogsoestado.com\/danielmatos\/files\/2022\/04\/Screenshot_20220411-1807162.png\",\"contentUrl\":\"https:\/\/www.blogsoestado.com\/danielmatos\/files\/2022\/04\/Screenshot_20220411-1807162.png\"},{\"@type\":\"BreadcrumbList\",\"@id\":\"https:\/\/www.blogsoestado.com\/danielmatos\/anderson-martins-assume-mandato-de-vereador-em-sao-luis\/#breadcrumb\",\"itemListElement\":[{\"@type\":\"ListItem\",\"position\":1,\"name\":\"In\u00edcio\",\"item\":\"https:\/\/www.blogsoestado.com\/danielmatos\/\"},{\"@type\":\"ListItem\",\"position\":2,\"name\":\"Anderson Martins assume mandato de vereador em S\u00e3o Lu\u00eds\"}]},{\"@type\":\"WebSite\",\"@id\":\"https:\/\/www.blogsoestado.com\/danielmatos\/#website\",\"url\":\"https:\/\/www.blogsoestado.com\/danielmatos\/\",\"name\":\"Daniel Matos\",\"description\":\"\",\"potentialAction\":[{\"@type\":\"SearchAction\",\"target\":{\"@type\":\"EntryPoint\",\"urlTemplate\":\"https:\/\/www.blogsoestado.com\/danielmatos\/?s={search_term_string}\"},\"query-input\":{\"@type\":\"PropertyValueSpecification\",\"valueRequired\":true,\"valueName\":\"search_term_string\"}}],\"inLanguage\":\"pt-BR\"}]}<\/script>\n<!-- \/ Yoast SEO plugin. -->","yoast_head_json":{"title":"Anderson Martins assume mandato de vereador em S\u00e3o Lu\u00eds - Daniel Matos","robots":{"index":"index","follow":"follow","max-snippet":"max-snippet:-1","max-image-preview":"max-image-preview:large","max-video-preview":"max-video-preview:-1"},"canonical":"https:\/\/www.blogsoestado.com\/danielmatos\/anderson-martins-assume-mandato-de-vereador-em-sao-luis\/","og_locale":"pt_BR","og_type":"article","og_title":"Anderson Martins assume mandato de vereador em S\u00e3o Lu\u00eds - Daniel Matos","og_description":"O suplente de vereador Anderson Martins (Avante) toma posse, na manh\u00e3 desta ter\u00e7a-feira (12), na C\u00e2mara Municipal de S\u00e3o Lu\u00eds, [&hellip;]","og_url":"https:\/\/www.blogsoestado.com\/danielmatos\/anderson-martins-assume-mandato-de-vereador-em-sao-luis\/","og_site_name":"Daniel Matos","article_published_time":"2022-04-11T21:10:23+00:00","og_image":[{"url":"https:\/\/www.blogsoestado.com\/danielmatos\/files\/2022\/04\/Screenshot_20220411-1807162.png","type":"","width":"","height":""}],"twitter_card":"summary_large_image","twitter_misc":{"Est. tempo de leitura":"2 minutos"},"schema":{"@context":"https:\/\/schema.org","@graph":[{"@type":"WebPage","@id":"https:\/\/www.blogsoestado.com\/danielmatos\/anderson-martins-assume-mandato-de-vereador-em-sao-luis\/","url":"https:\/\/www.blogsoestado.com\/danielmatos\/anderson-martins-assume-mandato-de-vereador-em-sao-luis\/","name":"Anderson Martins assume mandato de vereador em S\u00e3o Lu\u00eds - Daniel Matos","isPartOf":{"@id":"https:\/\/www.blogsoestado.com\/danielmatos\/#website"},"primaryImageOfPage":{"@id":"https:\/\/www.blogsoestado.com\/danielmatos\/anderson-martins-assume-mandato-de-vereador-em-sao-luis\/#primaryimage"},"image":{"@id":"https:\/\/www.blogsoestado.com\/danielmatos\/anderson-martins-assume-mandato-de-vereador-em-sao-luis\/#primaryimage"},"thumbnailUrl":"https:\/\/www.blogsoestado.com\/danielmatos\/files\/2022\/04\/Screenshot_20220411-1807162.png","datePublished":"2022-04-11T21:10:23+00:00","author":{"@id":""},"breadcrumb":{"@id":"https:\/\/www.blogsoestado.com\/danielmatos\/anderson-martins-assume-mandato-de-vereador-em-sao-luis\/#breadcrumb"},"inLanguage":"pt-BR","potentialAction":[{"@type":"ReadAction","target":["https:\/\/www.blogsoestado.com\/danielmatos\/anderson-martins-assume-mandato-de-vereador-em-sao-luis\/"]}]},{"@type":"ImageObject","inLanguage":"pt-BR","@id":"https:\/\/www.blogsoestado.com\/danielmatos\/anderson-martins-assume-mandato-de-vereador-em-sao-luis\/#primaryimage","url":"https:\/\/www.blogsoestado.com\/danielmatos\/files\/2022\/04\/Screenshot_20220411-1807162.png","contentUrl":"https:\/\/www.blogsoestado.com\/danielmatos\/files\/2022\/04\/Screenshot_20220411-1807162.png"},{"@type":"BreadcrumbList","@id":"https:\/\/www.blogsoestado.com\/danielmatos\/anderson-martins-assume-mandato-de-vereador-em-sao-luis\/#breadcrumb","itemListElement":[{"@type":"ListItem","position":1,"name":"In\u00edcio","item":"https:\/\/www.blogsoestado.com\/danielmatos\/"},{"@type":"ListItem","position":2,"name":"Anderson Martins assume mandato de vereador em S\u00e3o Lu\u00eds"}]},{"@type":"WebSite","@id":"https:\/\/www.blogsoestado.com\/danielmatos\/#website","url":"https:\/\/www.blogsoestado.com\/danielmatos\/","name":"Daniel Matos","description":"","potentialAction":[{"@type":"SearchAction","target":{"@type":"EntryPoint","urlTemplate":"https:\/\/www.blogsoestado.com\/danielmatos\/?s={search_term_string}"},"query-input":{"@type":"PropertyValueSpecification","valueRequired":true,"valueName":"search_term_string"}}],"inLanguage":"pt-BR"}]}},"jetpack_featured_media_url":"","_links":{"self":[{"href":"https:\/\/www.blogsoestado.com\/danielmatos\/wp-json\/wp\/v2\/posts\/96071","targetHints":{"allow":["GET"]}}],"collection":[{"href":"https:\/\/www.blogsoestado.com\/danielmatos\/wp-json\/wp\/v2\/posts"}],"about":[{"href":"https:\/\/www.blogsoestado.com\/danielmatos\/wp-json\/wp\/v2\/types\/post"}],"replies":[{"embeddable":true,"href":"https:\/\/www.blogsoestado.com\/danielmatos\/wp-json\/wp\/v2\/comments?post=96071"}],"version-history":[{"count":0,"href":"https:\/\/www.blogsoestado.com\/danielmatos\/wp-json\/wp\/v2\/posts\/96071\/revisions"}],"wp:attachment":[{"href":"https:\/\/www.blogsoestado.com\/danielmatos\/wp-json\/wp\/v2\/media?parent=96071"}],"wp:term":[{"taxonomy":"category","embeddable":true,"href":"https:\/\/www.blogsoestado.com\/danielmatos\/wp-json\/wp\/v2\/categories?post=96071"},{"taxonomy":"post_tag","embeddable":true,"href":"https:\/\/www.blogsoestado.com\/danielmatos\/wp-json\/wp\/v2\/tags?post=96071"}],"curies":[{"name":"wp","href":"https:\/\/api.w.org\/{rel}","templated":true}]}}