{"id":96096,"date":"2022-04-12T10:00:00","date_gmt":"2022-04-12T13:00:00","guid":{"rendered":"https:\/\/www.blogsoestado.com\/danielmatos\/?p=96096"},"modified":"2022-04-12T10:00:00","modified_gmt":"2022-04-12T13:00:00","slug":"sao-jose-de-ribamar-abre-exposicao-em-homenagem-a-carmen-miranda","status":"publish","type":"post","link":"https:\/\/www.blogsoestado.com\/danielmatos\/sao-jose-de-ribamar-abre-exposicao-em-homenagem-a-carmen-miranda\/","title":{"rendered":"S\u00e3o Jos\u00e9 de Ribamar abre exposi\u00e7\u00e3o em homenagem a Carmen Miranda"},"content":{"rendered":"\n<div class=\"wp-block-image\"><figure class=\"aligncenter size-large\"><a href=\"https:\/\/www.blogsoestado.com\/danielmatos\/files\/2022\/04\/Screenshot_20220412-0028052.png\"><img decoding=\"async\" src=\"https:\/\/www.blogsoestado.com\/danielmatos\/files\/2022\/04\/Screenshot_20220412-0028052.png\" alt=\"\" class=\"wp-image-96097\"\/><\/a><figcaption>O artista pl\u00e1stico Ant\u00f4nio Miranda d\u00e1 detalhes de uma das pe\u00e7as em exposi\u00e7\u00e3o a uma expectadora<\/figcaption><\/figure><\/div>\n\n\n\n<p>A partir de agora, o p\u00fablico ribamarense e visitantes poder\u00e3o conhecer um pouco mais sobre Carmen Miranda em uma exposi\u00e7\u00e3o em homenagem \u00e0 cantora, no Centro de Cultura e Turismo Alcione Ferreira, na sede de S\u00e3o Jos\u00e9 de Ribamar.<\/p>\n\n\n\n<p>A mostra &#8220;Carmen Miranda; a Pequena Not\u00e1vel\u201d foi aberta no \u00faltimo domingo (10), em grande estilo, durante a realiza\u00e7\u00e3o da Feirinha Ribamar, e contou com a presen\u00e7a do prefeito Dr. Julinho, e da primeira-dama e secret\u00e1ria de Assist\u00eancia Social, Trabalho e Renda, Gilvana Duailibe.<\/p>\n\n\n\n<div class=\"wp-block-image\"><figure class=\"aligncenter size-large\"><a href=\"https:\/\/www.blogsoestado.com\/danielmatos\/files\/2022\/04\/Screenshot_20220412-0028242.png\"><img decoding=\"async\" src=\"https:\/\/www.blogsoestado.com\/danielmatos\/files\/2022\/04\/Screenshot_20220412-0028242.png\" alt=\"\" class=\"wp-image-96098\"\/><\/a><figcaption>Ant\u00f4nio Miranda mostra busto com r\u00e9plicas de adere\u00e7os usados pela Pequena Not\u00e1vel<\/figcaption><\/figure><\/div>\n\n\n\n<p>A exposi\u00e7\u00e3o\u00a0re\u00fane obras do historiador, pesquisador e artista pl\u00e1stico Ant\u00f4nio Miranda, nascido e criado em S\u00e3o Jos\u00e9 de Ribamar, e real\u00e7a a simpatia, a beleza e o carisma \u00fanicos\u00a0da Pequena Not\u00e1vel, destacando seu lado divertido, ir\u00f4nico e c\u00f4mico ao mesmo tempo. S\u00e3o 36 bonecas produzidas a m\u00e3o, com figurinos inspirados em filmes e shows de Carmen Miranda.<\/p>\n\n\n\n<div class=\"wp-block-image\"><figure class=\"aligncenter size-large\"><a href=\"https:\/\/www.blogsoestado.com\/danielmatos\/files\/2022\/04\/Screenshot_20220412-0028474.png\"><img decoding=\"async\" src=\"https:\/\/www.blogsoestado.com\/danielmatos\/files\/2022\/04\/Screenshot_20220412-0028474.png\" alt=\"\" class=\"wp-image-96100\"\/><\/a><figcaption>Al\u00e9m de artista pl\u00e1stico, Ant\u00f4nio Miranda, que \u00e9 natural de S\u00e3o Jos\u00e9 de Ribamar, \u00e9 historiador e pesquisador<\/figcaption><\/figure><\/div>\n\n\n\n<p>A exposi\u00e7\u00e3o fica aberta de segunda a segunda, das 9h \u00e0s 16h, por tempo indeterminado.<\/p>\n","protected":false},"excerpt":{"rendered":"<p>A partir de agora, o p\u00fablico ribamarense e visitantes poder\u00e3o conhecer um pouco mais sobre Carmen Miranda em uma exposi\u00e7\u00e3o [&hellip;]<\/p>\n","protected":false},"author":0,"featured_media":0,"comment_status":"open","ping_status":"open","sticky":false,"template":"","format":"standard","meta":{"site-sidebar-layout":"default","site-content-layout":"","ast-site-content-layout":"default","site-content-style":"default","site-sidebar-style":"default","ast-global-header-display":"","ast-banner-title-visibility":"","ast-main-header-display":"","ast-hfb-above-header-display":"","ast-hfb-below-header-display":"","ast-hfb-mobile-header-display":"","site-post-title":"","ast-breadcrumbs-content":"","ast-featured-img":"","footer-sml-layout":"","ast-disable-related-posts":"","theme-transparent-header-meta":"","adv-header-id-meta":"","stick-header-meta":"","header-above-stick-meta":"","header-main-stick-meta":"","header-below-stick-meta":"","astra-migrate-meta-layouts":"default","ast-page-background-enabled":"default","ast-page-background-meta":{"desktop":{"background-color":"var(--ast-global-color-5)","background-image":"","background-repeat":"repeat","background-position":"center center","background-size":"auto","background-attachment":"scroll","background-type":"","background-media":"","overlay-type":"","overlay-color":"","overlay-opacity":"","overlay-gradient":""},"tablet":{"background-color":"","background-image":"","background-repeat":"repeat","background-position":"center center","background-size":"auto","background-attachment":"scroll","background-type":"","background-media":"","overlay-type":"","overlay-color":"","overlay-opacity":"","overlay-gradient":""},"mobile":{"background-color":"","background-image":"","background-repeat":"repeat","background-position":"center center","background-size":"auto","background-attachment":"scroll","background-type":"","background-media":"","overlay-type":"","overlay-color":"","overlay-opacity":"","overlay-gradient":""}},"ast-content-background-meta":{"desktop":{"background-color":"var(--ast-global-color-4)","background-image":"","background-repeat":"repeat","background-position":"center center","background-size":"auto","background-attachment":"scroll","background-type":"","background-media":"","overlay-type":"","overlay-color":"","overlay-opacity":"","overlay-gradient":""},"tablet":{"background-color":"var(--ast-global-color-4)","background-image":"","background-repeat":"repeat","background-position":"center center","background-size":"auto","background-attachment":"scroll","background-type":"","background-media":"","overlay-type":"","overlay-color":"","overlay-opacity":"","overlay-gradient":""},"mobile":{"background-color":"var(--ast-global-color-4)","background-image":"","background-repeat":"repeat","background-position":"center center","background-size":"auto","background-attachment":"scroll","background-type":"","background-media":"","overlay-type":"","overlay-color":"","overlay-opacity":"","overlay-gradient":""}},"footnotes":""},"categories":[1],"tags":[],"class_list":["post-96096","post","type-post","status-publish","format-standard","hentry","category-sem-categoria"],"yoast_head":"<!-- This site is optimized with the Yoast SEO plugin v26.6 - https:\/\/yoast.com\/wordpress\/plugins\/seo\/ -->\n<title>S\u00e3o Jos\u00e9 de Ribamar abre exposi\u00e7\u00e3o em homenagem a Carmen Miranda - Daniel Matos<\/title>\n<meta name=\"robots\" content=\"index, follow, max-snippet:-1, max-image-preview:large, max-video-preview:-1\" \/>\n<link rel=\"canonical\" href=\"https:\/\/www.blogsoestado.com\/danielmatos\/sao-jose-de-ribamar-abre-exposicao-em-homenagem-a-carmen-miranda\/\" \/>\n<meta property=\"og:locale\" content=\"pt_BR\" \/>\n<meta property=\"og:type\" content=\"article\" \/>\n<meta property=\"og:title\" content=\"S\u00e3o Jos\u00e9 de Ribamar abre exposi\u00e7\u00e3o em homenagem a Carmen Miranda - Daniel Matos\" \/>\n<meta property=\"og:description\" content=\"A partir de agora, o p\u00fablico ribamarense e visitantes poder\u00e3o conhecer um pouco mais sobre Carmen Miranda em uma exposi\u00e7\u00e3o [&hellip;]\" \/>\n<meta property=\"og:url\" content=\"https:\/\/www.blogsoestado.com\/danielmatos\/sao-jose-de-ribamar-abre-exposicao-em-homenagem-a-carmen-miranda\/\" \/>\n<meta property=\"og:site_name\" content=\"Daniel Matos\" \/>\n<meta property=\"article:published_time\" content=\"2022-04-12T13:00:00+00:00\" \/>\n<meta property=\"og:image\" content=\"https:\/\/www.blogsoestado.com\/danielmatos\/files\/2022\/04\/Screenshot_20220412-0028052.png\" \/>\n<meta name=\"twitter:card\" content=\"summary_large_image\" \/>\n<meta name=\"twitter:label1\" content=\"Est. tempo de leitura\" \/>\n\t<meta name=\"twitter:data1\" content=\"2 minutos\" \/>\n<script type=\"application\/ld+json\" class=\"yoast-schema-graph\">{\"@context\":\"https:\/\/schema.org\",\"@graph\":[{\"@type\":\"WebPage\",\"@id\":\"https:\/\/www.blogsoestado.com\/danielmatos\/sao-jose-de-ribamar-abre-exposicao-em-homenagem-a-carmen-miranda\/\",\"url\":\"https:\/\/www.blogsoestado.com\/danielmatos\/sao-jose-de-ribamar-abre-exposicao-em-homenagem-a-carmen-miranda\/\",\"name\":\"S\u00e3o Jos\u00e9 de Ribamar abre exposi\u00e7\u00e3o em homenagem a Carmen Miranda - Daniel Matos\",\"isPartOf\":{\"@id\":\"https:\/\/www.blogsoestado.com\/danielmatos\/#website\"},\"primaryImageOfPage\":{\"@id\":\"https:\/\/www.blogsoestado.com\/danielmatos\/sao-jose-de-ribamar-abre-exposicao-em-homenagem-a-carmen-miranda\/#primaryimage\"},\"image\":{\"@id\":\"https:\/\/www.blogsoestado.com\/danielmatos\/sao-jose-de-ribamar-abre-exposicao-em-homenagem-a-carmen-miranda\/#primaryimage\"},\"thumbnailUrl\":\"https:\/\/www.blogsoestado.com\/danielmatos\/files\/2022\/04\/Screenshot_20220412-0028052.png\",\"datePublished\":\"2022-04-12T13:00:00+00:00\",\"author\":{\"@id\":\"\"},\"breadcrumb\":{\"@id\":\"https:\/\/www.blogsoestado.com\/danielmatos\/sao-jose-de-ribamar-abre-exposicao-em-homenagem-a-carmen-miranda\/#breadcrumb\"},\"inLanguage\":\"pt-BR\",\"potentialAction\":[{\"@type\":\"ReadAction\",\"target\":[\"https:\/\/www.blogsoestado.com\/danielmatos\/sao-jose-de-ribamar-abre-exposicao-em-homenagem-a-carmen-miranda\/\"]}]},{\"@type\":\"ImageObject\",\"inLanguage\":\"pt-BR\",\"@id\":\"https:\/\/www.blogsoestado.com\/danielmatos\/sao-jose-de-ribamar-abre-exposicao-em-homenagem-a-carmen-miranda\/#primaryimage\",\"url\":\"https:\/\/www.blogsoestado.com\/danielmatos\/files\/2022\/04\/Screenshot_20220412-0028052.png\",\"contentUrl\":\"https:\/\/www.blogsoestado.com\/danielmatos\/files\/2022\/04\/Screenshot_20220412-0028052.png\"},{\"@type\":\"BreadcrumbList\",\"@id\":\"https:\/\/www.blogsoestado.com\/danielmatos\/sao-jose-de-ribamar-abre-exposicao-em-homenagem-a-carmen-miranda\/#breadcrumb\",\"itemListElement\":[{\"@type\":\"ListItem\",\"position\":1,\"name\":\"In\u00edcio\",\"item\":\"https:\/\/www.blogsoestado.com\/danielmatos\/\"},{\"@type\":\"ListItem\",\"position\":2,\"name\":\"S\u00e3o Jos\u00e9 de Ribamar abre exposi\u00e7\u00e3o em homenagem a Carmen Miranda\"}]},{\"@type\":\"WebSite\",\"@id\":\"https:\/\/www.blogsoestado.com\/danielmatos\/#website\",\"url\":\"https:\/\/www.blogsoestado.com\/danielmatos\/\",\"name\":\"Daniel Matos\",\"description\":\"\",\"potentialAction\":[{\"@type\":\"SearchAction\",\"target\":{\"@type\":\"EntryPoint\",\"urlTemplate\":\"https:\/\/www.blogsoestado.com\/danielmatos\/?s={search_term_string}\"},\"query-input\":{\"@type\":\"PropertyValueSpecification\",\"valueRequired\":true,\"valueName\":\"search_term_string\"}}],\"inLanguage\":\"pt-BR\"}]}<\/script>\n<!-- \/ Yoast SEO plugin. -->","yoast_head_json":{"title":"S\u00e3o Jos\u00e9 de Ribamar abre exposi\u00e7\u00e3o em homenagem a Carmen Miranda - Daniel Matos","robots":{"index":"index","follow":"follow","max-snippet":"max-snippet:-1","max-image-preview":"max-image-preview:large","max-video-preview":"max-video-preview:-1"},"canonical":"https:\/\/www.blogsoestado.com\/danielmatos\/sao-jose-de-ribamar-abre-exposicao-em-homenagem-a-carmen-miranda\/","og_locale":"pt_BR","og_type":"article","og_title":"S\u00e3o Jos\u00e9 de Ribamar abre exposi\u00e7\u00e3o em homenagem a Carmen Miranda - Daniel Matos","og_description":"A partir de agora, o p\u00fablico ribamarense e visitantes poder\u00e3o conhecer um pouco mais sobre Carmen Miranda em uma exposi\u00e7\u00e3o [&hellip;]","og_url":"https:\/\/www.blogsoestado.com\/danielmatos\/sao-jose-de-ribamar-abre-exposicao-em-homenagem-a-carmen-miranda\/","og_site_name":"Daniel Matos","article_published_time":"2022-04-12T13:00:00+00:00","og_image":[{"url":"https:\/\/www.blogsoestado.com\/danielmatos\/files\/2022\/04\/Screenshot_20220412-0028052.png","type":"","width":"","height":""}],"twitter_card":"summary_large_image","twitter_misc":{"Est. tempo de leitura":"2 minutos"},"schema":{"@context":"https:\/\/schema.org","@graph":[{"@type":"WebPage","@id":"https:\/\/www.blogsoestado.com\/danielmatos\/sao-jose-de-ribamar-abre-exposicao-em-homenagem-a-carmen-miranda\/","url":"https:\/\/www.blogsoestado.com\/danielmatos\/sao-jose-de-ribamar-abre-exposicao-em-homenagem-a-carmen-miranda\/","name":"S\u00e3o Jos\u00e9 de Ribamar abre exposi\u00e7\u00e3o em homenagem a Carmen Miranda - Daniel Matos","isPartOf":{"@id":"https:\/\/www.blogsoestado.com\/danielmatos\/#website"},"primaryImageOfPage":{"@id":"https:\/\/www.blogsoestado.com\/danielmatos\/sao-jose-de-ribamar-abre-exposicao-em-homenagem-a-carmen-miranda\/#primaryimage"},"image":{"@id":"https:\/\/www.blogsoestado.com\/danielmatos\/sao-jose-de-ribamar-abre-exposicao-em-homenagem-a-carmen-miranda\/#primaryimage"},"thumbnailUrl":"https:\/\/www.blogsoestado.com\/danielmatos\/files\/2022\/04\/Screenshot_20220412-0028052.png","datePublished":"2022-04-12T13:00:00+00:00","author":{"@id":""},"breadcrumb":{"@id":"https:\/\/www.blogsoestado.com\/danielmatos\/sao-jose-de-ribamar-abre-exposicao-em-homenagem-a-carmen-miranda\/#breadcrumb"},"inLanguage":"pt-BR","potentialAction":[{"@type":"ReadAction","target":["https:\/\/www.blogsoestado.com\/danielmatos\/sao-jose-de-ribamar-abre-exposicao-em-homenagem-a-carmen-miranda\/"]}]},{"@type":"ImageObject","inLanguage":"pt-BR","@id":"https:\/\/www.blogsoestado.com\/danielmatos\/sao-jose-de-ribamar-abre-exposicao-em-homenagem-a-carmen-miranda\/#primaryimage","url":"https:\/\/www.blogsoestado.com\/danielmatos\/files\/2022\/04\/Screenshot_20220412-0028052.png","contentUrl":"https:\/\/www.blogsoestado.com\/danielmatos\/files\/2022\/04\/Screenshot_20220412-0028052.png"},{"@type":"BreadcrumbList","@id":"https:\/\/www.blogsoestado.com\/danielmatos\/sao-jose-de-ribamar-abre-exposicao-em-homenagem-a-carmen-miranda\/#breadcrumb","itemListElement":[{"@type":"ListItem","position":1,"name":"In\u00edcio","item":"https:\/\/www.blogsoestado.com\/danielmatos\/"},{"@type":"ListItem","position":2,"name":"S\u00e3o Jos\u00e9 de Ribamar abre exposi\u00e7\u00e3o em homenagem a Carmen Miranda"}]},{"@type":"WebSite","@id":"https:\/\/www.blogsoestado.com\/danielmatos\/#website","url":"https:\/\/www.blogsoestado.com\/danielmatos\/","name":"Daniel Matos","description":"","potentialAction":[{"@type":"SearchAction","target":{"@type":"EntryPoint","urlTemplate":"https:\/\/www.blogsoestado.com\/danielmatos\/?s={search_term_string}"},"query-input":{"@type":"PropertyValueSpecification","valueRequired":true,"valueName":"search_term_string"}}],"inLanguage":"pt-BR"}]}},"jetpack_featured_media_url":"","_links":{"self":[{"href":"https:\/\/www.blogsoestado.com\/danielmatos\/wp-json\/wp\/v2\/posts\/96096","targetHints":{"allow":["GET"]}}],"collection":[{"href":"https:\/\/www.blogsoestado.com\/danielmatos\/wp-json\/wp\/v2\/posts"}],"about":[{"href":"https:\/\/www.blogsoestado.com\/danielmatos\/wp-json\/wp\/v2\/types\/post"}],"replies":[{"embeddable":true,"href":"https:\/\/www.blogsoestado.com\/danielmatos\/wp-json\/wp\/v2\/comments?post=96096"}],"version-history":[{"count":0,"href":"https:\/\/www.blogsoestado.com\/danielmatos\/wp-json\/wp\/v2\/posts\/96096\/revisions"}],"wp:attachment":[{"href":"https:\/\/www.blogsoestado.com\/danielmatos\/wp-json\/wp\/v2\/media?parent=96096"}],"wp:term":[{"taxonomy":"category","embeddable":true,"href":"https:\/\/www.blogsoestado.com\/danielmatos\/wp-json\/wp\/v2\/categories?post=96096"},{"taxonomy":"post_tag","embeddable":true,"href":"https:\/\/www.blogsoestado.com\/danielmatos\/wp-json\/wp\/v2\/tags?post=96096"}],"curies":[{"name":"wp","href":"https:\/\/api.w.org\/{rel}","templated":true}]}}