{"id":96104,"date":"2022-04-12T11:00:00","date_gmt":"2022-04-12T14:00:00","guid":{"rendered":"https:\/\/www.blogsoestado.com\/danielmatos\/?p=96104"},"modified":"2022-04-12T11:00:00","modified_gmt":"2022-04-12T14:00:00","slug":"equatorial-maranhao-informa-sobre-o-funcionamento-durante-o-feriado-da-sexta-feira-santa-15","status":"publish","type":"post","link":"https:\/\/www.blogsoestado.com\/danielmatos\/equatorial-maranhao-informa-sobre-o-funcionamento-durante-o-feriado-da-sexta-feira-santa-15\/","title":{"rendered":"Equatorial Maranh\u00e3o informa sobre o funcionamento durante o feriado da Sexta-feira Santa (15)"},"content":{"rendered":"\n<div class=\"wp-block-image\"><figure class=\"aligncenter size-large\"><a href=\"https:\/\/www.blogsoestado.com\/danielmatos\/files\/2022\/04\/Screenshot_20220412-1011512.png\"><img decoding=\"async\" src=\"https:\/\/www.blogsoestado.com\/danielmatos\/files\/2022\/04\/Screenshot_20220412-1011512.png\" alt=\"\" class=\"wp-image-96105\"\/><\/a><\/figure><\/div>\n\n\n\n<p>Para a maior comodidade e planejamento de seus clientes, a Equatorial Maranh\u00e3o informa que os postos de coleta do E+ Reciclagem e os pontos presenciais de atendimento (ag\u00eancias e credenciados) n\u00e3o funcionar\u00e3o neste feriado de 15 de abril, Sexta-feira Santa. Os postos do E+ Reciclagem voltam ao atendimento normal no dia 16 (s\u00e1bado), e as ag\u00eancias presenciaisretornamno dia 18 (segunda-feira).<\/p>\n\n\n\n<p>Desta forma, a empresa recomenda que os clientes antecipem sua ida aos pontos de atendimento caso desejem resolver algo presencialmente. J\u00e1 \u00e0s pessoas que t\u00eam materiais recicl\u00e1veis para trocar por b\u00f4nus na fatura de energia, a distribuidora informa que podem antecipar ou postergar sua programa\u00e7\u00e3o para o s\u00e1bado.<\/p>\n\n\n\n<p>Durante o feriado, a Equatorial Maranh\u00e3o refor\u00e7a o uso dos canais digitais de atendimento. Os clientes que precisarem informar&nbsp;<strong>falta de energia, emitir c\u00f3digo para pagamento, segunda via de conta, consultar d\u00e9bitos, solicitar religa\u00e7\u00e3o ou realizar cadastro de tarifa social baixa renda<\/strong>&nbsp;poder\u00e3o faz\u00ea-lo pelo WhatsApp, no n\u00famero&nbsp;<strong>(98) 2055-0116<\/strong>&nbsp;e, ser\u00e3o atendidos pela Clara, a Assistente Virtual da Equatorial Maranh\u00e3o.&nbsp; Outros servi\u00e7os poder\u00e3o ser acionados pelo aplicativo da Equatorial Maranh\u00e3o ou no&nbsp;<strong>site&nbsp;<\/strong><a href=\"https:\/\/nam10.safelinks.protection.outlook.com\/?url=http%3A%2F%2Fwww.equatorialenergia.com.br%2F&amp;data=04%7C01%7Cjacelena.dourado%40equatorialenergia.com.br%7C8111b346ac0d4c949a5508da1be6e717%7C104d45512d27483987b286264a5210a5%7C0%7C0%7C637852975776185151%7CUnknown%7CTWFpbGZsb3d8eyJWIjoiMC4wLjAwMDAiLCJQIjoiV2luMzIiLCJBTiI6Ik1haWwiLCJXVCI6Mn0%3D%7C3000&amp;sdata=80Oapz%2BbBjAlAqQ4%2F009RnVOohmJdx6J1zkDpdW4HNQ%3D&amp;reserved=0\" target=\"_blank\" rel=\"noreferrer noopener\"><strong>www.equatorialenergia.com.br<\/strong><\/a>. Se preferir ligar, a&nbsp;<strong>Central 116<\/strong>&nbsp;atende 24horas com liga\u00e7\u00e3o gratuita.<\/p>\n","protected":false},"excerpt":{"rendered":"<p>Para a maior comodidade e planejamento de seus clientes, a Equatorial Maranh\u00e3o informa que os postos de coleta do E+ [&hellip;]<\/p>\n","protected":false},"author":0,"featured_media":0,"comment_status":"open","ping_status":"open","sticky":false,"template":"","format":"standard","meta":{"site-sidebar-layout":"default","site-content-layout":"","ast-site-content-layout":"default","site-content-style":"default","site-sidebar-style":"default","ast-global-header-display":"","ast-banner-title-visibility":"","ast-main-header-display":"","ast-hfb-above-header-display":"","ast-hfb-below-header-display":"","ast-hfb-mobile-header-display":"","site-post-title":"","ast-breadcrumbs-content":"","ast-featured-img":"","footer-sml-layout":"","ast-disable-related-posts":"","theme-transparent-header-meta":"","adv-header-id-meta":"","stick-header-meta":"","header-above-stick-meta":"","header-main-stick-meta":"","header-below-stick-meta":"","astra-migrate-meta-layouts":"default","ast-page-background-enabled":"default","ast-page-background-meta":{"desktop":{"background-color":"var(--ast-global-color-5)","background-image":"","background-repeat":"repeat","background-position":"center center","background-size":"auto","background-attachment":"scroll","background-type":"","background-media":"","overlay-type":"","overlay-color":"","overlay-opacity":"","overlay-gradient":""},"tablet":{"background-color":"","background-image":"","background-repeat":"repeat","background-position":"center center","background-size":"auto","background-attachment":"scroll","background-type":"","background-media":"","overlay-type":"","overlay-color":"","overlay-opacity":"","overlay-gradient":""},"mobile":{"background-color":"","background-image":"","background-repeat":"repeat","background-position":"center center","background-size":"auto","background-attachment":"scroll","background-type":"","background-media":"","overlay-type":"","overlay-color":"","overlay-opacity":"","overlay-gradient":""}},"ast-content-background-meta":{"desktop":{"background-color":"var(--ast-global-color-4)","background-image":"","background-repeat":"repeat","background-position":"center center","background-size":"auto","background-attachment":"scroll","background-type":"","background-media":"","overlay-type":"","overlay-color":"","overlay-opacity":"","overlay-gradient":""},"tablet":{"background-color":"var(--ast-global-color-4)","background-image":"","background-repeat":"repeat","background-position":"center center","background-size":"auto","background-attachment":"scroll","background-type":"","background-media":"","overlay-type":"","overlay-color":"","overlay-opacity":"","overlay-gradient":""},"mobile":{"background-color":"var(--ast-global-color-4)","background-image":"","background-repeat":"repeat","background-position":"center center","background-size":"auto","background-attachment":"scroll","background-type":"","background-media":"","overlay-type":"","overlay-color":"","overlay-opacity":"","overlay-gradient":""}},"footnotes":""},"categories":[1],"tags":[],"class_list":["post-96104","post","type-post","status-publish","format-standard","hentry","category-sem-categoria"],"yoast_head":"<!-- This site is optimized with the Yoast SEO plugin v26.6 - https:\/\/yoast.com\/wordpress\/plugins\/seo\/ -->\n<title>Equatorial Maranh\u00e3o informa sobre o funcionamento durante o feriado da Sexta-feira Santa (15) - Daniel Matos<\/title>\n<meta name=\"robots\" content=\"index, follow, max-snippet:-1, max-image-preview:large, max-video-preview:-1\" \/>\n<link rel=\"canonical\" href=\"https:\/\/www.blogsoestado.com\/danielmatos\/equatorial-maranhao-informa-sobre-o-funcionamento-durante-o-feriado-da-sexta-feira-santa-15\/\" \/>\n<meta property=\"og:locale\" content=\"pt_BR\" \/>\n<meta property=\"og:type\" content=\"article\" \/>\n<meta property=\"og:title\" content=\"Equatorial Maranh\u00e3o informa sobre o funcionamento durante o feriado da Sexta-feira Santa (15) - Daniel Matos\" \/>\n<meta property=\"og:description\" content=\"Para a maior comodidade e planejamento de seus clientes, a Equatorial Maranh\u00e3o informa que os postos de coleta do E+ [&hellip;]\" \/>\n<meta property=\"og:url\" content=\"https:\/\/www.blogsoestado.com\/danielmatos\/equatorial-maranhao-informa-sobre-o-funcionamento-durante-o-feriado-da-sexta-feira-santa-15\/\" \/>\n<meta property=\"og:site_name\" content=\"Daniel Matos\" \/>\n<meta property=\"article:published_time\" content=\"2022-04-12T14:00:00+00:00\" \/>\n<meta property=\"og:image\" content=\"https:\/\/www.blogsoestado.com\/danielmatos\/files\/2022\/04\/Screenshot_20220412-1011512.png\" \/>\n<meta name=\"twitter:card\" content=\"summary_large_image\" \/>\n<meta name=\"twitter:label1\" content=\"Est. tempo de leitura\" \/>\n\t<meta name=\"twitter:data1\" content=\"2 minutos\" \/>\n<script type=\"application\/ld+json\" class=\"yoast-schema-graph\">{\"@context\":\"https:\/\/schema.org\",\"@graph\":[{\"@type\":\"WebPage\",\"@id\":\"https:\/\/www.blogsoestado.com\/danielmatos\/equatorial-maranhao-informa-sobre-o-funcionamento-durante-o-feriado-da-sexta-feira-santa-15\/\",\"url\":\"https:\/\/www.blogsoestado.com\/danielmatos\/equatorial-maranhao-informa-sobre-o-funcionamento-durante-o-feriado-da-sexta-feira-santa-15\/\",\"name\":\"Equatorial Maranh\u00e3o informa sobre o funcionamento durante o feriado da Sexta-feira Santa (15) - Daniel Matos\",\"isPartOf\":{\"@id\":\"https:\/\/www.blogsoestado.com\/danielmatos\/#website\"},\"primaryImageOfPage\":{\"@id\":\"https:\/\/www.blogsoestado.com\/danielmatos\/equatorial-maranhao-informa-sobre-o-funcionamento-durante-o-feriado-da-sexta-feira-santa-15\/#primaryimage\"},\"image\":{\"@id\":\"https:\/\/www.blogsoestado.com\/danielmatos\/equatorial-maranhao-informa-sobre-o-funcionamento-durante-o-feriado-da-sexta-feira-santa-15\/#primaryimage\"},\"thumbnailUrl\":\"https:\/\/www.blogsoestado.com\/danielmatos\/files\/2022\/04\/Screenshot_20220412-1011512.png\",\"datePublished\":\"2022-04-12T14:00:00+00:00\",\"author\":{\"@id\":\"\"},\"breadcrumb\":{\"@id\":\"https:\/\/www.blogsoestado.com\/danielmatos\/equatorial-maranhao-informa-sobre-o-funcionamento-durante-o-feriado-da-sexta-feira-santa-15\/#breadcrumb\"},\"inLanguage\":\"pt-BR\",\"potentialAction\":[{\"@type\":\"ReadAction\",\"target\":[\"https:\/\/www.blogsoestado.com\/danielmatos\/equatorial-maranhao-informa-sobre-o-funcionamento-durante-o-feriado-da-sexta-feira-santa-15\/\"]}]},{\"@type\":\"ImageObject\",\"inLanguage\":\"pt-BR\",\"@id\":\"https:\/\/www.blogsoestado.com\/danielmatos\/equatorial-maranhao-informa-sobre-o-funcionamento-durante-o-feriado-da-sexta-feira-santa-15\/#primaryimage\",\"url\":\"https:\/\/www.blogsoestado.com\/danielmatos\/files\/2022\/04\/Screenshot_20220412-1011512.png\",\"contentUrl\":\"https:\/\/www.blogsoestado.com\/danielmatos\/files\/2022\/04\/Screenshot_20220412-1011512.png\"},{\"@type\":\"BreadcrumbList\",\"@id\":\"https:\/\/www.blogsoestado.com\/danielmatos\/equatorial-maranhao-informa-sobre-o-funcionamento-durante-o-feriado-da-sexta-feira-santa-15\/#breadcrumb\",\"itemListElement\":[{\"@type\":\"ListItem\",\"position\":1,\"name\":\"In\u00edcio\",\"item\":\"https:\/\/www.blogsoestado.com\/danielmatos\/\"},{\"@type\":\"ListItem\",\"position\":2,\"name\":\"Equatorial Maranh\u00e3o informa sobre o funcionamento durante o feriado da Sexta-feira Santa (15)\"}]},{\"@type\":\"WebSite\",\"@id\":\"https:\/\/www.blogsoestado.com\/danielmatos\/#website\",\"url\":\"https:\/\/www.blogsoestado.com\/danielmatos\/\",\"name\":\"Daniel Matos\",\"description\":\"\",\"potentialAction\":[{\"@type\":\"SearchAction\",\"target\":{\"@type\":\"EntryPoint\",\"urlTemplate\":\"https:\/\/www.blogsoestado.com\/danielmatos\/?s={search_term_string}\"},\"query-input\":{\"@type\":\"PropertyValueSpecification\",\"valueRequired\":true,\"valueName\":\"search_term_string\"}}],\"inLanguage\":\"pt-BR\"}]}<\/script>\n<!-- \/ Yoast SEO plugin. -->","yoast_head_json":{"title":"Equatorial Maranh\u00e3o informa sobre o funcionamento durante o feriado da Sexta-feira Santa (15) - Daniel Matos","robots":{"index":"index","follow":"follow","max-snippet":"max-snippet:-1","max-image-preview":"max-image-preview:large","max-video-preview":"max-video-preview:-1"},"canonical":"https:\/\/www.blogsoestado.com\/danielmatos\/equatorial-maranhao-informa-sobre-o-funcionamento-durante-o-feriado-da-sexta-feira-santa-15\/","og_locale":"pt_BR","og_type":"article","og_title":"Equatorial Maranh\u00e3o informa sobre o funcionamento durante o feriado da Sexta-feira Santa (15) - Daniel Matos","og_description":"Para a maior comodidade e planejamento de seus clientes, a Equatorial Maranh\u00e3o informa que os postos de coleta do E+ [&hellip;]","og_url":"https:\/\/www.blogsoestado.com\/danielmatos\/equatorial-maranhao-informa-sobre-o-funcionamento-durante-o-feriado-da-sexta-feira-santa-15\/","og_site_name":"Daniel Matos","article_published_time":"2022-04-12T14:00:00+00:00","og_image":[{"url":"https:\/\/www.blogsoestado.com\/danielmatos\/files\/2022\/04\/Screenshot_20220412-1011512.png","type":"","width":"","height":""}],"twitter_card":"summary_large_image","twitter_misc":{"Est. tempo de leitura":"2 minutos"},"schema":{"@context":"https:\/\/schema.org","@graph":[{"@type":"WebPage","@id":"https:\/\/www.blogsoestado.com\/danielmatos\/equatorial-maranhao-informa-sobre-o-funcionamento-durante-o-feriado-da-sexta-feira-santa-15\/","url":"https:\/\/www.blogsoestado.com\/danielmatos\/equatorial-maranhao-informa-sobre-o-funcionamento-durante-o-feriado-da-sexta-feira-santa-15\/","name":"Equatorial Maranh\u00e3o informa sobre o funcionamento durante o feriado da Sexta-feira Santa (15) - Daniel Matos","isPartOf":{"@id":"https:\/\/www.blogsoestado.com\/danielmatos\/#website"},"primaryImageOfPage":{"@id":"https:\/\/www.blogsoestado.com\/danielmatos\/equatorial-maranhao-informa-sobre-o-funcionamento-durante-o-feriado-da-sexta-feira-santa-15\/#primaryimage"},"image":{"@id":"https:\/\/www.blogsoestado.com\/danielmatos\/equatorial-maranhao-informa-sobre-o-funcionamento-durante-o-feriado-da-sexta-feira-santa-15\/#primaryimage"},"thumbnailUrl":"https:\/\/www.blogsoestado.com\/danielmatos\/files\/2022\/04\/Screenshot_20220412-1011512.png","datePublished":"2022-04-12T14:00:00+00:00","author":{"@id":""},"breadcrumb":{"@id":"https:\/\/www.blogsoestado.com\/danielmatos\/equatorial-maranhao-informa-sobre-o-funcionamento-durante-o-feriado-da-sexta-feira-santa-15\/#breadcrumb"},"inLanguage":"pt-BR","potentialAction":[{"@type":"ReadAction","target":["https:\/\/www.blogsoestado.com\/danielmatos\/equatorial-maranhao-informa-sobre-o-funcionamento-durante-o-feriado-da-sexta-feira-santa-15\/"]}]},{"@type":"ImageObject","inLanguage":"pt-BR","@id":"https:\/\/www.blogsoestado.com\/danielmatos\/equatorial-maranhao-informa-sobre-o-funcionamento-durante-o-feriado-da-sexta-feira-santa-15\/#primaryimage","url":"https:\/\/www.blogsoestado.com\/danielmatos\/files\/2022\/04\/Screenshot_20220412-1011512.png","contentUrl":"https:\/\/www.blogsoestado.com\/danielmatos\/files\/2022\/04\/Screenshot_20220412-1011512.png"},{"@type":"BreadcrumbList","@id":"https:\/\/www.blogsoestado.com\/danielmatos\/equatorial-maranhao-informa-sobre-o-funcionamento-durante-o-feriado-da-sexta-feira-santa-15\/#breadcrumb","itemListElement":[{"@type":"ListItem","position":1,"name":"In\u00edcio","item":"https:\/\/www.blogsoestado.com\/danielmatos\/"},{"@type":"ListItem","position":2,"name":"Equatorial Maranh\u00e3o informa sobre o funcionamento durante o feriado da Sexta-feira Santa (15)"}]},{"@type":"WebSite","@id":"https:\/\/www.blogsoestado.com\/danielmatos\/#website","url":"https:\/\/www.blogsoestado.com\/danielmatos\/","name":"Daniel Matos","description":"","potentialAction":[{"@type":"SearchAction","target":{"@type":"EntryPoint","urlTemplate":"https:\/\/www.blogsoestado.com\/danielmatos\/?s={search_term_string}"},"query-input":{"@type":"PropertyValueSpecification","valueRequired":true,"valueName":"search_term_string"}}],"inLanguage":"pt-BR"}]}},"jetpack_featured_media_url":"","_links":{"self":[{"href":"https:\/\/www.blogsoestado.com\/danielmatos\/wp-json\/wp\/v2\/posts\/96104","targetHints":{"allow":["GET"]}}],"collection":[{"href":"https:\/\/www.blogsoestado.com\/danielmatos\/wp-json\/wp\/v2\/posts"}],"about":[{"href":"https:\/\/www.blogsoestado.com\/danielmatos\/wp-json\/wp\/v2\/types\/post"}],"replies":[{"embeddable":true,"href":"https:\/\/www.blogsoestado.com\/danielmatos\/wp-json\/wp\/v2\/comments?post=96104"}],"version-history":[{"count":0,"href":"https:\/\/www.blogsoestado.com\/danielmatos\/wp-json\/wp\/v2\/posts\/96104\/revisions"}],"wp:attachment":[{"href":"https:\/\/www.blogsoestado.com\/danielmatos\/wp-json\/wp\/v2\/media?parent=96104"}],"wp:term":[{"taxonomy":"category","embeddable":true,"href":"https:\/\/www.blogsoestado.com\/danielmatos\/wp-json\/wp\/v2\/categories?post=96104"},{"taxonomy":"post_tag","embeddable":true,"href":"https:\/\/www.blogsoestado.com\/danielmatos\/wp-json\/wp\/v2\/tags?post=96104"}],"curies":[{"name":"wp","href":"https:\/\/api.w.org\/{rel}","templated":true}]}}