{"id":96107,"date":"2022-04-13T06:00:00","date_gmt":"2022-04-13T09:00:00","guid":{"rendered":"https:\/\/www.blogsoestado.com\/danielmatos\/?p=96107"},"modified":"2022-04-13T06:00:00","modified_gmt":"2022-04-13T09:00:00","slug":"veja-o-horario-de-funcionamento-das-lojas-do-mateus-durante-a-semana-santa","status":"publish","type":"post","link":"https:\/\/www.blogsoestado.com\/danielmatos\/veja-o-horario-de-funcionamento-das-lojas-do-mateus-durante-a-semana-santa\/","title":{"rendered":"Veja o hor\u00e1rio de funcionamento das Lojas do Mateus durante a Semana Santa"},"content":{"rendered":"\n<div class=\"wp-block-image\"><figure class=\"aligncenter size-large\"><a href=\"https:\/\/www.blogsoestado.com\/danielmatos\/files\/2022\/04\/Screenshot_20220412-1018483.png\"><img decoding=\"async\" src=\"https:\/\/www.blogsoestado.com\/danielmatos\/files\/2022\/04\/Screenshot_20220412-1018483.png\" alt=\"\" class=\"wp-image-96108\"\/><\/a><figcaption>Lojas do Grupo Mateus estar\u00e3o fechadas na Sexta-Feira Santa, mas abrir\u00e3o normalmente no S\u00e1bado de Aleluia e no Domingo de P\u00e1scoa<\/figcaption><\/figure><\/div>\n\n\n\n<p>Corra que ainda d\u00e1 tempo para garantir o almo\u00e7o da Sexta-Feira Santa e do Domingo de P\u00e1scoa. Muita gente ainda n\u00e3o comprou os ingredientes para aquele almo\u00e7o especial em fam\u00edlia, n\u00e3o \u00e9 mesmo? Pois acompanhe o hor\u00e1rio de funcionamento das lojas do Mateus e aproveite!<\/p>\n\n\n\n<p>Nesta sexta-feira (15), as lojas do Mateus estar\u00e3o fechadas. No s\u00e1bado (16) e domingo (17), as lojas do Grupo funcionar\u00e3o normalmente, como de costume.<\/p>\n\n\n\n<p>Programe-se e aproveite!&nbsp;<\/p>\n\n\n\n<p><strong>Rio Anil Shopping tamb\u00e9m ter\u00e1 hor\u00e1rio de funcionamento alterado durante a Semana Santa<\/strong><\/p>\n\n\n\n<div class=\"wp-block-image\"><figure class=\"aligncenter size-large\"><a href=\"https:\/\/www.blogsoestado.com\/danielmatos\/files\/2022\/04\/Screenshot_20220412-1017332.png\"><img decoding=\"async\" src=\"https:\/\/www.blogsoestado.com\/danielmatos\/files\/2022\/04\/Screenshot_20220412-1017332.png\" alt=\"\" class=\"wp-image-96109\"\/><\/a><figcaption>Rio Anil Shopping funcionar\u00e1 em hor\u00e1rio especial nos feriados da Semana Santa e de Tiradentes<\/figcaption><\/figure><\/div>\n\n\n\n<p>Nesta sexta-feira (15), Lojas e Quiosques do Rio Anil Shopping estar\u00e3o fechados. A Pra\u00e7a de Alimenta\u00e7\u00e3o e a Pra\u00e7a de Lazer v\u00e3o funcionar das 12h \u00e0s 20h. A academia Smart Fit, abre das 8h \u00e0s 14h. J\u00e1 a Lot\u00e9rica, Banco Bradesco e Cart\u00f3rio estar\u00e3o fechados. O Mateus Supermercado tamb\u00e9m n\u00e3o abre nesta sexta-feira. J\u00e1 no s\u00e1bado (16) e domingo (17) hor\u00e1rio de funcionamento volta ao normal.<\/p>\n\n\n\n<p>Na quinta-feira (21) &#8211; Feriado de Tiradentes &#8211; O Rio Anil Shopping vai funcionar nos seguintes hor\u00e1rios: Lojas e Quiosques, Pra\u00e7a de Alimenta\u00e7\u00e3o e Lazer, abrem das 10h \u00e0s 22h. A Smart Fit abre das 8h \u00e0s 14h. Lot\u00e9rica, Banco Bradesco e Cart\u00f3rio estar\u00e3o fechados. Mateus Supermercado abre das 9h \u00e0s 22h.<\/p>\n\n\n\n<p>Programe-se e divirta-se!<\/p>\n","protected":false},"excerpt":{"rendered":"<p>Corra que ainda d\u00e1 tempo para garantir o almo\u00e7o da Sexta-Feira Santa e do Domingo de P\u00e1scoa. Muita gente ainda [&hellip;]<\/p>\n","protected":false},"author":0,"featured_media":0,"comment_status":"open","ping_status":"open","sticky":false,"template":"","format":"standard","meta":{"site-sidebar-layout":"default","site-content-layout":"","ast-site-content-layout":"default","site-content-style":"default","site-sidebar-style":"default","ast-global-header-display":"","ast-banner-title-visibility":"","ast-main-header-display":"","ast-hfb-above-header-display":"","ast-hfb-below-header-display":"","ast-hfb-mobile-header-display":"","site-post-title":"","ast-breadcrumbs-content":"","ast-featured-img":"","footer-sml-layout":"","ast-disable-related-posts":"","theme-transparent-header-meta":"","adv-header-id-meta":"","stick-header-meta":"","header-above-stick-meta":"","header-main-stick-meta":"","header-below-stick-meta":"","astra-migrate-meta-layouts":"default","ast-page-background-enabled":"default","ast-page-background-meta":{"desktop":{"background-color":"var(--ast-global-color-5)","background-image":"","background-repeat":"repeat","background-position":"center center","background-size":"auto","background-attachment":"scroll","background-type":"","background-media":"","overlay-type":"","overlay-color":"","overlay-opacity":"","overlay-gradient":""},"tablet":{"background-color":"","background-image":"","background-repeat":"repeat","background-position":"center center","background-size":"auto","background-attachment":"scroll","background-type":"","background-media":"","overlay-type":"","overlay-color":"","overlay-opacity":"","overlay-gradient":""},"mobile":{"background-color":"","background-image":"","background-repeat":"repeat","background-position":"center center","background-size":"auto","background-attachment":"scroll","background-type":"","background-media":"","overlay-type":"","overlay-color":"","overlay-opacity":"","overlay-gradient":""}},"ast-content-background-meta":{"desktop":{"background-color":"var(--ast-global-color-4)","background-image":"","background-repeat":"repeat","background-position":"center center","background-size":"auto","background-attachment":"scroll","background-type":"","background-media":"","overlay-type":"","overlay-color":"","overlay-opacity":"","overlay-gradient":""},"tablet":{"background-color":"var(--ast-global-color-4)","background-image":"","background-repeat":"repeat","background-position":"center center","background-size":"auto","background-attachment":"scroll","background-type":"","background-media":"","overlay-type":"","overlay-color":"","overlay-opacity":"","overlay-gradient":""},"mobile":{"background-color":"var(--ast-global-color-4)","background-image":"","background-repeat":"repeat","background-position":"center center","background-size":"auto","background-attachment":"scroll","background-type":"","background-media":"","overlay-type":"","overlay-color":"","overlay-opacity":"","overlay-gradient":""}},"footnotes":""},"categories":[1],"tags":[],"class_list":["post-96107","post","type-post","status-publish","format-standard","hentry","category-sem-categoria"],"yoast_head":"<!-- This site is optimized with the Yoast SEO plugin v26.6 - https:\/\/yoast.com\/wordpress\/plugins\/seo\/ -->\n<title>Veja o hor\u00e1rio de funcionamento das Lojas do Mateus durante a Semana Santa - Daniel Matos<\/title>\n<meta name=\"robots\" content=\"index, follow, max-snippet:-1, max-image-preview:large, max-video-preview:-1\" \/>\n<link rel=\"canonical\" href=\"https:\/\/www.blogsoestado.com\/danielmatos\/veja-o-horario-de-funcionamento-das-lojas-do-mateus-durante-a-semana-santa\/\" \/>\n<meta property=\"og:locale\" content=\"pt_BR\" \/>\n<meta property=\"og:type\" content=\"article\" \/>\n<meta property=\"og:title\" content=\"Veja o hor\u00e1rio de funcionamento das Lojas do Mateus durante a Semana Santa - Daniel Matos\" \/>\n<meta property=\"og:description\" content=\"Corra que ainda d\u00e1 tempo para garantir o almo\u00e7o da Sexta-Feira Santa e do Domingo de P\u00e1scoa. Muita gente ainda [&hellip;]\" \/>\n<meta property=\"og:url\" content=\"https:\/\/www.blogsoestado.com\/danielmatos\/veja-o-horario-de-funcionamento-das-lojas-do-mateus-durante-a-semana-santa\/\" \/>\n<meta property=\"og:site_name\" content=\"Daniel Matos\" \/>\n<meta property=\"article:published_time\" content=\"2022-04-13T09:00:00+00:00\" \/>\n<meta property=\"og:image\" content=\"https:\/\/www.blogsoestado.com\/danielmatos\/files\/2022\/04\/Screenshot_20220412-1018483.png\" \/>\n<meta name=\"twitter:card\" content=\"summary_large_image\" \/>\n<meta name=\"twitter:label1\" content=\"Est. tempo de leitura\" \/>\n\t<meta name=\"twitter:data1\" content=\"2 minutos\" \/>\n<script type=\"application\/ld+json\" class=\"yoast-schema-graph\">{\"@context\":\"https:\/\/schema.org\",\"@graph\":[{\"@type\":\"WebPage\",\"@id\":\"https:\/\/www.blogsoestado.com\/danielmatos\/veja-o-horario-de-funcionamento-das-lojas-do-mateus-durante-a-semana-santa\/\",\"url\":\"https:\/\/www.blogsoestado.com\/danielmatos\/veja-o-horario-de-funcionamento-das-lojas-do-mateus-durante-a-semana-santa\/\",\"name\":\"Veja o hor\u00e1rio de funcionamento das Lojas do Mateus durante a Semana Santa - Daniel Matos\",\"isPartOf\":{\"@id\":\"https:\/\/www.blogsoestado.com\/danielmatos\/#website\"},\"primaryImageOfPage\":{\"@id\":\"https:\/\/www.blogsoestado.com\/danielmatos\/veja-o-horario-de-funcionamento-das-lojas-do-mateus-durante-a-semana-santa\/#primaryimage\"},\"image\":{\"@id\":\"https:\/\/www.blogsoestado.com\/danielmatos\/veja-o-horario-de-funcionamento-das-lojas-do-mateus-durante-a-semana-santa\/#primaryimage\"},\"thumbnailUrl\":\"https:\/\/www.blogsoestado.com\/danielmatos\/files\/2022\/04\/Screenshot_20220412-1018483.png\",\"datePublished\":\"2022-04-13T09:00:00+00:00\",\"author\":{\"@id\":\"\"},\"breadcrumb\":{\"@id\":\"https:\/\/www.blogsoestado.com\/danielmatos\/veja-o-horario-de-funcionamento-das-lojas-do-mateus-durante-a-semana-santa\/#breadcrumb\"},\"inLanguage\":\"pt-BR\",\"potentialAction\":[{\"@type\":\"ReadAction\",\"target\":[\"https:\/\/www.blogsoestado.com\/danielmatos\/veja-o-horario-de-funcionamento-das-lojas-do-mateus-durante-a-semana-santa\/\"]}]},{\"@type\":\"ImageObject\",\"inLanguage\":\"pt-BR\",\"@id\":\"https:\/\/www.blogsoestado.com\/danielmatos\/veja-o-horario-de-funcionamento-das-lojas-do-mateus-durante-a-semana-santa\/#primaryimage\",\"url\":\"https:\/\/www.blogsoestado.com\/danielmatos\/files\/2022\/04\/Screenshot_20220412-1018483.png\",\"contentUrl\":\"https:\/\/www.blogsoestado.com\/danielmatos\/files\/2022\/04\/Screenshot_20220412-1018483.png\"},{\"@type\":\"BreadcrumbList\",\"@id\":\"https:\/\/www.blogsoestado.com\/danielmatos\/veja-o-horario-de-funcionamento-das-lojas-do-mateus-durante-a-semana-santa\/#breadcrumb\",\"itemListElement\":[{\"@type\":\"ListItem\",\"position\":1,\"name\":\"In\u00edcio\",\"item\":\"https:\/\/www.blogsoestado.com\/danielmatos\/\"},{\"@type\":\"ListItem\",\"position\":2,\"name\":\"Veja o hor\u00e1rio de funcionamento das Lojas do Mateus durante a Semana Santa\"}]},{\"@type\":\"WebSite\",\"@id\":\"https:\/\/www.blogsoestado.com\/danielmatos\/#website\",\"url\":\"https:\/\/www.blogsoestado.com\/danielmatos\/\",\"name\":\"Daniel Matos\",\"description\":\"\",\"potentialAction\":[{\"@type\":\"SearchAction\",\"target\":{\"@type\":\"EntryPoint\",\"urlTemplate\":\"https:\/\/www.blogsoestado.com\/danielmatos\/?s={search_term_string}\"},\"query-input\":{\"@type\":\"PropertyValueSpecification\",\"valueRequired\":true,\"valueName\":\"search_term_string\"}}],\"inLanguage\":\"pt-BR\"}]}<\/script>\n<!-- \/ Yoast SEO plugin. -->","yoast_head_json":{"title":"Veja o hor\u00e1rio de funcionamento das Lojas do Mateus durante a Semana Santa - Daniel Matos","robots":{"index":"index","follow":"follow","max-snippet":"max-snippet:-1","max-image-preview":"max-image-preview:large","max-video-preview":"max-video-preview:-1"},"canonical":"https:\/\/www.blogsoestado.com\/danielmatos\/veja-o-horario-de-funcionamento-das-lojas-do-mateus-durante-a-semana-santa\/","og_locale":"pt_BR","og_type":"article","og_title":"Veja o hor\u00e1rio de funcionamento das Lojas do Mateus durante a Semana Santa - Daniel Matos","og_description":"Corra que ainda d\u00e1 tempo para garantir o almo\u00e7o da Sexta-Feira Santa e do Domingo de P\u00e1scoa. Muita gente ainda [&hellip;]","og_url":"https:\/\/www.blogsoestado.com\/danielmatos\/veja-o-horario-de-funcionamento-das-lojas-do-mateus-durante-a-semana-santa\/","og_site_name":"Daniel Matos","article_published_time":"2022-04-13T09:00:00+00:00","og_image":[{"url":"https:\/\/www.blogsoestado.com\/danielmatos\/files\/2022\/04\/Screenshot_20220412-1018483.png","type":"","width":"","height":""}],"twitter_card":"summary_large_image","twitter_misc":{"Est. tempo de leitura":"2 minutos"},"schema":{"@context":"https:\/\/schema.org","@graph":[{"@type":"WebPage","@id":"https:\/\/www.blogsoestado.com\/danielmatos\/veja-o-horario-de-funcionamento-das-lojas-do-mateus-durante-a-semana-santa\/","url":"https:\/\/www.blogsoestado.com\/danielmatos\/veja-o-horario-de-funcionamento-das-lojas-do-mateus-durante-a-semana-santa\/","name":"Veja o hor\u00e1rio de funcionamento das Lojas do Mateus durante a Semana Santa - Daniel Matos","isPartOf":{"@id":"https:\/\/www.blogsoestado.com\/danielmatos\/#website"},"primaryImageOfPage":{"@id":"https:\/\/www.blogsoestado.com\/danielmatos\/veja-o-horario-de-funcionamento-das-lojas-do-mateus-durante-a-semana-santa\/#primaryimage"},"image":{"@id":"https:\/\/www.blogsoestado.com\/danielmatos\/veja-o-horario-de-funcionamento-das-lojas-do-mateus-durante-a-semana-santa\/#primaryimage"},"thumbnailUrl":"https:\/\/www.blogsoestado.com\/danielmatos\/files\/2022\/04\/Screenshot_20220412-1018483.png","datePublished":"2022-04-13T09:00:00+00:00","author":{"@id":""},"breadcrumb":{"@id":"https:\/\/www.blogsoestado.com\/danielmatos\/veja-o-horario-de-funcionamento-das-lojas-do-mateus-durante-a-semana-santa\/#breadcrumb"},"inLanguage":"pt-BR","potentialAction":[{"@type":"ReadAction","target":["https:\/\/www.blogsoestado.com\/danielmatos\/veja-o-horario-de-funcionamento-das-lojas-do-mateus-durante-a-semana-santa\/"]}]},{"@type":"ImageObject","inLanguage":"pt-BR","@id":"https:\/\/www.blogsoestado.com\/danielmatos\/veja-o-horario-de-funcionamento-das-lojas-do-mateus-durante-a-semana-santa\/#primaryimage","url":"https:\/\/www.blogsoestado.com\/danielmatos\/files\/2022\/04\/Screenshot_20220412-1018483.png","contentUrl":"https:\/\/www.blogsoestado.com\/danielmatos\/files\/2022\/04\/Screenshot_20220412-1018483.png"},{"@type":"BreadcrumbList","@id":"https:\/\/www.blogsoestado.com\/danielmatos\/veja-o-horario-de-funcionamento-das-lojas-do-mateus-durante-a-semana-santa\/#breadcrumb","itemListElement":[{"@type":"ListItem","position":1,"name":"In\u00edcio","item":"https:\/\/www.blogsoestado.com\/danielmatos\/"},{"@type":"ListItem","position":2,"name":"Veja o hor\u00e1rio de funcionamento das Lojas do Mateus durante a Semana Santa"}]},{"@type":"WebSite","@id":"https:\/\/www.blogsoestado.com\/danielmatos\/#website","url":"https:\/\/www.blogsoestado.com\/danielmatos\/","name":"Daniel Matos","description":"","potentialAction":[{"@type":"SearchAction","target":{"@type":"EntryPoint","urlTemplate":"https:\/\/www.blogsoestado.com\/danielmatos\/?s={search_term_string}"},"query-input":{"@type":"PropertyValueSpecification","valueRequired":true,"valueName":"search_term_string"}}],"inLanguage":"pt-BR"}]}},"jetpack_featured_media_url":"","_links":{"self":[{"href":"https:\/\/www.blogsoestado.com\/danielmatos\/wp-json\/wp\/v2\/posts\/96107","targetHints":{"allow":["GET"]}}],"collection":[{"href":"https:\/\/www.blogsoestado.com\/danielmatos\/wp-json\/wp\/v2\/posts"}],"about":[{"href":"https:\/\/www.blogsoestado.com\/danielmatos\/wp-json\/wp\/v2\/types\/post"}],"replies":[{"embeddable":true,"href":"https:\/\/www.blogsoestado.com\/danielmatos\/wp-json\/wp\/v2\/comments?post=96107"}],"version-history":[{"count":0,"href":"https:\/\/www.blogsoestado.com\/danielmatos\/wp-json\/wp\/v2\/posts\/96107\/revisions"}],"wp:attachment":[{"href":"https:\/\/www.blogsoestado.com\/danielmatos\/wp-json\/wp\/v2\/media?parent=96107"}],"wp:term":[{"taxonomy":"category","embeddable":true,"href":"https:\/\/www.blogsoestado.com\/danielmatos\/wp-json\/wp\/v2\/categories?post=96107"},{"taxonomy":"post_tag","embeddable":true,"href":"https:\/\/www.blogsoestado.com\/danielmatos\/wp-json\/wp\/v2\/tags?post=96107"}],"curies":[{"name":"wp","href":"https:\/\/api.w.org\/{rel}","templated":true}]}}