{"id":96111,"date":"2022-04-12T14:20:33","date_gmt":"2022-04-12T17:20:33","guid":{"rendered":"https:\/\/www.blogsoestado.com\/danielmatos\/?p=96111"},"modified":"2022-04-12T14:20:33","modified_gmt":"2022-04-12T17:20:33","slug":"othelino-recebe-novo-secretario-de-seguranca-publica-e-discute-acoes-para-reforcar-o-sistema","status":"publish","type":"post","link":"https:\/\/www.blogsoestado.com\/danielmatos\/othelino-recebe-novo-secretario-de-seguranca-publica-e-discute-acoes-para-reforcar-o-sistema\/","title":{"rendered":"Othelino recebe novo secret\u00e1rio de Seguran\u00e7a P\u00fablica e discute a\u00e7\u00f5es para refor\u00e7ar o sistema"},"content":{"rendered":"\n<div class=\"wp-block-image\"><figure class=\"aligncenter size-large\"><a href=\"https:\/\/www.blogsoestado.com\/danielmatos\/files\/2022\/04\/Screenshot_20220412-1413092.png\"><img decoding=\"async\" src=\"https:\/\/www.blogsoestado.com\/danielmatos\/files\/2022\/04\/Screenshot_20220412-1413092.png\" alt=\"\" class=\"wp-image-96113\"\/><\/a><figcaption>Othelino, coronel Leite, deputado Ricardo Rios, Cel. Marcelo Jinkigs e Cel. Alexandre Magno, durante reuni\u00e3o na Alema<\/figcaption><\/figure><\/div>\n\n\n\n<p>O presidente da Assembleia Legislativa do Maranh\u00e3o, deputado Othelino Neto (PCdoB), recebeu, na manh\u00e3 desta ter\u00e7a-feira (12), a visita do novo secret\u00e1rio estadual de Seguran\u00e7a P\u00fablica, coronel Silvio Leite, acompanhado do diretor institucional do Tribunal de Justi\u00e7a do Maranh\u00e3o (TJMMA), coronel Alexandre Magno. Na reuni\u00e3o, eles discutiram sobre as a\u00e7\u00f5es imediatas que ser\u00e3o implementadas no sentido de refor\u00e7ar o sistema no estado.\u00a0<\/p>\n\n\n\n<p>Ao lado do deputado Ricardo Rios e do chefe do Gabinete Militar da Alema, coronel Marcelo Jinkings, o l\u00edder do Legislativo maranhense colocou a Assembleia \u00e0 disposi\u00e7\u00e3o para colaborar com a melhoria na \u00e1rea da seguran\u00e7a p\u00fablica.<\/p>\n\n\n\n<p>\u201cO secret\u00e1rio nos informou que, de imediato, ser\u00e3o executadas algumas a\u00e7\u00f5es mais ostensivas de rua com um policiamento mais presente. Por isso, coloquei a Casa \u00e0 disposi\u00e7\u00e3o, n\u00e3o s\u00f3 no sentido de legislar quando necess\u00e1rio para fortalecer esse trabalho, mas, tamb\u00e9m, dando todo o apoio para que o sistema funcione bem e a sociedade se sinta cuidada\u201d, disse Othelino Neto.<\/p>\n\n\n\n<p><strong>Escolha<\/strong><\/p>\n\n\n\n<div class=\"wp-block-image\"><figure class=\"aligncenter size-large\"><a href=\"https:\/\/www.blogsoestado.com\/danielmatos\/files\/2022\/04\/Screenshot_20220412-1414402.png\"><img decoding=\"async\" src=\"https:\/\/www.blogsoestado.com\/danielmatos\/files\/2022\/04\/Screenshot_20220412-1414402.png\" alt=\"\" class=\"wp-image-96114\"\/><\/a><figcaption>O presidente da Assembleia Legislativa com o secret\u00e1rio de Seguran\u00e7a P\u00fablica, coronel S\u00edlvio Leite<\/figcaption><\/figure><\/div>\n\n\n\n<p>Na ocasi\u00e3o, o parlamentar fez um cumprimento especial ao governador Carlos Brand\u00e3o pela escolha do coronel Leite para comandar a pasta. \u201cEle \u00e9 o primeiro militar a ser secret\u00e1rio de Seguran\u00e7a do Estado, um dado marcante para o setor. Parabenizo o governador pela escolha, pois a atitude homenageia a Pol\u00edcia Militar do Maranh\u00e3o, que \u00e9 fundamental ao bom funcionamento da seguran\u00e7a p\u00fablica\u201d, ressaltou o chefe do Parlamento Estadual.<\/p>\n\n\n\n<p>Coronel Leite elencou as pr\u00f3ximas a\u00e7\u00f5es da Secretaria e agradeceu ao presidente da Assembleia pela aten\u00e7\u00e3o. \u201cA curto prazo, vamos entregar 126 viaturas para a PMMA, entre carros e motos. J\u00e1 a partir desta semana, intensificaremos nosso policiamento ostensivo para reduzirmos, ainda mais, os \u00edndices de viol\u00eancia no estado. Aproveito para agradecer ao deputado Othelino por estar sempre \u00e0 disposi\u00e7\u00e3o em nos ajudar no que for necess\u00e1rio\u201d, concluiu.<\/p>\n","protected":false},"excerpt":{"rendered":"<p>O presidente da Assembleia Legislativa do Maranh\u00e3o, deputado Othelino Neto (PCdoB), recebeu, na manh\u00e3 desta ter\u00e7a-feira (12), a visita do [&hellip;]<\/p>\n","protected":false},"author":0,"featured_media":0,"comment_status":"open","ping_status":"open","sticky":false,"template":"","format":"standard","meta":{"site-sidebar-layout":"default","site-content-layout":"","ast-site-content-layout":"default","site-content-style":"default","site-sidebar-style":"default","ast-global-header-display":"","ast-banner-title-visibility":"","ast-main-header-display":"","ast-hfb-above-header-display":"","ast-hfb-below-header-display":"","ast-hfb-mobile-header-display":"","site-post-title":"","ast-breadcrumbs-content":"","ast-featured-img":"","footer-sml-layout":"","ast-disable-related-posts":"","theme-transparent-header-meta":"","adv-header-id-meta":"","stick-header-meta":"","header-above-stick-meta":"","header-main-stick-meta":"","header-below-stick-meta":"","astra-migrate-meta-layouts":"default","ast-page-background-enabled":"default","ast-page-background-meta":{"desktop":{"background-color":"var(--ast-global-color-5)","background-image":"","background-repeat":"repeat","background-position":"center center","background-size":"auto","background-attachment":"scroll","background-type":"","background-media":"","overlay-type":"","overlay-color":"","overlay-opacity":"","overlay-gradient":""},"tablet":{"background-color":"","background-image":"","background-repeat":"repeat","background-position":"center center","background-size":"auto","background-attachment":"scroll","background-type":"","background-media":"","overlay-type":"","overlay-color":"","overlay-opacity":"","overlay-gradient":""},"mobile":{"background-color":"","background-image":"","background-repeat":"repeat","background-position":"center center","background-size":"auto","background-attachment":"scroll","background-type":"","background-media":"","overlay-type":"","overlay-color":"","overlay-opacity":"","overlay-gradient":""}},"ast-content-background-meta":{"desktop":{"background-color":"var(--ast-global-color-4)","background-image":"","background-repeat":"repeat","background-position":"center center","background-size":"auto","background-attachment":"scroll","background-type":"","background-media":"","overlay-type":"","overlay-color":"","overlay-opacity":"","overlay-gradient":""},"tablet":{"background-color":"var(--ast-global-color-4)","background-image":"","background-repeat":"repeat","background-position":"center center","background-size":"auto","background-attachment":"scroll","background-type":"","background-media":"","overlay-type":"","overlay-color":"","overlay-opacity":"","overlay-gradient":""},"mobile":{"background-color":"var(--ast-global-color-4)","background-image":"","background-repeat":"repeat","background-position":"center center","background-size":"auto","background-attachment":"scroll","background-type":"","background-media":"","overlay-type":"","overlay-color":"","overlay-opacity":"","overlay-gradient":""}},"footnotes":""},"categories":[1],"tags":[],"class_list":["post-96111","post","type-post","status-publish","format-standard","hentry","category-sem-categoria"],"yoast_head":"<!-- This site is optimized with the Yoast SEO plugin v26.6 - https:\/\/yoast.com\/wordpress\/plugins\/seo\/ -->\n<title>Othelino recebe novo secret\u00e1rio de Seguran\u00e7a P\u00fablica e discute a\u00e7\u00f5es para refor\u00e7ar o sistema - Daniel Matos<\/title>\n<meta name=\"robots\" content=\"index, follow, max-snippet:-1, max-image-preview:large, max-video-preview:-1\" \/>\n<link rel=\"canonical\" href=\"https:\/\/www.blogsoestado.com\/danielmatos\/othelino-recebe-novo-secretario-de-seguranca-publica-e-discute-acoes-para-reforcar-o-sistema\/\" \/>\n<meta property=\"og:locale\" content=\"pt_BR\" \/>\n<meta property=\"og:type\" content=\"article\" \/>\n<meta property=\"og:title\" content=\"Othelino recebe novo secret\u00e1rio de Seguran\u00e7a P\u00fablica e discute a\u00e7\u00f5es para refor\u00e7ar o sistema - Daniel Matos\" \/>\n<meta property=\"og:description\" content=\"O presidente da Assembleia Legislativa do Maranh\u00e3o, deputado Othelino Neto (PCdoB), recebeu, na manh\u00e3 desta ter\u00e7a-feira (12), a visita do [&hellip;]\" \/>\n<meta property=\"og:url\" content=\"https:\/\/www.blogsoestado.com\/danielmatos\/othelino-recebe-novo-secretario-de-seguranca-publica-e-discute-acoes-para-reforcar-o-sistema\/\" \/>\n<meta property=\"og:site_name\" content=\"Daniel Matos\" \/>\n<meta property=\"article:published_time\" content=\"2022-04-12T17:20:33+00:00\" \/>\n<meta property=\"og:image\" content=\"https:\/\/www.blogsoestado.com\/danielmatos\/files\/2022\/04\/Screenshot_20220412-1413092.png\" \/>\n<meta name=\"twitter:card\" content=\"summary_large_image\" \/>\n<meta name=\"twitter:label1\" content=\"Est. tempo de leitura\" \/>\n\t<meta name=\"twitter:data1\" content=\"2 minutos\" \/>\n<script type=\"application\/ld+json\" class=\"yoast-schema-graph\">{\"@context\":\"https:\/\/schema.org\",\"@graph\":[{\"@type\":\"WebPage\",\"@id\":\"https:\/\/www.blogsoestado.com\/danielmatos\/othelino-recebe-novo-secretario-de-seguranca-publica-e-discute-acoes-para-reforcar-o-sistema\/\",\"url\":\"https:\/\/www.blogsoestado.com\/danielmatos\/othelino-recebe-novo-secretario-de-seguranca-publica-e-discute-acoes-para-reforcar-o-sistema\/\",\"name\":\"Othelino recebe novo secret\u00e1rio de Seguran\u00e7a P\u00fablica e discute a\u00e7\u00f5es para refor\u00e7ar o sistema - Daniel Matos\",\"isPartOf\":{\"@id\":\"https:\/\/www.blogsoestado.com\/danielmatos\/#website\"},\"primaryImageOfPage\":{\"@id\":\"https:\/\/www.blogsoestado.com\/danielmatos\/othelino-recebe-novo-secretario-de-seguranca-publica-e-discute-acoes-para-reforcar-o-sistema\/#primaryimage\"},\"image\":{\"@id\":\"https:\/\/www.blogsoestado.com\/danielmatos\/othelino-recebe-novo-secretario-de-seguranca-publica-e-discute-acoes-para-reforcar-o-sistema\/#primaryimage\"},\"thumbnailUrl\":\"https:\/\/www.blogsoestado.com\/danielmatos\/files\/2022\/04\/Screenshot_20220412-1413092.png\",\"datePublished\":\"2022-04-12T17:20:33+00:00\",\"author\":{\"@id\":\"\"},\"breadcrumb\":{\"@id\":\"https:\/\/www.blogsoestado.com\/danielmatos\/othelino-recebe-novo-secretario-de-seguranca-publica-e-discute-acoes-para-reforcar-o-sistema\/#breadcrumb\"},\"inLanguage\":\"pt-BR\",\"potentialAction\":[{\"@type\":\"ReadAction\",\"target\":[\"https:\/\/www.blogsoestado.com\/danielmatos\/othelino-recebe-novo-secretario-de-seguranca-publica-e-discute-acoes-para-reforcar-o-sistema\/\"]}]},{\"@type\":\"ImageObject\",\"inLanguage\":\"pt-BR\",\"@id\":\"https:\/\/www.blogsoestado.com\/danielmatos\/othelino-recebe-novo-secretario-de-seguranca-publica-e-discute-acoes-para-reforcar-o-sistema\/#primaryimage\",\"url\":\"https:\/\/www.blogsoestado.com\/danielmatos\/files\/2022\/04\/Screenshot_20220412-1413092.png\",\"contentUrl\":\"https:\/\/www.blogsoestado.com\/danielmatos\/files\/2022\/04\/Screenshot_20220412-1413092.png\"},{\"@type\":\"BreadcrumbList\",\"@id\":\"https:\/\/www.blogsoestado.com\/danielmatos\/othelino-recebe-novo-secretario-de-seguranca-publica-e-discute-acoes-para-reforcar-o-sistema\/#breadcrumb\",\"itemListElement\":[{\"@type\":\"ListItem\",\"position\":1,\"name\":\"In\u00edcio\",\"item\":\"https:\/\/www.blogsoestado.com\/danielmatos\/\"},{\"@type\":\"ListItem\",\"position\":2,\"name\":\"Othelino recebe novo secret\u00e1rio de Seguran\u00e7a P\u00fablica e discute a\u00e7\u00f5es para refor\u00e7ar o sistema\"}]},{\"@type\":\"WebSite\",\"@id\":\"https:\/\/www.blogsoestado.com\/danielmatos\/#website\",\"url\":\"https:\/\/www.blogsoestado.com\/danielmatos\/\",\"name\":\"Daniel Matos\",\"description\":\"\",\"potentialAction\":[{\"@type\":\"SearchAction\",\"target\":{\"@type\":\"EntryPoint\",\"urlTemplate\":\"https:\/\/www.blogsoestado.com\/danielmatos\/?s={search_term_string}\"},\"query-input\":{\"@type\":\"PropertyValueSpecification\",\"valueRequired\":true,\"valueName\":\"search_term_string\"}}],\"inLanguage\":\"pt-BR\"}]}<\/script>\n<!-- \/ Yoast SEO plugin. -->","yoast_head_json":{"title":"Othelino recebe novo secret\u00e1rio de Seguran\u00e7a P\u00fablica e discute a\u00e7\u00f5es para refor\u00e7ar o sistema - Daniel Matos","robots":{"index":"index","follow":"follow","max-snippet":"max-snippet:-1","max-image-preview":"max-image-preview:large","max-video-preview":"max-video-preview:-1"},"canonical":"https:\/\/www.blogsoestado.com\/danielmatos\/othelino-recebe-novo-secretario-de-seguranca-publica-e-discute-acoes-para-reforcar-o-sistema\/","og_locale":"pt_BR","og_type":"article","og_title":"Othelino recebe novo secret\u00e1rio de Seguran\u00e7a P\u00fablica e discute a\u00e7\u00f5es para refor\u00e7ar o sistema - Daniel Matos","og_description":"O presidente da Assembleia Legislativa do Maranh\u00e3o, deputado Othelino Neto (PCdoB), recebeu, na manh\u00e3 desta ter\u00e7a-feira (12), a visita do [&hellip;]","og_url":"https:\/\/www.blogsoestado.com\/danielmatos\/othelino-recebe-novo-secretario-de-seguranca-publica-e-discute-acoes-para-reforcar-o-sistema\/","og_site_name":"Daniel Matos","article_published_time":"2022-04-12T17:20:33+00:00","og_image":[{"url":"https:\/\/www.blogsoestado.com\/danielmatos\/files\/2022\/04\/Screenshot_20220412-1413092.png","type":"","width":"","height":""}],"twitter_card":"summary_large_image","twitter_misc":{"Est. tempo de leitura":"2 minutos"},"schema":{"@context":"https:\/\/schema.org","@graph":[{"@type":"WebPage","@id":"https:\/\/www.blogsoestado.com\/danielmatos\/othelino-recebe-novo-secretario-de-seguranca-publica-e-discute-acoes-para-reforcar-o-sistema\/","url":"https:\/\/www.blogsoestado.com\/danielmatos\/othelino-recebe-novo-secretario-de-seguranca-publica-e-discute-acoes-para-reforcar-o-sistema\/","name":"Othelino recebe novo secret\u00e1rio de Seguran\u00e7a P\u00fablica e discute a\u00e7\u00f5es para refor\u00e7ar o sistema - Daniel Matos","isPartOf":{"@id":"https:\/\/www.blogsoestado.com\/danielmatos\/#website"},"primaryImageOfPage":{"@id":"https:\/\/www.blogsoestado.com\/danielmatos\/othelino-recebe-novo-secretario-de-seguranca-publica-e-discute-acoes-para-reforcar-o-sistema\/#primaryimage"},"image":{"@id":"https:\/\/www.blogsoestado.com\/danielmatos\/othelino-recebe-novo-secretario-de-seguranca-publica-e-discute-acoes-para-reforcar-o-sistema\/#primaryimage"},"thumbnailUrl":"https:\/\/www.blogsoestado.com\/danielmatos\/files\/2022\/04\/Screenshot_20220412-1413092.png","datePublished":"2022-04-12T17:20:33+00:00","author":{"@id":""},"breadcrumb":{"@id":"https:\/\/www.blogsoestado.com\/danielmatos\/othelino-recebe-novo-secretario-de-seguranca-publica-e-discute-acoes-para-reforcar-o-sistema\/#breadcrumb"},"inLanguage":"pt-BR","potentialAction":[{"@type":"ReadAction","target":["https:\/\/www.blogsoestado.com\/danielmatos\/othelino-recebe-novo-secretario-de-seguranca-publica-e-discute-acoes-para-reforcar-o-sistema\/"]}]},{"@type":"ImageObject","inLanguage":"pt-BR","@id":"https:\/\/www.blogsoestado.com\/danielmatos\/othelino-recebe-novo-secretario-de-seguranca-publica-e-discute-acoes-para-reforcar-o-sistema\/#primaryimage","url":"https:\/\/www.blogsoestado.com\/danielmatos\/files\/2022\/04\/Screenshot_20220412-1413092.png","contentUrl":"https:\/\/www.blogsoestado.com\/danielmatos\/files\/2022\/04\/Screenshot_20220412-1413092.png"},{"@type":"BreadcrumbList","@id":"https:\/\/www.blogsoestado.com\/danielmatos\/othelino-recebe-novo-secretario-de-seguranca-publica-e-discute-acoes-para-reforcar-o-sistema\/#breadcrumb","itemListElement":[{"@type":"ListItem","position":1,"name":"In\u00edcio","item":"https:\/\/www.blogsoestado.com\/danielmatos\/"},{"@type":"ListItem","position":2,"name":"Othelino recebe novo secret\u00e1rio de Seguran\u00e7a P\u00fablica e discute a\u00e7\u00f5es para refor\u00e7ar o sistema"}]},{"@type":"WebSite","@id":"https:\/\/www.blogsoestado.com\/danielmatos\/#website","url":"https:\/\/www.blogsoestado.com\/danielmatos\/","name":"Daniel Matos","description":"","potentialAction":[{"@type":"SearchAction","target":{"@type":"EntryPoint","urlTemplate":"https:\/\/www.blogsoestado.com\/danielmatos\/?s={search_term_string}"},"query-input":{"@type":"PropertyValueSpecification","valueRequired":true,"valueName":"search_term_string"}}],"inLanguage":"pt-BR"}]}},"jetpack_featured_media_url":"","_links":{"self":[{"href":"https:\/\/www.blogsoestado.com\/danielmatos\/wp-json\/wp\/v2\/posts\/96111","targetHints":{"allow":["GET"]}}],"collection":[{"href":"https:\/\/www.blogsoestado.com\/danielmatos\/wp-json\/wp\/v2\/posts"}],"about":[{"href":"https:\/\/www.blogsoestado.com\/danielmatos\/wp-json\/wp\/v2\/types\/post"}],"replies":[{"embeddable":true,"href":"https:\/\/www.blogsoestado.com\/danielmatos\/wp-json\/wp\/v2\/comments?post=96111"}],"version-history":[{"count":0,"href":"https:\/\/www.blogsoestado.com\/danielmatos\/wp-json\/wp\/v2\/posts\/96111\/revisions"}],"wp:attachment":[{"href":"https:\/\/www.blogsoestado.com\/danielmatos\/wp-json\/wp\/v2\/media?parent=96111"}],"wp:term":[{"taxonomy":"category","embeddable":true,"href":"https:\/\/www.blogsoestado.com\/danielmatos\/wp-json\/wp\/v2\/categories?post=96111"},{"taxonomy":"post_tag","embeddable":true,"href":"https:\/\/www.blogsoestado.com\/danielmatos\/wp-json\/wp\/v2\/tags?post=96111"}],"curies":[{"name":"wp","href":"https:\/\/api.w.org\/{rel}","templated":true}]}}