{"id":96121,"date":"2022-04-12T19:40:54","date_gmt":"2022-04-12T22:40:54","guid":{"rendered":"https:\/\/www.blogsoestado.com\/danielmatos\/?p=96121"},"modified":"2022-04-12T19:40:54","modified_gmt":"2022-04-12T22:40:54","slug":"vivo-abre-170-vagas-exclusivas-para-pessoas-com-deficiencia-em-sao-luis-e-em-outras-17-cidades","status":"publish","type":"post","link":"https:\/\/www.blogsoestado.com\/danielmatos\/vivo-abre-170-vagas-exclusivas-para-pessoas-com-deficiencia-em-sao-luis-e-em-outras-17-cidades\/","title":{"rendered":"Vivo abre 170 vagas exclusivas para pessoas com defici\u00eancia em S\u00e3o Lu\u00eds e em outras 17 cidades"},"content":{"rendered":"\n<p><strong><span class=\"has-inline-color has-vivid-red-color\">As oportunidades s\u00e3o para os cargos de Consultor e Analista de Marketing para atua\u00e7\u00e3o em 18 cidades do Pa\u00eds. H\u00e1 vagas para a capital maranhense<\/span><\/strong><\/p>\n\n\n\n<div class=\"wp-block-image\"><figure class=\"aligncenter size-large\"><a href=\"https:\/\/www.blogsoestado.com\/danielmatos\/files\/2022\/04\/Screenshot_20220412-1937112.png\"><img decoding=\"async\" src=\"https:\/\/www.blogsoestado.com\/danielmatos\/files\/2022\/04\/Screenshot_20220412-1937112.png\" alt=\"\" class=\"wp-image-96122\"\/><\/a><figcaption><em>Al\u00e9m de vagas para Bel\u00e9m e Manaus, na regi\u00e3o Norte, a Vivo ir\u00e1 contratar profissionais com defici\u00eancia<\/em><br \/><em>em mais 16 cidades brasileiras. (Divulga\u00e7\u00e3o\/Vivo)<\/em><br \/>\u00a0<\/figcaption><\/figure><\/div>\n\n\n\n<p><strong>S\u00e3o Lu\u00eds\/MA, 12 de abril de 2022 \u2013\u00a0<\/strong>Refor\u00e7ando seu compromisso com a diversidade e a inclus\u00e3o, a Vivo abre 170 vagas exclusivas para pessoas com defici\u00eancia nas lojas e \u00e1reas administrativas da companhia. As oportunidades, que ser\u00e3o preenchidas ao longo do ano, s\u00e3o para os cargos de Consultor e Analista de Marketing em 18 cidades: <strong>S\u00e3o Lu\u00eds (MA)<\/strong>, Salvador (BA), Recife (PE) e Aracaju (SE), Manaus (AM), Bel\u00e9m (PA), S\u00e3o Paulo (SP), Ribeir\u00e3o Preto (SP), S\u00e3o Jos\u00e9 do Rio Preto (SP), Rio de Janeiro (RJ), Vit\u00f3ria (ES), Florian\u00f3polis (SC), Porto Alegre (RS), Curitiba (PR), Belo Horizonte (MG), Uberl\u00e2ndia (MG), Bras\u00edlia (DF) e Goi\u00e2nia (GO). No dia 26 de abril, a empresa promover\u00e1 uma feira online para esclarecer d\u00favidas sobre as atribui\u00e7\u00f5es das atividades. Os interessados precisam se inscrever pelo\u00a0<a href=\"https:\/\/forms.office.com\/r\/g0pc1t0wq4\" target=\"_blank\" rel=\"noreferrer noopener\">link<\/a>\u00a0(<a href=\"https:\/\/forms.office.com\/r\/g0pc1t0wq4\" target=\"_blank\" rel=\"noreferrer noopener\">https:\/\/forms.office.com\/r\/g0pc1t0wq4<\/a>).<\/p>\n\n\n\n<p>Os selecionados para atuar em loja desempenhar\u00e3o atividades como recep\u00e7\u00e3o, acolhimento e direcionamento do cliente, vendas de produtos e servi\u00e7os da Vivo, entre outros. J\u00e1 os Analistas de Marketing participar\u00e3o de projetos dedicados a campanhas e produtos, al\u00e9m de outras atividades da \u00e1rea. A empresa disp\u00f5e de toda a estrutura para a adequada realiza\u00e7\u00e3o das atividades desses novos colaboradores, uma vez que conta com int\u00e9rprete de libras, softwares de leitura de tela e equipamentos de acessibilidade mediante necessidade.<\/p>\n\n\n\n<p>O processo seletivo ser\u00e1 100% online. Caracter\u00edsticas da cultura digital colaborativa da Vivo, como curiosidade, atitude digital, abertura e fazer acontecer com responsabilidade s\u00e3o essenciais para os interessados a concorrer a uma das vagas. Al\u00e9m disso, ter perfil comercial, vis\u00e3o de dono e bom relacionamento com clientes ser\u00e3o considerados diferenciais.<\/p>\n\n\n\n<p>\u201cSomos uma empresa com um DNA forte e inclusivo. Entendemos a import\u00e2ncia de iniciativas como essa e o quanto as perspectivas diversas enriquecem e ampliam nossa vis\u00e3o de mundo e nos melhoram como pessoas e como empresa. Queremos, tamb\u00e9m, que nossos clientes se enxerguem dentro de nossas lojas e que pessoas com defici\u00eancia se sintam estimuladas e atra\u00eddas a buscar novas oportunidades no mercado de trabalho dentro da Vivo\u201d, destaca Gustavo N\u00f3brega, diretor de Canais da Vivo.<\/p>\n\n\n\n<p>O sal\u00e1rio \u00e9 compat\u00edvel com o que \u00e9 oferecido no mercado. Entre os benef\u00edcios est\u00e3o vale refei\u00e7\u00e3o e transporte; plano de sa\u00fade e odontol\u00f3gico; seguro de vida; day off de anivers\u00e1rio; plano m\u00f3vel controle, desconto especial em linha fixa, banda larga, TV por assinatura e apps, al\u00e9m de licen\u00e7a parental.<\/p>\n","protected":false},"excerpt":{"rendered":"<p>As oportunidades s\u00e3o para os cargos de Consultor e Analista de Marketing para atua\u00e7\u00e3o em 18 cidades do Pa\u00eds. H\u00e1 [&hellip;]<\/p>\n","protected":false},"author":0,"featured_media":0,"comment_status":"open","ping_status":"open","sticky":false,"template":"","format":"standard","meta":{"site-sidebar-layout":"default","site-content-layout":"","ast-site-content-layout":"default","site-content-style":"default","site-sidebar-style":"default","ast-global-header-display":"","ast-banner-title-visibility":"","ast-main-header-display":"","ast-hfb-above-header-display":"","ast-hfb-below-header-display":"","ast-hfb-mobile-header-display":"","site-post-title":"","ast-breadcrumbs-content":"","ast-featured-img":"","footer-sml-layout":"","ast-disable-related-posts":"","theme-transparent-header-meta":"","adv-header-id-meta":"","stick-header-meta":"","header-above-stick-meta":"","header-main-stick-meta":"","header-below-stick-meta":"","astra-migrate-meta-layouts":"default","ast-page-background-enabled":"default","ast-page-background-meta":{"desktop":{"background-color":"var(--ast-global-color-5)","background-image":"","background-repeat":"repeat","background-position":"center center","background-size":"auto","background-attachment":"scroll","background-type":"","background-media":"","overlay-type":"","overlay-color":"","overlay-opacity":"","overlay-gradient":""},"tablet":{"background-color":"","background-image":"","background-repeat":"repeat","background-position":"center center","background-size":"auto","background-attachment":"scroll","background-type":"","background-media":"","overlay-type":"","overlay-color":"","overlay-opacity":"","overlay-gradient":""},"mobile":{"background-color":"","background-image":"","background-repeat":"repeat","background-position":"center center","background-size":"auto","background-attachment":"scroll","background-type":"","background-media":"","overlay-type":"","overlay-color":"","overlay-opacity":"","overlay-gradient":""}},"ast-content-background-meta":{"desktop":{"background-color":"var(--ast-global-color-4)","background-image":"","background-repeat":"repeat","background-position":"center center","background-size":"auto","background-attachment":"scroll","background-type":"","background-media":"","overlay-type":"","overlay-color":"","overlay-opacity":"","overlay-gradient":""},"tablet":{"background-color":"var(--ast-global-color-4)","background-image":"","background-repeat":"repeat","background-position":"center center","background-size":"auto","background-attachment":"scroll","background-type":"","background-media":"","overlay-type":"","overlay-color":"","overlay-opacity":"","overlay-gradient":""},"mobile":{"background-color":"var(--ast-global-color-4)","background-image":"","background-repeat":"repeat","background-position":"center center","background-size":"auto","background-attachment":"scroll","background-type":"","background-media":"","overlay-type":"","overlay-color":"","overlay-opacity":"","overlay-gradient":""}},"footnotes":""},"categories":[1],"tags":[],"class_list":["post-96121","post","type-post","status-publish","format-standard","hentry","category-sem-categoria"],"yoast_head":"<!-- This site is optimized with the Yoast SEO plugin v26.6 - https:\/\/yoast.com\/wordpress\/plugins\/seo\/ -->\n<title>Vivo abre 170 vagas exclusivas para pessoas com defici\u00eancia em S\u00e3o Lu\u00eds e em outras 17 cidades - Daniel Matos<\/title>\n<meta name=\"robots\" content=\"index, follow, max-snippet:-1, max-image-preview:large, max-video-preview:-1\" \/>\n<link rel=\"canonical\" href=\"https:\/\/www.blogsoestado.com\/danielmatos\/vivo-abre-170-vagas-exclusivas-para-pessoas-com-deficiencia-em-sao-luis-e-em-outras-17-cidades\/\" \/>\n<meta property=\"og:locale\" content=\"pt_BR\" \/>\n<meta property=\"og:type\" content=\"article\" \/>\n<meta property=\"og:title\" content=\"Vivo abre 170 vagas exclusivas para pessoas com defici\u00eancia em S\u00e3o Lu\u00eds e em outras 17 cidades - Daniel Matos\" \/>\n<meta property=\"og:description\" content=\"As oportunidades s\u00e3o para os cargos de Consultor e Analista de Marketing para atua\u00e7\u00e3o em 18 cidades do Pa\u00eds. H\u00e1 [&hellip;]\" \/>\n<meta property=\"og:url\" content=\"https:\/\/www.blogsoestado.com\/danielmatos\/vivo-abre-170-vagas-exclusivas-para-pessoas-com-deficiencia-em-sao-luis-e-em-outras-17-cidades\/\" \/>\n<meta property=\"og:site_name\" content=\"Daniel Matos\" \/>\n<meta property=\"article:published_time\" content=\"2022-04-12T22:40:54+00:00\" \/>\n<meta property=\"og:image\" content=\"https:\/\/www.blogsoestado.com\/danielmatos\/files\/2022\/04\/Screenshot_20220412-1937112.png\" \/>\n<meta name=\"twitter:card\" content=\"summary_large_image\" \/>\n<meta name=\"twitter:label1\" content=\"Est. tempo de leitura\" \/>\n\t<meta name=\"twitter:data1\" content=\"3 minutos\" \/>\n<script type=\"application\/ld+json\" class=\"yoast-schema-graph\">{\"@context\":\"https:\/\/schema.org\",\"@graph\":[{\"@type\":\"WebPage\",\"@id\":\"https:\/\/www.blogsoestado.com\/danielmatos\/vivo-abre-170-vagas-exclusivas-para-pessoas-com-deficiencia-em-sao-luis-e-em-outras-17-cidades\/\",\"url\":\"https:\/\/www.blogsoestado.com\/danielmatos\/vivo-abre-170-vagas-exclusivas-para-pessoas-com-deficiencia-em-sao-luis-e-em-outras-17-cidades\/\",\"name\":\"Vivo abre 170 vagas exclusivas para pessoas com defici\u00eancia em S\u00e3o Lu\u00eds e em outras 17 cidades - Daniel Matos\",\"isPartOf\":{\"@id\":\"https:\/\/www.blogsoestado.com\/danielmatos\/#website\"},\"primaryImageOfPage\":{\"@id\":\"https:\/\/www.blogsoestado.com\/danielmatos\/vivo-abre-170-vagas-exclusivas-para-pessoas-com-deficiencia-em-sao-luis-e-em-outras-17-cidades\/#primaryimage\"},\"image\":{\"@id\":\"https:\/\/www.blogsoestado.com\/danielmatos\/vivo-abre-170-vagas-exclusivas-para-pessoas-com-deficiencia-em-sao-luis-e-em-outras-17-cidades\/#primaryimage\"},\"thumbnailUrl\":\"https:\/\/www.blogsoestado.com\/danielmatos\/files\/2022\/04\/Screenshot_20220412-1937112.png\",\"datePublished\":\"2022-04-12T22:40:54+00:00\",\"author\":{\"@id\":\"\"},\"breadcrumb\":{\"@id\":\"https:\/\/www.blogsoestado.com\/danielmatos\/vivo-abre-170-vagas-exclusivas-para-pessoas-com-deficiencia-em-sao-luis-e-em-outras-17-cidades\/#breadcrumb\"},\"inLanguage\":\"pt-BR\",\"potentialAction\":[{\"@type\":\"ReadAction\",\"target\":[\"https:\/\/www.blogsoestado.com\/danielmatos\/vivo-abre-170-vagas-exclusivas-para-pessoas-com-deficiencia-em-sao-luis-e-em-outras-17-cidades\/\"]}]},{\"@type\":\"ImageObject\",\"inLanguage\":\"pt-BR\",\"@id\":\"https:\/\/www.blogsoestado.com\/danielmatos\/vivo-abre-170-vagas-exclusivas-para-pessoas-com-deficiencia-em-sao-luis-e-em-outras-17-cidades\/#primaryimage\",\"url\":\"https:\/\/www.blogsoestado.com\/danielmatos\/files\/2022\/04\/Screenshot_20220412-1937112.png\",\"contentUrl\":\"https:\/\/www.blogsoestado.com\/danielmatos\/files\/2022\/04\/Screenshot_20220412-1937112.png\"},{\"@type\":\"BreadcrumbList\",\"@id\":\"https:\/\/www.blogsoestado.com\/danielmatos\/vivo-abre-170-vagas-exclusivas-para-pessoas-com-deficiencia-em-sao-luis-e-em-outras-17-cidades\/#breadcrumb\",\"itemListElement\":[{\"@type\":\"ListItem\",\"position\":1,\"name\":\"In\u00edcio\",\"item\":\"https:\/\/www.blogsoestado.com\/danielmatos\/\"},{\"@type\":\"ListItem\",\"position\":2,\"name\":\"Vivo abre 170 vagas exclusivas para pessoas com defici\u00eancia em S\u00e3o Lu\u00eds e em outras 17 cidades\"}]},{\"@type\":\"WebSite\",\"@id\":\"https:\/\/www.blogsoestado.com\/danielmatos\/#website\",\"url\":\"https:\/\/www.blogsoestado.com\/danielmatos\/\",\"name\":\"Daniel Matos\",\"description\":\"\",\"potentialAction\":[{\"@type\":\"SearchAction\",\"target\":{\"@type\":\"EntryPoint\",\"urlTemplate\":\"https:\/\/www.blogsoestado.com\/danielmatos\/?s={search_term_string}\"},\"query-input\":{\"@type\":\"PropertyValueSpecification\",\"valueRequired\":true,\"valueName\":\"search_term_string\"}}],\"inLanguage\":\"pt-BR\"}]}<\/script>\n<!-- \/ Yoast SEO plugin. -->","yoast_head_json":{"title":"Vivo abre 170 vagas exclusivas para pessoas com defici\u00eancia em S\u00e3o Lu\u00eds e em outras 17 cidades - Daniel Matos","robots":{"index":"index","follow":"follow","max-snippet":"max-snippet:-1","max-image-preview":"max-image-preview:large","max-video-preview":"max-video-preview:-1"},"canonical":"https:\/\/www.blogsoestado.com\/danielmatos\/vivo-abre-170-vagas-exclusivas-para-pessoas-com-deficiencia-em-sao-luis-e-em-outras-17-cidades\/","og_locale":"pt_BR","og_type":"article","og_title":"Vivo abre 170 vagas exclusivas para pessoas com defici\u00eancia em S\u00e3o Lu\u00eds e em outras 17 cidades - Daniel Matos","og_description":"As oportunidades s\u00e3o para os cargos de Consultor e Analista de Marketing para atua\u00e7\u00e3o em 18 cidades do Pa\u00eds. H\u00e1 [&hellip;]","og_url":"https:\/\/www.blogsoestado.com\/danielmatos\/vivo-abre-170-vagas-exclusivas-para-pessoas-com-deficiencia-em-sao-luis-e-em-outras-17-cidades\/","og_site_name":"Daniel Matos","article_published_time":"2022-04-12T22:40:54+00:00","og_image":[{"url":"https:\/\/www.blogsoestado.com\/danielmatos\/files\/2022\/04\/Screenshot_20220412-1937112.png","type":"","width":"","height":""}],"twitter_card":"summary_large_image","twitter_misc":{"Est. tempo de leitura":"3 minutos"},"schema":{"@context":"https:\/\/schema.org","@graph":[{"@type":"WebPage","@id":"https:\/\/www.blogsoestado.com\/danielmatos\/vivo-abre-170-vagas-exclusivas-para-pessoas-com-deficiencia-em-sao-luis-e-em-outras-17-cidades\/","url":"https:\/\/www.blogsoestado.com\/danielmatos\/vivo-abre-170-vagas-exclusivas-para-pessoas-com-deficiencia-em-sao-luis-e-em-outras-17-cidades\/","name":"Vivo abre 170 vagas exclusivas para pessoas com defici\u00eancia em S\u00e3o Lu\u00eds e em outras 17 cidades - Daniel Matos","isPartOf":{"@id":"https:\/\/www.blogsoestado.com\/danielmatos\/#website"},"primaryImageOfPage":{"@id":"https:\/\/www.blogsoestado.com\/danielmatos\/vivo-abre-170-vagas-exclusivas-para-pessoas-com-deficiencia-em-sao-luis-e-em-outras-17-cidades\/#primaryimage"},"image":{"@id":"https:\/\/www.blogsoestado.com\/danielmatos\/vivo-abre-170-vagas-exclusivas-para-pessoas-com-deficiencia-em-sao-luis-e-em-outras-17-cidades\/#primaryimage"},"thumbnailUrl":"https:\/\/www.blogsoestado.com\/danielmatos\/files\/2022\/04\/Screenshot_20220412-1937112.png","datePublished":"2022-04-12T22:40:54+00:00","author":{"@id":""},"breadcrumb":{"@id":"https:\/\/www.blogsoestado.com\/danielmatos\/vivo-abre-170-vagas-exclusivas-para-pessoas-com-deficiencia-em-sao-luis-e-em-outras-17-cidades\/#breadcrumb"},"inLanguage":"pt-BR","potentialAction":[{"@type":"ReadAction","target":["https:\/\/www.blogsoestado.com\/danielmatos\/vivo-abre-170-vagas-exclusivas-para-pessoas-com-deficiencia-em-sao-luis-e-em-outras-17-cidades\/"]}]},{"@type":"ImageObject","inLanguage":"pt-BR","@id":"https:\/\/www.blogsoestado.com\/danielmatos\/vivo-abre-170-vagas-exclusivas-para-pessoas-com-deficiencia-em-sao-luis-e-em-outras-17-cidades\/#primaryimage","url":"https:\/\/www.blogsoestado.com\/danielmatos\/files\/2022\/04\/Screenshot_20220412-1937112.png","contentUrl":"https:\/\/www.blogsoestado.com\/danielmatos\/files\/2022\/04\/Screenshot_20220412-1937112.png"},{"@type":"BreadcrumbList","@id":"https:\/\/www.blogsoestado.com\/danielmatos\/vivo-abre-170-vagas-exclusivas-para-pessoas-com-deficiencia-em-sao-luis-e-em-outras-17-cidades\/#breadcrumb","itemListElement":[{"@type":"ListItem","position":1,"name":"In\u00edcio","item":"https:\/\/www.blogsoestado.com\/danielmatos\/"},{"@type":"ListItem","position":2,"name":"Vivo abre 170 vagas exclusivas para pessoas com defici\u00eancia em S\u00e3o Lu\u00eds e em outras 17 cidades"}]},{"@type":"WebSite","@id":"https:\/\/www.blogsoestado.com\/danielmatos\/#website","url":"https:\/\/www.blogsoestado.com\/danielmatos\/","name":"Daniel Matos","description":"","potentialAction":[{"@type":"SearchAction","target":{"@type":"EntryPoint","urlTemplate":"https:\/\/www.blogsoestado.com\/danielmatos\/?s={search_term_string}"},"query-input":{"@type":"PropertyValueSpecification","valueRequired":true,"valueName":"search_term_string"}}],"inLanguage":"pt-BR"}]}},"jetpack_featured_media_url":"","_links":{"self":[{"href":"https:\/\/www.blogsoestado.com\/danielmatos\/wp-json\/wp\/v2\/posts\/96121","targetHints":{"allow":["GET"]}}],"collection":[{"href":"https:\/\/www.blogsoestado.com\/danielmatos\/wp-json\/wp\/v2\/posts"}],"about":[{"href":"https:\/\/www.blogsoestado.com\/danielmatos\/wp-json\/wp\/v2\/types\/post"}],"replies":[{"embeddable":true,"href":"https:\/\/www.blogsoestado.com\/danielmatos\/wp-json\/wp\/v2\/comments?post=96121"}],"version-history":[{"count":0,"href":"https:\/\/www.blogsoestado.com\/danielmatos\/wp-json\/wp\/v2\/posts\/96121\/revisions"}],"wp:attachment":[{"href":"https:\/\/www.blogsoestado.com\/danielmatos\/wp-json\/wp\/v2\/media?parent=96121"}],"wp:term":[{"taxonomy":"category","embeddable":true,"href":"https:\/\/www.blogsoestado.com\/danielmatos\/wp-json\/wp\/v2\/categories?post=96121"},{"taxonomy":"post_tag","embeddable":true,"href":"https:\/\/www.blogsoestado.com\/danielmatos\/wp-json\/wp\/v2\/tags?post=96121"}],"curies":[{"name":"wp","href":"https:\/\/api.w.org\/{rel}","templated":true}]}}