{"id":96127,"date":"2022-04-12T22:13:44","date_gmt":"2022-04-13T01:13:44","guid":{"rendered":"https:\/\/www.blogsoestado.com\/danielmatos\/?p=96127"},"modified":"2022-04-12T22:13:44","modified_gmt":"2022-04-13T01:13:44","slug":"justica-do-maranhao-autoriza-saida-de-696-presos-na-semana-santa","status":"publish","type":"post","link":"https:\/\/www.blogsoestado.com\/danielmatos\/justica-do-maranhao-autoriza-saida-de-696-presos-na-semana-santa\/","title":{"rendered":"Justi\u00e7a do Maranh\u00e3o autoriza sa\u00edda de 696 presos na Semana Santa"},"content":{"rendered":"\n<div class=\"wp-block-image\"><figure class=\"aligncenter size-large\"><a href=\"https:\/\/www.blogsoestado.com\/danielmatos\/files\/2022\/04\/Screenshot_20220412-2210512.png\"><img decoding=\"async\" src=\"https:\/\/www.blogsoestado.com\/danielmatos\/files\/2022\/04\/Screenshot_20220412-2210512.png\" alt=\"\" class=\"wp-image-96128\"\/><\/a><figcaption>Grande parte dos presidi\u00e1rios beneficiados com a sa\u00edda tempor\u00e1ria usar\u00e3o tornozeleira eletr\u00f4nica<\/figcaption><\/figure><\/div>\n\n\n\n<p>A 1\u00aa Vara de Execu\u00e7\u00f5es Penais da Comarca da Ilha de S\u00e3o Lu\u00eds divulgou a lista com os nomes dos 696\u00a0apenados do regime semiaberto, com direito \u00e0 sa\u00edda tempor\u00e1ria da Semana Santa de 2022. Os beneficiados foram autorizados a sair \u00e0s 9h desta quarta-feira (13), devendo retornar aos estabelecimentos prisionais at\u00e9 as 18h do dia 19 de abril (ter\u00e7a-feira).<br \/><br \/>A unidade judici\u00e1ria encaminhou of\u00edcio \u00e0 Secretaria de Estado de Administra\u00e7\u00e3o Penitenci\u00e1ria para provid\u00eancias. O juiz auxiliar Thales Ribeiro de Andrade, respondendo pela 1\u00aa Vara de Execu\u00e7\u00f5es Penais, tamb\u00e9m determinou que os dirigentes dos estabelecimentos prisionais da Comarca da Grande Ilha de S\u00e3o Lu\u00eds comuniquem \u00e0 VEP, at\u00e9 as 12h, do dia 22 de abril, o retorno dos internos e\/ou eventuais altera\u00e7\u00f5es.<br \/><br \/>Por preencherem os requisitos dos artigos 122 e 123 da Lei de Execu\u00e7\u00e3o Penal, os apenados, se por outros motivos n\u00e3o estiverem presos, foram autorizados a sair das unidades prisionais, para visita aos seus familiares, durante o per\u00edodo da Semana Santa. Conforme\u00a0a legisla\u00e7\u00e3o, n\u00e3o ter\u00e1 direito \u00e0 sa\u00edda a pessoa condenada que cumpre pena por praticar crime hediondo com resultado morte (\u00a7 2\u00ba, i<a href=\"http:\/\/www.planalto.gov.br\/ccivil_03\/_Ato2019-2022\/2019\/Lei\/L13964.htm#art4\" target=\"_blank\" rel=\"noreferrer noopener\">nclu\u00eddo pela Lei n\u00ba 13.964, de 2019)<\/a>.<\/p>\n\n\n\n<p>Os beneficiados devem cumprir v\u00e1rias restri\u00e7\u00f5es como n\u00e3o frequentar festas, bares e similares, entre outras determina\u00e7\u00f5es.<\/p>\n","protected":false},"excerpt":{"rendered":"<p>A 1\u00aa Vara de Execu\u00e7\u00f5es Penais da Comarca da Ilha de S\u00e3o Lu\u00eds divulgou a lista com os nomes dos [&hellip;]<\/p>\n","protected":false},"author":0,"featured_media":0,"comment_status":"open","ping_status":"open","sticky":false,"template":"","format":"standard","meta":{"site-sidebar-layout":"default","site-content-layout":"","ast-site-content-layout":"default","site-content-style":"default","site-sidebar-style":"default","ast-global-header-display":"","ast-banner-title-visibility":"","ast-main-header-display":"","ast-hfb-above-header-display":"","ast-hfb-below-header-display":"","ast-hfb-mobile-header-display":"","site-post-title":"","ast-breadcrumbs-content":"","ast-featured-img":"","footer-sml-layout":"","ast-disable-related-posts":"","theme-transparent-header-meta":"","adv-header-id-meta":"","stick-header-meta":"","header-above-stick-meta":"","header-main-stick-meta":"","header-below-stick-meta":"","astra-migrate-meta-layouts":"default","ast-page-background-enabled":"default","ast-page-background-meta":{"desktop":{"background-color":"var(--ast-global-color-5)","background-image":"","background-repeat":"repeat","background-position":"center center","background-size":"auto","background-attachment":"scroll","background-type":"","background-media":"","overlay-type":"","overlay-color":"","overlay-opacity":"","overlay-gradient":""},"tablet":{"background-color":"","background-image":"","background-repeat":"repeat","background-position":"center center","background-size":"auto","background-attachment":"scroll","background-type":"","background-media":"","overlay-type":"","overlay-color":"","overlay-opacity":"","overlay-gradient":""},"mobile":{"background-color":"","background-image":"","background-repeat":"repeat","background-position":"center center","background-size":"auto","background-attachment":"scroll","background-type":"","background-media":"","overlay-type":"","overlay-color":"","overlay-opacity":"","overlay-gradient":""}},"ast-content-background-meta":{"desktop":{"background-color":"var(--ast-global-color-4)","background-image":"","background-repeat":"repeat","background-position":"center center","background-size":"auto","background-attachment":"scroll","background-type":"","background-media":"","overlay-type":"","overlay-color":"","overlay-opacity":"","overlay-gradient":""},"tablet":{"background-color":"var(--ast-global-color-4)","background-image":"","background-repeat":"repeat","background-position":"center center","background-size":"auto","background-attachment":"scroll","background-type":"","background-media":"","overlay-type":"","overlay-color":"","overlay-opacity":"","overlay-gradient":""},"mobile":{"background-color":"var(--ast-global-color-4)","background-image":"","background-repeat":"repeat","background-position":"center center","background-size":"auto","background-attachment":"scroll","background-type":"","background-media":"","overlay-type":"","overlay-color":"","overlay-opacity":"","overlay-gradient":""}},"footnotes":""},"categories":[1],"tags":[],"class_list":["post-96127","post","type-post","status-publish","format-standard","hentry","category-sem-categoria"],"yoast_head":"<!-- This site is optimized with the Yoast SEO plugin v26.6 - https:\/\/yoast.com\/wordpress\/plugins\/seo\/ -->\n<title>Justi\u00e7a do Maranh\u00e3o autoriza sa\u00edda de 696 presos na Semana Santa - Daniel Matos<\/title>\n<meta name=\"robots\" content=\"index, follow, max-snippet:-1, max-image-preview:large, max-video-preview:-1\" \/>\n<link rel=\"canonical\" href=\"https:\/\/www.blogsoestado.com\/danielmatos\/justica-do-maranhao-autoriza-saida-de-696-presos-na-semana-santa\/\" \/>\n<meta property=\"og:locale\" content=\"pt_BR\" \/>\n<meta property=\"og:type\" content=\"article\" \/>\n<meta property=\"og:title\" content=\"Justi\u00e7a do Maranh\u00e3o autoriza sa\u00edda de 696 presos na Semana Santa - Daniel Matos\" \/>\n<meta property=\"og:description\" content=\"A 1\u00aa Vara de Execu\u00e7\u00f5es Penais da Comarca da Ilha de S\u00e3o Lu\u00eds divulgou a lista com os nomes dos [&hellip;]\" \/>\n<meta property=\"og:url\" content=\"https:\/\/www.blogsoestado.com\/danielmatos\/justica-do-maranhao-autoriza-saida-de-696-presos-na-semana-santa\/\" \/>\n<meta property=\"og:site_name\" content=\"Daniel Matos\" \/>\n<meta property=\"article:published_time\" content=\"2022-04-13T01:13:44+00:00\" \/>\n<meta property=\"og:image\" content=\"https:\/\/www.blogsoestado.com\/danielmatos\/files\/2022\/04\/Screenshot_20220412-2210512.png\" \/>\n<meta name=\"twitter:card\" content=\"summary_large_image\" \/>\n<meta name=\"twitter:label1\" content=\"Est. tempo de leitura\" \/>\n\t<meta name=\"twitter:data1\" content=\"2 minutos\" \/>\n<script type=\"application\/ld+json\" class=\"yoast-schema-graph\">{\"@context\":\"https:\/\/schema.org\",\"@graph\":[{\"@type\":\"WebPage\",\"@id\":\"https:\/\/www.blogsoestado.com\/danielmatos\/justica-do-maranhao-autoriza-saida-de-696-presos-na-semana-santa\/\",\"url\":\"https:\/\/www.blogsoestado.com\/danielmatos\/justica-do-maranhao-autoriza-saida-de-696-presos-na-semana-santa\/\",\"name\":\"Justi\u00e7a do Maranh\u00e3o autoriza sa\u00edda de 696 presos na Semana Santa - Daniel Matos\",\"isPartOf\":{\"@id\":\"https:\/\/www.blogsoestado.com\/danielmatos\/#website\"},\"primaryImageOfPage\":{\"@id\":\"https:\/\/www.blogsoestado.com\/danielmatos\/justica-do-maranhao-autoriza-saida-de-696-presos-na-semana-santa\/#primaryimage\"},\"image\":{\"@id\":\"https:\/\/www.blogsoestado.com\/danielmatos\/justica-do-maranhao-autoriza-saida-de-696-presos-na-semana-santa\/#primaryimage\"},\"thumbnailUrl\":\"https:\/\/www.blogsoestado.com\/danielmatos\/files\/2022\/04\/Screenshot_20220412-2210512.png\",\"datePublished\":\"2022-04-13T01:13:44+00:00\",\"author\":{\"@id\":\"\"},\"breadcrumb\":{\"@id\":\"https:\/\/www.blogsoestado.com\/danielmatos\/justica-do-maranhao-autoriza-saida-de-696-presos-na-semana-santa\/#breadcrumb\"},\"inLanguage\":\"pt-BR\",\"potentialAction\":[{\"@type\":\"ReadAction\",\"target\":[\"https:\/\/www.blogsoestado.com\/danielmatos\/justica-do-maranhao-autoriza-saida-de-696-presos-na-semana-santa\/\"]}]},{\"@type\":\"ImageObject\",\"inLanguage\":\"pt-BR\",\"@id\":\"https:\/\/www.blogsoestado.com\/danielmatos\/justica-do-maranhao-autoriza-saida-de-696-presos-na-semana-santa\/#primaryimage\",\"url\":\"https:\/\/www.blogsoestado.com\/danielmatos\/files\/2022\/04\/Screenshot_20220412-2210512.png\",\"contentUrl\":\"https:\/\/www.blogsoestado.com\/danielmatos\/files\/2022\/04\/Screenshot_20220412-2210512.png\"},{\"@type\":\"BreadcrumbList\",\"@id\":\"https:\/\/www.blogsoestado.com\/danielmatos\/justica-do-maranhao-autoriza-saida-de-696-presos-na-semana-santa\/#breadcrumb\",\"itemListElement\":[{\"@type\":\"ListItem\",\"position\":1,\"name\":\"In\u00edcio\",\"item\":\"https:\/\/www.blogsoestado.com\/danielmatos\/\"},{\"@type\":\"ListItem\",\"position\":2,\"name\":\"Justi\u00e7a do Maranh\u00e3o autoriza sa\u00edda de 696 presos na Semana Santa\"}]},{\"@type\":\"WebSite\",\"@id\":\"https:\/\/www.blogsoestado.com\/danielmatos\/#website\",\"url\":\"https:\/\/www.blogsoestado.com\/danielmatos\/\",\"name\":\"Daniel Matos\",\"description\":\"\",\"potentialAction\":[{\"@type\":\"SearchAction\",\"target\":{\"@type\":\"EntryPoint\",\"urlTemplate\":\"https:\/\/www.blogsoestado.com\/danielmatos\/?s={search_term_string}\"},\"query-input\":{\"@type\":\"PropertyValueSpecification\",\"valueRequired\":true,\"valueName\":\"search_term_string\"}}],\"inLanguage\":\"pt-BR\"}]}<\/script>\n<!-- \/ Yoast SEO plugin. -->","yoast_head_json":{"title":"Justi\u00e7a do Maranh\u00e3o autoriza sa\u00edda de 696 presos na Semana Santa - Daniel Matos","robots":{"index":"index","follow":"follow","max-snippet":"max-snippet:-1","max-image-preview":"max-image-preview:large","max-video-preview":"max-video-preview:-1"},"canonical":"https:\/\/www.blogsoestado.com\/danielmatos\/justica-do-maranhao-autoriza-saida-de-696-presos-na-semana-santa\/","og_locale":"pt_BR","og_type":"article","og_title":"Justi\u00e7a do Maranh\u00e3o autoriza sa\u00edda de 696 presos na Semana Santa - Daniel Matos","og_description":"A 1\u00aa Vara de Execu\u00e7\u00f5es Penais da Comarca da Ilha de S\u00e3o Lu\u00eds divulgou a lista com os nomes dos [&hellip;]","og_url":"https:\/\/www.blogsoestado.com\/danielmatos\/justica-do-maranhao-autoriza-saida-de-696-presos-na-semana-santa\/","og_site_name":"Daniel Matos","article_published_time":"2022-04-13T01:13:44+00:00","og_image":[{"url":"https:\/\/www.blogsoestado.com\/danielmatos\/files\/2022\/04\/Screenshot_20220412-2210512.png","type":"","width":"","height":""}],"twitter_card":"summary_large_image","twitter_misc":{"Est. tempo de leitura":"2 minutos"},"schema":{"@context":"https:\/\/schema.org","@graph":[{"@type":"WebPage","@id":"https:\/\/www.blogsoestado.com\/danielmatos\/justica-do-maranhao-autoriza-saida-de-696-presos-na-semana-santa\/","url":"https:\/\/www.blogsoestado.com\/danielmatos\/justica-do-maranhao-autoriza-saida-de-696-presos-na-semana-santa\/","name":"Justi\u00e7a do Maranh\u00e3o autoriza sa\u00edda de 696 presos na Semana Santa - Daniel Matos","isPartOf":{"@id":"https:\/\/www.blogsoestado.com\/danielmatos\/#website"},"primaryImageOfPage":{"@id":"https:\/\/www.blogsoestado.com\/danielmatos\/justica-do-maranhao-autoriza-saida-de-696-presos-na-semana-santa\/#primaryimage"},"image":{"@id":"https:\/\/www.blogsoestado.com\/danielmatos\/justica-do-maranhao-autoriza-saida-de-696-presos-na-semana-santa\/#primaryimage"},"thumbnailUrl":"https:\/\/www.blogsoestado.com\/danielmatos\/files\/2022\/04\/Screenshot_20220412-2210512.png","datePublished":"2022-04-13T01:13:44+00:00","author":{"@id":""},"breadcrumb":{"@id":"https:\/\/www.blogsoestado.com\/danielmatos\/justica-do-maranhao-autoriza-saida-de-696-presos-na-semana-santa\/#breadcrumb"},"inLanguage":"pt-BR","potentialAction":[{"@type":"ReadAction","target":["https:\/\/www.blogsoestado.com\/danielmatos\/justica-do-maranhao-autoriza-saida-de-696-presos-na-semana-santa\/"]}]},{"@type":"ImageObject","inLanguage":"pt-BR","@id":"https:\/\/www.blogsoestado.com\/danielmatos\/justica-do-maranhao-autoriza-saida-de-696-presos-na-semana-santa\/#primaryimage","url":"https:\/\/www.blogsoestado.com\/danielmatos\/files\/2022\/04\/Screenshot_20220412-2210512.png","contentUrl":"https:\/\/www.blogsoestado.com\/danielmatos\/files\/2022\/04\/Screenshot_20220412-2210512.png"},{"@type":"BreadcrumbList","@id":"https:\/\/www.blogsoestado.com\/danielmatos\/justica-do-maranhao-autoriza-saida-de-696-presos-na-semana-santa\/#breadcrumb","itemListElement":[{"@type":"ListItem","position":1,"name":"In\u00edcio","item":"https:\/\/www.blogsoestado.com\/danielmatos\/"},{"@type":"ListItem","position":2,"name":"Justi\u00e7a do Maranh\u00e3o autoriza sa\u00edda de 696 presos na Semana Santa"}]},{"@type":"WebSite","@id":"https:\/\/www.blogsoestado.com\/danielmatos\/#website","url":"https:\/\/www.blogsoestado.com\/danielmatos\/","name":"Daniel Matos","description":"","potentialAction":[{"@type":"SearchAction","target":{"@type":"EntryPoint","urlTemplate":"https:\/\/www.blogsoestado.com\/danielmatos\/?s={search_term_string}"},"query-input":{"@type":"PropertyValueSpecification","valueRequired":true,"valueName":"search_term_string"}}],"inLanguage":"pt-BR"}]}},"jetpack_featured_media_url":"","_links":{"self":[{"href":"https:\/\/www.blogsoestado.com\/danielmatos\/wp-json\/wp\/v2\/posts\/96127","targetHints":{"allow":["GET"]}}],"collection":[{"href":"https:\/\/www.blogsoestado.com\/danielmatos\/wp-json\/wp\/v2\/posts"}],"about":[{"href":"https:\/\/www.blogsoestado.com\/danielmatos\/wp-json\/wp\/v2\/types\/post"}],"replies":[{"embeddable":true,"href":"https:\/\/www.blogsoestado.com\/danielmatos\/wp-json\/wp\/v2\/comments?post=96127"}],"version-history":[{"count":0,"href":"https:\/\/www.blogsoestado.com\/danielmatos\/wp-json\/wp\/v2\/posts\/96127\/revisions"}],"wp:attachment":[{"href":"https:\/\/www.blogsoestado.com\/danielmatos\/wp-json\/wp\/v2\/media?parent=96127"}],"wp:term":[{"taxonomy":"category","embeddable":true,"href":"https:\/\/www.blogsoestado.com\/danielmatos\/wp-json\/wp\/v2\/categories?post=96127"},{"taxonomy":"post_tag","embeddable":true,"href":"https:\/\/www.blogsoestado.com\/danielmatos\/wp-json\/wp\/v2\/tags?post=96127"}],"curies":[{"name":"wp","href":"https:\/\/api.w.org\/{rel}","templated":true}]}}