{"id":96130,"date":"2022-04-13T07:00:00","date_gmt":"2022-04-13T10:00:00","guid":{"rendered":"https:\/\/www.blogsoestado.com\/danielmatos\/?p=96130"},"modified":"2022-04-13T07:00:00","modified_gmt":"2022-04-13T10:00:00","slug":"braide-permite-sucateamento-de-onibus-escolares-e-poe-estudantes-de-sao-luis-em-perigo","status":"publish","type":"post","link":"https:\/\/www.blogsoestado.com\/danielmatos\/braide-permite-sucateamento-de-onibus-escolares-e-poe-estudantes-de-sao-luis-em-perigo\/","title":{"rendered":"Braide permite sucateamento de \u00f4nibus escolares e p\u00f5e estudantes de S\u00e3o Lu\u00eds em perigo"},"content":{"rendered":"\n<div class=\"wp-block-image\"><figure class=\"aligncenter size-large\"><a href=\"https:\/\/www.blogsoestado.com\/danielmatos\/files\/2022\/04\/Screenshot_20220412-2334372.png\"><img decoding=\"async\" src=\"https:\/\/www.blogsoestado.com\/danielmatos\/files\/2022\/04\/Screenshot_20220412-2334372.png\" alt=\"\" class=\"wp-image-96131\"\/><\/a><\/figure><\/div>\n\n\n\n<p>A maior parte das escolas que precisam de grandes reformas est\u00e1 localizada na Zona Rural de S\u00e3o Lu\u00eds e os pais e alunos que moram nesta regi\u00e3o ainda esperam as interven\u00e7\u00f5es necess\u00e1rias nas UEBs para que tenham seguran\u00e7a sanit\u00e1ria nas atividades presenciais, uma vez que nem todas as escolas foram reformadas. Al\u00e9m disso, enfrentam outro problema: a falta ou a precariedade do transporte escolar.<\/p>\n\n\n\n<p>Depois de in\u00fameras den\u00fancias dos professores e professoras e do Sindeduca\u00e7\u00e3o, os \u00f4nibus que deveriam transportar as crian\u00e7as no trajeto para escola desde o dia 22 de fevereiro, quando iniciaram as aulas presenciais, chegaram apenas hoje. Os professores destacam, inclusive, a preocupa\u00e7\u00e3o com a evas\u00e3o escolar, pois muitas crian\u00e7as deixaram de frequentar \u00e0s aulas, j\u00e1 que pais e respons\u00e1veis n\u00e3o tinham como arcar com transporte p\u00fablico coletivo.<\/p>\n\n\n\n<div class=\"wp-block-image\"><figure class=\"aligncenter size-large\"><a href=\"https:\/\/www.blogsoestado.com\/danielmatos\/files\/2022\/04\/Screenshot_20220412-2333332.png\"><img decoding=\"async\" src=\"https:\/\/www.blogsoestado.com\/danielmatos\/files\/2022\/04\/Screenshot_20220412-2333332.png\" alt=\"\" class=\"wp-image-96132\"\/><\/a><figcaption>Cadeiras de \u00f4nibus escolares n\u00e3o passam por manuten\u00e7\u00e3o, um fragrante descaso com os estudantes transportados pelos ve\u00edculos<\/figcaption><\/figure><\/div>\n\n\n\n<p>A diretoria do Sindeduca\u00e7\u00e3o esteve, no m\u00eas de mar\u00e7o, na UEB Josefina Serr\u00e3o, no Porto Grande, e viu o esfor\u00e7o empreendido pelos alunos para chegarem \u00e0 escola. \u201cNo carro do sindicato, que tem tra\u00e7\u00e3o 4X4, n\u00f3s vimos o quanto \u00e9 dif\u00edcil o acesso \u00e0 UEB, pois o bairro \u00e9 de ch\u00e3o batido, imaginem para as crian\u00e7as da regi\u00e3o fazerem o percurso andando pela lama? N\u00e3o existem condi\u00e7\u00f5es nem para que eles se concentrem nas aulas quando chegam cansados na escola. \u00c9 mais uma constata\u00e7\u00e3o: dois anos sem aulas, em virtude da pandemia, n\u00e3o foram suficientes para a Semed organizar as escolas e, principalmente, o transporte escolar dos alunos da Zona Rural. Lament\u00e1vel!\u201d, observou a 1\u00aa secret\u00e1ria do Sindeduca\u00e7\u00e3o, Rose Costa.<\/p>\n\n\n\n<p>Mas o que vimos at\u00e9 agora \u00e9 um enorme desrespeito, al\u00e9m de o transporte escolar n\u00e3o ter sido disponibilizados a todas as unidades de ensino, os \u00f4nibus que chegaram n\u00e3o comportam todos os alunos e est\u00e3o velhos, sujos e inseguros, como podemos ver nas fotos tiradas esta manh\u00e3.<\/p>\n\n\n\n<div class=\"wp-block-image\"><figure class=\"aligncenter size-large\"><a href=\"https:\/\/www.blogsoestado.com\/danielmatos\/files\/2022\/04\/Screenshot_20220412-2334042.png\"><img decoding=\"async\" src=\"https:\/\/www.blogsoestado.com\/danielmatos\/files\/2022\/04\/Screenshot_20220412-2334042.png\" alt=\"\" class=\"wp-image-96133\"\/><\/a><figcaption>Um dos \u00f4nibus apontados pelo sindicato como inadequados para o transporte escolar em uso na rede municipal de ensino da capital maranhense<\/figcaption><\/figure><\/div>\n\n\n\n<p><strong>Resposta evasiva<\/strong><\/p>\n\n\n\n<p>O Sindeduca\u00e7\u00e3o j\u00e1 havia solicitado explica\u00e7\u00f5es da Semed sobre a aus\u00eancia de \u00f4nibus escolar na Zona Rural, sem repostas oficiais da pasta. Mas a diretoria fez esse questionamento para a secret\u00e1ria Caroline Salgado, durante as tratativas da Mesa de Negocia\u00e7\u00e3o, que respondeu apenas que a Prefeitura de S\u00e3o Lu\u00eds estaria em processo de novos contratos.<\/p>\n\n\n\n<p>Devemos questionar: depois de quase dois meses do in\u00edcio das aulas, a prefeitura n\u00e3o conseguiu viabilizar transporte de qualidade para nossas crian\u00e7as? Precisamos exigir transpar\u00eancia e qualidade nestas a\u00e7\u00f5es, sobretudo porque a prefeitura recebe, por meio do Programa Nacional de Apoio ao Transporte do Escolar (PNATE), recursos para custear as despesas com manuten\u00e7\u00e3o de frota pr\u00f3pria ou contrata\u00e7\u00e3o de servi\u00e7os de terceiros para o transporte escolar na Zona Rural. Os valores s\u00e3o transferidos de forma autom\u00e1tica e diretamente aos estados, ao Distrito Federal e aos munic\u00edpios, divididos em dez parcelas anuais, de fevereiro a novembro.<\/p>\n\n\n\n<p>Assista:<\/p>\n\n\n\n<figure class=\"wp-block-embed is-type-video is-provider-youtube wp-block-embed-youtube wp-embed-aspect-16-9 wp-has-aspect-ratio\"><div class=\"wp-block-embed__wrapper\">\n<iframe title=\"\u00d4nibus escolar da Prefeitura de S\u00e3o Lu\u00eds sucateado\" width=\"500\" height=\"281\" src=\"https:\/\/www.youtube.com\/embed\/UyqLpzm9Rxg?feature=oembed\" frameborder=\"0\" allow=\"accelerometer; autoplay; clipboard-write; encrypted-media; gyroscope; picture-in-picture; web-share\" referrerpolicy=\"strict-origin-when-cross-origin\" allowfullscreen><\/iframe>\n<\/div><\/figure>\n","protected":false},"excerpt":{"rendered":"<p>A maior parte das escolas que precisam de grandes reformas est\u00e1 localizada na Zona Rural de S\u00e3o Lu\u00eds e os [&hellip;]<\/p>\n","protected":false},"author":0,"featured_media":0,"comment_status":"open","ping_status":"open","sticky":false,"template":"","format":"standard","meta":{"site-sidebar-layout":"default","site-content-layout":"","ast-site-content-layout":"default","site-content-style":"default","site-sidebar-style":"default","ast-global-header-display":"","ast-banner-title-visibility":"","ast-main-header-display":"","ast-hfb-above-header-display":"","ast-hfb-below-header-display":"","ast-hfb-mobile-header-display":"","site-post-title":"","ast-breadcrumbs-content":"","ast-featured-img":"","footer-sml-layout":"","ast-disable-related-posts":"","theme-transparent-header-meta":"","adv-header-id-meta":"","stick-header-meta":"","header-above-stick-meta":"","header-main-stick-meta":"","header-below-stick-meta":"","astra-migrate-meta-layouts":"default","ast-page-background-enabled":"default","ast-page-background-meta":{"desktop":{"background-color":"var(--ast-global-color-5)","background-image":"","background-repeat":"repeat","background-position":"center center","background-size":"auto","background-attachment":"scroll","background-type":"","background-media":"","overlay-type":"","overlay-color":"","overlay-opacity":"","overlay-gradient":""},"tablet":{"background-color":"","background-image":"","background-repeat":"repeat","background-position":"center center","background-size":"auto","background-attachment":"scroll","background-type":"","background-media":"","overlay-type":"","overlay-color":"","overlay-opacity":"","overlay-gradient":""},"mobile":{"background-color":"","background-image":"","background-repeat":"repeat","background-position":"center center","background-size":"auto","background-attachment":"scroll","background-type":"","background-media":"","overlay-type":"","overlay-color":"","overlay-opacity":"","overlay-gradient":""}},"ast-content-background-meta":{"desktop":{"background-color":"var(--ast-global-color-4)","background-image":"","background-repeat":"repeat","background-position":"center center","background-size":"auto","background-attachment":"scroll","background-type":"","background-media":"","overlay-type":"","overlay-color":"","overlay-opacity":"","overlay-gradient":""},"tablet":{"background-color":"var(--ast-global-color-4)","background-image":"","background-repeat":"repeat","background-position":"center center","background-size":"auto","background-attachment":"scroll","background-type":"","background-media":"","overlay-type":"","overlay-color":"","overlay-opacity":"","overlay-gradient":""},"mobile":{"background-color":"var(--ast-global-color-4)","background-image":"","background-repeat":"repeat","background-position":"center center","background-size":"auto","background-attachment":"scroll","background-type":"","background-media":"","overlay-type":"","overlay-color":"","overlay-opacity":"","overlay-gradient":""}},"footnotes":""},"categories":[1],"tags":[],"class_list":["post-96130","post","type-post","status-publish","format-standard","hentry","category-sem-categoria"],"yoast_head":"<!-- This site is optimized with the Yoast SEO plugin v26.6 - https:\/\/yoast.com\/wordpress\/plugins\/seo\/ -->\n<title>Braide permite sucateamento de \u00f4nibus escolares e p\u00f5e estudantes de S\u00e3o Lu\u00eds em perigo - Daniel Matos<\/title>\n<meta name=\"robots\" content=\"index, follow, max-snippet:-1, max-image-preview:large, max-video-preview:-1\" \/>\n<link rel=\"canonical\" href=\"https:\/\/www.blogsoestado.com\/danielmatos\/braide-permite-sucateamento-de-onibus-escolares-e-poe-estudantes-de-sao-luis-em-perigo\/\" \/>\n<meta property=\"og:locale\" content=\"pt_BR\" \/>\n<meta property=\"og:type\" content=\"article\" \/>\n<meta property=\"og:title\" content=\"Braide permite sucateamento de \u00f4nibus escolares e p\u00f5e estudantes de S\u00e3o Lu\u00eds em perigo - Daniel Matos\" \/>\n<meta property=\"og:description\" content=\"A maior parte das escolas que precisam de grandes reformas est\u00e1 localizada na Zona Rural de S\u00e3o Lu\u00eds e os [&hellip;]\" \/>\n<meta property=\"og:url\" content=\"https:\/\/www.blogsoestado.com\/danielmatos\/braide-permite-sucateamento-de-onibus-escolares-e-poe-estudantes-de-sao-luis-em-perigo\/\" \/>\n<meta property=\"og:site_name\" content=\"Daniel Matos\" \/>\n<meta property=\"article:published_time\" content=\"2022-04-13T10:00:00+00:00\" \/>\n<meta property=\"og:image\" content=\"https:\/\/www.blogsoestado.com\/danielmatos\/files\/2022\/04\/Screenshot_20220412-2334372.png\" \/>\n<meta name=\"twitter:card\" content=\"summary_large_image\" \/>\n<meta name=\"twitter:label1\" content=\"Est. tempo de leitura\" \/>\n\t<meta name=\"twitter:data1\" content=\"3 minutos\" \/>\n<script type=\"application\/ld+json\" class=\"yoast-schema-graph\">{\"@context\":\"https:\/\/schema.org\",\"@graph\":[{\"@type\":\"WebPage\",\"@id\":\"https:\/\/www.blogsoestado.com\/danielmatos\/braide-permite-sucateamento-de-onibus-escolares-e-poe-estudantes-de-sao-luis-em-perigo\/\",\"url\":\"https:\/\/www.blogsoestado.com\/danielmatos\/braide-permite-sucateamento-de-onibus-escolares-e-poe-estudantes-de-sao-luis-em-perigo\/\",\"name\":\"Braide permite sucateamento de \u00f4nibus escolares e p\u00f5e estudantes de S\u00e3o Lu\u00eds em perigo - Daniel Matos\",\"isPartOf\":{\"@id\":\"https:\/\/www.blogsoestado.com\/danielmatos\/#website\"},\"primaryImageOfPage\":{\"@id\":\"https:\/\/www.blogsoestado.com\/danielmatos\/braide-permite-sucateamento-de-onibus-escolares-e-poe-estudantes-de-sao-luis-em-perigo\/#primaryimage\"},\"image\":{\"@id\":\"https:\/\/www.blogsoestado.com\/danielmatos\/braide-permite-sucateamento-de-onibus-escolares-e-poe-estudantes-de-sao-luis-em-perigo\/#primaryimage\"},\"thumbnailUrl\":\"https:\/\/www.blogsoestado.com\/danielmatos\/files\/2022\/04\/Screenshot_20220412-2334372.png\",\"datePublished\":\"2022-04-13T10:00:00+00:00\",\"author\":{\"@id\":\"\"},\"breadcrumb\":{\"@id\":\"https:\/\/www.blogsoestado.com\/danielmatos\/braide-permite-sucateamento-de-onibus-escolares-e-poe-estudantes-de-sao-luis-em-perigo\/#breadcrumb\"},\"inLanguage\":\"pt-BR\",\"potentialAction\":[{\"@type\":\"ReadAction\",\"target\":[\"https:\/\/www.blogsoestado.com\/danielmatos\/braide-permite-sucateamento-de-onibus-escolares-e-poe-estudantes-de-sao-luis-em-perigo\/\"]}]},{\"@type\":\"ImageObject\",\"inLanguage\":\"pt-BR\",\"@id\":\"https:\/\/www.blogsoestado.com\/danielmatos\/braide-permite-sucateamento-de-onibus-escolares-e-poe-estudantes-de-sao-luis-em-perigo\/#primaryimage\",\"url\":\"https:\/\/www.blogsoestado.com\/danielmatos\/files\/2022\/04\/Screenshot_20220412-2334372.png\",\"contentUrl\":\"https:\/\/www.blogsoestado.com\/danielmatos\/files\/2022\/04\/Screenshot_20220412-2334372.png\"},{\"@type\":\"BreadcrumbList\",\"@id\":\"https:\/\/www.blogsoestado.com\/danielmatos\/braide-permite-sucateamento-de-onibus-escolares-e-poe-estudantes-de-sao-luis-em-perigo\/#breadcrumb\",\"itemListElement\":[{\"@type\":\"ListItem\",\"position\":1,\"name\":\"In\u00edcio\",\"item\":\"https:\/\/www.blogsoestado.com\/danielmatos\/\"},{\"@type\":\"ListItem\",\"position\":2,\"name\":\"Braide permite sucateamento de \u00f4nibus escolares e p\u00f5e estudantes de S\u00e3o Lu\u00eds em perigo\"}]},{\"@type\":\"WebSite\",\"@id\":\"https:\/\/www.blogsoestado.com\/danielmatos\/#website\",\"url\":\"https:\/\/www.blogsoestado.com\/danielmatos\/\",\"name\":\"Daniel Matos\",\"description\":\"\",\"potentialAction\":[{\"@type\":\"SearchAction\",\"target\":{\"@type\":\"EntryPoint\",\"urlTemplate\":\"https:\/\/www.blogsoestado.com\/danielmatos\/?s={search_term_string}\"},\"query-input\":{\"@type\":\"PropertyValueSpecification\",\"valueRequired\":true,\"valueName\":\"search_term_string\"}}],\"inLanguage\":\"pt-BR\"}]}<\/script>\n<!-- \/ Yoast SEO plugin. -->","yoast_head_json":{"title":"Braide permite sucateamento de \u00f4nibus escolares e p\u00f5e estudantes de S\u00e3o Lu\u00eds em perigo - Daniel Matos","robots":{"index":"index","follow":"follow","max-snippet":"max-snippet:-1","max-image-preview":"max-image-preview:large","max-video-preview":"max-video-preview:-1"},"canonical":"https:\/\/www.blogsoestado.com\/danielmatos\/braide-permite-sucateamento-de-onibus-escolares-e-poe-estudantes-de-sao-luis-em-perigo\/","og_locale":"pt_BR","og_type":"article","og_title":"Braide permite sucateamento de \u00f4nibus escolares e p\u00f5e estudantes de S\u00e3o Lu\u00eds em perigo - Daniel Matos","og_description":"A maior parte das escolas que precisam de grandes reformas est\u00e1 localizada na Zona Rural de S\u00e3o Lu\u00eds e os [&hellip;]","og_url":"https:\/\/www.blogsoestado.com\/danielmatos\/braide-permite-sucateamento-de-onibus-escolares-e-poe-estudantes-de-sao-luis-em-perigo\/","og_site_name":"Daniel Matos","article_published_time":"2022-04-13T10:00:00+00:00","og_image":[{"url":"https:\/\/www.blogsoestado.com\/danielmatos\/files\/2022\/04\/Screenshot_20220412-2334372.png","type":"","width":"","height":""}],"twitter_card":"summary_large_image","twitter_misc":{"Est. tempo de leitura":"3 minutos"},"schema":{"@context":"https:\/\/schema.org","@graph":[{"@type":"WebPage","@id":"https:\/\/www.blogsoestado.com\/danielmatos\/braide-permite-sucateamento-de-onibus-escolares-e-poe-estudantes-de-sao-luis-em-perigo\/","url":"https:\/\/www.blogsoestado.com\/danielmatos\/braide-permite-sucateamento-de-onibus-escolares-e-poe-estudantes-de-sao-luis-em-perigo\/","name":"Braide permite sucateamento de \u00f4nibus escolares e p\u00f5e estudantes de S\u00e3o Lu\u00eds em perigo - Daniel Matos","isPartOf":{"@id":"https:\/\/www.blogsoestado.com\/danielmatos\/#website"},"primaryImageOfPage":{"@id":"https:\/\/www.blogsoestado.com\/danielmatos\/braide-permite-sucateamento-de-onibus-escolares-e-poe-estudantes-de-sao-luis-em-perigo\/#primaryimage"},"image":{"@id":"https:\/\/www.blogsoestado.com\/danielmatos\/braide-permite-sucateamento-de-onibus-escolares-e-poe-estudantes-de-sao-luis-em-perigo\/#primaryimage"},"thumbnailUrl":"https:\/\/www.blogsoestado.com\/danielmatos\/files\/2022\/04\/Screenshot_20220412-2334372.png","datePublished":"2022-04-13T10:00:00+00:00","author":{"@id":""},"breadcrumb":{"@id":"https:\/\/www.blogsoestado.com\/danielmatos\/braide-permite-sucateamento-de-onibus-escolares-e-poe-estudantes-de-sao-luis-em-perigo\/#breadcrumb"},"inLanguage":"pt-BR","potentialAction":[{"@type":"ReadAction","target":["https:\/\/www.blogsoestado.com\/danielmatos\/braide-permite-sucateamento-de-onibus-escolares-e-poe-estudantes-de-sao-luis-em-perigo\/"]}]},{"@type":"ImageObject","inLanguage":"pt-BR","@id":"https:\/\/www.blogsoestado.com\/danielmatos\/braide-permite-sucateamento-de-onibus-escolares-e-poe-estudantes-de-sao-luis-em-perigo\/#primaryimage","url":"https:\/\/www.blogsoestado.com\/danielmatos\/files\/2022\/04\/Screenshot_20220412-2334372.png","contentUrl":"https:\/\/www.blogsoestado.com\/danielmatos\/files\/2022\/04\/Screenshot_20220412-2334372.png"},{"@type":"BreadcrumbList","@id":"https:\/\/www.blogsoestado.com\/danielmatos\/braide-permite-sucateamento-de-onibus-escolares-e-poe-estudantes-de-sao-luis-em-perigo\/#breadcrumb","itemListElement":[{"@type":"ListItem","position":1,"name":"In\u00edcio","item":"https:\/\/www.blogsoestado.com\/danielmatos\/"},{"@type":"ListItem","position":2,"name":"Braide permite sucateamento de \u00f4nibus escolares e p\u00f5e estudantes de S\u00e3o Lu\u00eds em perigo"}]},{"@type":"WebSite","@id":"https:\/\/www.blogsoestado.com\/danielmatos\/#website","url":"https:\/\/www.blogsoestado.com\/danielmatos\/","name":"Daniel Matos","description":"","potentialAction":[{"@type":"SearchAction","target":{"@type":"EntryPoint","urlTemplate":"https:\/\/www.blogsoestado.com\/danielmatos\/?s={search_term_string}"},"query-input":{"@type":"PropertyValueSpecification","valueRequired":true,"valueName":"search_term_string"}}],"inLanguage":"pt-BR"}]}},"jetpack_featured_media_url":"","_links":{"self":[{"href":"https:\/\/www.blogsoestado.com\/danielmatos\/wp-json\/wp\/v2\/posts\/96130","targetHints":{"allow":["GET"]}}],"collection":[{"href":"https:\/\/www.blogsoestado.com\/danielmatos\/wp-json\/wp\/v2\/posts"}],"about":[{"href":"https:\/\/www.blogsoestado.com\/danielmatos\/wp-json\/wp\/v2\/types\/post"}],"replies":[{"embeddable":true,"href":"https:\/\/www.blogsoestado.com\/danielmatos\/wp-json\/wp\/v2\/comments?post=96130"}],"version-history":[{"count":0,"href":"https:\/\/www.blogsoestado.com\/danielmatos\/wp-json\/wp\/v2\/posts\/96130\/revisions"}],"wp:attachment":[{"href":"https:\/\/www.blogsoestado.com\/danielmatos\/wp-json\/wp\/v2\/media?parent=96130"}],"wp:term":[{"taxonomy":"category","embeddable":true,"href":"https:\/\/www.blogsoestado.com\/danielmatos\/wp-json\/wp\/v2\/categories?post=96130"},{"taxonomy":"post_tag","embeddable":true,"href":"https:\/\/www.blogsoestado.com\/danielmatos\/wp-json\/wp\/v2\/tags?post=96130"}],"curies":[{"name":"wp","href":"https:\/\/api.w.org\/{rel}","templated":true}]}}