{"id":96138,"date":"2022-04-13T00:28:09","date_gmt":"2022-04-13T03:28:09","guid":{"rendered":"https:\/\/www.blogsoestado.com\/danielmatos\/?p=96138"},"modified":"2022-04-13T00:28:09","modified_gmt":"2022-04-13T03:28:09","slug":"justica-da-72-horas-para-braide-matricular-estudantes-sem-vagas-em-escolas","status":"publish","type":"post","link":"https:\/\/www.blogsoestado.com\/danielmatos\/justica-da-72-horas-para-braide-matricular-estudantes-sem-vagas-em-escolas\/","title":{"rendered":"Justi\u00e7a d\u00e1 72 horas para Braide matricular estudantes sem vagas em escolas"},"content":{"rendered":"\n<div class=\"wp-block-image\"><figure class=\"aligncenter size-large\"><a href=\"https:\/\/www.blogsoestado.com\/danielmatos\/files\/2022\/04\/Screenshot_20220413-0023342.png\"><img decoding=\"async\" src=\"https:\/\/www.blogsoestado.com\/danielmatos\/files\/2022\/04\/Screenshot_20220413-0023342.png\" alt=\"\" class=\"wp-image-96139\"\/><\/a><\/figure><\/div>\n\n\n\n<p>A Vara de Interesses Difusos e Coletivos da Ilha de S\u00e3o Lu\u00eds determinou ao Munic\u00edpio de S\u00e3o Lu\u00eds matricular estudantes no prazo de 72 horas ou em qualquer escola da rede municipal de ensino, dando prefer\u00eancia \u00e0s mais pr\u00f3ximas e de modo a evitar preju\u00edzo \u00e0 vida escolar dos alunos.<\/p>\n\n\n\n<p>A decis\u00e3o do juiz Douglas de Melo Martins, de 7 de abril, atendeu a pedido do Minist\u00e9rio P\u00fablico (MP) em a\u00e7\u00e3o para cumprimento de senten\u00e7a contra a Fazenda P\u00fablica municipal, onde consta uma tabela com os nomes de diversos alunos que necessitam de vagas nas escolas p\u00fablicas municipais.&nbsp;<\/p>\n\n\n\n<p>Segundo o MP, o Munic\u00edpio de S\u00e3o Lu\u00eds vem descumprindo o acordo j\u00e1 celebrado na Justi\u00e7a, na medida em que continua negando vagas aos estudantes e familiares que comparecem \u00e0 Secretaria Municipal de Educa\u00e7\u00e3o (SEMED) para solicitar vagas, ou mesmo nas escolas, quando essas demandas deveriam ser solucionadas no \u00e2mbito da gest\u00e3o municipal.<\/p>\n\n\n\n<p>De acordo com a ordem judicial, os pedidos formulados pelo Minist\u00e9rio P\u00fablico, al\u00e9m de fundamentado em acordo firmado em audi\u00eancia judicial, se fundamentam na Constitui\u00e7\u00e3o Federal e em outras leis, como o Estatuto da Crian\u00e7a e do Adolescente (ECA).<\/p>\n\n\n\n<p>\u201cInconceb\u00edvel existir estudantes que ainda n\u00e3o tenham conseguido se matricular ou rematricular nas escolas municipais mais pr\u00f3ximas de suas resid\u00eancias, seja pela obriga\u00e7\u00e3o pactuada e homologada por senten\u00e7a judicial, seja pelas normas acima apontadas\u201d, enfatizou o juiz na decis\u00e3o, considerando a gravidade do caso, diante do avan\u00e7o do ano escolar, sem que os estudantes possam ter acesso a esse direito fundamental.<\/p>\n\n\n\n<p><strong>EDUCA\u00c7\u00c3O \u00c9 DEVER DO ESTADO,&nbsp;DA FAM\u00cdLIA E DA SOCIEDADE<\/strong><\/p>\n\n\n\n<p>\u201c\u00c9 dever da fam\u00edlia, da sociedade e do Estado assegurar \u00e0 crian\u00e7a, ao adolescente e ao jovem, com absoluta prioridade, o direito \u00e0 vida, \u00e0 sa\u00fade, \u00e0 alimenta\u00e7\u00e3o, \u00e0 educa\u00e7\u00e3o, ao lazer, \u00e0 profissionaliza\u00e7\u00e3o, \u00e0 cultura, \u00e0 dignidade, ao respeito, \u00e0 liberdade e \u00e0 conviv\u00eancia familiar e comunit\u00e1ria, al\u00e9m de coloc\u00e1-los a salvo de toda forma de neglig\u00eancia, discrimina\u00e7\u00e3o, explora\u00e7\u00e3o, viol\u00eancia, crueldade e opress\u00e3o\u201d, diz o texto da decis\u00e3o.<\/p>\n\n\n\n<p>Martins fixou multa di\u00e1ria no valor de mil reais no caso de descumprimento da ordem judicial, que dever\u00e1 ser destinada ao Fundo Estadual de Direitos Difusos e Coletivos, conforme pedido ministerial.<\/p>\n","protected":false},"excerpt":{"rendered":"<p>A Vara de Interesses Difusos e Coletivos da Ilha de S\u00e3o Lu\u00eds determinou ao Munic\u00edpio de S\u00e3o Lu\u00eds matricular estudantes [&hellip;]<\/p>\n","protected":false},"author":0,"featured_media":0,"comment_status":"open","ping_status":"open","sticky":false,"template":"","format":"standard","meta":{"site-sidebar-layout":"default","site-content-layout":"","ast-site-content-layout":"default","site-content-style":"default","site-sidebar-style":"default","ast-global-header-display":"","ast-banner-title-visibility":"","ast-main-header-display":"","ast-hfb-above-header-display":"","ast-hfb-below-header-display":"","ast-hfb-mobile-header-display":"","site-post-title":"","ast-breadcrumbs-content":"","ast-featured-img":"","footer-sml-layout":"","ast-disable-related-posts":"","theme-transparent-header-meta":"","adv-header-id-meta":"","stick-header-meta":"","header-above-stick-meta":"","header-main-stick-meta":"","header-below-stick-meta":"","astra-migrate-meta-layouts":"default","ast-page-background-enabled":"default","ast-page-background-meta":{"desktop":{"background-color":"var(--ast-global-color-5)","background-image":"","background-repeat":"repeat","background-position":"center center","background-size":"auto","background-attachment":"scroll","background-type":"","background-media":"","overlay-type":"","overlay-color":"","overlay-opacity":"","overlay-gradient":""},"tablet":{"background-color":"","background-image":"","background-repeat":"repeat","background-position":"center center","background-size":"auto","background-attachment":"scroll","background-type":"","background-media":"","overlay-type":"","overlay-color":"","overlay-opacity":"","overlay-gradient":""},"mobile":{"background-color":"","background-image":"","background-repeat":"repeat","background-position":"center center","background-size":"auto","background-attachment":"scroll","background-type":"","background-media":"","overlay-type":"","overlay-color":"","overlay-opacity":"","overlay-gradient":""}},"ast-content-background-meta":{"desktop":{"background-color":"var(--ast-global-color-4)","background-image":"","background-repeat":"repeat","background-position":"center center","background-size":"auto","background-attachment":"scroll","background-type":"","background-media":"","overlay-type":"","overlay-color":"","overlay-opacity":"","overlay-gradient":""},"tablet":{"background-color":"var(--ast-global-color-4)","background-image":"","background-repeat":"repeat","background-position":"center center","background-size":"auto","background-attachment":"scroll","background-type":"","background-media":"","overlay-type":"","overlay-color":"","overlay-opacity":"","overlay-gradient":""},"mobile":{"background-color":"var(--ast-global-color-4)","background-image":"","background-repeat":"repeat","background-position":"center center","background-size":"auto","background-attachment":"scroll","background-type":"","background-media":"","overlay-type":"","overlay-color":"","overlay-opacity":"","overlay-gradient":""}},"footnotes":""},"categories":[1],"tags":[],"class_list":["post-96138","post","type-post","status-publish","format-standard","hentry","category-sem-categoria"],"yoast_head":"<!-- This site is optimized with the Yoast SEO plugin v26.6 - https:\/\/yoast.com\/wordpress\/plugins\/seo\/ -->\n<title>Justi\u00e7a d\u00e1 72 horas para Braide matricular estudantes sem vagas em escolas - Daniel Matos<\/title>\n<meta name=\"robots\" content=\"index, follow, max-snippet:-1, max-image-preview:large, max-video-preview:-1\" \/>\n<link rel=\"canonical\" href=\"https:\/\/www.blogsoestado.com\/danielmatos\/justica-da-72-horas-para-braide-matricular-estudantes-sem-vagas-em-escolas\/\" \/>\n<meta property=\"og:locale\" content=\"pt_BR\" \/>\n<meta property=\"og:type\" content=\"article\" \/>\n<meta property=\"og:title\" content=\"Justi\u00e7a d\u00e1 72 horas para Braide matricular estudantes sem vagas em escolas - Daniel Matos\" \/>\n<meta property=\"og:description\" content=\"A Vara de Interesses Difusos e Coletivos da Ilha de S\u00e3o Lu\u00eds determinou ao Munic\u00edpio de S\u00e3o Lu\u00eds matricular estudantes [&hellip;]\" \/>\n<meta property=\"og:url\" content=\"https:\/\/www.blogsoestado.com\/danielmatos\/justica-da-72-horas-para-braide-matricular-estudantes-sem-vagas-em-escolas\/\" \/>\n<meta property=\"og:site_name\" content=\"Daniel Matos\" \/>\n<meta property=\"article:published_time\" content=\"2022-04-13T03:28:09+00:00\" \/>\n<meta property=\"og:image\" content=\"https:\/\/www.blogsoestado.com\/danielmatos\/files\/2022\/04\/Screenshot_20220413-0023342.png\" \/>\n<meta name=\"twitter:card\" content=\"summary_large_image\" \/>\n<meta name=\"twitter:label1\" content=\"Est. tempo de leitura\" \/>\n\t<meta name=\"twitter:data1\" content=\"2 minutos\" \/>\n<script type=\"application\/ld+json\" class=\"yoast-schema-graph\">{\"@context\":\"https:\/\/schema.org\",\"@graph\":[{\"@type\":\"WebPage\",\"@id\":\"https:\/\/www.blogsoestado.com\/danielmatos\/justica-da-72-horas-para-braide-matricular-estudantes-sem-vagas-em-escolas\/\",\"url\":\"https:\/\/www.blogsoestado.com\/danielmatos\/justica-da-72-horas-para-braide-matricular-estudantes-sem-vagas-em-escolas\/\",\"name\":\"Justi\u00e7a d\u00e1 72 horas para Braide matricular estudantes sem vagas em escolas - Daniel Matos\",\"isPartOf\":{\"@id\":\"https:\/\/www.blogsoestado.com\/danielmatos\/#website\"},\"primaryImageOfPage\":{\"@id\":\"https:\/\/www.blogsoestado.com\/danielmatos\/justica-da-72-horas-para-braide-matricular-estudantes-sem-vagas-em-escolas\/#primaryimage\"},\"image\":{\"@id\":\"https:\/\/www.blogsoestado.com\/danielmatos\/justica-da-72-horas-para-braide-matricular-estudantes-sem-vagas-em-escolas\/#primaryimage\"},\"thumbnailUrl\":\"https:\/\/www.blogsoestado.com\/danielmatos\/files\/2022\/04\/Screenshot_20220413-0023342.png\",\"datePublished\":\"2022-04-13T03:28:09+00:00\",\"author\":{\"@id\":\"\"},\"breadcrumb\":{\"@id\":\"https:\/\/www.blogsoestado.com\/danielmatos\/justica-da-72-horas-para-braide-matricular-estudantes-sem-vagas-em-escolas\/#breadcrumb\"},\"inLanguage\":\"pt-BR\",\"potentialAction\":[{\"@type\":\"ReadAction\",\"target\":[\"https:\/\/www.blogsoestado.com\/danielmatos\/justica-da-72-horas-para-braide-matricular-estudantes-sem-vagas-em-escolas\/\"]}]},{\"@type\":\"ImageObject\",\"inLanguage\":\"pt-BR\",\"@id\":\"https:\/\/www.blogsoestado.com\/danielmatos\/justica-da-72-horas-para-braide-matricular-estudantes-sem-vagas-em-escolas\/#primaryimage\",\"url\":\"https:\/\/www.blogsoestado.com\/danielmatos\/files\/2022\/04\/Screenshot_20220413-0023342.png\",\"contentUrl\":\"https:\/\/www.blogsoestado.com\/danielmatos\/files\/2022\/04\/Screenshot_20220413-0023342.png\"},{\"@type\":\"BreadcrumbList\",\"@id\":\"https:\/\/www.blogsoestado.com\/danielmatos\/justica-da-72-horas-para-braide-matricular-estudantes-sem-vagas-em-escolas\/#breadcrumb\",\"itemListElement\":[{\"@type\":\"ListItem\",\"position\":1,\"name\":\"In\u00edcio\",\"item\":\"https:\/\/www.blogsoestado.com\/danielmatos\/\"},{\"@type\":\"ListItem\",\"position\":2,\"name\":\"Justi\u00e7a d\u00e1 72 horas para Braide matricular estudantes sem vagas em escolas\"}]},{\"@type\":\"WebSite\",\"@id\":\"https:\/\/www.blogsoestado.com\/danielmatos\/#website\",\"url\":\"https:\/\/www.blogsoestado.com\/danielmatos\/\",\"name\":\"Daniel Matos\",\"description\":\"\",\"potentialAction\":[{\"@type\":\"SearchAction\",\"target\":{\"@type\":\"EntryPoint\",\"urlTemplate\":\"https:\/\/www.blogsoestado.com\/danielmatos\/?s={search_term_string}\"},\"query-input\":{\"@type\":\"PropertyValueSpecification\",\"valueRequired\":true,\"valueName\":\"search_term_string\"}}],\"inLanguage\":\"pt-BR\"}]}<\/script>\n<!-- \/ Yoast SEO plugin. -->","yoast_head_json":{"title":"Justi\u00e7a d\u00e1 72 horas para Braide matricular estudantes sem vagas em escolas - Daniel Matos","robots":{"index":"index","follow":"follow","max-snippet":"max-snippet:-1","max-image-preview":"max-image-preview:large","max-video-preview":"max-video-preview:-1"},"canonical":"https:\/\/www.blogsoestado.com\/danielmatos\/justica-da-72-horas-para-braide-matricular-estudantes-sem-vagas-em-escolas\/","og_locale":"pt_BR","og_type":"article","og_title":"Justi\u00e7a d\u00e1 72 horas para Braide matricular estudantes sem vagas em escolas - Daniel Matos","og_description":"A Vara de Interesses Difusos e Coletivos da Ilha de S\u00e3o Lu\u00eds determinou ao Munic\u00edpio de S\u00e3o Lu\u00eds matricular estudantes [&hellip;]","og_url":"https:\/\/www.blogsoestado.com\/danielmatos\/justica-da-72-horas-para-braide-matricular-estudantes-sem-vagas-em-escolas\/","og_site_name":"Daniel Matos","article_published_time":"2022-04-13T03:28:09+00:00","og_image":[{"url":"https:\/\/www.blogsoestado.com\/danielmatos\/files\/2022\/04\/Screenshot_20220413-0023342.png","type":"","width":"","height":""}],"twitter_card":"summary_large_image","twitter_misc":{"Est. tempo de leitura":"2 minutos"},"schema":{"@context":"https:\/\/schema.org","@graph":[{"@type":"WebPage","@id":"https:\/\/www.blogsoestado.com\/danielmatos\/justica-da-72-horas-para-braide-matricular-estudantes-sem-vagas-em-escolas\/","url":"https:\/\/www.blogsoestado.com\/danielmatos\/justica-da-72-horas-para-braide-matricular-estudantes-sem-vagas-em-escolas\/","name":"Justi\u00e7a d\u00e1 72 horas para Braide matricular estudantes sem vagas em escolas - Daniel Matos","isPartOf":{"@id":"https:\/\/www.blogsoestado.com\/danielmatos\/#website"},"primaryImageOfPage":{"@id":"https:\/\/www.blogsoestado.com\/danielmatos\/justica-da-72-horas-para-braide-matricular-estudantes-sem-vagas-em-escolas\/#primaryimage"},"image":{"@id":"https:\/\/www.blogsoestado.com\/danielmatos\/justica-da-72-horas-para-braide-matricular-estudantes-sem-vagas-em-escolas\/#primaryimage"},"thumbnailUrl":"https:\/\/www.blogsoestado.com\/danielmatos\/files\/2022\/04\/Screenshot_20220413-0023342.png","datePublished":"2022-04-13T03:28:09+00:00","author":{"@id":""},"breadcrumb":{"@id":"https:\/\/www.blogsoestado.com\/danielmatos\/justica-da-72-horas-para-braide-matricular-estudantes-sem-vagas-em-escolas\/#breadcrumb"},"inLanguage":"pt-BR","potentialAction":[{"@type":"ReadAction","target":["https:\/\/www.blogsoestado.com\/danielmatos\/justica-da-72-horas-para-braide-matricular-estudantes-sem-vagas-em-escolas\/"]}]},{"@type":"ImageObject","inLanguage":"pt-BR","@id":"https:\/\/www.blogsoestado.com\/danielmatos\/justica-da-72-horas-para-braide-matricular-estudantes-sem-vagas-em-escolas\/#primaryimage","url":"https:\/\/www.blogsoestado.com\/danielmatos\/files\/2022\/04\/Screenshot_20220413-0023342.png","contentUrl":"https:\/\/www.blogsoestado.com\/danielmatos\/files\/2022\/04\/Screenshot_20220413-0023342.png"},{"@type":"BreadcrumbList","@id":"https:\/\/www.blogsoestado.com\/danielmatos\/justica-da-72-horas-para-braide-matricular-estudantes-sem-vagas-em-escolas\/#breadcrumb","itemListElement":[{"@type":"ListItem","position":1,"name":"In\u00edcio","item":"https:\/\/www.blogsoestado.com\/danielmatos\/"},{"@type":"ListItem","position":2,"name":"Justi\u00e7a d\u00e1 72 horas para Braide matricular estudantes sem vagas em escolas"}]},{"@type":"WebSite","@id":"https:\/\/www.blogsoestado.com\/danielmatos\/#website","url":"https:\/\/www.blogsoestado.com\/danielmatos\/","name":"Daniel Matos","description":"","potentialAction":[{"@type":"SearchAction","target":{"@type":"EntryPoint","urlTemplate":"https:\/\/www.blogsoestado.com\/danielmatos\/?s={search_term_string}"},"query-input":{"@type":"PropertyValueSpecification","valueRequired":true,"valueName":"search_term_string"}}],"inLanguage":"pt-BR"}]}},"jetpack_featured_media_url":"","_links":{"self":[{"href":"https:\/\/www.blogsoestado.com\/danielmatos\/wp-json\/wp\/v2\/posts\/96138","targetHints":{"allow":["GET"]}}],"collection":[{"href":"https:\/\/www.blogsoestado.com\/danielmatos\/wp-json\/wp\/v2\/posts"}],"about":[{"href":"https:\/\/www.blogsoestado.com\/danielmatos\/wp-json\/wp\/v2\/types\/post"}],"replies":[{"embeddable":true,"href":"https:\/\/www.blogsoestado.com\/danielmatos\/wp-json\/wp\/v2\/comments?post=96138"}],"version-history":[{"count":0,"href":"https:\/\/www.blogsoestado.com\/danielmatos\/wp-json\/wp\/v2\/posts\/96138\/revisions"}],"wp:attachment":[{"href":"https:\/\/www.blogsoestado.com\/danielmatos\/wp-json\/wp\/v2\/media?parent=96138"}],"wp:term":[{"taxonomy":"category","embeddable":true,"href":"https:\/\/www.blogsoestado.com\/danielmatos\/wp-json\/wp\/v2\/categories?post=96138"},{"taxonomy":"post_tag","embeddable":true,"href":"https:\/\/www.blogsoestado.com\/danielmatos\/wp-json\/wp\/v2\/tags?post=96138"}],"curies":[{"name":"wp","href":"https:\/\/api.w.org\/{rel}","templated":true}]}}