{"id":96160,"date":"2022-04-13T19:18:23","date_gmt":"2022-04-13T22:18:23","guid":{"rendered":"https:\/\/www.blogsoestado.com\/danielmatos\/?p=96160"},"modified":"2022-04-13T19:18:23","modified_gmt":"2022-04-13T22:18:23","slug":"policia-civil-mantem-protestos-apos-reuniao-na-ssp","status":"publish","type":"post","link":"https:\/\/www.blogsoestado.com\/danielmatos\/policia-civil-mantem-protestos-apos-reuniao-na-ssp\/","title":{"rendered":"Pol\u00edcia Civil mant\u00e9m protestos ap\u00f3s reuni\u00e3o na SSP"},"content":{"rendered":"\n<div class=\"wp-block-image\"><figure class=\"aligncenter size-large\"><a href=\"https:\/\/www.blogsoestado.com\/danielmatos\/files\/2022\/04\/Screenshot_20220413-1909512.png\"><img decoding=\"async\" src=\"https:\/\/www.blogsoestado.com\/danielmatos\/files\/2022\/04\/Screenshot_20220413-1909512.png\" alt=\"\" class=\"wp-image-96161\"\/><\/a><figcaption>A comiss\u00e3o, liderada pelo presidente do SINPOL, apresentou pautas j\u00e1 discutidas na gest\u00e3o de Fl\u00e1vio Dino, e do ex-secret\u00e1rio de Seguran\u00e7a P\u00fablica, Jefferson Portela<\/figcaption><\/figure><\/div>\n\n\n\n<p>Ap\u00f3s intensa mobiliza\u00e7\u00e3o dos policiais civis, a categoria foi recebida pelo secret\u00e1rio de Seguran\u00e7a P\u00fablica do Maranh\u00e3o, Cel. QOPM Silvio Leite, o subdelegado da SSP, delegado Maur\u00edcio Ribeiro Martins, e o Delegado Geral da Pol\u00edcia Civil, delegado Jair Paiva, na primeira rodada de negocia\u00e7\u00f5es sob gest\u00e3o do governador Carlos Brand\u00e3o.<\/p>\n\n\n\n<p>A comiss\u00e3o apresentou pautas j\u00e1 discutidas na gest\u00e3o de Fl\u00e1vio Dino, e do ex-secret\u00e1rio de Seguran\u00e7a P\u00fablica, Jefferson Portela, que n\u00e3o honraram os compromissos que foram firmados, mesmo ap\u00f3s v\u00e1rias reuni\u00f5es.<\/p>\n\n\n\n<div class=\"wp-block-image\"><figure class=\"aligncenter size-large\"><a href=\"https:\/\/www.blogsoestado.com\/danielmatos\/files\/2022\/04\/Screenshot_20220413-1909192.png\"><img decoding=\"async\" src=\"https:\/\/www.blogsoestado.com\/danielmatos\/files\/2022\/04\/Screenshot_20220413-1909192.png\" alt=\"\" class=\"wp-image-96162\"\/><\/a><figcaption>Durante a reuni\u00e3o, representantes dos policiais civis enfatizaram os oito anos que a categoria amarga sem ganhos salariais<\/figcaption><\/figure><\/div>\n\n\n\n<p>A categoria luta por melhorias no contingente, estrutura f\u00edsica das delegacias, falta de materiais b\u00e1sicos para o bom desempenho dos profissionais de seguran\u00e7a, al\u00e9m das quest\u00f5es financeiras que demonstram total desvaloriza\u00e7\u00e3o.<\/p>\n\n\n\n<p>Oito anos sem avan\u00e7os e isso foi tempo suficiente para sufocar a categoria e implementar um descontentamento geral.<\/p>\n\n\n\n<div class=\"wp-block-image\"><figure class=\"aligncenter size-large\"><a href=\"https:\/\/www.blogsoestado.com\/danielmatos\/files\/2022\/04\/Screenshot_20220413-1908552.png\"><img decoding=\"async\" src=\"https:\/\/www.blogsoestado.com\/danielmatos\/files\/2022\/04\/Screenshot_20220413-1908552.png\" alt=\"\" class=\"wp-image-96163\"\/><\/a><figcaption>Policiais civis mobilizados na sede da SSP ap\u00f3s reuni\u00e3o com o secret\u00e1rio para expor suas reivindica\u00e7\u00f5es <\/figcaption><\/figure><\/div>\n\n\n\n<p>A comiss\u00e3o esclareceu que, mesmo com a abertura do di\u00e1logo, o cronograma de protestos continua.<\/p>\n\n\n\n<p>&#8220;O di\u00e1logo permanece, mas a mobiliza\u00e7\u00e3o tem que continuar. Por respeito a Pol\u00edcia Civil, que tem relevante valor social, ela n\u00e3o ser\u00e1 menosprezada por quem quer que seja. A Pol\u00edcia Civil n\u00e3o \u00e9 fraca, fr\u00e1gil e nem covarde, para n\u00e3o lutar pelos seus direitos&#8221;, finalizou o presidente do Sinpol, Klinger Moura.<\/p>\n","protected":false},"excerpt":{"rendered":"<p>Ap\u00f3s intensa mobiliza\u00e7\u00e3o dos policiais civis, a categoria foi recebida pelo secret\u00e1rio de Seguran\u00e7a P\u00fablica do Maranh\u00e3o, Cel. QOPM Silvio [&hellip;]<\/p>\n","protected":false},"author":0,"featured_media":0,"comment_status":"open","ping_status":"open","sticky":false,"template":"","format":"standard","meta":{"site-sidebar-layout":"default","site-content-layout":"","ast-site-content-layout":"default","site-content-style":"default","site-sidebar-style":"default","ast-global-header-display":"","ast-banner-title-visibility":"","ast-main-header-display":"","ast-hfb-above-header-display":"","ast-hfb-below-header-display":"","ast-hfb-mobile-header-display":"","site-post-title":"","ast-breadcrumbs-content":"","ast-featured-img":"","footer-sml-layout":"","ast-disable-related-posts":"","theme-transparent-header-meta":"","adv-header-id-meta":"","stick-header-meta":"","header-above-stick-meta":"","header-main-stick-meta":"","header-below-stick-meta":"","astra-migrate-meta-layouts":"default","ast-page-background-enabled":"default","ast-page-background-meta":{"desktop":{"background-color":"var(--ast-global-color-5)","background-image":"","background-repeat":"repeat","background-position":"center center","background-size":"auto","background-attachment":"scroll","background-type":"","background-media":"","overlay-type":"","overlay-color":"","overlay-opacity":"","overlay-gradient":""},"tablet":{"background-color":"","background-image":"","background-repeat":"repeat","background-position":"center center","background-size":"auto","background-attachment":"scroll","background-type":"","background-media":"","overlay-type":"","overlay-color":"","overlay-opacity":"","overlay-gradient":""},"mobile":{"background-color":"","background-image":"","background-repeat":"repeat","background-position":"center center","background-size":"auto","background-attachment":"scroll","background-type":"","background-media":"","overlay-type":"","overlay-color":"","overlay-opacity":"","overlay-gradient":""}},"ast-content-background-meta":{"desktop":{"background-color":"var(--ast-global-color-4)","background-image":"","background-repeat":"repeat","background-position":"center center","background-size":"auto","background-attachment":"scroll","background-type":"","background-media":"","overlay-type":"","overlay-color":"","overlay-opacity":"","overlay-gradient":""},"tablet":{"background-color":"var(--ast-global-color-4)","background-image":"","background-repeat":"repeat","background-position":"center center","background-size":"auto","background-attachment":"scroll","background-type":"","background-media":"","overlay-type":"","overlay-color":"","overlay-opacity":"","overlay-gradient":""},"mobile":{"background-color":"var(--ast-global-color-4)","background-image":"","background-repeat":"repeat","background-position":"center center","background-size":"auto","background-attachment":"scroll","background-type":"","background-media":"","overlay-type":"","overlay-color":"","overlay-opacity":"","overlay-gradient":""}},"footnotes":""},"categories":[1],"tags":[],"class_list":["post-96160","post","type-post","status-publish","format-standard","hentry","category-sem-categoria"],"yoast_head":"<!-- This site is optimized with the Yoast SEO plugin v26.6 - https:\/\/yoast.com\/wordpress\/plugins\/seo\/ -->\n<title>Pol\u00edcia Civil mant\u00e9m protestos ap\u00f3s reuni\u00e3o na SSP - Daniel Matos<\/title>\n<meta name=\"robots\" content=\"index, follow, max-snippet:-1, max-image-preview:large, max-video-preview:-1\" \/>\n<link rel=\"canonical\" href=\"https:\/\/www.blogsoestado.com\/danielmatos\/policia-civil-mantem-protestos-apos-reuniao-na-ssp\/\" \/>\n<meta property=\"og:locale\" content=\"pt_BR\" \/>\n<meta property=\"og:type\" content=\"article\" \/>\n<meta property=\"og:title\" content=\"Pol\u00edcia Civil mant\u00e9m protestos ap\u00f3s reuni\u00e3o na SSP - Daniel Matos\" \/>\n<meta property=\"og:description\" content=\"Ap\u00f3s intensa mobiliza\u00e7\u00e3o dos policiais civis, a categoria foi recebida pelo secret\u00e1rio de Seguran\u00e7a P\u00fablica do Maranh\u00e3o, Cel. QOPM Silvio [&hellip;]\" \/>\n<meta property=\"og:url\" content=\"https:\/\/www.blogsoestado.com\/danielmatos\/policia-civil-mantem-protestos-apos-reuniao-na-ssp\/\" \/>\n<meta property=\"og:site_name\" content=\"Daniel Matos\" \/>\n<meta property=\"article:published_time\" content=\"2022-04-13T22:18:23+00:00\" \/>\n<meta property=\"og:image\" content=\"https:\/\/www.blogsoestado.com\/danielmatos\/files\/2022\/04\/Screenshot_20220413-1909512.png\" \/>\n<meta name=\"twitter:card\" content=\"summary_large_image\" \/>\n<meta name=\"twitter:label1\" content=\"Est. tempo de leitura\" \/>\n\t<meta name=\"twitter:data1\" content=\"2 minutos\" \/>\n<script type=\"application\/ld+json\" class=\"yoast-schema-graph\">{\"@context\":\"https:\/\/schema.org\",\"@graph\":[{\"@type\":\"WebPage\",\"@id\":\"https:\/\/www.blogsoestado.com\/danielmatos\/policia-civil-mantem-protestos-apos-reuniao-na-ssp\/\",\"url\":\"https:\/\/www.blogsoestado.com\/danielmatos\/policia-civil-mantem-protestos-apos-reuniao-na-ssp\/\",\"name\":\"Pol\u00edcia Civil mant\u00e9m protestos ap\u00f3s reuni\u00e3o na SSP - Daniel Matos\",\"isPartOf\":{\"@id\":\"https:\/\/www.blogsoestado.com\/danielmatos\/#website\"},\"primaryImageOfPage\":{\"@id\":\"https:\/\/www.blogsoestado.com\/danielmatos\/policia-civil-mantem-protestos-apos-reuniao-na-ssp\/#primaryimage\"},\"image\":{\"@id\":\"https:\/\/www.blogsoestado.com\/danielmatos\/policia-civil-mantem-protestos-apos-reuniao-na-ssp\/#primaryimage\"},\"thumbnailUrl\":\"https:\/\/www.blogsoestado.com\/danielmatos\/files\/2022\/04\/Screenshot_20220413-1909512.png\",\"datePublished\":\"2022-04-13T22:18:23+00:00\",\"author\":{\"@id\":\"\"},\"breadcrumb\":{\"@id\":\"https:\/\/www.blogsoestado.com\/danielmatos\/policia-civil-mantem-protestos-apos-reuniao-na-ssp\/#breadcrumb\"},\"inLanguage\":\"pt-BR\",\"potentialAction\":[{\"@type\":\"ReadAction\",\"target\":[\"https:\/\/www.blogsoestado.com\/danielmatos\/policia-civil-mantem-protestos-apos-reuniao-na-ssp\/\"]}]},{\"@type\":\"ImageObject\",\"inLanguage\":\"pt-BR\",\"@id\":\"https:\/\/www.blogsoestado.com\/danielmatos\/policia-civil-mantem-protestos-apos-reuniao-na-ssp\/#primaryimage\",\"url\":\"https:\/\/www.blogsoestado.com\/danielmatos\/files\/2022\/04\/Screenshot_20220413-1909512.png\",\"contentUrl\":\"https:\/\/www.blogsoestado.com\/danielmatos\/files\/2022\/04\/Screenshot_20220413-1909512.png\"},{\"@type\":\"BreadcrumbList\",\"@id\":\"https:\/\/www.blogsoestado.com\/danielmatos\/policia-civil-mantem-protestos-apos-reuniao-na-ssp\/#breadcrumb\",\"itemListElement\":[{\"@type\":\"ListItem\",\"position\":1,\"name\":\"In\u00edcio\",\"item\":\"https:\/\/www.blogsoestado.com\/danielmatos\/\"},{\"@type\":\"ListItem\",\"position\":2,\"name\":\"Pol\u00edcia Civil mant\u00e9m protestos ap\u00f3s reuni\u00e3o na SSP\"}]},{\"@type\":\"WebSite\",\"@id\":\"https:\/\/www.blogsoestado.com\/danielmatos\/#website\",\"url\":\"https:\/\/www.blogsoestado.com\/danielmatos\/\",\"name\":\"Daniel Matos\",\"description\":\"\",\"potentialAction\":[{\"@type\":\"SearchAction\",\"target\":{\"@type\":\"EntryPoint\",\"urlTemplate\":\"https:\/\/www.blogsoestado.com\/danielmatos\/?s={search_term_string}\"},\"query-input\":{\"@type\":\"PropertyValueSpecification\",\"valueRequired\":true,\"valueName\":\"search_term_string\"}}],\"inLanguage\":\"pt-BR\"}]}<\/script>\n<!-- \/ Yoast SEO plugin. -->","yoast_head_json":{"title":"Pol\u00edcia Civil mant\u00e9m protestos ap\u00f3s reuni\u00e3o na SSP - Daniel Matos","robots":{"index":"index","follow":"follow","max-snippet":"max-snippet:-1","max-image-preview":"max-image-preview:large","max-video-preview":"max-video-preview:-1"},"canonical":"https:\/\/www.blogsoestado.com\/danielmatos\/policia-civil-mantem-protestos-apos-reuniao-na-ssp\/","og_locale":"pt_BR","og_type":"article","og_title":"Pol\u00edcia Civil mant\u00e9m protestos ap\u00f3s reuni\u00e3o na SSP - Daniel Matos","og_description":"Ap\u00f3s intensa mobiliza\u00e7\u00e3o dos policiais civis, a categoria foi recebida pelo secret\u00e1rio de Seguran\u00e7a P\u00fablica do Maranh\u00e3o, Cel. QOPM Silvio [&hellip;]","og_url":"https:\/\/www.blogsoestado.com\/danielmatos\/policia-civil-mantem-protestos-apos-reuniao-na-ssp\/","og_site_name":"Daniel Matos","article_published_time":"2022-04-13T22:18:23+00:00","og_image":[{"url":"https:\/\/www.blogsoestado.com\/danielmatos\/files\/2022\/04\/Screenshot_20220413-1909512.png","type":"","width":"","height":""}],"twitter_card":"summary_large_image","twitter_misc":{"Est. tempo de leitura":"2 minutos"},"schema":{"@context":"https:\/\/schema.org","@graph":[{"@type":"WebPage","@id":"https:\/\/www.blogsoestado.com\/danielmatos\/policia-civil-mantem-protestos-apos-reuniao-na-ssp\/","url":"https:\/\/www.blogsoestado.com\/danielmatos\/policia-civil-mantem-protestos-apos-reuniao-na-ssp\/","name":"Pol\u00edcia Civil mant\u00e9m protestos ap\u00f3s reuni\u00e3o na SSP - Daniel Matos","isPartOf":{"@id":"https:\/\/www.blogsoestado.com\/danielmatos\/#website"},"primaryImageOfPage":{"@id":"https:\/\/www.blogsoestado.com\/danielmatos\/policia-civil-mantem-protestos-apos-reuniao-na-ssp\/#primaryimage"},"image":{"@id":"https:\/\/www.blogsoestado.com\/danielmatos\/policia-civil-mantem-protestos-apos-reuniao-na-ssp\/#primaryimage"},"thumbnailUrl":"https:\/\/www.blogsoestado.com\/danielmatos\/files\/2022\/04\/Screenshot_20220413-1909512.png","datePublished":"2022-04-13T22:18:23+00:00","author":{"@id":""},"breadcrumb":{"@id":"https:\/\/www.blogsoestado.com\/danielmatos\/policia-civil-mantem-protestos-apos-reuniao-na-ssp\/#breadcrumb"},"inLanguage":"pt-BR","potentialAction":[{"@type":"ReadAction","target":["https:\/\/www.blogsoestado.com\/danielmatos\/policia-civil-mantem-protestos-apos-reuniao-na-ssp\/"]}]},{"@type":"ImageObject","inLanguage":"pt-BR","@id":"https:\/\/www.blogsoestado.com\/danielmatos\/policia-civil-mantem-protestos-apos-reuniao-na-ssp\/#primaryimage","url":"https:\/\/www.blogsoestado.com\/danielmatos\/files\/2022\/04\/Screenshot_20220413-1909512.png","contentUrl":"https:\/\/www.blogsoestado.com\/danielmatos\/files\/2022\/04\/Screenshot_20220413-1909512.png"},{"@type":"BreadcrumbList","@id":"https:\/\/www.blogsoestado.com\/danielmatos\/policia-civil-mantem-protestos-apos-reuniao-na-ssp\/#breadcrumb","itemListElement":[{"@type":"ListItem","position":1,"name":"In\u00edcio","item":"https:\/\/www.blogsoestado.com\/danielmatos\/"},{"@type":"ListItem","position":2,"name":"Pol\u00edcia Civil mant\u00e9m protestos ap\u00f3s reuni\u00e3o na SSP"}]},{"@type":"WebSite","@id":"https:\/\/www.blogsoestado.com\/danielmatos\/#website","url":"https:\/\/www.blogsoestado.com\/danielmatos\/","name":"Daniel Matos","description":"","potentialAction":[{"@type":"SearchAction","target":{"@type":"EntryPoint","urlTemplate":"https:\/\/www.blogsoestado.com\/danielmatos\/?s={search_term_string}"},"query-input":{"@type":"PropertyValueSpecification","valueRequired":true,"valueName":"search_term_string"}}],"inLanguage":"pt-BR"}]}},"jetpack_featured_media_url":"","_links":{"self":[{"href":"https:\/\/www.blogsoestado.com\/danielmatos\/wp-json\/wp\/v2\/posts\/96160","targetHints":{"allow":["GET"]}}],"collection":[{"href":"https:\/\/www.blogsoestado.com\/danielmatos\/wp-json\/wp\/v2\/posts"}],"about":[{"href":"https:\/\/www.blogsoestado.com\/danielmatos\/wp-json\/wp\/v2\/types\/post"}],"replies":[{"embeddable":true,"href":"https:\/\/www.blogsoestado.com\/danielmatos\/wp-json\/wp\/v2\/comments?post=96160"}],"version-history":[{"count":0,"href":"https:\/\/www.blogsoestado.com\/danielmatos\/wp-json\/wp\/v2\/posts\/96160\/revisions"}],"wp:attachment":[{"href":"https:\/\/www.blogsoestado.com\/danielmatos\/wp-json\/wp\/v2\/media?parent=96160"}],"wp:term":[{"taxonomy":"category","embeddable":true,"href":"https:\/\/www.blogsoestado.com\/danielmatos\/wp-json\/wp\/v2\/categories?post=96160"},{"taxonomy":"post_tag","embeddable":true,"href":"https:\/\/www.blogsoestado.com\/danielmatos\/wp-json\/wp\/v2\/tags?post=96160"}],"curies":[{"name":"wp","href":"https:\/\/api.w.org\/{rel}","templated":true}]}}