{"id":96185,"date":"2022-04-14T11:00:00","date_gmt":"2022-04-14T14:00:00","guid":{"rendered":"https:\/\/www.blogsoestado.com\/danielmatos\/?p=96185"},"modified":"2022-04-14T11:00:00","modified_gmt":"2022-04-14T14:00:00","slug":"grupo-as-marias-esta-de-volta-ao-blue-tree-na-programacao-do-sabado-de-aleluia","status":"publish","type":"post","link":"https:\/\/www.blogsoestado.com\/danielmatos\/grupo-as-marias-esta-de-volta-ao-blue-tree-na-programacao-do-sabado-de-aleluia\/","title":{"rendered":"Grupo As Marias est\u00e1 de volta ao Blue Tree na programa\u00e7\u00e3o do S\u00e1bado de Aleluia"},"content":{"rendered":"\n<div class=\"wp-block-image\"><figure class=\"aligncenter size-large\"><a href=\"https:\/\/www.blogsoestado.com\/danielmatos\/files\/2022\/04\/Screenshot_20220414-0151152.png\"><img decoding=\"async\" src=\"https:\/\/www.blogsoestado.com\/danielmatos\/files\/2022\/04\/Screenshot_20220414-0151152.png\" alt=\"\" class=\"wp-image-96186\"\/><\/a><figcaption><em>Girlene de S\u00e1, rainha de bateria da escola de samba Turma do Quinto<\/em><\/figcaption><\/figure><\/div>\n\n\n\n<p>O grupo de sambistas As Marias estar\u00e3o de volta ao Hotel Blue Tree S\u00e3o Lu\u00eds, na famosa e tradicional feijoada de S\u00e1bado de Aleluia, no dia 16, com toda comodidade do Oito Restaurante que pensa em cada detalhe para proporcionar uma experi\u00eancia \u00fanica a todos os clientes. Al\u00e9m disso, a crian\u00e7ada vai poder curtir a recrea\u00e7\u00e3o aqu\u00e1tica.<\/p>\n\n\n\n<p>J\u00e1 no Domingo de P\u00e1scoa, dia 17, o Blue Tree preparou um card\u00e1pio especial, em que ser\u00e3o ofertados pratos com experi\u00eancias gastron\u00f4micas t\u00edpicas da celebra\u00e7\u00e3o. Al\u00e9m disso, o hotel pensou em atividades recreativas especiais para as crian\u00e7as, como oficinas de pinturas, pintura art\u00edstica facial e ca\u00e7a aos ovos personalizados, que promete ser uma grande e divertida aventura.<\/p>\n\n\n\n<div class=\"wp-block-image\"><figure class=\"aligncenter size-large\"><a href=\"https:\/\/www.blogsoestado.com\/danielmatos\/files\/2022\/04\/Screenshot_20220414-0152572.png\"><img decoding=\"async\" src=\"https:\/\/www.blogsoestado.com\/danielmatos\/files\/2022\/04\/Screenshot_20220414-0152572.png\" alt=\"\" class=\"wp-image-96187\"\/><\/a><figcaption><em>Thaynara Guterres, madrinha de bateria da escola de samba Turma do Quinto<\/em><\/figcaption><\/figure><\/div>\n\n\n\n<p>\u201cA P\u00e1scoa traz um sentimento de esperan\u00e7a que se traduz em um momento de comunh\u00e3o \u00e0 mesa. Pensando nisso, preparamos uma programa\u00e7\u00e3o mais que especial para o feriado da Semana Santa para toda fam\u00edlia e com recrea\u00e7\u00e3o para os pequenos\u201d, destacou a diretora-geral do Blue Tree S\u00e3o Lu\u00eds, Jacira Haickel.<\/p>\n\n\n\n<p>Para esse feriado da Semana Santa, o Hotel Blue Tree est\u00e1 oferecendo pacotes exclusivos com hospedagens completa de sexta-feira a domingo com caf\u00e9, almo\u00e7o executivo e a comodidade dos quartos do Blue Tree. Al\u00e9m da bel\u00edssima \u00e1rea de lazer, incluindo jardins e piscina, para o deleite de familiares e amigos neste pr\u00f3ximo feriado.<\/p>\n\n\n\n<div class=\"wp-block-image\"><figure class=\"aligncenter size-large\"><a href=\"https:\/\/www.blogsoestado.com\/danielmatos\/files\/2022\/04\/Screenshot_20220414-0154452.png\"><img decoding=\"async\" src=\"https:\/\/www.blogsoestado.com\/danielmatos\/files\/2022\/04\/Screenshot_20220414-0154452.png\" alt=\"\" class=\"wp-image-96188\"\/><\/a><figcaption><em>Joana Sousa, passista da escola de samba da Turma do Quinto<\/em><\/figcaption><\/figure><\/div>\n\n\n\n<p>Para saber mais, acesse o Instagram do hotel (<a href=\"http:\/\/@bluetreesaoluishoteloficial\">@bluetreesaoluishoteloficial<\/a>).<\/p>\n","protected":false},"excerpt":{"rendered":"<p>O grupo de sambistas As Marias estar\u00e3o de volta ao Hotel Blue Tree S\u00e3o Lu\u00eds, na famosa e tradicional feijoada [&hellip;]<\/p>\n","protected":false},"author":0,"featured_media":0,"comment_status":"open","ping_status":"open","sticky":false,"template":"","format":"standard","meta":{"site-sidebar-layout":"default","site-content-layout":"","ast-site-content-layout":"default","site-content-style":"default","site-sidebar-style":"default","ast-global-header-display":"","ast-banner-title-visibility":"","ast-main-header-display":"","ast-hfb-above-header-display":"","ast-hfb-below-header-display":"","ast-hfb-mobile-header-display":"","site-post-title":"","ast-breadcrumbs-content":"","ast-featured-img":"","footer-sml-layout":"","ast-disable-related-posts":"","theme-transparent-header-meta":"","adv-header-id-meta":"","stick-header-meta":"","header-above-stick-meta":"","header-main-stick-meta":"","header-below-stick-meta":"","astra-migrate-meta-layouts":"default","ast-page-background-enabled":"default","ast-page-background-meta":{"desktop":{"background-color":"var(--ast-global-color-5)","background-image":"","background-repeat":"repeat","background-position":"center center","background-size":"auto","background-attachment":"scroll","background-type":"","background-media":"","overlay-type":"","overlay-color":"","overlay-opacity":"","overlay-gradient":""},"tablet":{"background-color":"","background-image":"","background-repeat":"repeat","background-position":"center center","background-size":"auto","background-attachment":"scroll","background-type":"","background-media":"","overlay-type":"","overlay-color":"","overlay-opacity":"","overlay-gradient":""},"mobile":{"background-color":"","background-image":"","background-repeat":"repeat","background-position":"center center","background-size":"auto","background-attachment":"scroll","background-type":"","background-media":"","overlay-type":"","overlay-color":"","overlay-opacity":"","overlay-gradient":""}},"ast-content-background-meta":{"desktop":{"background-color":"var(--ast-global-color-4)","background-image":"","background-repeat":"repeat","background-position":"center center","background-size":"auto","background-attachment":"scroll","background-type":"","background-media":"","overlay-type":"","overlay-color":"","overlay-opacity":"","overlay-gradient":""},"tablet":{"background-color":"var(--ast-global-color-4)","background-image":"","background-repeat":"repeat","background-position":"center center","background-size":"auto","background-attachment":"scroll","background-type":"","background-media":"","overlay-type":"","overlay-color":"","overlay-opacity":"","overlay-gradient":""},"mobile":{"background-color":"var(--ast-global-color-4)","background-image":"","background-repeat":"repeat","background-position":"center center","background-size":"auto","background-attachment":"scroll","background-type":"","background-media":"","overlay-type":"","overlay-color":"","overlay-opacity":"","overlay-gradient":""}},"footnotes":""},"categories":[1],"tags":[],"class_list":["post-96185","post","type-post","status-publish","format-standard","hentry","category-sem-categoria"],"yoast_head":"<!-- This site is optimized with the Yoast SEO plugin v26.6 - https:\/\/yoast.com\/wordpress\/plugins\/seo\/ -->\n<title>Grupo As Marias est\u00e1 de volta ao Blue Tree na programa\u00e7\u00e3o do S\u00e1bado de Aleluia - Daniel Matos<\/title>\n<meta name=\"robots\" content=\"index, follow, max-snippet:-1, max-image-preview:large, max-video-preview:-1\" \/>\n<link rel=\"canonical\" href=\"https:\/\/www.blogsoestado.com\/danielmatos\/grupo-as-marias-esta-de-volta-ao-blue-tree-na-programacao-do-sabado-de-aleluia\/\" \/>\n<meta property=\"og:locale\" content=\"pt_BR\" \/>\n<meta property=\"og:type\" content=\"article\" \/>\n<meta property=\"og:title\" content=\"Grupo As Marias est\u00e1 de volta ao Blue Tree na programa\u00e7\u00e3o do S\u00e1bado de Aleluia - Daniel Matos\" \/>\n<meta property=\"og:description\" content=\"O grupo de sambistas As Marias estar\u00e3o de volta ao Hotel Blue Tree S\u00e3o Lu\u00eds, na famosa e tradicional feijoada [&hellip;]\" \/>\n<meta property=\"og:url\" content=\"https:\/\/www.blogsoestado.com\/danielmatos\/grupo-as-marias-esta-de-volta-ao-blue-tree-na-programacao-do-sabado-de-aleluia\/\" \/>\n<meta property=\"og:site_name\" content=\"Daniel Matos\" \/>\n<meta property=\"article:published_time\" content=\"2022-04-14T14:00:00+00:00\" \/>\n<meta property=\"og:image\" content=\"https:\/\/www.blogsoestado.com\/danielmatos\/files\/2022\/04\/Screenshot_20220414-0151152.png\" \/>\n<meta name=\"twitter:card\" content=\"summary_large_image\" \/>\n<meta name=\"twitter:label1\" content=\"Est. tempo de leitura\" \/>\n\t<meta name=\"twitter:data1\" content=\"2 minutos\" \/>\n<script type=\"application\/ld+json\" class=\"yoast-schema-graph\">{\"@context\":\"https:\/\/schema.org\",\"@graph\":[{\"@type\":\"WebPage\",\"@id\":\"https:\/\/www.blogsoestado.com\/danielmatos\/grupo-as-marias-esta-de-volta-ao-blue-tree-na-programacao-do-sabado-de-aleluia\/\",\"url\":\"https:\/\/www.blogsoestado.com\/danielmatos\/grupo-as-marias-esta-de-volta-ao-blue-tree-na-programacao-do-sabado-de-aleluia\/\",\"name\":\"Grupo As Marias est\u00e1 de volta ao Blue Tree na programa\u00e7\u00e3o do S\u00e1bado de Aleluia - Daniel Matos\",\"isPartOf\":{\"@id\":\"https:\/\/www.blogsoestado.com\/danielmatos\/#website\"},\"primaryImageOfPage\":{\"@id\":\"https:\/\/www.blogsoestado.com\/danielmatos\/grupo-as-marias-esta-de-volta-ao-blue-tree-na-programacao-do-sabado-de-aleluia\/#primaryimage\"},\"image\":{\"@id\":\"https:\/\/www.blogsoestado.com\/danielmatos\/grupo-as-marias-esta-de-volta-ao-blue-tree-na-programacao-do-sabado-de-aleluia\/#primaryimage\"},\"thumbnailUrl\":\"https:\/\/www.blogsoestado.com\/danielmatos\/files\/2022\/04\/Screenshot_20220414-0151152.png\",\"datePublished\":\"2022-04-14T14:00:00+00:00\",\"author\":{\"@id\":\"\"},\"breadcrumb\":{\"@id\":\"https:\/\/www.blogsoestado.com\/danielmatos\/grupo-as-marias-esta-de-volta-ao-blue-tree-na-programacao-do-sabado-de-aleluia\/#breadcrumb\"},\"inLanguage\":\"pt-BR\",\"potentialAction\":[{\"@type\":\"ReadAction\",\"target\":[\"https:\/\/www.blogsoestado.com\/danielmatos\/grupo-as-marias-esta-de-volta-ao-blue-tree-na-programacao-do-sabado-de-aleluia\/\"]}]},{\"@type\":\"ImageObject\",\"inLanguage\":\"pt-BR\",\"@id\":\"https:\/\/www.blogsoestado.com\/danielmatos\/grupo-as-marias-esta-de-volta-ao-blue-tree-na-programacao-do-sabado-de-aleluia\/#primaryimage\",\"url\":\"https:\/\/www.blogsoestado.com\/danielmatos\/files\/2022\/04\/Screenshot_20220414-0151152.png\",\"contentUrl\":\"https:\/\/www.blogsoestado.com\/danielmatos\/files\/2022\/04\/Screenshot_20220414-0151152.png\"},{\"@type\":\"BreadcrumbList\",\"@id\":\"https:\/\/www.blogsoestado.com\/danielmatos\/grupo-as-marias-esta-de-volta-ao-blue-tree-na-programacao-do-sabado-de-aleluia\/#breadcrumb\",\"itemListElement\":[{\"@type\":\"ListItem\",\"position\":1,\"name\":\"In\u00edcio\",\"item\":\"https:\/\/www.blogsoestado.com\/danielmatos\/\"},{\"@type\":\"ListItem\",\"position\":2,\"name\":\"Grupo As Marias est\u00e1 de volta ao Blue Tree na programa\u00e7\u00e3o do S\u00e1bado de Aleluia\"}]},{\"@type\":\"WebSite\",\"@id\":\"https:\/\/www.blogsoestado.com\/danielmatos\/#website\",\"url\":\"https:\/\/www.blogsoestado.com\/danielmatos\/\",\"name\":\"Daniel Matos\",\"description\":\"\",\"potentialAction\":[{\"@type\":\"SearchAction\",\"target\":{\"@type\":\"EntryPoint\",\"urlTemplate\":\"https:\/\/www.blogsoestado.com\/danielmatos\/?s={search_term_string}\"},\"query-input\":{\"@type\":\"PropertyValueSpecification\",\"valueRequired\":true,\"valueName\":\"search_term_string\"}}],\"inLanguage\":\"pt-BR\"}]}<\/script>\n<!-- \/ Yoast SEO plugin. -->","yoast_head_json":{"title":"Grupo As Marias est\u00e1 de volta ao Blue Tree na programa\u00e7\u00e3o do S\u00e1bado de Aleluia - Daniel Matos","robots":{"index":"index","follow":"follow","max-snippet":"max-snippet:-1","max-image-preview":"max-image-preview:large","max-video-preview":"max-video-preview:-1"},"canonical":"https:\/\/www.blogsoestado.com\/danielmatos\/grupo-as-marias-esta-de-volta-ao-blue-tree-na-programacao-do-sabado-de-aleluia\/","og_locale":"pt_BR","og_type":"article","og_title":"Grupo As Marias est\u00e1 de volta ao Blue Tree na programa\u00e7\u00e3o do S\u00e1bado de Aleluia - Daniel Matos","og_description":"O grupo de sambistas As Marias estar\u00e3o de volta ao Hotel Blue Tree S\u00e3o Lu\u00eds, na famosa e tradicional feijoada [&hellip;]","og_url":"https:\/\/www.blogsoestado.com\/danielmatos\/grupo-as-marias-esta-de-volta-ao-blue-tree-na-programacao-do-sabado-de-aleluia\/","og_site_name":"Daniel Matos","article_published_time":"2022-04-14T14:00:00+00:00","og_image":[{"url":"https:\/\/www.blogsoestado.com\/danielmatos\/files\/2022\/04\/Screenshot_20220414-0151152.png","type":"","width":"","height":""}],"twitter_card":"summary_large_image","twitter_misc":{"Est. tempo de leitura":"2 minutos"},"schema":{"@context":"https:\/\/schema.org","@graph":[{"@type":"WebPage","@id":"https:\/\/www.blogsoestado.com\/danielmatos\/grupo-as-marias-esta-de-volta-ao-blue-tree-na-programacao-do-sabado-de-aleluia\/","url":"https:\/\/www.blogsoestado.com\/danielmatos\/grupo-as-marias-esta-de-volta-ao-blue-tree-na-programacao-do-sabado-de-aleluia\/","name":"Grupo As Marias est\u00e1 de volta ao Blue Tree na programa\u00e7\u00e3o do S\u00e1bado de Aleluia - Daniel Matos","isPartOf":{"@id":"https:\/\/www.blogsoestado.com\/danielmatos\/#website"},"primaryImageOfPage":{"@id":"https:\/\/www.blogsoestado.com\/danielmatos\/grupo-as-marias-esta-de-volta-ao-blue-tree-na-programacao-do-sabado-de-aleluia\/#primaryimage"},"image":{"@id":"https:\/\/www.blogsoestado.com\/danielmatos\/grupo-as-marias-esta-de-volta-ao-blue-tree-na-programacao-do-sabado-de-aleluia\/#primaryimage"},"thumbnailUrl":"https:\/\/www.blogsoestado.com\/danielmatos\/files\/2022\/04\/Screenshot_20220414-0151152.png","datePublished":"2022-04-14T14:00:00+00:00","author":{"@id":""},"breadcrumb":{"@id":"https:\/\/www.blogsoestado.com\/danielmatos\/grupo-as-marias-esta-de-volta-ao-blue-tree-na-programacao-do-sabado-de-aleluia\/#breadcrumb"},"inLanguage":"pt-BR","potentialAction":[{"@type":"ReadAction","target":["https:\/\/www.blogsoestado.com\/danielmatos\/grupo-as-marias-esta-de-volta-ao-blue-tree-na-programacao-do-sabado-de-aleluia\/"]}]},{"@type":"ImageObject","inLanguage":"pt-BR","@id":"https:\/\/www.blogsoestado.com\/danielmatos\/grupo-as-marias-esta-de-volta-ao-blue-tree-na-programacao-do-sabado-de-aleluia\/#primaryimage","url":"https:\/\/www.blogsoestado.com\/danielmatos\/files\/2022\/04\/Screenshot_20220414-0151152.png","contentUrl":"https:\/\/www.blogsoestado.com\/danielmatos\/files\/2022\/04\/Screenshot_20220414-0151152.png"},{"@type":"BreadcrumbList","@id":"https:\/\/www.blogsoestado.com\/danielmatos\/grupo-as-marias-esta-de-volta-ao-blue-tree-na-programacao-do-sabado-de-aleluia\/#breadcrumb","itemListElement":[{"@type":"ListItem","position":1,"name":"In\u00edcio","item":"https:\/\/www.blogsoestado.com\/danielmatos\/"},{"@type":"ListItem","position":2,"name":"Grupo As Marias est\u00e1 de volta ao Blue Tree na programa\u00e7\u00e3o do S\u00e1bado de Aleluia"}]},{"@type":"WebSite","@id":"https:\/\/www.blogsoestado.com\/danielmatos\/#website","url":"https:\/\/www.blogsoestado.com\/danielmatos\/","name":"Daniel Matos","description":"","potentialAction":[{"@type":"SearchAction","target":{"@type":"EntryPoint","urlTemplate":"https:\/\/www.blogsoestado.com\/danielmatos\/?s={search_term_string}"},"query-input":{"@type":"PropertyValueSpecification","valueRequired":true,"valueName":"search_term_string"}}],"inLanguage":"pt-BR"}]}},"jetpack_featured_media_url":"","_links":{"self":[{"href":"https:\/\/www.blogsoestado.com\/danielmatos\/wp-json\/wp\/v2\/posts\/96185","targetHints":{"allow":["GET"]}}],"collection":[{"href":"https:\/\/www.blogsoestado.com\/danielmatos\/wp-json\/wp\/v2\/posts"}],"about":[{"href":"https:\/\/www.blogsoestado.com\/danielmatos\/wp-json\/wp\/v2\/types\/post"}],"replies":[{"embeddable":true,"href":"https:\/\/www.blogsoestado.com\/danielmatos\/wp-json\/wp\/v2\/comments?post=96185"}],"version-history":[{"count":0,"href":"https:\/\/www.blogsoestado.com\/danielmatos\/wp-json\/wp\/v2\/posts\/96185\/revisions"}],"wp:attachment":[{"href":"https:\/\/www.blogsoestado.com\/danielmatos\/wp-json\/wp\/v2\/media?parent=96185"}],"wp:term":[{"taxonomy":"category","embeddable":true,"href":"https:\/\/www.blogsoestado.com\/danielmatos\/wp-json\/wp\/v2\/categories?post=96185"},{"taxonomy":"post_tag","embeddable":true,"href":"https:\/\/www.blogsoestado.com\/danielmatos\/wp-json\/wp\/v2\/tags?post=96185"}],"curies":[{"name":"wp","href":"https:\/\/api.w.org\/{rel}","templated":true}]}}