{"id":96192,"date":"2022-04-14T11:22:30","date_gmt":"2022-04-14T14:22:30","guid":{"rendered":"https:\/\/www.blogsoestado.com\/danielmatos\/?p=96192"},"modified":"2022-04-14T11:22:30","modified_gmt":"2022-04-14T14:22:30","slug":"prefeitura-realiza-encenacao-da-via-sacra-em-sao-jose-de-ribamar","status":"publish","type":"post","link":"https:\/\/www.blogsoestado.com\/danielmatos\/prefeitura-realiza-encenacao-da-via-sacra-em-sao-jose-de-ribamar\/","title":{"rendered":"Prefeitura realiza encena\u00e7\u00e3o da Via Sacra em S\u00e3o Jos\u00e9 de Ribamar"},"content":{"rendered":"\n<div class=\"wp-block-image\"><figure class=\"aligncenter size-large\"><a href=\"https:\/\/www.blogsoestado.com\/danielmatos\/files\/2022\/04\/Screenshot_20220414-1110022.png\"><img decoding=\"async\" src=\"https:\/\/www.blogsoestado.com\/danielmatos\/files\/2022\/04\/Screenshot_20220414-1110022.png\" alt=\"\" class=\"wp-image-96193\"\/><\/a><figcaption>Elenco e equipe de produ\u00e7\u00e3o respons\u00e1veis pela encena\u00e7\u00e3o da Via Sacra em S\u00e3o Jos\u00e9 de Ribamar<\/figcaption><\/figure><\/div>\n\n\n\n<p>A Prefeitura de S\u00e3o Jos\u00e9 de Ribamar realizar\u00e1, em pra\u00e7a p\u00fablica, a encena\u00e7\u00e3o da Via Sacra, no munic\u00edpio. O espet\u00e1culo ser\u00e1 realizado no Largo do Santu\u00e1rio e ter\u00e1 diversos palcos, trazendo riquezas de detalhes das \u00faltimas horas de Jesus Cristo.<\/p>\n\n\n\n<p>A Via Cr\u00facis ser\u00e1 representada por artistas ribamarenses, que sob a dire\u00e7\u00e3o do renomado diretor Alex Sander, interpretar\u00e3o as \u00e9picas cenas da Santa Ceia, condena\u00e7\u00e3o, crucifica\u00e7\u00e3o, morte e ressurrei\u00e7\u00e3o de Jesus Cristo.<\/p>\n\n\n\n<div class=\"wp-block-image\"><figure class=\"aligncenter size-large\"><a href=\"https:\/\/www.blogsoestado.com\/danielmatos\/files\/2022\/04\/Screenshot_20220414-1110242.png\"><img decoding=\"async\" src=\"https:\/\/www.blogsoestado.com\/danielmatos\/files\/2022\/04\/Screenshot_20220414-1110242.png\" alt=\"\" class=\"wp-image-96194\"\/><\/a><figcaption>Dire\u00e7\u00e3o do espet\u00e1culo se re\u00fane com o elenco para discutir detalhes da apresenta\u00e7\u00e3o<\/figcaption><\/figure><\/div>\n\n\n\n<p>Uma megaestrutura de palcos, sonoriza\u00e7\u00e3o e cenografia marcar\u00e1 momentos tradicionais j\u00e1 conhecidos pela hist\u00f3ria, e tamb\u00e9m momentos de reflex\u00e3o propostos pela dire\u00e7\u00e3o da pe\u00e7a. <em>\u201cDurante a encena\u00e7\u00e3o, teremos diversos momentos reflexivos, onde traremos a hist\u00f3ria tradicional e mesclaremos com os problemas sociais da sociedade atual, al\u00e9m de homenagear diversas figuras\u201d<\/em> , disse Sander, diretor art\u00edstico respons\u00e1vel pelo espet\u00e1culo.<\/p>\n\n\n\n<div class=\"wp-block-image\"><figure class=\"aligncenter size-large\"><a href=\"https:\/\/www.blogsoestado.com\/danielmatos\/files\/2022\/04\/Screenshot_20220414-1110432.png\"><img decoding=\"async\" src=\"https:\/\/www.blogsoestado.com\/danielmatos\/files\/2022\/04\/Screenshot_20220414-1110432.png\" alt=\"\" class=\"wp-image-96195\"\/><\/a><figcaption>Atores devidamente caracterizados para representar uma das passagens mais importantes da Paix\u00e3o de Cristo<\/figcaption><\/figure><\/div>\n\n\n\n<p>A encena\u00e7\u00e3o acontecer\u00e1 na Sexta-Feira Santa (15), a partir das 17h e uma reapresenta\u00e7\u00e3o no S\u00e1bado de Aleluia (16), a partir das 16h.<\/p>\n","protected":false},"excerpt":{"rendered":"<p>A Prefeitura de S\u00e3o Jos\u00e9 de Ribamar realizar\u00e1, em pra\u00e7a p\u00fablica, a encena\u00e7\u00e3o da Via Sacra, no munic\u00edpio. O espet\u00e1culo [&hellip;]<\/p>\n","protected":false},"author":0,"featured_media":0,"comment_status":"open","ping_status":"open","sticky":false,"template":"","format":"standard","meta":{"site-sidebar-layout":"default","site-content-layout":"","ast-site-content-layout":"default","site-content-style":"default","site-sidebar-style":"default","ast-global-header-display":"","ast-banner-title-visibility":"","ast-main-header-display":"","ast-hfb-above-header-display":"","ast-hfb-below-header-display":"","ast-hfb-mobile-header-display":"","site-post-title":"","ast-breadcrumbs-content":"","ast-featured-img":"","footer-sml-layout":"","ast-disable-related-posts":"","theme-transparent-header-meta":"","adv-header-id-meta":"","stick-header-meta":"","header-above-stick-meta":"","header-main-stick-meta":"","header-below-stick-meta":"","astra-migrate-meta-layouts":"default","ast-page-background-enabled":"default","ast-page-background-meta":{"desktop":{"background-color":"var(--ast-global-color-5)","background-image":"","background-repeat":"repeat","background-position":"center center","background-size":"auto","background-attachment":"scroll","background-type":"","background-media":"","overlay-type":"","overlay-color":"","overlay-opacity":"","overlay-gradient":""},"tablet":{"background-color":"","background-image":"","background-repeat":"repeat","background-position":"center center","background-size":"auto","background-attachment":"scroll","background-type":"","background-media":"","overlay-type":"","overlay-color":"","overlay-opacity":"","overlay-gradient":""},"mobile":{"background-color":"","background-image":"","background-repeat":"repeat","background-position":"center center","background-size":"auto","background-attachment":"scroll","background-type":"","background-media":"","overlay-type":"","overlay-color":"","overlay-opacity":"","overlay-gradient":""}},"ast-content-background-meta":{"desktop":{"background-color":"var(--ast-global-color-4)","background-image":"","background-repeat":"repeat","background-position":"center center","background-size":"auto","background-attachment":"scroll","background-type":"","background-media":"","overlay-type":"","overlay-color":"","overlay-opacity":"","overlay-gradient":""},"tablet":{"background-color":"var(--ast-global-color-4)","background-image":"","background-repeat":"repeat","background-position":"center center","background-size":"auto","background-attachment":"scroll","background-type":"","background-media":"","overlay-type":"","overlay-color":"","overlay-opacity":"","overlay-gradient":""},"mobile":{"background-color":"var(--ast-global-color-4)","background-image":"","background-repeat":"repeat","background-position":"center center","background-size":"auto","background-attachment":"scroll","background-type":"","background-media":"","overlay-type":"","overlay-color":"","overlay-opacity":"","overlay-gradient":""}},"footnotes":""},"categories":[1],"tags":[],"class_list":["post-96192","post","type-post","status-publish","format-standard","hentry","category-sem-categoria"],"yoast_head":"<!-- This site is optimized with the Yoast SEO plugin v26.6 - https:\/\/yoast.com\/wordpress\/plugins\/seo\/ -->\n<title>Prefeitura realiza encena\u00e7\u00e3o da Via Sacra em S\u00e3o Jos\u00e9 de Ribamar - Daniel Matos<\/title>\n<meta name=\"robots\" content=\"index, follow, max-snippet:-1, max-image-preview:large, max-video-preview:-1\" \/>\n<link rel=\"canonical\" href=\"https:\/\/www.blogsoestado.com\/danielmatos\/prefeitura-realiza-encenacao-da-via-sacra-em-sao-jose-de-ribamar\/\" \/>\n<meta property=\"og:locale\" content=\"pt_BR\" \/>\n<meta property=\"og:type\" content=\"article\" \/>\n<meta property=\"og:title\" content=\"Prefeitura realiza encena\u00e7\u00e3o da Via Sacra em S\u00e3o Jos\u00e9 de Ribamar - Daniel Matos\" \/>\n<meta property=\"og:description\" content=\"A Prefeitura de S\u00e3o Jos\u00e9 de Ribamar realizar\u00e1, em pra\u00e7a p\u00fablica, a encena\u00e7\u00e3o da Via Sacra, no munic\u00edpio. O espet\u00e1culo [&hellip;]\" \/>\n<meta property=\"og:url\" content=\"https:\/\/www.blogsoestado.com\/danielmatos\/prefeitura-realiza-encenacao-da-via-sacra-em-sao-jose-de-ribamar\/\" \/>\n<meta property=\"og:site_name\" content=\"Daniel Matos\" \/>\n<meta property=\"article:published_time\" content=\"2022-04-14T14:22:30+00:00\" \/>\n<meta property=\"og:image\" content=\"https:\/\/www.blogsoestado.com\/danielmatos\/files\/2022\/04\/Screenshot_20220414-1110022.png\" \/>\n<meta name=\"twitter:card\" content=\"summary_large_image\" \/>\n<meta name=\"twitter:label1\" content=\"Est. tempo de leitura\" \/>\n\t<meta name=\"twitter:data1\" content=\"2 minutos\" \/>\n<script type=\"application\/ld+json\" class=\"yoast-schema-graph\">{\"@context\":\"https:\/\/schema.org\",\"@graph\":[{\"@type\":\"WebPage\",\"@id\":\"https:\/\/www.blogsoestado.com\/danielmatos\/prefeitura-realiza-encenacao-da-via-sacra-em-sao-jose-de-ribamar\/\",\"url\":\"https:\/\/www.blogsoestado.com\/danielmatos\/prefeitura-realiza-encenacao-da-via-sacra-em-sao-jose-de-ribamar\/\",\"name\":\"Prefeitura realiza encena\u00e7\u00e3o da Via Sacra em S\u00e3o Jos\u00e9 de Ribamar - Daniel Matos\",\"isPartOf\":{\"@id\":\"https:\/\/www.blogsoestado.com\/danielmatos\/#website\"},\"primaryImageOfPage\":{\"@id\":\"https:\/\/www.blogsoestado.com\/danielmatos\/prefeitura-realiza-encenacao-da-via-sacra-em-sao-jose-de-ribamar\/#primaryimage\"},\"image\":{\"@id\":\"https:\/\/www.blogsoestado.com\/danielmatos\/prefeitura-realiza-encenacao-da-via-sacra-em-sao-jose-de-ribamar\/#primaryimage\"},\"thumbnailUrl\":\"https:\/\/www.blogsoestado.com\/danielmatos\/files\/2022\/04\/Screenshot_20220414-1110022.png\",\"datePublished\":\"2022-04-14T14:22:30+00:00\",\"author\":{\"@id\":\"\"},\"breadcrumb\":{\"@id\":\"https:\/\/www.blogsoestado.com\/danielmatos\/prefeitura-realiza-encenacao-da-via-sacra-em-sao-jose-de-ribamar\/#breadcrumb\"},\"inLanguage\":\"pt-BR\",\"potentialAction\":[{\"@type\":\"ReadAction\",\"target\":[\"https:\/\/www.blogsoestado.com\/danielmatos\/prefeitura-realiza-encenacao-da-via-sacra-em-sao-jose-de-ribamar\/\"]}]},{\"@type\":\"ImageObject\",\"inLanguage\":\"pt-BR\",\"@id\":\"https:\/\/www.blogsoestado.com\/danielmatos\/prefeitura-realiza-encenacao-da-via-sacra-em-sao-jose-de-ribamar\/#primaryimage\",\"url\":\"https:\/\/www.blogsoestado.com\/danielmatos\/files\/2022\/04\/Screenshot_20220414-1110022.png\",\"contentUrl\":\"https:\/\/www.blogsoestado.com\/danielmatos\/files\/2022\/04\/Screenshot_20220414-1110022.png\"},{\"@type\":\"BreadcrumbList\",\"@id\":\"https:\/\/www.blogsoestado.com\/danielmatos\/prefeitura-realiza-encenacao-da-via-sacra-em-sao-jose-de-ribamar\/#breadcrumb\",\"itemListElement\":[{\"@type\":\"ListItem\",\"position\":1,\"name\":\"In\u00edcio\",\"item\":\"https:\/\/www.blogsoestado.com\/danielmatos\/\"},{\"@type\":\"ListItem\",\"position\":2,\"name\":\"Prefeitura realiza encena\u00e7\u00e3o da Via Sacra em S\u00e3o Jos\u00e9 de Ribamar\"}]},{\"@type\":\"WebSite\",\"@id\":\"https:\/\/www.blogsoestado.com\/danielmatos\/#website\",\"url\":\"https:\/\/www.blogsoestado.com\/danielmatos\/\",\"name\":\"Daniel Matos\",\"description\":\"\",\"potentialAction\":[{\"@type\":\"SearchAction\",\"target\":{\"@type\":\"EntryPoint\",\"urlTemplate\":\"https:\/\/www.blogsoestado.com\/danielmatos\/?s={search_term_string}\"},\"query-input\":{\"@type\":\"PropertyValueSpecification\",\"valueRequired\":true,\"valueName\":\"search_term_string\"}}],\"inLanguage\":\"pt-BR\"}]}<\/script>\n<!-- \/ Yoast SEO plugin. -->","yoast_head_json":{"title":"Prefeitura realiza encena\u00e7\u00e3o da Via Sacra em S\u00e3o Jos\u00e9 de Ribamar - Daniel Matos","robots":{"index":"index","follow":"follow","max-snippet":"max-snippet:-1","max-image-preview":"max-image-preview:large","max-video-preview":"max-video-preview:-1"},"canonical":"https:\/\/www.blogsoestado.com\/danielmatos\/prefeitura-realiza-encenacao-da-via-sacra-em-sao-jose-de-ribamar\/","og_locale":"pt_BR","og_type":"article","og_title":"Prefeitura realiza encena\u00e7\u00e3o da Via Sacra em S\u00e3o Jos\u00e9 de Ribamar - Daniel Matos","og_description":"A Prefeitura de S\u00e3o Jos\u00e9 de Ribamar realizar\u00e1, em pra\u00e7a p\u00fablica, a encena\u00e7\u00e3o da Via Sacra, no munic\u00edpio. O espet\u00e1culo [&hellip;]","og_url":"https:\/\/www.blogsoestado.com\/danielmatos\/prefeitura-realiza-encenacao-da-via-sacra-em-sao-jose-de-ribamar\/","og_site_name":"Daniel Matos","article_published_time":"2022-04-14T14:22:30+00:00","og_image":[{"url":"https:\/\/www.blogsoestado.com\/danielmatos\/files\/2022\/04\/Screenshot_20220414-1110022.png","type":"","width":"","height":""}],"twitter_card":"summary_large_image","twitter_misc":{"Est. tempo de leitura":"2 minutos"},"schema":{"@context":"https:\/\/schema.org","@graph":[{"@type":"WebPage","@id":"https:\/\/www.blogsoestado.com\/danielmatos\/prefeitura-realiza-encenacao-da-via-sacra-em-sao-jose-de-ribamar\/","url":"https:\/\/www.blogsoestado.com\/danielmatos\/prefeitura-realiza-encenacao-da-via-sacra-em-sao-jose-de-ribamar\/","name":"Prefeitura realiza encena\u00e7\u00e3o da Via Sacra em S\u00e3o Jos\u00e9 de Ribamar - Daniel Matos","isPartOf":{"@id":"https:\/\/www.blogsoestado.com\/danielmatos\/#website"},"primaryImageOfPage":{"@id":"https:\/\/www.blogsoestado.com\/danielmatos\/prefeitura-realiza-encenacao-da-via-sacra-em-sao-jose-de-ribamar\/#primaryimage"},"image":{"@id":"https:\/\/www.blogsoestado.com\/danielmatos\/prefeitura-realiza-encenacao-da-via-sacra-em-sao-jose-de-ribamar\/#primaryimage"},"thumbnailUrl":"https:\/\/www.blogsoestado.com\/danielmatos\/files\/2022\/04\/Screenshot_20220414-1110022.png","datePublished":"2022-04-14T14:22:30+00:00","author":{"@id":""},"breadcrumb":{"@id":"https:\/\/www.blogsoestado.com\/danielmatos\/prefeitura-realiza-encenacao-da-via-sacra-em-sao-jose-de-ribamar\/#breadcrumb"},"inLanguage":"pt-BR","potentialAction":[{"@type":"ReadAction","target":["https:\/\/www.blogsoestado.com\/danielmatos\/prefeitura-realiza-encenacao-da-via-sacra-em-sao-jose-de-ribamar\/"]}]},{"@type":"ImageObject","inLanguage":"pt-BR","@id":"https:\/\/www.blogsoestado.com\/danielmatos\/prefeitura-realiza-encenacao-da-via-sacra-em-sao-jose-de-ribamar\/#primaryimage","url":"https:\/\/www.blogsoestado.com\/danielmatos\/files\/2022\/04\/Screenshot_20220414-1110022.png","contentUrl":"https:\/\/www.blogsoestado.com\/danielmatos\/files\/2022\/04\/Screenshot_20220414-1110022.png"},{"@type":"BreadcrumbList","@id":"https:\/\/www.blogsoestado.com\/danielmatos\/prefeitura-realiza-encenacao-da-via-sacra-em-sao-jose-de-ribamar\/#breadcrumb","itemListElement":[{"@type":"ListItem","position":1,"name":"In\u00edcio","item":"https:\/\/www.blogsoestado.com\/danielmatos\/"},{"@type":"ListItem","position":2,"name":"Prefeitura realiza encena\u00e7\u00e3o da Via Sacra em S\u00e3o Jos\u00e9 de Ribamar"}]},{"@type":"WebSite","@id":"https:\/\/www.blogsoestado.com\/danielmatos\/#website","url":"https:\/\/www.blogsoestado.com\/danielmatos\/","name":"Daniel Matos","description":"","potentialAction":[{"@type":"SearchAction","target":{"@type":"EntryPoint","urlTemplate":"https:\/\/www.blogsoestado.com\/danielmatos\/?s={search_term_string}"},"query-input":{"@type":"PropertyValueSpecification","valueRequired":true,"valueName":"search_term_string"}}],"inLanguage":"pt-BR"}]}},"jetpack_featured_media_url":"","_links":{"self":[{"href":"https:\/\/www.blogsoestado.com\/danielmatos\/wp-json\/wp\/v2\/posts\/96192","targetHints":{"allow":["GET"]}}],"collection":[{"href":"https:\/\/www.blogsoestado.com\/danielmatos\/wp-json\/wp\/v2\/posts"}],"about":[{"href":"https:\/\/www.blogsoestado.com\/danielmatos\/wp-json\/wp\/v2\/types\/post"}],"replies":[{"embeddable":true,"href":"https:\/\/www.blogsoestado.com\/danielmatos\/wp-json\/wp\/v2\/comments?post=96192"}],"version-history":[{"count":0,"href":"https:\/\/www.blogsoestado.com\/danielmatos\/wp-json\/wp\/v2\/posts\/96192\/revisions"}],"wp:attachment":[{"href":"https:\/\/www.blogsoestado.com\/danielmatos\/wp-json\/wp\/v2\/media?parent=96192"}],"wp:term":[{"taxonomy":"category","embeddable":true,"href":"https:\/\/www.blogsoestado.com\/danielmatos\/wp-json\/wp\/v2\/categories?post=96192"},{"taxonomy":"post_tag","embeddable":true,"href":"https:\/\/www.blogsoestado.com\/danielmatos\/wp-json\/wp\/v2\/tags?post=96192"}],"curies":[{"name":"wp","href":"https:\/\/api.w.org\/{rel}","templated":true}]}}