{"id":96200,"date":"2022-04-14T15:22:13","date_gmt":"2022-04-14T18:22:13","guid":{"rendered":"https:\/\/www.blogsoestado.com\/danielmatos\/?p=96200"},"modified":"2022-04-14T15:22:13","modified_gmt":"2022-04-14T18:22:13","slug":"sindicato-recorrera-de-decisao-favoravel-a-braide-que-decretou-ilegalidade-da-greve-de-professores","status":"publish","type":"post","link":"https:\/\/www.blogsoestado.com\/danielmatos\/sindicato-recorrera-de-decisao-favoravel-a-braide-que-decretou-ilegalidade-da-greve-de-professores\/","title":{"rendered":"Sindicato recorrer\u00e1 de decis\u00e3o favor\u00e1vel a Braide que decretou ilegalidade da greve de professores"},"content":{"rendered":"\n<div class=\"wp-block-image\"><figure class=\"aligncenter size-large\"><a href=\"https:\/\/www.blogsoestado.com\/danielmatos\/files\/2022\/04\/Screenshot_20220414-1520182.png\"><img decoding=\"async\" src=\"https:\/\/www.blogsoestado.com\/danielmatos\/files\/2022\/04\/Screenshot_20220414-1520182.png\" alt=\"\" class=\"wp-image-96201\"\/><\/a><\/figure><\/div>\n\n\n\n<p>Em nota, o Sindicato dos Profissionais do Magist\u00e9rio da Rede P\u00fablica Municipal de S\u00e3o Lu\u00eds (Sindeducacao) anunciou que recorrer\u00e1 para tentar derrubar a decis\u00e3o liminar favor\u00e1vel v\u00e1 Prefeitura de S\u00e3o Lu\u00eds que decretou a ilegalidade da greve da categoria, que tem in\u00edcio marcado para o pr\u00f3ximo dia 18.<\/p>\n\n\n\n<p>A entidade assegura que cumpriu todos os tr\u00e2mites previstos pela Lei de Greve antes de decidir deflagrar a paralisa\u00e7\u00e3o. Por isso, estranha a decis\u00e3o da Justi\u00e7a de barrar um movimento que ainda nem come\u00e7ou.<\/p>\n\n\n\n<p>O Sindeduca\u00e7\u00e3o lembra que participou de todas as reuni\u00f5es da mesa de negocia\u00e7\u00e3o em busca de acordo com a administra\u00e7\u00e3o municipal que evitasse a greve. Em todas, segundo o sindicato de professores, a prefeitura insistiu em uma proposta de reajuste salarial de apenas 5%, bem avisado, bem abaixo dos 35,56% reivindica\u00e7\u00f5es pela categoria.<\/p>\n\n\n\n<p>Abaixo, a nota do Sindeduca\u00e7\u00e3o:<\/p>\n\n\n\n<p><strong>NOTA SINDEDUCACAO<\/strong> w<\/p>\n\n\n\n<p><strong><em>Sindeduca\u00e7\u00e3o informa que continuar\u00e1 na luta por valoriza\u00e7\u00e3o e adotar\u00e1 medidas judiciais cab\u00edveis para combater decis\u00e3o que determina ilegalidade e suspens\u00e3o da greve<\/em><\/strong><\/p>\n\n\n\n<p><em>O Sindeduca\u00e7\u00e3o e sua Assessoria Jur\u00eddica receberam com \u201csurpresa\u201d, nesta manh\u00e3 de quarta-feira (13), decis\u00e3o determinando a ilegalidade e a suspens\u00e3o da greve que sequer come\u00e7ou, pois o movimento foi deflagrado para ter in\u00edcio somente na pr\u00f3xima segunda-feira, dia 18 de abril.<\/em><\/p>\n\n\n\n<p><em>Causou estranheza essa decis\u00e3o, pois o Sindeduca\u00e7\u00e3o e a categoria seguiram todos os tr\u00e2mites previstos na <strong>Lei Geral de Greve<\/strong>, aplic\u00e1vel \u00e0s greves no servi\u00e7o p\u00fablico, bem como em reiteradas decis\u00f5es dos mais diversos tribunais do Pa\u00eds. Em v\u00e1rias assembleias gerais, o Sindeduca\u00e7\u00e3o trilhou o caminho correto para que a greve fosse deflagrada, primeiro declarando estado de greve, posteriormente o indicativo de greve, sem que a Prefeitura de S\u00e3o Lu\u00eds, durante este per\u00edodo, oferecesse proposta al\u00e9m dos 5% de reajuste para os profissionais do magist\u00e9rio, rejeitado \u00e0 unanimidade pela categoria em assembleia geral.\u00a0<\/em><\/p>\n\n\n\n<p><em>Quanto aos requisitos exigidos por Lei para que a greve seja deflagrada de forma legal e leg\u00edtima, o Sindeduca\u00e7\u00e3o afirma ter cumprido at\u00e9 agora todos, inclusive no que tange \u00e0 notifica\u00e7\u00e3o obrigat\u00f3ria com anteced\u00eancia m\u00ednima de 72 horas, por meio de comunicado protocolado na Prefeitura de S\u00e3o Lu\u00eds e na Secretaria Municipal de Educa\u00e7\u00e3o (Semed) na segunda-feira (11) pela manh\u00e3, n\u00e3o procedendo a informa\u00e7\u00e3o levada ao Judici\u00e1rio pelo Munic\u00edpio, de que soube da greve \u201cpor meio das redes sociais\u201d.<\/em><\/p>\n\n\n\n<p><em>Igualmente, o Sindeduca\u00e7\u00e3o sempre esteve aberto ao mais amplo di\u00e1logo, tanto que participou das 5 reuni\u00f5es da Mesa de Negocia\u00e7\u00e3o tratando sobre a campanha salarial, sendo que a Prefeitura\/Semed apresentou, nestas ocasi\u00f5es, apenas uma proposta, encerrando-se as negocia\u00e7\u00f5es pela aus\u00eancia de qualquer outra proposta que fosse al\u00e9m dos 5% de reajuste e da negativa do Poder P\u00fablico em apresentar os relat\u00f3rios de gastos dos recursos Fundo de Manuten\u00e7\u00e3o e Desenvolvimento da Educa\u00e7\u00e3o B\u00e1sica (Fundeb) e de estudos financeiros id\u00f4neos que indicassem n\u00e3o ser poss\u00edvel o atendimento do pleito da categoria.<\/em><\/p>\n\n\n\n<p><em>Portanto, indevida a decis\u00e3o liminar que, sem ouvir as raz\u00f5es do Sindeduca\u00e7\u00e3o, determina a suspens\u00e3o de movimento que ainda sequer foi iniciado, acabando por negar \u00e0 categoria o exerc\u00edcio do pr\u00f3prio direito de greve, tal como constitucionalmente assegurado. Por fim, o Sindeduca\u00e7\u00e3o informa que continuar\u00e1 na luta pela valoriza\u00e7\u00e3o da categoria e adotar\u00e1 as medidas judiciais cab\u00edveis para combater esta decis\u00e3o apressada e inadequada.<\/em><\/p>\n\n\n\n<p><strong>A DIRE\u00c7\u00c3O<\/strong><\/p>\n","protected":false},"excerpt":{"rendered":"<p>Em nota, o Sindicato dos Profissionais do Magist\u00e9rio da Rede P\u00fablica Municipal de S\u00e3o Lu\u00eds (Sindeducacao) anunciou que recorrer\u00e1 para [&hellip;]<\/p>\n","protected":false},"author":0,"featured_media":0,"comment_status":"open","ping_status":"open","sticky":false,"template":"","format":"standard","meta":{"site-sidebar-layout":"default","site-content-layout":"","ast-site-content-layout":"default","site-content-style":"default","site-sidebar-style":"default","ast-global-header-display":"","ast-banner-title-visibility":"","ast-main-header-display":"","ast-hfb-above-header-display":"","ast-hfb-below-header-display":"","ast-hfb-mobile-header-display":"","site-post-title":"","ast-breadcrumbs-content":"","ast-featured-img":"","footer-sml-layout":"","ast-disable-related-posts":"","theme-transparent-header-meta":"","adv-header-id-meta":"","stick-header-meta":"","header-above-stick-meta":"","header-main-stick-meta":"","header-below-stick-meta":"","astra-migrate-meta-layouts":"default","ast-page-background-enabled":"default","ast-page-background-meta":{"desktop":{"background-color":"var(--ast-global-color-5)","background-image":"","background-repeat":"repeat","background-position":"center center","background-size":"auto","background-attachment":"scroll","background-type":"","background-media":"","overlay-type":"","overlay-color":"","overlay-opacity":"","overlay-gradient":""},"tablet":{"background-color":"","background-image":"","background-repeat":"repeat","background-position":"center center","background-size":"auto","background-attachment":"scroll","background-type":"","background-media":"","overlay-type":"","overlay-color":"","overlay-opacity":"","overlay-gradient":""},"mobile":{"background-color":"","background-image":"","background-repeat":"repeat","background-position":"center center","background-size":"auto","background-attachment":"scroll","background-type":"","background-media":"","overlay-type":"","overlay-color":"","overlay-opacity":"","overlay-gradient":""}},"ast-content-background-meta":{"desktop":{"background-color":"var(--ast-global-color-4)","background-image":"","background-repeat":"repeat","background-position":"center center","background-size":"auto","background-attachment":"scroll","background-type":"","background-media":"","overlay-type":"","overlay-color":"","overlay-opacity":"","overlay-gradient":""},"tablet":{"background-color":"var(--ast-global-color-4)","background-image":"","background-repeat":"repeat","background-position":"center center","background-size":"auto","background-attachment":"scroll","background-type":"","background-media":"","overlay-type":"","overlay-color":"","overlay-opacity":"","overlay-gradient":""},"mobile":{"background-color":"var(--ast-global-color-4)","background-image":"","background-repeat":"repeat","background-position":"center center","background-size":"auto","background-attachment":"scroll","background-type":"","background-media":"","overlay-type":"","overlay-color":"","overlay-opacity":"","overlay-gradient":""}},"footnotes":""},"categories":[1],"tags":[],"class_list":["post-96200","post","type-post","status-publish","format-standard","hentry","category-sem-categoria"],"yoast_head":"<!-- This site is optimized with the Yoast SEO plugin v26.6 - https:\/\/yoast.com\/wordpress\/plugins\/seo\/ -->\n<title>Sindicato recorrer\u00e1 de decis\u00e3o favor\u00e1vel a Braide que decretou ilegalidade da greve de professores - Daniel Matos<\/title>\n<meta name=\"robots\" content=\"index, follow, max-snippet:-1, max-image-preview:large, max-video-preview:-1\" \/>\n<link rel=\"canonical\" href=\"https:\/\/www.blogsoestado.com\/danielmatos\/sindicato-recorrera-de-decisao-favoravel-a-braide-que-decretou-ilegalidade-da-greve-de-professores\/\" \/>\n<meta property=\"og:locale\" content=\"pt_BR\" \/>\n<meta property=\"og:type\" content=\"article\" \/>\n<meta property=\"og:title\" content=\"Sindicato recorrer\u00e1 de decis\u00e3o favor\u00e1vel a Braide que decretou ilegalidade da greve de professores - Daniel Matos\" \/>\n<meta property=\"og:description\" content=\"Em nota, o Sindicato dos Profissionais do Magist\u00e9rio da Rede P\u00fablica Municipal de S\u00e3o Lu\u00eds (Sindeducacao) anunciou que recorrer\u00e1 para [&hellip;]\" \/>\n<meta property=\"og:url\" content=\"https:\/\/www.blogsoestado.com\/danielmatos\/sindicato-recorrera-de-decisao-favoravel-a-braide-que-decretou-ilegalidade-da-greve-de-professores\/\" \/>\n<meta property=\"og:site_name\" content=\"Daniel Matos\" \/>\n<meta property=\"article:published_time\" content=\"2022-04-14T18:22:13+00:00\" \/>\n<meta property=\"og:image\" content=\"https:\/\/www.blogsoestado.com\/danielmatos\/files\/2022\/04\/Screenshot_20220414-1520182.png\" \/>\n<meta name=\"twitter:card\" content=\"summary_large_image\" \/>\n<meta name=\"twitter:label1\" content=\"Est. tempo de leitura\" \/>\n\t<meta name=\"twitter:data1\" content=\"3 minutos\" \/>\n<script type=\"application\/ld+json\" class=\"yoast-schema-graph\">{\"@context\":\"https:\/\/schema.org\",\"@graph\":[{\"@type\":\"WebPage\",\"@id\":\"https:\/\/www.blogsoestado.com\/danielmatos\/sindicato-recorrera-de-decisao-favoravel-a-braide-que-decretou-ilegalidade-da-greve-de-professores\/\",\"url\":\"https:\/\/www.blogsoestado.com\/danielmatos\/sindicato-recorrera-de-decisao-favoravel-a-braide-que-decretou-ilegalidade-da-greve-de-professores\/\",\"name\":\"Sindicato recorrer\u00e1 de decis\u00e3o favor\u00e1vel a Braide que decretou ilegalidade da greve de professores - Daniel Matos\",\"isPartOf\":{\"@id\":\"https:\/\/www.blogsoestado.com\/danielmatos\/#website\"},\"primaryImageOfPage\":{\"@id\":\"https:\/\/www.blogsoestado.com\/danielmatos\/sindicato-recorrera-de-decisao-favoravel-a-braide-que-decretou-ilegalidade-da-greve-de-professores\/#primaryimage\"},\"image\":{\"@id\":\"https:\/\/www.blogsoestado.com\/danielmatos\/sindicato-recorrera-de-decisao-favoravel-a-braide-que-decretou-ilegalidade-da-greve-de-professores\/#primaryimage\"},\"thumbnailUrl\":\"https:\/\/www.blogsoestado.com\/danielmatos\/files\/2022\/04\/Screenshot_20220414-1520182.png\",\"datePublished\":\"2022-04-14T18:22:13+00:00\",\"author\":{\"@id\":\"\"},\"breadcrumb\":{\"@id\":\"https:\/\/www.blogsoestado.com\/danielmatos\/sindicato-recorrera-de-decisao-favoravel-a-braide-que-decretou-ilegalidade-da-greve-de-professores\/#breadcrumb\"},\"inLanguage\":\"pt-BR\",\"potentialAction\":[{\"@type\":\"ReadAction\",\"target\":[\"https:\/\/www.blogsoestado.com\/danielmatos\/sindicato-recorrera-de-decisao-favoravel-a-braide-que-decretou-ilegalidade-da-greve-de-professores\/\"]}]},{\"@type\":\"ImageObject\",\"inLanguage\":\"pt-BR\",\"@id\":\"https:\/\/www.blogsoestado.com\/danielmatos\/sindicato-recorrera-de-decisao-favoravel-a-braide-que-decretou-ilegalidade-da-greve-de-professores\/#primaryimage\",\"url\":\"https:\/\/www.blogsoestado.com\/danielmatos\/files\/2022\/04\/Screenshot_20220414-1520182.png\",\"contentUrl\":\"https:\/\/www.blogsoestado.com\/danielmatos\/files\/2022\/04\/Screenshot_20220414-1520182.png\"},{\"@type\":\"BreadcrumbList\",\"@id\":\"https:\/\/www.blogsoestado.com\/danielmatos\/sindicato-recorrera-de-decisao-favoravel-a-braide-que-decretou-ilegalidade-da-greve-de-professores\/#breadcrumb\",\"itemListElement\":[{\"@type\":\"ListItem\",\"position\":1,\"name\":\"In\u00edcio\",\"item\":\"https:\/\/www.blogsoestado.com\/danielmatos\/\"},{\"@type\":\"ListItem\",\"position\":2,\"name\":\"Sindicato recorrer\u00e1 de decis\u00e3o favor\u00e1vel a Braide que decretou ilegalidade da greve de professores\"}]},{\"@type\":\"WebSite\",\"@id\":\"https:\/\/www.blogsoestado.com\/danielmatos\/#website\",\"url\":\"https:\/\/www.blogsoestado.com\/danielmatos\/\",\"name\":\"Daniel Matos\",\"description\":\"\",\"potentialAction\":[{\"@type\":\"SearchAction\",\"target\":{\"@type\":\"EntryPoint\",\"urlTemplate\":\"https:\/\/www.blogsoestado.com\/danielmatos\/?s={search_term_string}\"},\"query-input\":{\"@type\":\"PropertyValueSpecification\",\"valueRequired\":true,\"valueName\":\"search_term_string\"}}],\"inLanguage\":\"pt-BR\"}]}<\/script>\n<!-- \/ Yoast SEO plugin. -->","yoast_head_json":{"title":"Sindicato recorrer\u00e1 de decis\u00e3o favor\u00e1vel a Braide que decretou ilegalidade da greve de professores - Daniel Matos","robots":{"index":"index","follow":"follow","max-snippet":"max-snippet:-1","max-image-preview":"max-image-preview:large","max-video-preview":"max-video-preview:-1"},"canonical":"https:\/\/www.blogsoestado.com\/danielmatos\/sindicato-recorrera-de-decisao-favoravel-a-braide-que-decretou-ilegalidade-da-greve-de-professores\/","og_locale":"pt_BR","og_type":"article","og_title":"Sindicato recorrer\u00e1 de decis\u00e3o favor\u00e1vel a Braide que decretou ilegalidade da greve de professores - Daniel Matos","og_description":"Em nota, o Sindicato dos Profissionais do Magist\u00e9rio da Rede P\u00fablica Municipal de S\u00e3o Lu\u00eds (Sindeducacao) anunciou que recorrer\u00e1 para [&hellip;]","og_url":"https:\/\/www.blogsoestado.com\/danielmatos\/sindicato-recorrera-de-decisao-favoravel-a-braide-que-decretou-ilegalidade-da-greve-de-professores\/","og_site_name":"Daniel Matos","article_published_time":"2022-04-14T18:22:13+00:00","og_image":[{"url":"https:\/\/www.blogsoestado.com\/danielmatos\/files\/2022\/04\/Screenshot_20220414-1520182.png","type":"","width":"","height":""}],"twitter_card":"summary_large_image","twitter_misc":{"Est. tempo de leitura":"3 minutos"},"schema":{"@context":"https:\/\/schema.org","@graph":[{"@type":"WebPage","@id":"https:\/\/www.blogsoestado.com\/danielmatos\/sindicato-recorrera-de-decisao-favoravel-a-braide-que-decretou-ilegalidade-da-greve-de-professores\/","url":"https:\/\/www.blogsoestado.com\/danielmatos\/sindicato-recorrera-de-decisao-favoravel-a-braide-que-decretou-ilegalidade-da-greve-de-professores\/","name":"Sindicato recorrer\u00e1 de decis\u00e3o favor\u00e1vel a Braide que decretou ilegalidade da greve de professores - Daniel Matos","isPartOf":{"@id":"https:\/\/www.blogsoestado.com\/danielmatos\/#website"},"primaryImageOfPage":{"@id":"https:\/\/www.blogsoestado.com\/danielmatos\/sindicato-recorrera-de-decisao-favoravel-a-braide-que-decretou-ilegalidade-da-greve-de-professores\/#primaryimage"},"image":{"@id":"https:\/\/www.blogsoestado.com\/danielmatos\/sindicato-recorrera-de-decisao-favoravel-a-braide-que-decretou-ilegalidade-da-greve-de-professores\/#primaryimage"},"thumbnailUrl":"https:\/\/www.blogsoestado.com\/danielmatos\/files\/2022\/04\/Screenshot_20220414-1520182.png","datePublished":"2022-04-14T18:22:13+00:00","author":{"@id":""},"breadcrumb":{"@id":"https:\/\/www.blogsoestado.com\/danielmatos\/sindicato-recorrera-de-decisao-favoravel-a-braide-que-decretou-ilegalidade-da-greve-de-professores\/#breadcrumb"},"inLanguage":"pt-BR","potentialAction":[{"@type":"ReadAction","target":["https:\/\/www.blogsoestado.com\/danielmatos\/sindicato-recorrera-de-decisao-favoravel-a-braide-que-decretou-ilegalidade-da-greve-de-professores\/"]}]},{"@type":"ImageObject","inLanguage":"pt-BR","@id":"https:\/\/www.blogsoestado.com\/danielmatos\/sindicato-recorrera-de-decisao-favoravel-a-braide-que-decretou-ilegalidade-da-greve-de-professores\/#primaryimage","url":"https:\/\/www.blogsoestado.com\/danielmatos\/files\/2022\/04\/Screenshot_20220414-1520182.png","contentUrl":"https:\/\/www.blogsoestado.com\/danielmatos\/files\/2022\/04\/Screenshot_20220414-1520182.png"},{"@type":"BreadcrumbList","@id":"https:\/\/www.blogsoestado.com\/danielmatos\/sindicato-recorrera-de-decisao-favoravel-a-braide-que-decretou-ilegalidade-da-greve-de-professores\/#breadcrumb","itemListElement":[{"@type":"ListItem","position":1,"name":"In\u00edcio","item":"https:\/\/www.blogsoestado.com\/danielmatos\/"},{"@type":"ListItem","position":2,"name":"Sindicato recorrer\u00e1 de decis\u00e3o favor\u00e1vel a Braide que decretou ilegalidade da greve de professores"}]},{"@type":"WebSite","@id":"https:\/\/www.blogsoestado.com\/danielmatos\/#website","url":"https:\/\/www.blogsoestado.com\/danielmatos\/","name":"Daniel Matos","description":"","potentialAction":[{"@type":"SearchAction","target":{"@type":"EntryPoint","urlTemplate":"https:\/\/www.blogsoestado.com\/danielmatos\/?s={search_term_string}"},"query-input":{"@type":"PropertyValueSpecification","valueRequired":true,"valueName":"search_term_string"}}],"inLanguage":"pt-BR"}]}},"jetpack_featured_media_url":"","_links":{"self":[{"href":"https:\/\/www.blogsoestado.com\/danielmatos\/wp-json\/wp\/v2\/posts\/96200","targetHints":{"allow":["GET"]}}],"collection":[{"href":"https:\/\/www.blogsoestado.com\/danielmatos\/wp-json\/wp\/v2\/posts"}],"about":[{"href":"https:\/\/www.blogsoestado.com\/danielmatos\/wp-json\/wp\/v2\/types\/post"}],"replies":[{"embeddable":true,"href":"https:\/\/www.blogsoestado.com\/danielmatos\/wp-json\/wp\/v2\/comments?post=96200"}],"version-history":[{"count":0,"href":"https:\/\/www.blogsoestado.com\/danielmatos\/wp-json\/wp\/v2\/posts\/96200\/revisions"}],"wp:attachment":[{"href":"https:\/\/www.blogsoestado.com\/danielmatos\/wp-json\/wp\/v2\/media?parent=96200"}],"wp:term":[{"taxonomy":"category","embeddable":true,"href":"https:\/\/www.blogsoestado.com\/danielmatos\/wp-json\/wp\/v2\/categories?post=96200"},{"taxonomy":"post_tag","embeddable":true,"href":"https:\/\/www.blogsoestado.com\/danielmatos\/wp-json\/wp\/v2\/tags?post=96200"}],"curies":[{"name":"wp","href":"https:\/\/api.w.org\/{rel}","templated":true}]}}