{"id":96203,"date":"2022-04-14T21:08:14","date_gmt":"2022-04-15T00:08:14","guid":{"rendered":"https:\/\/www.blogsoestado.com\/danielmatos\/?p=96203"},"modified":"2022-04-14T21:08:14","modified_gmt":"2022-04-15T00:08:14","slug":"deputado-wellington-comemora-sancao-de-lei-por-bolsonaro-que-estabelece-o-rateio-de-60-dos-precatorios-do-fundef-para-os-professores","status":"publish","type":"post","link":"https:\/\/www.blogsoestado.com\/danielmatos\/deputado-wellington-comemora-sancao-de-lei-por-bolsonaro-que-estabelece-o-rateio-de-60-dos-precatorios-do-fundef-para-os-professores\/","title":{"rendered":"Deputado Wellington comemora san\u00e7\u00e3o de lei por Bolsonaro que estabelece o rateio de 60% dos precat\u00f3rios do FUNDEF para os professores"},"content":{"rendered":"\n<div class=\"wp-block-image\"><figure class=\"aligncenter size-large\"><a href=\"https:\/\/www.blogsoestado.com\/danielmatos\/files\/2022\/04\/Screenshot_20220414-2104542.png\"><img decoding=\"async\" src=\"https:\/\/www.blogsoestado.com\/danielmatos\/files\/2022\/04\/Screenshot_20220414-2104542.png\" alt=\"\" class=\"wp-image-96204\"\/><\/a><\/figure><\/div>\n\n\n\n<p>O deputado estadual Wellington do Curso utilizou suas redes sociais para destacar a Lei 14.325\/22, sancionada nessa quarta-feira (13), pelo presidente Jair Bolsonaro que regulamenta o uso dos recursos n\u00e3o aproveitados do Fundo de Manuten\u00e7\u00e3o e Desenvolvimento da Educa\u00e7\u00e3o B\u00e1sica &#8211; FUNDEB e de seu antecessor, o extinto FUNDEF, para o pagamento do magist\u00e9rio na educa\u00e7\u00e3o b\u00e1sica da rede p\u00fablica de ensino.<\/p>\n\n\n\n<p>Ao mencionar a Lei, Wellington parabenizou o presidente Jair Bolsonaro pela valoriza\u00e7\u00e3o dos profissionais da educa\u00e7\u00e3o do magist\u00e9rio em 2022.<\/p>\n\n\n\n<p>\u201cO presidente Jair Bolsonaro sancionou hoje a Lei 14.325\/22, que regulamenta o uso dos recursos n\u00e3o aproveitados do FUNDEB e de seu antecessor, o extinto FUNDEF, para o pagamento do magist\u00e9rio na educa\u00e7\u00e3o b\u00e1sica da rede p\u00fablica de ensino. Essa \u00e9 mais uma medida do governo federal que tem como objetivo a valoriza\u00e7\u00e3o dos professores que dedicam suas vidas ao ensino p\u00fablico. Infelizmente, o Estado do Maranh\u00e3o e muitos munic\u00edpios insistem em desrespeitar os direitos dos educadores que s\u00e3o assegurados por Lei, mas, como parlamentar, seguirei na luta para que a Lei dos Precat\u00f3rios, assim como a Lei do Piso e o rateio do FUNDEB, sejam cumpridos pelo poder p\u00fablico e esse dinheiro chegue, de fato, a quem pertence que s\u00e3o os professores maranhenses\u201d, disse Wellington.<\/p>\n","protected":false},"excerpt":{"rendered":"<p>O deputado estadual Wellington do Curso utilizou suas redes sociais para destacar a Lei 14.325\/22, sancionada nessa quarta-feira (13), pelo [&hellip;]<\/p>\n","protected":false},"author":0,"featured_media":0,"comment_status":"open","ping_status":"open","sticky":false,"template":"","format":"standard","meta":{"site-sidebar-layout":"default","site-content-layout":"","ast-site-content-layout":"default","site-content-style":"default","site-sidebar-style":"default","ast-global-header-display":"","ast-banner-title-visibility":"","ast-main-header-display":"","ast-hfb-above-header-display":"","ast-hfb-below-header-display":"","ast-hfb-mobile-header-display":"","site-post-title":"","ast-breadcrumbs-content":"","ast-featured-img":"","footer-sml-layout":"","ast-disable-related-posts":"","theme-transparent-header-meta":"","adv-header-id-meta":"","stick-header-meta":"","header-above-stick-meta":"","header-main-stick-meta":"","header-below-stick-meta":"","astra-migrate-meta-layouts":"default","ast-page-background-enabled":"default","ast-page-background-meta":{"desktop":{"background-color":"var(--ast-global-color-5)","background-image":"","background-repeat":"repeat","background-position":"center center","background-size":"auto","background-attachment":"scroll","background-type":"","background-media":"","overlay-type":"","overlay-color":"","overlay-opacity":"","overlay-gradient":""},"tablet":{"background-color":"","background-image":"","background-repeat":"repeat","background-position":"center center","background-size":"auto","background-attachment":"scroll","background-type":"","background-media":"","overlay-type":"","overlay-color":"","overlay-opacity":"","overlay-gradient":""},"mobile":{"background-color":"","background-image":"","background-repeat":"repeat","background-position":"center center","background-size":"auto","background-attachment":"scroll","background-type":"","background-media":"","overlay-type":"","overlay-color":"","overlay-opacity":"","overlay-gradient":""}},"ast-content-background-meta":{"desktop":{"background-color":"var(--ast-global-color-4)","background-image":"","background-repeat":"repeat","background-position":"center center","background-size":"auto","background-attachment":"scroll","background-type":"","background-media":"","overlay-type":"","overlay-color":"","overlay-opacity":"","overlay-gradient":""},"tablet":{"background-color":"var(--ast-global-color-4)","background-image":"","background-repeat":"repeat","background-position":"center center","background-size":"auto","background-attachment":"scroll","background-type":"","background-media":"","overlay-type":"","overlay-color":"","overlay-opacity":"","overlay-gradient":""},"mobile":{"background-color":"var(--ast-global-color-4)","background-image":"","background-repeat":"repeat","background-position":"center center","background-size":"auto","background-attachment":"scroll","background-type":"","background-media":"","overlay-type":"","overlay-color":"","overlay-opacity":"","overlay-gradient":""}},"footnotes":""},"categories":[1],"tags":[],"class_list":["post-96203","post","type-post","status-publish","format-standard","hentry","category-sem-categoria"],"yoast_head":"<!-- This site is optimized with the Yoast SEO plugin v26.6 - https:\/\/yoast.com\/wordpress\/plugins\/seo\/ -->\n<title>Deputado Wellington comemora san\u00e7\u00e3o de lei por Bolsonaro que estabelece o rateio de 60% dos precat\u00f3rios do FUNDEF para os professores - Daniel Matos<\/title>\n<meta name=\"robots\" content=\"index, follow, max-snippet:-1, max-image-preview:large, max-video-preview:-1\" \/>\n<link rel=\"canonical\" href=\"https:\/\/www.blogsoestado.com\/danielmatos\/deputado-wellington-comemora-sancao-de-lei-por-bolsonaro-que-estabelece-o-rateio-de-60-dos-precatorios-do-fundef-para-os-professores\/\" \/>\n<meta property=\"og:locale\" content=\"pt_BR\" \/>\n<meta property=\"og:type\" content=\"article\" \/>\n<meta property=\"og:title\" content=\"Deputado Wellington comemora san\u00e7\u00e3o de lei por Bolsonaro que estabelece o rateio de 60% dos precat\u00f3rios do FUNDEF para os professores - Daniel Matos\" \/>\n<meta property=\"og:description\" content=\"O deputado estadual Wellington do Curso utilizou suas redes sociais para destacar a Lei 14.325\/22, sancionada nessa quarta-feira (13), pelo [&hellip;]\" \/>\n<meta property=\"og:url\" content=\"https:\/\/www.blogsoestado.com\/danielmatos\/deputado-wellington-comemora-sancao-de-lei-por-bolsonaro-que-estabelece-o-rateio-de-60-dos-precatorios-do-fundef-para-os-professores\/\" \/>\n<meta property=\"og:site_name\" content=\"Daniel Matos\" \/>\n<meta property=\"article:published_time\" content=\"2022-04-15T00:08:14+00:00\" \/>\n<meta property=\"og:image\" content=\"https:\/\/www.blogsoestado.com\/danielmatos\/files\/2022\/04\/Screenshot_20220414-2104542.png\" \/>\n<meta name=\"twitter:card\" content=\"summary_large_image\" \/>\n<meta name=\"twitter:label1\" content=\"Est. tempo de leitura\" \/>\n\t<meta name=\"twitter:data1\" content=\"2 minutos\" \/>\n<script type=\"application\/ld+json\" class=\"yoast-schema-graph\">{\"@context\":\"https:\/\/schema.org\",\"@graph\":[{\"@type\":\"WebPage\",\"@id\":\"https:\/\/www.blogsoestado.com\/danielmatos\/deputado-wellington-comemora-sancao-de-lei-por-bolsonaro-que-estabelece-o-rateio-de-60-dos-precatorios-do-fundef-para-os-professores\/\",\"url\":\"https:\/\/www.blogsoestado.com\/danielmatos\/deputado-wellington-comemora-sancao-de-lei-por-bolsonaro-que-estabelece-o-rateio-de-60-dos-precatorios-do-fundef-para-os-professores\/\",\"name\":\"Deputado Wellington comemora san\u00e7\u00e3o de lei por Bolsonaro que estabelece o rateio de 60% dos precat\u00f3rios do FUNDEF para os professores - Daniel Matos\",\"isPartOf\":{\"@id\":\"https:\/\/www.blogsoestado.com\/danielmatos\/#website\"},\"primaryImageOfPage\":{\"@id\":\"https:\/\/www.blogsoestado.com\/danielmatos\/deputado-wellington-comemora-sancao-de-lei-por-bolsonaro-que-estabelece-o-rateio-de-60-dos-precatorios-do-fundef-para-os-professores\/#primaryimage\"},\"image\":{\"@id\":\"https:\/\/www.blogsoestado.com\/danielmatos\/deputado-wellington-comemora-sancao-de-lei-por-bolsonaro-que-estabelece-o-rateio-de-60-dos-precatorios-do-fundef-para-os-professores\/#primaryimage\"},\"thumbnailUrl\":\"https:\/\/www.blogsoestado.com\/danielmatos\/files\/2022\/04\/Screenshot_20220414-2104542.png\",\"datePublished\":\"2022-04-15T00:08:14+00:00\",\"author\":{\"@id\":\"\"},\"breadcrumb\":{\"@id\":\"https:\/\/www.blogsoestado.com\/danielmatos\/deputado-wellington-comemora-sancao-de-lei-por-bolsonaro-que-estabelece-o-rateio-de-60-dos-precatorios-do-fundef-para-os-professores\/#breadcrumb\"},\"inLanguage\":\"pt-BR\",\"potentialAction\":[{\"@type\":\"ReadAction\",\"target\":[\"https:\/\/www.blogsoestado.com\/danielmatos\/deputado-wellington-comemora-sancao-de-lei-por-bolsonaro-que-estabelece-o-rateio-de-60-dos-precatorios-do-fundef-para-os-professores\/\"]}]},{\"@type\":\"ImageObject\",\"inLanguage\":\"pt-BR\",\"@id\":\"https:\/\/www.blogsoestado.com\/danielmatos\/deputado-wellington-comemora-sancao-de-lei-por-bolsonaro-que-estabelece-o-rateio-de-60-dos-precatorios-do-fundef-para-os-professores\/#primaryimage\",\"url\":\"https:\/\/www.blogsoestado.com\/danielmatos\/files\/2022\/04\/Screenshot_20220414-2104542.png\",\"contentUrl\":\"https:\/\/www.blogsoestado.com\/danielmatos\/files\/2022\/04\/Screenshot_20220414-2104542.png\"},{\"@type\":\"BreadcrumbList\",\"@id\":\"https:\/\/www.blogsoestado.com\/danielmatos\/deputado-wellington-comemora-sancao-de-lei-por-bolsonaro-que-estabelece-o-rateio-de-60-dos-precatorios-do-fundef-para-os-professores\/#breadcrumb\",\"itemListElement\":[{\"@type\":\"ListItem\",\"position\":1,\"name\":\"In\u00edcio\",\"item\":\"https:\/\/www.blogsoestado.com\/danielmatos\/\"},{\"@type\":\"ListItem\",\"position\":2,\"name\":\"Deputado Wellington comemora san\u00e7\u00e3o de lei por Bolsonaro que estabelece o rateio de 60% dos precat\u00f3rios do FUNDEF para os professores\"}]},{\"@type\":\"WebSite\",\"@id\":\"https:\/\/www.blogsoestado.com\/danielmatos\/#website\",\"url\":\"https:\/\/www.blogsoestado.com\/danielmatos\/\",\"name\":\"Daniel Matos\",\"description\":\"\",\"potentialAction\":[{\"@type\":\"SearchAction\",\"target\":{\"@type\":\"EntryPoint\",\"urlTemplate\":\"https:\/\/www.blogsoestado.com\/danielmatos\/?s={search_term_string}\"},\"query-input\":{\"@type\":\"PropertyValueSpecification\",\"valueRequired\":true,\"valueName\":\"search_term_string\"}}],\"inLanguage\":\"pt-BR\"}]}<\/script>\n<!-- \/ Yoast SEO plugin. -->","yoast_head_json":{"title":"Deputado Wellington comemora san\u00e7\u00e3o de lei por Bolsonaro que estabelece o rateio de 60% dos precat\u00f3rios do FUNDEF para os professores - Daniel Matos","robots":{"index":"index","follow":"follow","max-snippet":"max-snippet:-1","max-image-preview":"max-image-preview:large","max-video-preview":"max-video-preview:-1"},"canonical":"https:\/\/www.blogsoestado.com\/danielmatos\/deputado-wellington-comemora-sancao-de-lei-por-bolsonaro-que-estabelece-o-rateio-de-60-dos-precatorios-do-fundef-para-os-professores\/","og_locale":"pt_BR","og_type":"article","og_title":"Deputado Wellington comemora san\u00e7\u00e3o de lei por Bolsonaro que estabelece o rateio de 60% dos precat\u00f3rios do FUNDEF para os professores - Daniel Matos","og_description":"O deputado estadual Wellington do Curso utilizou suas redes sociais para destacar a Lei 14.325\/22, sancionada nessa quarta-feira (13), pelo [&hellip;]","og_url":"https:\/\/www.blogsoestado.com\/danielmatos\/deputado-wellington-comemora-sancao-de-lei-por-bolsonaro-que-estabelece-o-rateio-de-60-dos-precatorios-do-fundef-para-os-professores\/","og_site_name":"Daniel Matos","article_published_time":"2022-04-15T00:08:14+00:00","og_image":[{"url":"https:\/\/www.blogsoestado.com\/danielmatos\/files\/2022\/04\/Screenshot_20220414-2104542.png","type":"","width":"","height":""}],"twitter_card":"summary_large_image","twitter_misc":{"Est. tempo de leitura":"2 minutos"},"schema":{"@context":"https:\/\/schema.org","@graph":[{"@type":"WebPage","@id":"https:\/\/www.blogsoestado.com\/danielmatos\/deputado-wellington-comemora-sancao-de-lei-por-bolsonaro-que-estabelece-o-rateio-de-60-dos-precatorios-do-fundef-para-os-professores\/","url":"https:\/\/www.blogsoestado.com\/danielmatos\/deputado-wellington-comemora-sancao-de-lei-por-bolsonaro-que-estabelece-o-rateio-de-60-dos-precatorios-do-fundef-para-os-professores\/","name":"Deputado Wellington comemora san\u00e7\u00e3o de lei por Bolsonaro que estabelece o rateio de 60% dos precat\u00f3rios do FUNDEF para os professores - Daniel Matos","isPartOf":{"@id":"https:\/\/www.blogsoestado.com\/danielmatos\/#website"},"primaryImageOfPage":{"@id":"https:\/\/www.blogsoestado.com\/danielmatos\/deputado-wellington-comemora-sancao-de-lei-por-bolsonaro-que-estabelece-o-rateio-de-60-dos-precatorios-do-fundef-para-os-professores\/#primaryimage"},"image":{"@id":"https:\/\/www.blogsoestado.com\/danielmatos\/deputado-wellington-comemora-sancao-de-lei-por-bolsonaro-que-estabelece-o-rateio-de-60-dos-precatorios-do-fundef-para-os-professores\/#primaryimage"},"thumbnailUrl":"https:\/\/www.blogsoestado.com\/danielmatos\/files\/2022\/04\/Screenshot_20220414-2104542.png","datePublished":"2022-04-15T00:08:14+00:00","author":{"@id":""},"breadcrumb":{"@id":"https:\/\/www.blogsoestado.com\/danielmatos\/deputado-wellington-comemora-sancao-de-lei-por-bolsonaro-que-estabelece-o-rateio-de-60-dos-precatorios-do-fundef-para-os-professores\/#breadcrumb"},"inLanguage":"pt-BR","potentialAction":[{"@type":"ReadAction","target":["https:\/\/www.blogsoestado.com\/danielmatos\/deputado-wellington-comemora-sancao-de-lei-por-bolsonaro-que-estabelece-o-rateio-de-60-dos-precatorios-do-fundef-para-os-professores\/"]}]},{"@type":"ImageObject","inLanguage":"pt-BR","@id":"https:\/\/www.blogsoestado.com\/danielmatos\/deputado-wellington-comemora-sancao-de-lei-por-bolsonaro-que-estabelece-o-rateio-de-60-dos-precatorios-do-fundef-para-os-professores\/#primaryimage","url":"https:\/\/www.blogsoestado.com\/danielmatos\/files\/2022\/04\/Screenshot_20220414-2104542.png","contentUrl":"https:\/\/www.blogsoestado.com\/danielmatos\/files\/2022\/04\/Screenshot_20220414-2104542.png"},{"@type":"BreadcrumbList","@id":"https:\/\/www.blogsoestado.com\/danielmatos\/deputado-wellington-comemora-sancao-de-lei-por-bolsonaro-que-estabelece-o-rateio-de-60-dos-precatorios-do-fundef-para-os-professores\/#breadcrumb","itemListElement":[{"@type":"ListItem","position":1,"name":"In\u00edcio","item":"https:\/\/www.blogsoestado.com\/danielmatos\/"},{"@type":"ListItem","position":2,"name":"Deputado Wellington comemora san\u00e7\u00e3o de lei por Bolsonaro que estabelece o rateio de 60% dos precat\u00f3rios do FUNDEF para os professores"}]},{"@type":"WebSite","@id":"https:\/\/www.blogsoestado.com\/danielmatos\/#website","url":"https:\/\/www.blogsoestado.com\/danielmatos\/","name":"Daniel Matos","description":"","potentialAction":[{"@type":"SearchAction","target":{"@type":"EntryPoint","urlTemplate":"https:\/\/www.blogsoestado.com\/danielmatos\/?s={search_term_string}"},"query-input":{"@type":"PropertyValueSpecification","valueRequired":true,"valueName":"search_term_string"}}],"inLanguage":"pt-BR"}]}},"jetpack_featured_media_url":"","_links":{"self":[{"href":"https:\/\/www.blogsoestado.com\/danielmatos\/wp-json\/wp\/v2\/posts\/96203","targetHints":{"allow":["GET"]}}],"collection":[{"href":"https:\/\/www.blogsoestado.com\/danielmatos\/wp-json\/wp\/v2\/posts"}],"about":[{"href":"https:\/\/www.blogsoestado.com\/danielmatos\/wp-json\/wp\/v2\/types\/post"}],"replies":[{"embeddable":true,"href":"https:\/\/www.blogsoestado.com\/danielmatos\/wp-json\/wp\/v2\/comments?post=96203"}],"version-history":[{"count":0,"href":"https:\/\/www.blogsoestado.com\/danielmatos\/wp-json\/wp\/v2\/posts\/96203\/revisions"}],"wp:attachment":[{"href":"https:\/\/www.blogsoestado.com\/danielmatos\/wp-json\/wp\/v2\/media?parent=96203"}],"wp:term":[{"taxonomy":"category","embeddable":true,"href":"https:\/\/www.blogsoestado.com\/danielmatos\/wp-json\/wp\/v2\/categories?post=96203"},{"taxonomy":"post_tag","embeddable":true,"href":"https:\/\/www.blogsoestado.com\/danielmatos\/wp-json\/wp\/v2\/tags?post=96203"}],"curies":[{"name":"wp","href":"https:\/\/api.w.org\/{rel}","templated":true}]}}