{"id":96219,"date":"2022-04-15T14:15:09","date_gmt":"2022-04-15T17:15:09","guid":{"rendered":"https:\/\/www.blogsoestado.com\/danielmatos\/?p=96219"},"modified":"2022-04-15T14:15:09","modified_gmt":"2022-04-15T17:15:09","slug":"retorno-presencial-das-atividades-academicas-e-administrativas-da-ufma-anima-alunos-servidores-e-comunidade-academica","status":"publish","type":"post","link":"https:\/\/www.blogsoestado.com\/danielmatos\/retorno-presencial-das-atividades-academicas-e-administrativas-da-ufma-anima-alunos-servidores-e-comunidade-academica\/","title":{"rendered":"Retorno presencial das atividades acad\u00eamicas e administrativas da UFMA anima alunos, servidores e comunidade acad\u00eamica"},"content":{"rendered":"\n<div class=\"wp-block-image\"><figure class=\"aligncenter size-large\"><a href=\"https:\/\/www.blogsoestado.com\/danielmatos\/files\/2022\/04\/Screenshot_20220415-1413082.png\"><img decoding=\"async\" src=\"https:\/\/www.blogsoestado.com\/danielmatos\/files\/2022\/04\/Screenshot_20220415-1413082.png\" alt=\"\" class=\"wp-image-96221\"\/><\/a><figcaption>Diferentes momentos que marcam o retorno das atividades acad\u00eamicas e administrativas na UFMA<\/figcaption><\/figure><\/div>\n\n\n\n<p>Com a retomada presencial das atividades acad\u00eamicas e administrativas na UFMA, as expectativas para o contato social entre os alunos e docentes aumentaram, como afirmaram os estudantes veteranos e os ingressantes do curso de Oceanografia e professores do curso de Odontologia do C\u00e2mpus de S\u00e3o Lu\u00eds que estiveram durante esta semana no Centro de Ci\u00eancias Biol\u00f3gicas e da Sa\u00fade.<\/p>\n\n\n\n<p>A caloura de&nbsp;Oceanografia, Saturno Dias, que participou de uma visita\u00e7\u00e3o aos laborat\u00f3rios do curso na manh\u00e3 de quarta-feira, 13, falou das suas expectativas&nbsp;positivas&nbsp;para as aulas presenciais. \u201cNesse momento pensar que as aulas de in\u00edcio j\u00e1 ser\u00e3o presenciais \u00e9 muito animador. Os alunos veteranos fizeram uma programa\u00e7\u00e3o diversificada para nos receber e isso foi muito interessante para n\u00f3s, que temos esse contato agora.&nbsp;Assistimos palestras e agora essa visita\u00e7\u00e3o nos laborat\u00f3rios est\u00e1 nos proporcionando intera\u00e7\u00e3o maior com o curso e&nbsp;com&nbsp;a universidade\u201d, relatou.<\/p>\n\n\n\n<p>Ruan Victor Pereira, mestrando do Programa de P\u00f3s-Gradua\u00e7\u00e3o em Desenvolvimento e Meio Ambiente (Prodema), disse que a volta das aulas presenciais \u00e9 necess\u00e1ria para uma melhorar a aprendizagem dos alunos. \u201cNas aulas remotas n\u00e3o h\u00e1 muita&nbsp;intera\u00e7\u00e3o,&nbsp;enquanto&nbsp;no presencial os professores conseguem avaliar melhor nosso desempenho\u201d, declarou.<\/p>\n\n\n\n<p>A t\u00e9cnica em qu\u00edmica do Departamento de Oceanografia e Limnologia (Deoli), respons\u00e1vel pelo Laborat\u00f3rio de Biogeociclos dos Constituintes Qu\u00edmicos da \u00c1gua (LabCiclos),&nbsp;Suzyeth Monteir, explicou como funciona a din\u00e2mica das aulas no&nbsp;laborat\u00f3rio. \u201cTrabalhamos com as an\u00e1lises corriqueiras do laborat\u00f3rio, an\u00e1lises de nutrientes, an\u00e1lises TSS, entre outras. Durante o per\u00edodo pand\u00eamico, fizemos revezamento e sempre adotando os protocolos de seguran\u00e7a, al\u00e9m do hor\u00e1rio reduzido\u201d, comentou.<\/p>\n\n\n\n<p>J\u00e1 no pr\u00e9dio do curso de Odontologia, a&nbsp;professora do Departamento de Odontologia&nbsp;I, Leily Firoozmand, revelou sua opini\u00e3o sobre as atividades presenciais. \u201cEstando todos vacinados e seguindo todas as normas de biosseguran\u00e7a, conseguiremos oferecer mais seguran\u00e7a, tanto para os pacientes, quanto para o corpo acad\u00eamico. Essa volta presencial sempre foi analisada com as comiss\u00f5es e tudo&nbsp;foi ponderado&nbsp;com muita cautela, portanto, n\u00e3o foi nada aleatoriamente, enfatizou.<\/p>\n\n\n\n<p>Breno Mont-Alveme, professor da disciplina de&nbsp;Cl\u00ednica&nbsp;Integrada&nbsp;Materiais&nbsp;Dent\u00e1rios e&nbsp;Dent\u00edstica do Departamento de Odontologia, explicou que a frequ\u00eancia de pessoas nas cl\u00ednicas que atendem a comunidade diminuiu por causa da din\u00e2mica de adapta\u00e7\u00e3o no per\u00edodo pand\u00eamico, mas espera que, com a volta gradual das atividades, a rotina nos atendimentos seja intensificada.<\/p>\n\n\n\n<p><strong>Saiba mais<\/strong><\/p>\n\n\n\n<p>O agendamento&nbsp;para o atendimento odontol\u00f3gico nas&nbsp;Cl\u00ednicas&nbsp;abertas \u00e0 comunidade&nbsp;funciona presencialmente de segunda a sexta, das 8h \u00e0s 12h e das 14h \u00e0s 18h. Pessoas de todas as idades podem ser receber atendimento, sendo que menores de idade devem estar acompanhadas dos pais ou respons\u00e1veis, portando somente o RG para o agendamento. O atendimento \u00e9 por hora e data marcadas, obedecendo fila de espera organizada pela Cl\u00ednica.<br \/>&#8212;<\/p>\n","protected":false},"excerpt":{"rendered":"<p>Com a retomada presencial das atividades acad\u00eamicas e administrativas na UFMA, as expectativas para o contato social entre os alunos [&hellip;]<\/p>\n","protected":false},"author":0,"featured_media":0,"comment_status":"open","ping_status":"open","sticky":false,"template":"","format":"standard","meta":{"site-sidebar-layout":"default","site-content-layout":"","ast-site-content-layout":"default","site-content-style":"default","site-sidebar-style":"default","ast-global-header-display":"","ast-banner-title-visibility":"","ast-main-header-display":"","ast-hfb-above-header-display":"","ast-hfb-below-header-display":"","ast-hfb-mobile-header-display":"","site-post-title":"","ast-breadcrumbs-content":"","ast-featured-img":"","footer-sml-layout":"","ast-disable-related-posts":"","theme-transparent-header-meta":"","adv-header-id-meta":"","stick-header-meta":"","header-above-stick-meta":"","header-main-stick-meta":"","header-below-stick-meta":"","astra-migrate-meta-layouts":"default","ast-page-background-enabled":"default","ast-page-background-meta":{"desktop":{"background-color":"var(--ast-global-color-5)","background-image":"","background-repeat":"repeat","background-position":"center center","background-size":"auto","background-attachment":"scroll","background-type":"","background-media":"","overlay-type":"","overlay-color":"","overlay-opacity":"","overlay-gradient":""},"tablet":{"background-color":"","background-image":"","background-repeat":"repeat","background-position":"center center","background-size":"auto","background-attachment":"scroll","background-type":"","background-media":"","overlay-type":"","overlay-color":"","overlay-opacity":"","overlay-gradient":""},"mobile":{"background-color":"","background-image":"","background-repeat":"repeat","background-position":"center center","background-size":"auto","background-attachment":"scroll","background-type":"","background-media":"","overlay-type":"","overlay-color":"","overlay-opacity":"","overlay-gradient":""}},"ast-content-background-meta":{"desktop":{"background-color":"var(--ast-global-color-4)","background-image":"","background-repeat":"repeat","background-position":"center center","background-size":"auto","background-attachment":"scroll","background-type":"","background-media":"","overlay-type":"","overlay-color":"","overlay-opacity":"","overlay-gradient":""},"tablet":{"background-color":"var(--ast-global-color-4)","background-image":"","background-repeat":"repeat","background-position":"center center","background-size":"auto","background-attachment":"scroll","background-type":"","background-media":"","overlay-type":"","overlay-color":"","overlay-opacity":"","overlay-gradient":""},"mobile":{"background-color":"var(--ast-global-color-4)","background-image":"","background-repeat":"repeat","background-position":"center center","background-size":"auto","background-attachment":"scroll","background-type":"","background-media":"","overlay-type":"","overlay-color":"","overlay-opacity":"","overlay-gradient":""}},"footnotes":""},"categories":[1],"tags":[],"class_list":["post-96219","post","type-post","status-publish","format-standard","hentry","category-sem-categoria"],"yoast_head":"<!-- This site is optimized with the Yoast SEO plugin v26.6 - https:\/\/yoast.com\/wordpress\/plugins\/seo\/ -->\n<title>Retorno presencial das atividades acad\u00eamicas e administrativas da UFMA anima alunos, servidores e comunidade acad\u00eamica - Daniel Matos<\/title>\n<meta name=\"robots\" content=\"index, follow, max-snippet:-1, max-image-preview:large, max-video-preview:-1\" \/>\n<link rel=\"canonical\" href=\"https:\/\/www.blogsoestado.com\/danielmatos\/retorno-presencial-das-atividades-academicas-e-administrativas-da-ufma-anima-alunos-servidores-e-comunidade-academica\/\" \/>\n<meta property=\"og:locale\" content=\"pt_BR\" \/>\n<meta property=\"og:type\" content=\"article\" \/>\n<meta property=\"og:title\" content=\"Retorno presencial das atividades acad\u00eamicas e administrativas da UFMA anima alunos, servidores e comunidade acad\u00eamica - Daniel Matos\" \/>\n<meta property=\"og:description\" content=\"Com a retomada presencial das atividades acad\u00eamicas e administrativas na UFMA, as expectativas para o contato social entre os alunos [&hellip;]\" \/>\n<meta property=\"og:url\" content=\"https:\/\/www.blogsoestado.com\/danielmatos\/retorno-presencial-das-atividades-academicas-e-administrativas-da-ufma-anima-alunos-servidores-e-comunidade-academica\/\" \/>\n<meta property=\"og:site_name\" content=\"Daniel Matos\" \/>\n<meta property=\"article:published_time\" content=\"2022-04-15T17:15:09+00:00\" \/>\n<meta property=\"og:image\" content=\"https:\/\/www.blogsoestado.com\/danielmatos\/files\/2022\/04\/Screenshot_20220415-1413082.png\" \/>\n<meta name=\"twitter:card\" content=\"summary_large_image\" \/>\n<meta name=\"twitter:label1\" content=\"Est. tempo de leitura\" \/>\n\t<meta name=\"twitter:data1\" content=\"3 minutos\" \/>\n<script type=\"application\/ld+json\" class=\"yoast-schema-graph\">{\"@context\":\"https:\/\/schema.org\",\"@graph\":[{\"@type\":\"WebPage\",\"@id\":\"https:\/\/www.blogsoestado.com\/danielmatos\/retorno-presencial-das-atividades-academicas-e-administrativas-da-ufma-anima-alunos-servidores-e-comunidade-academica\/\",\"url\":\"https:\/\/www.blogsoestado.com\/danielmatos\/retorno-presencial-das-atividades-academicas-e-administrativas-da-ufma-anima-alunos-servidores-e-comunidade-academica\/\",\"name\":\"Retorno presencial das atividades acad\u00eamicas e administrativas da UFMA anima alunos, servidores e comunidade acad\u00eamica - Daniel Matos\",\"isPartOf\":{\"@id\":\"https:\/\/www.blogsoestado.com\/danielmatos\/#website\"},\"primaryImageOfPage\":{\"@id\":\"https:\/\/www.blogsoestado.com\/danielmatos\/retorno-presencial-das-atividades-academicas-e-administrativas-da-ufma-anima-alunos-servidores-e-comunidade-academica\/#primaryimage\"},\"image\":{\"@id\":\"https:\/\/www.blogsoestado.com\/danielmatos\/retorno-presencial-das-atividades-academicas-e-administrativas-da-ufma-anima-alunos-servidores-e-comunidade-academica\/#primaryimage\"},\"thumbnailUrl\":\"https:\/\/www.blogsoestado.com\/danielmatos\/files\/2022\/04\/Screenshot_20220415-1413082.png\",\"datePublished\":\"2022-04-15T17:15:09+00:00\",\"author\":{\"@id\":\"\"},\"breadcrumb\":{\"@id\":\"https:\/\/www.blogsoestado.com\/danielmatos\/retorno-presencial-das-atividades-academicas-e-administrativas-da-ufma-anima-alunos-servidores-e-comunidade-academica\/#breadcrumb\"},\"inLanguage\":\"pt-BR\",\"potentialAction\":[{\"@type\":\"ReadAction\",\"target\":[\"https:\/\/www.blogsoestado.com\/danielmatos\/retorno-presencial-das-atividades-academicas-e-administrativas-da-ufma-anima-alunos-servidores-e-comunidade-academica\/\"]}]},{\"@type\":\"ImageObject\",\"inLanguage\":\"pt-BR\",\"@id\":\"https:\/\/www.blogsoestado.com\/danielmatos\/retorno-presencial-das-atividades-academicas-e-administrativas-da-ufma-anima-alunos-servidores-e-comunidade-academica\/#primaryimage\",\"url\":\"https:\/\/www.blogsoestado.com\/danielmatos\/files\/2022\/04\/Screenshot_20220415-1413082.png\",\"contentUrl\":\"https:\/\/www.blogsoestado.com\/danielmatos\/files\/2022\/04\/Screenshot_20220415-1413082.png\"},{\"@type\":\"BreadcrumbList\",\"@id\":\"https:\/\/www.blogsoestado.com\/danielmatos\/retorno-presencial-das-atividades-academicas-e-administrativas-da-ufma-anima-alunos-servidores-e-comunidade-academica\/#breadcrumb\",\"itemListElement\":[{\"@type\":\"ListItem\",\"position\":1,\"name\":\"In\u00edcio\",\"item\":\"https:\/\/www.blogsoestado.com\/danielmatos\/\"},{\"@type\":\"ListItem\",\"position\":2,\"name\":\"Retorno presencial das atividades acad\u00eamicas e administrativas da UFMA anima alunos, servidores e comunidade acad\u00eamica\"}]},{\"@type\":\"WebSite\",\"@id\":\"https:\/\/www.blogsoestado.com\/danielmatos\/#website\",\"url\":\"https:\/\/www.blogsoestado.com\/danielmatos\/\",\"name\":\"Daniel Matos\",\"description\":\"\",\"potentialAction\":[{\"@type\":\"SearchAction\",\"target\":{\"@type\":\"EntryPoint\",\"urlTemplate\":\"https:\/\/www.blogsoestado.com\/danielmatos\/?s={search_term_string}\"},\"query-input\":{\"@type\":\"PropertyValueSpecification\",\"valueRequired\":true,\"valueName\":\"search_term_string\"}}],\"inLanguage\":\"pt-BR\"}]}<\/script>\n<!-- \/ Yoast SEO plugin. -->","yoast_head_json":{"title":"Retorno presencial das atividades acad\u00eamicas e administrativas da UFMA anima alunos, servidores e comunidade acad\u00eamica - Daniel Matos","robots":{"index":"index","follow":"follow","max-snippet":"max-snippet:-1","max-image-preview":"max-image-preview:large","max-video-preview":"max-video-preview:-1"},"canonical":"https:\/\/www.blogsoestado.com\/danielmatos\/retorno-presencial-das-atividades-academicas-e-administrativas-da-ufma-anima-alunos-servidores-e-comunidade-academica\/","og_locale":"pt_BR","og_type":"article","og_title":"Retorno presencial das atividades acad\u00eamicas e administrativas da UFMA anima alunos, servidores e comunidade acad\u00eamica - Daniel Matos","og_description":"Com a retomada presencial das atividades acad\u00eamicas e administrativas na UFMA, as expectativas para o contato social entre os alunos [&hellip;]","og_url":"https:\/\/www.blogsoestado.com\/danielmatos\/retorno-presencial-das-atividades-academicas-e-administrativas-da-ufma-anima-alunos-servidores-e-comunidade-academica\/","og_site_name":"Daniel Matos","article_published_time":"2022-04-15T17:15:09+00:00","og_image":[{"url":"https:\/\/www.blogsoestado.com\/danielmatos\/files\/2022\/04\/Screenshot_20220415-1413082.png","type":"","width":"","height":""}],"twitter_card":"summary_large_image","twitter_misc":{"Est. tempo de leitura":"3 minutos"},"schema":{"@context":"https:\/\/schema.org","@graph":[{"@type":"WebPage","@id":"https:\/\/www.blogsoestado.com\/danielmatos\/retorno-presencial-das-atividades-academicas-e-administrativas-da-ufma-anima-alunos-servidores-e-comunidade-academica\/","url":"https:\/\/www.blogsoestado.com\/danielmatos\/retorno-presencial-das-atividades-academicas-e-administrativas-da-ufma-anima-alunos-servidores-e-comunidade-academica\/","name":"Retorno presencial das atividades acad\u00eamicas e administrativas da UFMA anima alunos, servidores e comunidade acad\u00eamica - Daniel Matos","isPartOf":{"@id":"https:\/\/www.blogsoestado.com\/danielmatos\/#website"},"primaryImageOfPage":{"@id":"https:\/\/www.blogsoestado.com\/danielmatos\/retorno-presencial-das-atividades-academicas-e-administrativas-da-ufma-anima-alunos-servidores-e-comunidade-academica\/#primaryimage"},"image":{"@id":"https:\/\/www.blogsoestado.com\/danielmatos\/retorno-presencial-das-atividades-academicas-e-administrativas-da-ufma-anima-alunos-servidores-e-comunidade-academica\/#primaryimage"},"thumbnailUrl":"https:\/\/www.blogsoestado.com\/danielmatos\/files\/2022\/04\/Screenshot_20220415-1413082.png","datePublished":"2022-04-15T17:15:09+00:00","author":{"@id":""},"breadcrumb":{"@id":"https:\/\/www.blogsoestado.com\/danielmatos\/retorno-presencial-das-atividades-academicas-e-administrativas-da-ufma-anima-alunos-servidores-e-comunidade-academica\/#breadcrumb"},"inLanguage":"pt-BR","potentialAction":[{"@type":"ReadAction","target":["https:\/\/www.blogsoestado.com\/danielmatos\/retorno-presencial-das-atividades-academicas-e-administrativas-da-ufma-anima-alunos-servidores-e-comunidade-academica\/"]}]},{"@type":"ImageObject","inLanguage":"pt-BR","@id":"https:\/\/www.blogsoestado.com\/danielmatos\/retorno-presencial-das-atividades-academicas-e-administrativas-da-ufma-anima-alunos-servidores-e-comunidade-academica\/#primaryimage","url":"https:\/\/www.blogsoestado.com\/danielmatos\/files\/2022\/04\/Screenshot_20220415-1413082.png","contentUrl":"https:\/\/www.blogsoestado.com\/danielmatos\/files\/2022\/04\/Screenshot_20220415-1413082.png"},{"@type":"BreadcrumbList","@id":"https:\/\/www.blogsoestado.com\/danielmatos\/retorno-presencial-das-atividades-academicas-e-administrativas-da-ufma-anima-alunos-servidores-e-comunidade-academica\/#breadcrumb","itemListElement":[{"@type":"ListItem","position":1,"name":"In\u00edcio","item":"https:\/\/www.blogsoestado.com\/danielmatos\/"},{"@type":"ListItem","position":2,"name":"Retorno presencial das atividades acad\u00eamicas e administrativas da UFMA anima alunos, servidores e comunidade acad\u00eamica"}]},{"@type":"WebSite","@id":"https:\/\/www.blogsoestado.com\/danielmatos\/#website","url":"https:\/\/www.blogsoestado.com\/danielmatos\/","name":"Daniel Matos","description":"","potentialAction":[{"@type":"SearchAction","target":{"@type":"EntryPoint","urlTemplate":"https:\/\/www.blogsoestado.com\/danielmatos\/?s={search_term_string}"},"query-input":{"@type":"PropertyValueSpecification","valueRequired":true,"valueName":"search_term_string"}}],"inLanguage":"pt-BR"}]}},"jetpack_featured_media_url":"","_links":{"self":[{"href":"https:\/\/www.blogsoestado.com\/danielmatos\/wp-json\/wp\/v2\/posts\/96219","targetHints":{"allow":["GET"]}}],"collection":[{"href":"https:\/\/www.blogsoestado.com\/danielmatos\/wp-json\/wp\/v2\/posts"}],"about":[{"href":"https:\/\/www.blogsoestado.com\/danielmatos\/wp-json\/wp\/v2\/types\/post"}],"replies":[{"embeddable":true,"href":"https:\/\/www.blogsoestado.com\/danielmatos\/wp-json\/wp\/v2\/comments?post=96219"}],"version-history":[{"count":0,"href":"https:\/\/www.blogsoestado.com\/danielmatos\/wp-json\/wp\/v2\/posts\/96219\/revisions"}],"wp:attachment":[{"href":"https:\/\/www.blogsoestado.com\/danielmatos\/wp-json\/wp\/v2\/media?parent=96219"}],"wp:term":[{"taxonomy":"category","embeddable":true,"href":"https:\/\/www.blogsoestado.com\/danielmatos\/wp-json\/wp\/v2\/categories?post=96219"},{"taxonomy":"post_tag","embeddable":true,"href":"https:\/\/www.blogsoestado.com\/danielmatos\/wp-json\/wp\/v2\/tags?post=96219"}],"curies":[{"name":"wp","href":"https:\/\/api.w.org\/{rel}","templated":true}]}}