{"id":96256,"date":"2022-04-16T16:00:00","date_gmt":"2022-04-16T19:00:00","guid":{"rendered":"https:\/\/www.blogsoestado.com\/danielmatos\/?p=96256"},"modified":"2022-04-16T16:00:00","modified_gmt":"2022-04-16T19:00:00","slug":"marcial-lima-destaca-dia-mundial-da-liberdade-de-imprensa-na-camara-de-sao-luis","status":"publish","type":"post","link":"https:\/\/www.blogsoestado.com\/danielmatos\/marcial-lima-destaca-dia-mundial-da-liberdade-de-imprensa-na-camara-de-sao-luis\/","title":{"rendered":"Marcial Lima destaca Dia Mundial da Liberdade de Imprensa na C\u00e2mara de S\u00e3o Lu\u00eds"},"content":{"rendered":"\n<p><em><strong><span class=\"has-inline-color has-vivid-red-color\">Parlamentar comentou ainda den\u00fancias envolvendo o Socorr\u00e3o 2, a decis\u00e3o judicial em barra greve dos professores e problemas na infraestrutura dos bairros da capital<\/span><\/strong><\/em><\/p>\n\n\n\n<div class=\"wp-block-image\"><figure class=\"aligncenter size-large\"><a href=\"https:\/\/www.blogsoestado.com\/danielmatos\/files\/2022\/04\/Screenshot_20220416-1109502.png\"><img decoding=\"async\" src=\"https:\/\/www.blogsoestado.com\/danielmatos\/files\/2022\/04\/Screenshot_20220416-1109502.png\" alt=\"\" class=\"wp-image-96257\"\/><\/a><figcaption>Marcial Lima repercutiu a reportagem da TV Mirante sobre a situa\u00e7\u00e3o do Socorr\u00e3o 2, em S\u00e3o Lu\u00eds (<strong>Foto: <\/strong>Fabr\u00edcio Cunha)<\/figcaption><\/figure><\/div>\n\n\n\n<p>O vereador Marcial Lima (Podemos) registrou em plen\u00e1rio, durante a sess\u00e3o da \u00faltima quarta-feira, a passagem do Dia Mundial da Liberdade de Imprensa, celebrado anualmente em 13 de abril. Na oportunidade, o parlamentar que \u00e9 jornalista por forma\u00e7\u00e3o, parabenizou a todos os profissionais de imprensa em nome dos colegas de profiss\u00e3o que atuam na TV Mirante, afiliada da Rede Globo no Maranh\u00e3o.<\/p>\n\n\n\n<p>No pronunciamento, Marcial parabenizou o jornalista Alex Barbosa pela reportagem veiculada no Jornal Hoje mostrando a situa\u00e7\u00e3o de pacientes do maior hospital Doutor Clementino Moura, que denunciaram a falta de limpeza, problemas na estrutura e a demora para realiza\u00e7\u00e3o de exames.<\/p>\n\n\n\n<p>\u201cHoje \u00e9 o Dia da Imprensa e me orgulho por fazer parte desse importante movimento nacional em defesa da imprensa. Imprensa que presta um grande servi\u00e7o \u00e0 popula\u00e7\u00e3o. Ao mesmo tempo em que fa\u00e7o refer\u00eancia \u00e0 imprensa, eu quero fazer um reconhecimento ao n\u00facleo da Rede Globo em S\u00e3o Lu\u00eds, comandado pelo jornalista Alex Barbosa (\u2026) pela brilhante reportagem que eles fizeram ontem denunciando o abandono do hospital Socorr\u00e3o 2\u201d, declarou.<\/p>\n\n\n\n<p><strong>Falta de investimento<\/strong><\/p>\n\n\n\n<p>Ao comentar a situa\u00e7\u00e3o mostrada na reportagem, o parlamentar destacou a falta de investimento no maior hospital p\u00fablico do Maranh\u00e3o e afirmou que as den\u00fancias dos pacientes evidenciam que a sa\u00fade da capital maranhense est\u00e1 literalmente na UTI.<\/p>\n\n\n\n<p>\u201c\u00c0s vezes o profissional de comunica\u00e7\u00e3o \u00e9 mal interpretado quando mostra essa hist\u00f3ria nacionalmente. \u00c9 uma situa\u00e7\u00e3o prec\u00e1ria que \u00e9 de conhecimento de todos, mas quando o Brasil e o Mundo veem essa situa\u00e7\u00e3o, observamos que n\u00e3o h\u00e1 investimentos no setor de sa\u00fade em S\u00e3o Lu\u00eds. A nossa sa\u00fade est\u00e1 na UTI\u201d, afirmou.<\/p>\n\n\n\n<p><strong>Greve dos professores<\/strong><\/p>\n\n\n\n<p>Em seu discurso, o vereador tamb\u00e9m comentou o movimento grevista dos professores ludovicenses que lutam. De acordo com Marcial, os educadores, convocados pelo Sindeduca\u00e7\u00e3o, lotaram o sal\u00e3o de eventos do Hotel Abbeville na \u00faltima sexta-feira, 8 de abril, e, por unanimidade, votaram pelo in\u00edcio da greve no dia 18 de abril. No entanto, a greve nem bem iniciou e a prefeitura j\u00e1 buscou a Justi\u00e7a para decretar a ilegalidade da greve.<\/p>\n\n\n\n<p>\u201cA greve [dos professores] nem sequer entrou em a\u00e7\u00e3o e a prefeitura j\u00e1 foi pra Justi\u00e7a e decretou ilegal o movimento. Eu acho que o Poder Judici\u00e1rio deveria sugerir e recomendar que o prefeito [Eduardo Braide] pagasse os 33% que todas as prefeituras do Brasil est\u00e3o pagando. Eu n\u00e3o estou falando nem das perdas salariais, que representam 36%, eu estou falando de 33% proposto pelo Governo Federal que muitas prefeituras est\u00e3o pagando\u201d, completou.<\/p>\n\n\n\n<p><strong>Problemas na infraestrutura<\/strong><\/p>\n\n\n\n<p>Por fim, ao concluir seu discurso, Marcial Lima criticou a falta de infraestrutura na capital maranhense e cobrou medidas urgentes por parte da administra\u00e7\u00e3o municipal. O vereador afirmou que os problemas neste setor se acumulam por todos os cantos da cidade, indo da zona rural ao centro, na zona urbana.<\/p>\n","protected":false},"excerpt":{"rendered":"<p>Parlamentar comentou ainda den\u00fancias envolvendo o Socorr\u00e3o 2, a decis\u00e3o judicial em barra greve dos professores e problemas na infraestrutura [&hellip;]<\/p>\n","protected":false},"author":0,"featured_media":0,"comment_status":"open","ping_status":"open","sticky":false,"template":"","format":"standard","meta":{"site-sidebar-layout":"default","site-content-layout":"","ast-site-content-layout":"default","site-content-style":"default","site-sidebar-style":"default","ast-global-header-display":"","ast-banner-title-visibility":"","ast-main-header-display":"","ast-hfb-above-header-display":"","ast-hfb-below-header-display":"","ast-hfb-mobile-header-display":"","site-post-title":"","ast-breadcrumbs-content":"","ast-featured-img":"","footer-sml-layout":"","ast-disable-related-posts":"","theme-transparent-header-meta":"","adv-header-id-meta":"","stick-header-meta":"","header-above-stick-meta":"","header-main-stick-meta":"","header-below-stick-meta":"","astra-migrate-meta-layouts":"default","ast-page-background-enabled":"default","ast-page-background-meta":{"desktop":{"background-color":"var(--ast-global-color-5)","background-image":"","background-repeat":"repeat","background-position":"center center","background-size":"auto","background-attachment":"scroll","background-type":"","background-media":"","overlay-type":"","overlay-color":"","overlay-opacity":"","overlay-gradient":""},"tablet":{"background-color":"","background-image":"","background-repeat":"repeat","background-position":"center center","background-size":"auto","background-attachment":"scroll","background-type":"","background-media":"","overlay-type":"","overlay-color":"","overlay-opacity":"","overlay-gradient":""},"mobile":{"background-color":"","background-image":"","background-repeat":"repeat","background-position":"center center","background-size":"auto","background-attachment":"scroll","background-type":"","background-media":"","overlay-type":"","overlay-color":"","overlay-opacity":"","overlay-gradient":""}},"ast-content-background-meta":{"desktop":{"background-color":"var(--ast-global-color-4)","background-image":"","background-repeat":"repeat","background-position":"center center","background-size":"auto","background-attachment":"scroll","background-type":"","background-media":"","overlay-type":"","overlay-color":"","overlay-opacity":"","overlay-gradient":""},"tablet":{"background-color":"var(--ast-global-color-4)","background-image":"","background-repeat":"repeat","background-position":"center center","background-size":"auto","background-attachment":"scroll","background-type":"","background-media":"","overlay-type":"","overlay-color":"","overlay-opacity":"","overlay-gradient":""},"mobile":{"background-color":"var(--ast-global-color-4)","background-image":"","background-repeat":"repeat","background-position":"center center","background-size":"auto","background-attachment":"scroll","background-type":"","background-media":"","overlay-type":"","overlay-color":"","overlay-opacity":"","overlay-gradient":""}},"footnotes":""},"categories":[1],"tags":[],"class_list":["post-96256","post","type-post","status-publish","format-standard","hentry","category-sem-categoria"],"yoast_head":"<!-- This site is optimized with the Yoast SEO plugin v26.6 - https:\/\/yoast.com\/wordpress\/plugins\/seo\/ -->\n<title>Marcial Lima destaca Dia Mundial da Liberdade de Imprensa na C\u00e2mara de S\u00e3o Lu\u00eds - Daniel Matos<\/title>\n<meta name=\"robots\" content=\"index, follow, max-snippet:-1, max-image-preview:large, max-video-preview:-1\" \/>\n<link rel=\"canonical\" href=\"https:\/\/www.blogsoestado.com\/danielmatos\/marcial-lima-destaca-dia-mundial-da-liberdade-de-imprensa-na-camara-de-sao-luis\/\" \/>\n<meta property=\"og:locale\" content=\"pt_BR\" \/>\n<meta property=\"og:type\" content=\"article\" \/>\n<meta property=\"og:title\" content=\"Marcial Lima destaca Dia Mundial da Liberdade de Imprensa na C\u00e2mara de S\u00e3o Lu\u00eds - Daniel Matos\" \/>\n<meta property=\"og:description\" content=\"Parlamentar comentou ainda den\u00fancias envolvendo o Socorr\u00e3o 2, a decis\u00e3o judicial em barra greve dos professores e problemas na infraestrutura [&hellip;]\" \/>\n<meta property=\"og:url\" content=\"https:\/\/www.blogsoestado.com\/danielmatos\/marcial-lima-destaca-dia-mundial-da-liberdade-de-imprensa-na-camara-de-sao-luis\/\" \/>\n<meta property=\"og:site_name\" content=\"Daniel Matos\" \/>\n<meta property=\"article:published_time\" content=\"2022-04-16T19:00:00+00:00\" \/>\n<meta property=\"og:image\" content=\"https:\/\/www.blogsoestado.com\/danielmatos\/files\/2022\/04\/Screenshot_20220416-1109502.png\" \/>\n<meta name=\"twitter:card\" content=\"summary_large_image\" \/>\n<meta name=\"twitter:label1\" content=\"Est. tempo de leitura\" \/>\n\t<meta name=\"twitter:data1\" content=\"3 minutos\" \/>\n<script type=\"application\/ld+json\" class=\"yoast-schema-graph\">{\"@context\":\"https:\/\/schema.org\",\"@graph\":[{\"@type\":\"WebPage\",\"@id\":\"https:\/\/www.blogsoestado.com\/danielmatos\/marcial-lima-destaca-dia-mundial-da-liberdade-de-imprensa-na-camara-de-sao-luis\/\",\"url\":\"https:\/\/www.blogsoestado.com\/danielmatos\/marcial-lima-destaca-dia-mundial-da-liberdade-de-imprensa-na-camara-de-sao-luis\/\",\"name\":\"Marcial Lima destaca Dia Mundial da Liberdade de Imprensa na C\u00e2mara de S\u00e3o Lu\u00eds - Daniel Matos\",\"isPartOf\":{\"@id\":\"https:\/\/www.blogsoestado.com\/danielmatos\/#website\"},\"primaryImageOfPage\":{\"@id\":\"https:\/\/www.blogsoestado.com\/danielmatos\/marcial-lima-destaca-dia-mundial-da-liberdade-de-imprensa-na-camara-de-sao-luis\/#primaryimage\"},\"image\":{\"@id\":\"https:\/\/www.blogsoestado.com\/danielmatos\/marcial-lima-destaca-dia-mundial-da-liberdade-de-imprensa-na-camara-de-sao-luis\/#primaryimage\"},\"thumbnailUrl\":\"https:\/\/www.blogsoestado.com\/danielmatos\/files\/2022\/04\/Screenshot_20220416-1109502.png\",\"datePublished\":\"2022-04-16T19:00:00+00:00\",\"author\":{\"@id\":\"\"},\"breadcrumb\":{\"@id\":\"https:\/\/www.blogsoestado.com\/danielmatos\/marcial-lima-destaca-dia-mundial-da-liberdade-de-imprensa-na-camara-de-sao-luis\/#breadcrumb\"},\"inLanguage\":\"pt-BR\",\"potentialAction\":[{\"@type\":\"ReadAction\",\"target\":[\"https:\/\/www.blogsoestado.com\/danielmatos\/marcial-lima-destaca-dia-mundial-da-liberdade-de-imprensa-na-camara-de-sao-luis\/\"]}]},{\"@type\":\"ImageObject\",\"inLanguage\":\"pt-BR\",\"@id\":\"https:\/\/www.blogsoestado.com\/danielmatos\/marcial-lima-destaca-dia-mundial-da-liberdade-de-imprensa-na-camara-de-sao-luis\/#primaryimage\",\"url\":\"https:\/\/www.blogsoestado.com\/danielmatos\/files\/2022\/04\/Screenshot_20220416-1109502.png\",\"contentUrl\":\"https:\/\/www.blogsoestado.com\/danielmatos\/files\/2022\/04\/Screenshot_20220416-1109502.png\"},{\"@type\":\"BreadcrumbList\",\"@id\":\"https:\/\/www.blogsoestado.com\/danielmatos\/marcial-lima-destaca-dia-mundial-da-liberdade-de-imprensa-na-camara-de-sao-luis\/#breadcrumb\",\"itemListElement\":[{\"@type\":\"ListItem\",\"position\":1,\"name\":\"In\u00edcio\",\"item\":\"https:\/\/www.blogsoestado.com\/danielmatos\/\"},{\"@type\":\"ListItem\",\"position\":2,\"name\":\"Marcial Lima destaca Dia Mundial da Liberdade de Imprensa na C\u00e2mara de S\u00e3o Lu\u00eds\"}]},{\"@type\":\"WebSite\",\"@id\":\"https:\/\/www.blogsoestado.com\/danielmatos\/#website\",\"url\":\"https:\/\/www.blogsoestado.com\/danielmatos\/\",\"name\":\"Daniel Matos\",\"description\":\"\",\"potentialAction\":[{\"@type\":\"SearchAction\",\"target\":{\"@type\":\"EntryPoint\",\"urlTemplate\":\"https:\/\/www.blogsoestado.com\/danielmatos\/?s={search_term_string}\"},\"query-input\":{\"@type\":\"PropertyValueSpecification\",\"valueRequired\":true,\"valueName\":\"search_term_string\"}}],\"inLanguage\":\"pt-BR\"}]}<\/script>\n<!-- \/ Yoast SEO plugin. -->","yoast_head_json":{"title":"Marcial Lima destaca Dia Mundial da Liberdade de Imprensa na C\u00e2mara de S\u00e3o Lu\u00eds - Daniel Matos","robots":{"index":"index","follow":"follow","max-snippet":"max-snippet:-1","max-image-preview":"max-image-preview:large","max-video-preview":"max-video-preview:-1"},"canonical":"https:\/\/www.blogsoestado.com\/danielmatos\/marcial-lima-destaca-dia-mundial-da-liberdade-de-imprensa-na-camara-de-sao-luis\/","og_locale":"pt_BR","og_type":"article","og_title":"Marcial Lima destaca Dia Mundial da Liberdade de Imprensa na C\u00e2mara de S\u00e3o Lu\u00eds - Daniel Matos","og_description":"Parlamentar comentou ainda den\u00fancias envolvendo o Socorr\u00e3o 2, a decis\u00e3o judicial em barra greve dos professores e problemas na infraestrutura [&hellip;]","og_url":"https:\/\/www.blogsoestado.com\/danielmatos\/marcial-lima-destaca-dia-mundial-da-liberdade-de-imprensa-na-camara-de-sao-luis\/","og_site_name":"Daniel Matos","article_published_time":"2022-04-16T19:00:00+00:00","og_image":[{"url":"https:\/\/www.blogsoestado.com\/danielmatos\/files\/2022\/04\/Screenshot_20220416-1109502.png","type":"","width":"","height":""}],"twitter_card":"summary_large_image","twitter_misc":{"Est. tempo de leitura":"3 minutos"},"schema":{"@context":"https:\/\/schema.org","@graph":[{"@type":"WebPage","@id":"https:\/\/www.blogsoestado.com\/danielmatos\/marcial-lima-destaca-dia-mundial-da-liberdade-de-imprensa-na-camara-de-sao-luis\/","url":"https:\/\/www.blogsoestado.com\/danielmatos\/marcial-lima-destaca-dia-mundial-da-liberdade-de-imprensa-na-camara-de-sao-luis\/","name":"Marcial Lima destaca Dia Mundial da Liberdade de Imprensa na C\u00e2mara de S\u00e3o Lu\u00eds - Daniel Matos","isPartOf":{"@id":"https:\/\/www.blogsoestado.com\/danielmatos\/#website"},"primaryImageOfPage":{"@id":"https:\/\/www.blogsoestado.com\/danielmatos\/marcial-lima-destaca-dia-mundial-da-liberdade-de-imprensa-na-camara-de-sao-luis\/#primaryimage"},"image":{"@id":"https:\/\/www.blogsoestado.com\/danielmatos\/marcial-lima-destaca-dia-mundial-da-liberdade-de-imprensa-na-camara-de-sao-luis\/#primaryimage"},"thumbnailUrl":"https:\/\/www.blogsoestado.com\/danielmatos\/files\/2022\/04\/Screenshot_20220416-1109502.png","datePublished":"2022-04-16T19:00:00+00:00","author":{"@id":""},"breadcrumb":{"@id":"https:\/\/www.blogsoestado.com\/danielmatos\/marcial-lima-destaca-dia-mundial-da-liberdade-de-imprensa-na-camara-de-sao-luis\/#breadcrumb"},"inLanguage":"pt-BR","potentialAction":[{"@type":"ReadAction","target":["https:\/\/www.blogsoestado.com\/danielmatos\/marcial-lima-destaca-dia-mundial-da-liberdade-de-imprensa-na-camara-de-sao-luis\/"]}]},{"@type":"ImageObject","inLanguage":"pt-BR","@id":"https:\/\/www.blogsoestado.com\/danielmatos\/marcial-lima-destaca-dia-mundial-da-liberdade-de-imprensa-na-camara-de-sao-luis\/#primaryimage","url":"https:\/\/www.blogsoestado.com\/danielmatos\/files\/2022\/04\/Screenshot_20220416-1109502.png","contentUrl":"https:\/\/www.blogsoestado.com\/danielmatos\/files\/2022\/04\/Screenshot_20220416-1109502.png"},{"@type":"BreadcrumbList","@id":"https:\/\/www.blogsoestado.com\/danielmatos\/marcial-lima-destaca-dia-mundial-da-liberdade-de-imprensa-na-camara-de-sao-luis\/#breadcrumb","itemListElement":[{"@type":"ListItem","position":1,"name":"In\u00edcio","item":"https:\/\/www.blogsoestado.com\/danielmatos\/"},{"@type":"ListItem","position":2,"name":"Marcial Lima destaca Dia Mundial da Liberdade de Imprensa na C\u00e2mara de S\u00e3o Lu\u00eds"}]},{"@type":"WebSite","@id":"https:\/\/www.blogsoestado.com\/danielmatos\/#website","url":"https:\/\/www.blogsoestado.com\/danielmatos\/","name":"Daniel Matos","description":"","potentialAction":[{"@type":"SearchAction","target":{"@type":"EntryPoint","urlTemplate":"https:\/\/www.blogsoestado.com\/danielmatos\/?s={search_term_string}"},"query-input":{"@type":"PropertyValueSpecification","valueRequired":true,"valueName":"search_term_string"}}],"inLanguage":"pt-BR"}]}},"jetpack_featured_media_url":"","_links":{"self":[{"href":"https:\/\/www.blogsoestado.com\/danielmatos\/wp-json\/wp\/v2\/posts\/96256","targetHints":{"allow":["GET"]}}],"collection":[{"href":"https:\/\/www.blogsoestado.com\/danielmatos\/wp-json\/wp\/v2\/posts"}],"about":[{"href":"https:\/\/www.blogsoestado.com\/danielmatos\/wp-json\/wp\/v2\/types\/post"}],"replies":[{"embeddable":true,"href":"https:\/\/www.blogsoestado.com\/danielmatos\/wp-json\/wp\/v2\/comments?post=96256"}],"version-history":[{"count":0,"href":"https:\/\/www.blogsoestado.com\/danielmatos\/wp-json\/wp\/v2\/posts\/96256\/revisions"}],"wp:attachment":[{"href":"https:\/\/www.blogsoestado.com\/danielmatos\/wp-json\/wp\/v2\/media?parent=96256"}],"wp:term":[{"taxonomy":"category","embeddable":true,"href":"https:\/\/www.blogsoestado.com\/danielmatos\/wp-json\/wp\/v2\/categories?post=96256"},{"taxonomy":"post_tag","embeddable":true,"href":"https:\/\/www.blogsoestado.com\/danielmatos\/wp-json\/wp\/v2\/tags?post=96256"}],"curies":[{"name":"wp","href":"https:\/\/api.w.org\/{rel}","templated":true}]}}