{"id":96263,"date":"2022-04-17T12:44:16","date_gmt":"2022-04-17T15:44:16","guid":{"rendered":"https:\/\/www.blogsoestado.com\/danielmatos\/?p=96263"},"modified":"2022-04-17T12:44:16","modified_gmt":"2022-04-17T15:44:16","slug":"professores-da-rede-municipal-de-ensino-de-sao-luis-iniciam-greve-geral-nessa-segunda-feira-18","status":"publish","type":"post","link":"https:\/\/www.blogsoestado.com\/danielmatos\/professores-da-rede-municipal-de-ensino-de-sao-luis-iniciam-greve-geral-nessa-segunda-feira-18\/","title":{"rendered":"Professores da rede municipal de ensino de S\u00e3o Lu\u00eds iniciam greve geral nessa segunda-feira (18)"},"content":{"rendered":"\n<p><strong><span class=\"has-inline-color has-vivid-red-color\">S\u00e3o 5 anos sem reajuste salarial e proposta de reposi\u00e7\u00e3o de apenas 5% apresentada pela prefeitura \u00e9 considerada imoral pela categoria<\/span><\/strong><\/p>\n\n\n\n<div class=\"wp-block-image\"><figure class=\"aligncenter size-large\"><a href=\"https:\/\/www.blogsoestado.com\/danielmatos\/files\/2022\/04\/Screenshot_20220417-1241262.png\"><img decoding=\"async\" src=\"https:\/\/www.blogsoestado.com\/danielmatos\/files\/2022\/04\/Screenshot_20220417-1241262.png\" alt=\"\" class=\"wp-image-96264\"\/><\/a><figcaption>Professores em rejeitaram proposta de reajuste salarial de apenas 5% apresentada pela Prefeitura de S\u00e3o Lu\u00eds<\/figcaption><\/figure><\/div>\n\n\n\n<p>O Sindicato dos Profissionais do Magist\u00e9rio da Rede P\u00fablica Municipal de S\u00e3o Lu\u00eds (Sindeduca\u00e7\u00e3o) convoca toda a categoria a aderir \u00e0 greve geral marcada para come\u00e7ar nessa segunda-feira, 18 de abril, \u00e0s 8h, na Pra\u00e7a Deodoro. Os professores aprovaram no \u00faltimo dia 8 de abril o in\u00edcio do movimento paredista ap\u00f3s a Prefeitura de S\u00e3o Lu\u00eds oferecer reajuste de 5%, muito aqu\u00e9m do que a categoria reivindica em sua campanha salarial: atualiza\u00e7\u00e3o do piso nacional (de 33,24%) para professores com n\u00edvel m\u00e9dio e a repercuss\u00e3o em toda tabela salarial do magist\u00e9rio, com 36,56% de reajuste para todos os professores com N\u00edvel Superior.<\/p>\n\n\n\n<p>Al\u00e9m de recha\u00e7arem veementemente a proposta de reajuste salarial de 5%, os professores assumiram o compromisso de lutar por escolas que ofere\u00e7am condi\u00e7\u00f5es dignas para toda a comunidade escolar, pois foi somente por meio de muita mobiliza\u00e7\u00e3o realizada pelo sindicato e a categoria que as reformas nas escolas foram iniciadas e, ainda assim, h\u00e1 muito para ser feito, pois menos de 50% das 258 escolas foram reformadas. As aulas na zona rural de S\u00e3o Lu\u00eds, por exemplo, iniciaram sem transporte escolar, a alimenta\u00e7\u00e3o oferecida para os alunos necessita de mais qualidade, entre outras demandas. <\/p>\n\n\n\n<p>O Sindeduca\u00e7\u00e3o tamb\u00e9m organiza o movimento grevista para pedir pelo fim do ass\u00e9dio moral e mais transpar\u00eancia no or\u00e7amento e as contas da Prefeitura de S\u00e3o Lu\u00eds.<\/p>\n\n\n\n<p><strong>Servi\u00e7o<\/strong><\/p>\n\n\n\n<p>O que: greve geral dos professores da rede p\u00fablica municipal de S\u00e3o Lu\u00eds <\/p>\n\n\n\n<p>Quando: 18 de abril, \u00e0s 8h<\/p>\n\n\n\n<p><em>Onde:<\/em> concentra\u00e7\u00e3o na Pra\u00e7a Deodoro<\/p>\n","protected":false},"excerpt":{"rendered":"<p>S\u00e3o 5 anos sem reajuste salarial e proposta de reposi\u00e7\u00e3o de apenas 5% apresentada pela prefeitura \u00e9 considerada imoral pela [&hellip;]<\/p>\n","protected":false},"author":0,"featured_media":0,"comment_status":"open","ping_status":"open","sticky":false,"template":"","format":"standard","meta":{"site-sidebar-layout":"default","site-content-layout":"","ast-site-content-layout":"default","site-content-style":"default","site-sidebar-style":"default","ast-global-header-display":"","ast-banner-title-visibility":"","ast-main-header-display":"","ast-hfb-above-header-display":"","ast-hfb-below-header-display":"","ast-hfb-mobile-header-display":"","site-post-title":"","ast-breadcrumbs-content":"","ast-featured-img":"","footer-sml-layout":"","ast-disable-related-posts":"","theme-transparent-header-meta":"","adv-header-id-meta":"","stick-header-meta":"","header-above-stick-meta":"","header-main-stick-meta":"","header-below-stick-meta":"","astra-migrate-meta-layouts":"default","ast-page-background-enabled":"default","ast-page-background-meta":{"desktop":{"background-color":"var(--ast-global-color-5)","background-image":"","background-repeat":"repeat","background-position":"center center","background-size":"auto","background-attachment":"scroll","background-type":"","background-media":"","overlay-type":"","overlay-color":"","overlay-opacity":"","overlay-gradient":""},"tablet":{"background-color":"","background-image":"","background-repeat":"repeat","background-position":"center center","background-size":"auto","background-attachment":"scroll","background-type":"","background-media":"","overlay-type":"","overlay-color":"","overlay-opacity":"","overlay-gradient":""},"mobile":{"background-color":"","background-image":"","background-repeat":"repeat","background-position":"center center","background-size":"auto","background-attachment":"scroll","background-type":"","background-media":"","overlay-type":"","overlay-color":"","overlay-opacity":"","overlay-gradient":""}},"ast-content-background-meta":{"desktop":{"background-color":"var(--ast-global-color-4)","background-image":"","background-repeat":"repeat","background-position":"center center","background-size":"auto","background-attachment":"scroll","background-type":"","background-media":"","overlay-type":"","overlay-color":"","overlay-opacity":"","overlay-gradient":""},"tablet":{"background-color":"var(--ast-global-color-4)","background-image":"","background-repeat":"repeat","background-position":"center center","background-size":"auto","background-attachment":"scroll","background-type":"","background-media":"","overlay-type":"","overlay-color":"","overlay-opacity":"","overlay-gradient":""},"mobile":{"background-color":"var(--ast-global-color-4)","background-image":"","background-repeat":"repeat","background-position":"center center","background-size":"auto","background-attachment":"scroll","background-type":"","background-media":"","overlay-type":"","overlay-color":"","overlay-opacity":"","overlay-gradient":""}},"footnotes":""},"categories":[1],"tags":[],"class_list":["post-96263","post","type-post","status-publish","format-standard","hentry","category-sem-categoria"],"yoast_head":"<!-- This site is optimized with the Yoast SEO plugin v26.6 - https:\/\/yoast.com\/wordpress\/plugins\/seo\/ -->\n<title>Professores da rede municipal de ensino de S\u00e3o Lu\u00eds iniciam greve geral nessa segunda-feira (18) - Daniel Matos<\/title>\n<meta name=\"robots\" content=\"index, follow, max-snippet:-1, max-image-preview:large, max-video-preview:-1\" \/>\n<link rel=\"canonical\" href=\"https:\/\/www.blogsoestado.com\/danielmatos\/professores-da-rede-municipal-de-ensino-de-sao-luis-iniciam-greve-geral-nessa-segunda-feira-18\/\" \/>\n<meta property=\"og:locale\" content=\"pt_BR\" \/>\n<meta property=\"og:type\" content=\"article\" \/>\n<meta property=\"og:title\" content=\"Professores da rede municipal de ensino de S\u00e3o Lu\u00eds iniciam greve geral nessa segunda-feira (18) - Daniel Matos\" \/>\n<meta property=\"og:description\" content=\"S\u00e3o 5 anos sem reajuste salarial e proposta de reposi\u00e7\u00e3o de apenas 5% apresentada pela prefeitura \u00e9 considerada imoral pela [&hellip;]\" \/>\n<meta property=\"og:url\" content=\"https:\/\/www.blogsoestado.com\/danielmatos\/professores-da-rede-municipal-de-ensino-de-sao-luis-iniciam-greve-geral-nessa-segunda-feira-18\/\" \/>\n<meta property=\"og:site_name\" content=\"Daniel Matos\" \/>\n<meta property=\"article:published_time\" content=\"2022-04-17T15:44:16+00:00\" \/>\n<meta property=\"og:image\" content=\"https:\/\/www.blogsoestado.com\/danielmatos\/files\/2022\/04\/Screenshot_20220417-1241262.png\" \/>\n<meta name=\"twitter:card\" content=\"summary_large_image\" \/>\n<meta name=\"twitter:label1\" content=\"Est. tempo de leitura\" \/>\n\t<meta name=\"twitter:data1\" content=\"2 minutos\" \/>\n<script type=\"application\/ld+json\" class=\"yoast-schema-graph\">{\"@context\":\"https:\/\/schema.org\",\"@graph\":[{\"@type\":\"WebPage\",\"@id\":\"https:\/\/www.blogsoestado.com\/danielmatos\/professores-da-rede-municipal-de-ensino-de-sao-luis-iniciam-greve-geral-nessa-segunda-feira-18\/\",\"url\":\"https:\/\/www.blogsoestado.com\/danielmatos\/professores-da-rede-municipal-de-ensino-de-sao-luis-iniciam-greve-geral-nessa-segunda-feira-18\/\",\"name\":\"Professores da rede municipal de ensino de S\u00e3o Lu\u00eds iniciam greve geral nessa segunda-feira (18) - Daniel Matos\",\"isPartOf\":{\"@id\":\"https:\/\/www.blogsoestado.com\/danielmatos\/#website\"},\"primaryImageOfPage\":{\"@id\":\"https:\/\/www.blogsoestado.com\/danielmatos\/professores-da-rede-municipal-de-ensino-de-sao-luis-iniciam-greve-geral-nessa-segunda-feira-18\/#primaryimage\"},\"image\":{\"@id\":\"https:\/\/www.blogsoestado.com\/danielmatos\/professores-da-rede-municipal-de-ensino-de-sao-luis-iniciam-greve-geral-nessa-segunda-feira-18\/#primaryimage\"},\"thumbnailUrl\":\"https:\/\/www.blogsoestado.com\/danielmatos\/files\/2022\/04\/Screenshot_20220417-1241262.png\",\"datePublished\":\"2022-04-17T15:44:16+00:00\",\"author\":{\"@id\":\"\"},\"breadcrumb\":{\"@id\":\"https:\/\/www.blogsoestado.com\/danielmatos\/professores-da-rede-municipal-de-ensino-de-sao-luis-iniciam-greve-geral-nessa-segunda-feira-18\/#breadcrumb\"},\"inLanguage\":\"pt-BR\",\"potentialAction\":[{\"@type\":\"ReadAction\",\"target\":[\"https:\/\/www.blogsoestado.com\/danielmatos\/professores-da-rede-municipal-de-ensino-de-sao-luis-iniciam-greve-geral-nessa-segunda-feira-18\/\"]}]},{\"@type\":\"ImageObject\",\"inLanguage\":\"pt-BR\",\"@id\":\"https:\/\/www.blogsoestado.com\/danielmatos\/professores-da-rede-municipal-de-ensino-de-sao-luis-iniciam-greve-geral-nessa-segunda-feira-18\/#primaryimage\",\"url\":\"https:\/\/www.blogsoestado.com\/danielmatos\/files\/2022\/04\/Screenshot_20220417-1241262.png\",\"contentUrl\":\"https:\/\/www.blogsoestado.com\/danielmatos\/files\/2022\/04\/Screenshot_20220417-1241262.png\"},{\"@type\":\"BreadcrumbList\",\"@id\":\"https:\/\/www.blogsoestado.com\/danielmatos\/professores-da-rede-municipal-de-ensino-de-sao-luis-iniciam-greve-geral-nessa-segunda-feira-18\/#breadcrumb\",\"itemListElement\":[{\"@type\":\"ListItem\",\"position\":1,\"name\":\"In\u00edcio\",\"item\":\"https:\/\/www.blogsoestado.com\/danielmatos\/\"},{\"@type\":\"ListItem\",\"position\":2,\"name\":\"Professores da rede municipal de ensino de S\u00e3o Lu\u00eds iniciam greve geral nessa segunda-feira (18)\"}]},{\"@type\":\"WebSite\",\"@id\":\"https:\/\/www.blogsoestado.com\/danielmatos\/#website\",\"url\":\"https:\/\/www.blogsoestado.com\/danielmatos\/\",\"name\":\"Daniel Matos\",\"description\":\"\",\"potentialAction\":[{\"@type\":\"SearchAction\",\"target\":{\"@type\":\"EntryPoint\",\"urlTemplate\":\"https:\/\/www.blogsoestado.com\/danielmatos\/?s={search_term_string}\"},\"query-input\":{\"@type\":\"PropertyValueSpecification\",\"valueRequired\":true,\"valueName\":\"search_term_string\"}}],\"inLanguage\":\"pt-BR\"}]}<\/script>\n<!-- \/ Yoast SEO plugin. -->","yoast_head_json":{"title":"Professores da rede municipal de ensino de S\u00e3o Lu\u00eds iniciam greve geral nessa segunda-feira (18) - Daniel Matos","robots":{"index":"index","follow":"follow","max-snippet":"max-snippet:-1","max-image-preview":"max-image-preview:large","max-video-preview":"max-video-preview:-1"},"canonical":"https:\/\/www.blogsoestado.com\/danielmatos\/professores-da-rede-municipal-de-ensino-de-sao-luis-iniciam-greve-geral-nessa-segunda-feira-18\/","og_locale":"pt_BR","og_type":"article","og_title":"Professores da rede municipal de ensino de S\u00e3o Lu\u00eds iniciam greve geral nessa segunda-feira (18) - Daniel Matos","og_description":"S\u00e3o 5 anos sem reajuste salarial e proposta de reposi\u00e7\u00e3o de apenas 5% apresentada pela prefeitura \u00e9 considerada imoral pela [&hellip;]","og_url":"https:\/\/www.blogsoestado.com\/danielmatos\/professores-da-rede-municipal-de-ensino-de-sao-luis-iniciam-greve-geral-nessa-segunda-feira-18\/","og_site_name":"Daniel Matos","article_published_time":"2022-04-17T15:44:16+00:00","og_image":[{"url":"https:\/\/www.blogsoestado.com\/danielmatos\/files\/2022\/04\/Screenshot_20220417-1241262.png","type":"","width":"","height":""}],"twitter_card":"summary_large_image","twitter_misc":{"Est. tempo de leitura":"2 minutos"},"schema":{"@context":"https:\/\/schema.org","@graph":[{"@type":"WebPage","@id":"https:\/\/www.blogsoestado.com\/danielmatos\/professores-da-rede-municipal-de-ensino-de-sao-luis-iniciam-greve-geral-nessa-segunda-feira-18\/","url":"https:\/\/www.blogsoestado.com\/danielmatos\/professores-da-rede-municipal-de-ensino-de-sao-luis-iniciam-greve-geral-nessa-segunda-feira-18\/","name":"Professores da rede municipal de ensino de S\u00e3o Lu\u00eds iniciam greve geral nessa segunda-feira (18) - Daniel Matos","isPartOf":{"@id":"https:\/\/www.blogsoestado.com\/danielmatos\/#website"},"primaryImageOfPage":{"@id":"https:\/\/www.blogsoestado.com\/danielmatos\/professores-da-rede-municipal-de-ensino-de-sao-luis-iniciam-greve-geral-nessa-segunda-feira-18\/#primaryimage"},"image":{"@id":"https:\/\/www.blogsoestado.com\/danielmatos\/professores-da-rede-municipal-de-ensino-de-sao-luis-iniciam-greve-geral-nessa-segunda-feira-18\/#primaryimage"},"thumbnailUrl":"https:\/\/www.blogsoestado.com\/danielmatos\/files\/2022\/04\/Screenshot_20220417-1241262.png","datePublished":"2022-04-17T15:44:16+00:00","author":{"@id":""},"breadcrumb":{"@id":"https:\/\/www.blogsoestado.com\/danielmatos\/professores-da-rede-municipal-de-ensino-de-sao-luis-iniciam-greve-geral-nessa-segunda-feira-18\/#breadcrumb"},"inLanguage":"pt-BR","potentialAction":[{"@type":"ReadAction","target":["https:\/\/www.blogsoestado.com\/danielmatos\/professores-da-rede-municipal-de-ensino-de-sao-luis-iniciam-greve-geral-nessa-segunda-feira-18\/"]}]},{"@type":"ImageObject","inLanguage":"pt-BR","@id":"https:\/\/www.blogsoestado.com\/danielmatos\/professores-da-rede-municipal-de-ensino-de-sao-luis-iniciam-greve-geral-nessa-segunda-feira-18\/#primaryimage","url":"https:\/\/www.blogsoestado.com\/danielmatos\/files\/2022\/04\/Screenshot_20220417-1241262.png","contentUrl":"https:\/\/www.blogsoestado.com\/danielmatos\/files\/2022\/04\/Screenshot_20220417-1241262.png"},{"@type":"BreadcrumbList","@id":"https:\/\/www.blogsoestado.com\/danielmatos\/professores-da-rede-municipal-de-ensino-de-sao-luis-iniciam-greve-geral-nessa-segunda-feira-18\/#breadcrumb","itemListElement":[{"@type":"ListItem","position":1,"name":"In\u00edcio","item":"https:\/\/www.blogsoestado.com\/danielmatos\/"},{"@type":"ListItem","position":2,"name":"Professores da rede municipal de ensino de S\u00e3o Lu\u00eds iniciam greve geral nessa segunda-feira (18)"}]},{"@type":"WebSite","@id":"https:\/\/www.blogsoestado.com\/danielmatos\/#website","url":"https:\/\/www.blogsoestado.com\/danielmatos\/","name":"Daniel Matos","description":"","potentialAction":[{"@type":"SearchAction","target":{"@type":"EntryPoint","urlTemplate":"https:\/\/www.blogsoestado.com\/danielmatos\/?s={search_term_string}"},"query-input":{"@type":"PropertyValueSpecification","valueRequired":true,"valueName":"search_term_string"}}],"inLanguage":"pt-BR"}]}},"jetpack_featured_media_url":"","_links":{"self":[{"href":"https:\/\/www.blogsoestado.com\/danielmatos\/wp-json\/wp\/v2\/posts\/96263","targetHints":{"allow":["GET"]}}],"collection":[{"href":"https:\/\/www.blogsoestado.com\/danielmatos\/wp-json\/wp\/v2\/posts"}],"about":[{"href":"https:\/\/www.blogsoestado.com\/danielmatos\/wp-json\/wp\/v2\/types\/post"}],"replies":[{"embeddable":true,"href":"https:\/\/www.blogsoestado.com\/danielmatos\/wp-json\/wp\/v2\/comments?post=96263"}],"version-history":[{"count":0,"href":"https:\/\/www.blogsoestado.com\/danielmatos\/wp-json\/wp\/v2\/posts\/96263\/revisions"}],"wp:attachment":[{"href":"https:\/\/www.blogsoestado.com\/danielmatos\/wp-json\/wp\/v2\/media?parent=96263"}],"wp:term":[{"taxonomy":"category","embeddable":true,"href":"https:\/\/www.blogsoestado.com\/danielmatos\/wp-json\/wp\/v2\/categories?post=96263"},{"taxonomy":"post_tag","embeddable":true,"href":"https:\/\/www.blogsoestado.com\/danielmatos\/wp-json\/wp\/v2\/tags?post=96263"}],"curies":[{"name":"wp","href":"https:\/\/api.w.org\/{rel}","templated":true}]}}