{"id":96293,"date":"2022-04-18T13:06:40","date_gmt":"2022-04-18T16:06:40","guid":{"rendered":"https:\/\/www.blogsoestado.com\/danielmatos\/?p=96293"},"modified":"2022-04-18T13:06:40","modified_gmt":"2022-04-18T16:06:40","slug":"comecamos-a-mudar-a-realidade-da-area-itaqui-bacanga-diz-vereador-marlon-botao","status":"publish","type":"post","link":"https:\/\/www.blogsoestado.com\/danielmatos\/comecamos-a-mudar-a-realidade-da-area-itaqui-bacanga-diz-vereador-marlon-botao\/","title":{"rendered":"&#8220;Come\u00e7amos a mudar a realidade da \u00e1rea Itaqui-Bacanga\u201d, diz vereador Marlon Bot\u00e3o"},"content":{"rendered":"\n<div class=\"wp-block-image\"><figure class=\"aligncenter size-large\"><a href=\"https:\/\/www.blogsoestado.com\/danielmatos\/files\/2022\/04\/Screenshot_20220418-1247372.png\"><img decoding=\"async\" src=\"https:\/\/www.blogsoestado.com\/danielmatos\/files\/2022\/04\/Screenshot_20220418-1247372.png\" alt=\"\" class=\"wp-image-96294\"\/><\/a><figcaption>Marlon Bot\u00e3o lembra que a \u00e1rea Itaqui-Bacanga tamb\u00e9m sofreu por anos com a neglig\u00eancia do poder p\u00fablico e a falta de pol\u00edticas p\u00fablicas.<\/figcaption><\/figure><\/div>\n\n\n\n<p>Mais conhecido por sua atua\u00e7\u00e3o na Zona Rural de S\u00e3o Lu\u00eds, onde j\u00e1 tem um trabalho consolidado, o vereador Marlon Bot\u00e3o (PSB) tem intensificado sua atua\u00e7\u00e3o tamb\u00e9m na \u00e1rea Itaqui-Bacanga, uma das regi\u00f5es mais populosas da capital \u2013 composta por 47 bairros e mais de 130 mil habitantes.<br \/>.<br \/>Segundo o parlamentar, assim como a Zona Rural, a \u00e1rea Itaqui-Bacanga tamb\u00e9m sofreu por anos com a neglig\u00eancia do poder p\u00fablico e a falta de pol\u00edticas p\u00fablicas.<br \/>.<br \/>\u201cA \u00e1rea Itaqui-Bacanga tem uma import\u00e2ncia gigantesca para a economia da nossa capital. Os maiores empreendimentos, como a Vale e a Alumar, est\u00e3o localizados nessa regi\u00e3o. Mas toda essa riqueza que \u00e9 gerada n\u00e3o chega at\u00e9 a popula\u00e7\u00e3o do Itaqui-Bacanga\u201d, disse Marlon Bot\u00e3o.<br \/>.<br \/>\u201cAs comunidades ainda sofrem com o desemprego e a dificuldade de acesso a servi\u00e7os p\u00fablicos b\u00e1sicos, como atendimento m\u00e9dico, transporte p\u00fablico, escolas bem estruturadas e pontos de lazer e pr\u00e1ticas esportivas. Mas n\u00f3s, ao lado do prefeito Eduardo Braide, j\u00e1 come\u00e7amos a mudar essa realidade\u201d.<br \/>.<br \/>O parlamentar elencou algumas iniciativas do seu mandato que foram direcionadas para a \u00e1rea Itaqui-Bacanga.<br \/>.<br \/>\u201cNo m\u00eas de mar\u00e7o, levamos o nosso projeto Inspirar Sa\u00fade para atender as comunidades do Residencial Lu\u00eds Bacelar e adjac\u00eancias. Um dia inteiro em que a popula\u00e7\u00e3o teve acesso a diversas especialidades m\u00e9dicas totalmente gratuitas, com cl\u00ednico geral, pediatra, nutricionista, dentista, oftalmologista, al\u00e9m de diversas testagens\u201d, disse Marlon Bot\u00e3o.<br \/>.<br \/>\u201cNa Vila Isabel, que vai receber uma edi\u00e7\u00e3o do nosso Inspirar Sa\u00fade em maio, nos juntamos \u00e0 comunidade para construir a primeira quadra comunit\u00e1ria, que hoje atende centenas de fam\u00edlias, sendo utilizada para pr\u00e1ticas esportivas, a\u00e7\u00f5es sociais, cultos religiosos. Tamb\u00e9m levamos a nossa Blitz da Sa\u00fade e a Blitz da Educa\u00e7\u00e3o para dentro dos bairros do Itaqui-Bacanga, o que tornou poss\u00edvel um conhecimento mais detalhado das necessidades dessas comunidades\u201d.<br \/>.<br \/>O vereador tamb\u00e9m destacou que o seu mandato j\u00e1 distribuiu quase mil cestas b\u00e1sicas para as comunidades do Itaqui-Bacanga e que solicitou mais 35 policiais para atender a regi\u00e3o.<br \/>.<br \/>\u201cAo mesmo tempo que cuidamos do assistencialismo, porque quem tem fome tem pressa, tamb\u00e9m trabalhamos para levar cada vez mais seguran\u00e7a, com o requerimento para 35 novos policiais e quatro viaturas para atender a regi\u00e3o. Todas essas a\u00e7\u00f5es visam garantir o bem estar e a dignidade das fam\u00edlias do Itaqui-Bacanga\u201d.<br \/>.<br \/><strong>Mais a\u00e7\u00f5es<\/strong><br \/>.<br \/>Marlon Bot\u00e3o destacou, ainda, outras a\u00e7\u00f5es do seu mandato que j\u00e1 est\u00e3o em curso na \u00e1rea Itaqui-Bacanga.<br \/>.<br \/>\u201cEstamos articulando, juntamente com a Vale e a prefeitura de S\u00e3o Lu\u00eds, para conseguir a reforma completa da Feira do Anjo da Guarda, um sonho antigo da popula\u00e7\u00e3o que tamb\u00e9m vai beneficiar mais de 20 bairros adjacentes\u201d, disse.<br \/>.<br \/>\u201cTamb\u00e9m vamos levar uma feira para o Residencial Bacelar, para que a comunidade n\u00e3o precise mais percorrer longas dist\u00e2ncias para comprar itens b\u00e1sicos de alimenta\u00e7\u00e3o\u201d.<br \/>.<br \/>J\u00e1 na Vila Embratel, de acordo com Marlon Bot\u00e3o, o seu mandato busca a reforma e a amplia\u00e7\u00e3o da \u00e1rea de esporte e lazer, com campo de futebol, espa\u00e7o para atividades f\u00edsicas.<br \/>.<br \/>\u201cTodas essas a\u00e7\u00f5es em conjunto, al\u00e9m de outras que tamb\u00e9m vamos iniciar, j\u00e1 come\u00e7aram a mudar a realidade da \u00e1rea Itaqui-Bacanga. A nossa miss\u00e3o \u00e9 garantir cada vez mais dignidade, oportunidades de emprego e uma vida de qualidade para as comunidades do Itaqui-Bacanga\u201d, finalizou Marlon Bot\u00e3o.<\/p>\n","protected":false},"excerpt":{"rendered":"<p>Mais conhecido por sua atua\u00e7\u00e3o na Zona Rural de S\u00e3o Lu\u00eds, onde j\u00e1 tem um trabalho consolidado, o vereador Marlon [&hellip;]<\/p>\n","protected":false},"author":0,"featured_media":0,"comment_status":"open","ping_status":"open","sticky":false,"template":"","format":"standard","meta":{"site-sidebar-layout":"default","site-content-layout":"","ast-site-content-layout":"default","site-content-style":"default","site-sidebar-style":"default","ast-global-header-display":"","ast-banner-title-visibility":"","ast-main-header-display":"","ast-hfb-above-header-display":"","ast-hfb-below-header-display":"","ast-hfb-mobile-header-display":"","site-post-title":"","ast-breadcrumbs-content":"","ast-featured-img":"","footer-sml-layout":"","ast-disable-related-posts":"","theme-transparent-header-meta":"","adv-header-id-meta":"","stick-header-meta":"","header-above-stick-meta":"","header-main-stick-meta":"","header-below-stick-meta":"","astra-migrate-meta-layouts":"default","ast-page-background-enabled":"default","ast-page-background-meta":{"desktop":{"background-color":"var(--ast-global-color-5)","background-image":"","background-repeat":"repeat","background-position":"center center","background-size":"auto","background-attachment":"scroll","background-type":"","background-media":"","overlay-type":"","overlay-color":"","overlay-opacity":"","overlay-gradient":""},"tablet":{"background-color":"","background-image":"","background-repeat":"repeat","background-position":"center center","background-size":"auto","background-attachment":"scroll","background-type":"","background-media":"","overlay-type":"","overlay-color":"","overlay-opacity":"","overlay-gradient":""},"mobile":{"background-color":"","background-image":"","background-repeat":"repeat","background-position":"center center","background-size":"auto","background-attachment":"scroll","background-type":"","background-media":"","overlay-type":"","overlay-color":"","overlay-opacity":"","overlay-gradient":""}},"ast-content-background-meta":{"desktop":{"background-color":"var(--ast-global-color-4)","background-image":"","background-repeat":"repeat","background-position":"center center","background-size":"auto","background-attachment":"scroll","background-type":"","background-media":"","overlay-type":"","overlay-color":"","overlay-opacity":"","overlay-gradient":""},"tablet":{"background-color":"var(--ast-global-color-4)","background-image":"","background-repeat":"repeat","background-position":"center center","background-size":"auto","background-attachment":"scroll","background-type":"","background-media":"","overlay-type":"","overlay-color":"","overlay-opacity":"","overlay-gradient":""},"mobile":{"background-color":"var(--ast-global-color-4)","background-image":"","background-repeat":"repeat","background-position":"center center","background-size":"auto","background-attachment":"scroll","background-type":"","background-media":"","overlay-type":"","overlay-color":"","overlay-opacity":"","overlay-gradient":""}},"footnotes":""},"categories":[1],"tags":[],"class_list":["post-96293","post","type-post","status-publish","format-standard","hentry","category-sem-categoria"],"yoast_head":"<!-- This site is optimized with the Yoast SEO plugin v26.6 - https:\/\/yoast.com\/wordpress\/plugins\/seo\/ -->\n<title>&quot;Come\u00e7amos a mudar a realidade da \u00e1rea Itaqui-Bacanga\u201d, diz vereador Marlon Bot\u00e3o - Daniel Matos<\/title>\n<meta name=\"robots\" content=\"index, follow, max-snippet:-1, max-image-preview:large, max-video-preview:-1\" \/>\n<link rel=\"canonical\" href=\"https:\/\/www.blogsoestado.com\/danielmatos\/comecamos-a-mudar-a-realidade-da-area-itaqui-bacanga-diz-vereador-marlon-botao\/\" \/>\n<meta property=\"og:locale\" content=\"pt_BR\" \/>\n<meta property=\"og:type\" content=\"article\" \/>\n<meta property=\"og:title\" content=\"&quot;Come\u00e7amos a mudar a realidade da \u00e1rea Itaqui-Bacanga\u201d, diz vereador Marlon Bot\u00e3o - Daniel Matos\" \/>\n<meta property=\"og:description\" content=\"Mais conhecido por sua atua\u00e7\u00e3o na Zona Rural de S\u00e3o Lu\u00eds, onde j\u00e1 tem um trabalho consolidado, o vereador Marlon [&hellip;]\" \/>\n<meta property=\"og:url\" content=\"https:\/\/www.blogsoestado.com\/danielmatos\/comecamos-a-mudar-a-realidade-da-area-itaqui-bacanga-diz-vereador-marlon-botao\/\" \/>\n<meta property=\"og:site_name\" content=\"Daniel Matos\" \/>\n<meta property=\"article:published_time\" content=\"2022-04-18T16:06:40+00:00\" \/>\n<meta property=\"og:image\" content=\"https:\/\/www.blogsoestado.com\/danielmatos\/files\/2022\/04\/Screenshot_20220418-1247372.png\" \/>\n<meta name=\"twitter:card\" content=\"summary_large_image\" \/>\n<meta name=\"twitter:label1\" content=\"Est. tempo de leitura\" \/>\n\t<meta name=\"twitter:data1\" content=\"3 minutos\" \/>\n<script type=\"application\/ld+json\" class=\"yoast-schema-graph\">{\"@context\":\"https:\/\/schema.org\",\"@graph\":[{\"@type\":\"WebPage\",\"@id\":\"https:\/\/www.blogsoestado.com\/danielmatos\/comecamos-a-mudar-a-realidade-da-area-itaqui-bacanga-diz-vereador-marlon-botao\/\",\"url\":\"https:\/\/www.blogsoestado.com\/danielmatos\/comecamos-a-mudar-a-realidade-da-area-itaqui-bacanga-diz-vereador-marlon-botao\/\",\"name\":\"\\\"Come\u00e7amos a mudar a realidade da \u00e1rea Itaqui-Bacanga\u201d, diz vereador Marlon Bot\u00e3o - Daniel Matos\",\"isPartOf\":{\"@id\":\"https:\/\/www.blogsoestado.com\/danielmatos\/#website\"},\"primaryImageOfPage\":{\"@id\":\"https:\/\/www.blogsoestado.com\/danielmatos\/comecamos-a-mudar-a-realidade-da-area-itaqui-bacanga-diz-vereador-marlon-botao\/#primaryimage\"},\"image\":{\"@id\":\"https:\/\/www.blogsoestado.com\/danielmatos\/comecamos-a-mudar-a-realidade-da-area-itaqui-bacanga-diz-vereador-marlon-botao\/#primaryimage\"},\"thumbnailUrl\":\"https:\/\/www.blogsoestado.com\/danielmatos\/files\/2022\/04\/Screenshot_20220418-1247372.png\",\"datePublished\":\"2022-04-18T16:06:40+00:00\",\"author\":{\"@id\":\"\"},\"breadcrumb\":{\"@id\":\"https:\/\/www.blogsoestado.com\/danielmatos\/comecamos-a-mudar-a-realidade-da-area-itaqui-bacanga-diz-vereador-marlon-botao\/#breadcrumb\"},\"inLanguage\":\"pt-BR\",\"potentialAction\":[{\"@type\":\"ReadAction\",\"target\":[\"https:\/\/www.blogsoestado.com\/danielmatos\/comecamos-a-mudar-a-realidade-da-area-itaqui-bacanga-diz-vereador-marlon-botao\/\"]}]},{\"@type\":\"ImageObject\",\"inLanguage\":\"pt-BR\",\"@id\":\"https:\/\/www.blogsoestado.com\/danielmatos\/comecamos-a-mudar-a-realidade-da-area-itaqui-bacanga-diz-vereador-marlon-botao\/#primaryimage\",\"url\":\"https:\/\/www.blogsoestado.com\/danielmatos\/files\/2022\/04\/Screenshot_20220418-1247372.png\",\"contentUrl\":\"https:\/\/www.blogsoestado.com\/danielmatos\/files\/2022\/04\/Screenshot_20220418-1247372.png\"},{\"@type\":\"BreadcrumbList\",\"@id\":\"https:\/\/www.blogsoestado.com\/danielmatos\/comecamos-a-mudar-a-realidade-da-area-itaqui-bacanga-diz-vereador-marlon-botao\/#breadcrumb\",\"itemListElement\":[{\"@type\":\"ListItem\",\"position\":1,\"name\":\"In\u00edcio\",\"item\":\"https:\/\/www.blogsoestado.com\/danielmatos\/\"},{\"@type\":\"ListItem\",\"position\":2,\"name\":\"&#8220;Come\u00e7amos a mudar a realidade da \u00e1rea Itaqui-Bacanga\u201d, diz vereador Marlon Bot\u00e3o\"}]},{\"@type\":\"WebSite\",\"@id\":\"https:\/\/www.blogsoestado.com\/danielmatos\/#website\",\"url\":\"https:\/\/www.blogsoestado.com\/danielmatos\/\",\"name\":\"Daniel Matos\",\"description\":\"\",\"potentialAction\":[{\"@type\":\"SearchAction\",\"target\":{\"@type\":\"EntryPoint\",\"urlTemplate\":\"https:\/\/www.blogsoestado.com\/danielmatos\/?s={search_term_string}\"},\"query-input\":{\"@type\":\"PropertyValueSpecification\",\"valueRequired\":true,\"valueName\":\"search_term_string\"}}],\"inLanguage\":\"pt-BR\"}]}<\/script>\n<!-- \/ Yoast SEO plugin. -->","yoast_head_json":{"title":"\"Come\u00e7amos a mudar a realidade da \u00e1rea Itaqui-Bacanga\u201d, diz vereador Marlon Bot\u00e3o - Daniel Matos","robots":{"index":"index","follow":"follow","max-snippet":"max-snippet:-1","max-image-preview":"max-image-preview:large","max-video-preview":"max-video-preview:-1"},"canonical":"https:\/\/www.blogsoestado.com\/danielmatos\/comecamos-a-mudar-a-realidade-da-area-itaqui-bacanga-diz-vereador-marlon-botao\/","og_locale":"pt_BR","og_type":"article","og_title":"\"Come\u00e7amos a mudar a realidade da \u00e1rea Itaqui-Bacanga\u201d, diz vereador Marlon Bot\u00e3o - Daniel Matos","og_description":"Mais conhecido por sua atua\u00e7\u00e3o na Zona Rural de S\u00e3o Lu\u00eds, onde j\u00e1 tem um trabalho consolidado, o vereador Marlon [&hellip;]","og_url":"https:\/\/www.blogsoestado.com\/danielmatos\/comecamos-a-mudar-a-realidade-da-area-itaqui-bacanga-diz-vereador-marlon-botao\/","og_site_name":"Daniel Matos","article_published_time":"2022-04-18T16:06:40+00:00","og_image":[{"url":"https:\/\/www.blogsoestado.com\/danielmatos\/files\/2022\/04\/Screenshot_20220418-1247372.png","type":"","width":"","height":""}],"twitter_card":"summary_large_image","twitter_misc":{"Est. tempo de leitura":"3 minutos"},"schema":{"@context":"https:\/\/schema.org","@graph":[{"@type":"WebPage","@id":"https:\/\/www.blogsoestado.com\/danielmatos\/comecamos-a-mudar-a-realidade-da-area-itaqui-bacanga-diz-vereador-marlon-botao\/","url":"https:\/\/www.blogsoestado.com\/danielmatos\/comecamos-a-mudar-a-realidade-da-area-itaqui-bacanga-diz-vereador-marlon-botao\/","name":"\"Come\u00e7amos a mudar a realidade da \u00e1rea Itaqui-Bacanga\u201d, diz vereador Marlon Bot\u00e3o - Daniel Matos","isPartOf":{"@id":"https:\/\/www.blogsoestado.com\/danielmatos\/#website"},"primaryImageOfPage":{"@id":"https:\/\/www.blogsoestado.com\/danielmatos\/comecamos-a-mudar-a-realidade-da-area-itaqui-bacanga-diz-vereador-marlon-botao\/#primaryimage"},"image":{"@id":"https:\/\/www.blogsoestado.com\/danielmatos\/comecamos-a-mudar-a-realidade-da-area-itaqui-bacanga-diz-vereador-marlon-botao\/#primaryimage"},"thumbnailUrl":"https:\/\/www.blogsoestado.com\/danielmatos\/files\/2022\/04\/Screenshot_20220418-1247372.png","datePublished":"2022-04-18T16:06:40+00:00","author":{"@id":""},"breadcrumb":{"@id":"https:\/\/www.blogsoestado.com\/danielmatos\/comecamos-a-mudar-a-realidade-da-area-itaqui-bacanga-diz-vereador-marlon-botao\/#breadcrumb"},"inLanguage":"pt-BR","potentialAction":[{"@type":"ReadAction","target":["https:\/\/www.blogsoestado.com\/danielmatos\/comecamos-a-mudar-a-realidade-da-area-itaqui-bacanga-diz-vereador-marlon-botao\/"]}]},{"@type":"ImageObject","inLanguage":"pt-BR","@id":"https:\/\/www.blogsoestado.com\/danielmatos\/comecamos-a-mudar-a-realidade-da-area-itaqui-bacanga-diz-vereador-marlon-botao\/#primaryimage","url":"https:\/\/www.blogsoestado.com\/danielmatos\/files\/2022\/04\/Screenshot_20220418-1247372.png","contentUrl":"https:\/\/www.blogsoestado.com\/danielmatos\/files\/2022\/04\/Screenshot_20220418-1247372.png"},{"@type":"BreadcrumbList","@id":"https:\/\/www.blogsoestado.com\/danielmatos\/comecamos-a-mudar-a-realidade-da-area-itaqui-bacanga-diz-vereador-marlon-botao\/#breadcrumb","itemListElement":[{"@type":"ListItem","position":1,"name":"In\u00edcio","item":"https:\/\/www.blogsoestado.com\/danielmatos\/"},{"@type":"ListItem","position":2,"name":"&#8220;Come\u00e7amos a mudar a realidade da \u00e1rea Itaqui-Bacanga\u201d, diz vereador Marlon Bot\u00e3o"}]},{"@type":"WebSite","@id":"https:\/\/www.blogsoestado.com\/danielmatos\/#website","url":"https:\/\/www.blogsoestado.com\/danielmatos\/","name":"Daniel Matos","description":"","potentialAction":[{"@type":"SearchAction","target":{"@type":"EntryPoint","urlTemplate":"https:\/\/www.blogsoestado.com\/danielmatos\/?s={search_term_string}"},"query-input":{"@type":"PropertyValueSpecification","valueRequired":true,"valueName":"search_term_string"}}],"inLanguage":"pt-BR"}]}},"jetpack_featured_media_url":"","_links":{"self":[{"href":"https:\/\/www.blogsoestado.com\/danielmatos\/wp-json\/wp\/v2\/posts\/96293","targetHints":{"allow":["GET"]}}],"collection":[{"href":"https:\/\/www.blogsoestado.com\/danielmatos\/wp-json\/wp\/v2\/posts"}],"about":[{"href":"https:\/\/www.blogsoestado.com\/danielmatos\/wp-json\/wp\/v2\/types\/post"}],"replies":[{"embeddable":true,"href":"https:\/\/www.blogsoestado.com\/danielmatos\/wp-json\/wp\/v2\/comments?post=96293"}],"version-history":[{"count":0,"href":"https:\/\/www.blogsoestado.com\/danielmatos\/wp-json\/wp\/v2\/posts\/96293\/revisions"}],"wp:attachment":[{"href":"https:\/\/www.blogsoestado.com\/danielmatos\/wp-json\/wp\/v2\/media?parent=96293"}],"wp:term":[{"taxonomy":"category","embeddable":true,"href":"https:\/\/www.blogsoestado.com\/danielmatos\/wp-json\/wp\/v2\/categories?post=96293"},{"taxonomy":"post_tag","embeddable":true,"href":"https:\/\/www.blogsoestado.com\/danielmatos\/wp-json\/wp\/v2\/tags?post=96293"}],"curies":[{"name":"wp","href":"https:\/\/api.w.org\/{rel}","templated":true}]}}