{"id":96306,"date":"2022-04-18T19:48:24","date_gmt":"2022-04-18T22:48:24","guid":{"rendered":"https:\/\/www.blogsoestado.com\/danielmatos\/?p=96306"},"modified":"2022-04-18T19:48:24","modified_gmt":"2022-04-18T22:48:24","slug":"farofa-artesanal-em-seis-sabores-sera-lancada-nesta-terca-feira-19","status":"publish","type":"post","link":"https:\/\/www.blogsoestado.com\/danielmatos\/farofa-artesanal-em-seis-sabores-sera-lancada-nesta-terca-feira-19\/","title":{"rendered":"Farofa artesanal em seis sabores ser\u00e1 lan\u00e7ada nesta ter\u00e7a-feira (19)"},"content":{"rendered":"\n<p><em><strong><span class=\"has-inline-color has-vivid-red-color\">Produto genuinamente maranhense foi registrado como \u201cFaroferreira\u201d e \u00e9 uma ideia dos empres\u00e1rios Aristides Sobrinho e Kamila Ferreira<\/span><\/strong><\/em><\/p>\n\n\n\n<div class=\"wp-block-image\"><figure class=\"aligncenter size-large\"><a href=\"https:\/\/www.blogsoestado.com\/danielmatos\/files\/2022\/04\/Screenshot_20220418-1945032.png\"><img decoding=\"async\" src=\"https:\/\/www.blogsoestado.com\/danielmatos\/files\/2022\/04\/Screenshot_20220418-1945032.png\" alt=\"\" class=\"wp-image-96307\"\/><\/a><figcaption>Os empreendedores Aristides Ferreira Sobrinho e Kamila Ferreira prometem agu\u00e7ar o paladar dos maranhenses<\/figcaption><\/figure><\/div>\n\n\n\n<p><strong>S\u00e3o Lu\u00eds\u00a0<\/strong>&#8211; Produto exclusivo e produzido em S\u00e3o Lu\u00eds (MA), uma farofa artesanal diferenciada, criada pelos empreendedores Aristides Ferreira Sobrinho e Kamila Ferreira, promete agu\u00e7ar o paladar dos maranhenses. A novidade ser\u00e1 apresentada oficialmente\u00a0nesta ter\u00e7a-feira, durante evento especial para convidados\u00a0no Azeite e Sal, na Pen\u00ednsula da Ponta d\u2019Areia.<\/p>\n\n\n\n<p>Registrada como \u201cFaroferreira\u201d, em alus\u00e3o ao sobrenome de seus criadores, a farofa n\u00e3o possui corantes, aromatizantes ou conservantes. \u00c9 apresentada em seis deliciosos sabores: bacon, picante, multigr\u00e3os, castanha do Brasil, gengibre e carne seca.<\/p>\n\n\n\n<p>A \u201cFaroferreira\u201d \u00e9 feita com produtos regionais que valorizam o produtor rural. \u00c9 balanceada com ingredientes da mais alta qualidade e todas as suas vers\u00f5es passaram por testes de qualidade para atender clientes exigentes que buscam uma receita saud\u00e1vel.<\/p>\n\n\n\n<p>Segundo o empres\u00e1rio Aristides Ferreira Sobrinho, mestre em Engenharia de Pesca, 41 anos, a ideia surgiu h\u00e1 dois anos, em plena pandemia do novo coronav\u00edrus. Ele e a esposa buscavam algo diferenciado e que pudesse surpreender pela qualidade. \u201cFoi quando optamos pela farofa artesanal, mas n\u00e3o uma qualquer. N\u00f3s pesquisamos bastante e criamos receitas diferenciadas com f\u00f3rmulas que foram ficando cada vez melhores\u201d, conta.<\/p>\n\n\n\n<p><strong>F\u00f3rmula<\/strong><\/p>\n\n\n\n<p>A empres\u00e1ria e administradora Kamila Ferreira revela que, no in\u00edcio, eram produzidas apenas as vers\u00f5es de soja, bacon e jambu. \u201cN\u00f3s\u00a0iniciamos\u00a0fabricando 120 unidades de tr\u00eas sabores distintos em Macap\u00e1 (AP), durante a Semana Santa. Foi um sucesso e n\u00e3o paramos mais. Os produtos passaram por quatro ou cinco vers\u00f5es diferentes at\u00e9 a final. Come\u00e7amos a desenvolver a f\u00f3rmula em casa e, depois, levamos para o laborat\u00f3rio. Nossa prioridade sempre foi oferecer um produto saud\u00e1vel, pois crescemos em uma fam\u00edlia de empreendedores, raz\u00e3o pela qual sempre tivemos a preocupa\u00e7\u00e3o com a qualidade do que oferec\u00edamos\u201d, diz.<\/p>\n\n\n\n<p>Conforme os empres\u00e1rios, trata-se de um produto balanceado que passou por testes de acidez e pode ser consumido em at\u00e9 seis meses (prazo de validade).&nbsp;As embalagens contendo cada um dos sabores cont\u00eam zipper locker. \u201cPode ser consumido, inclusive, por quem n\u00e3o ingere gl\u00faten. Nossa meta \u00e9 comercializar 250 unidades por m\u00eas em S\u00e3o Lu\u00eds\u201d.<\/p>\n","protected":false},"excerpt":{"rendered":"<p>Produto genuinamente maranhense foi registrado como \u201cFaroferreira\u201d e \u00e9 uma ideia dos empres\u00e1rios Aristides Sobrinho e Kamila Ferreira S\u00e3o Lu\u00eds\u00a0&#8211; [&hellip;]<\/p>\n","protected":false},"author":0,"featured_media":0,"comment_status":"open","ping_status":"open","sticky":false,"template":"","format":"standard","meta":{"site-sidebar-layout":"default","site-content-layout":"","ast-site-content-layout":"default","site-content-style":"default","site-sidebar-style":"default","ast-global-header-display":"","ast-banner-title-visibility":"","ast-main-header-display":"","ast-hfb-above-header-display":"","ast-hfb-below-header-display":"","ast-hfb-mobile-header-display":"","site-post-title":"","ast-breadcrumbs-content":"","ast-featured-img":"","footer-sml-layout":"","ast-disable-related-posts":"","theme-transparent-header-meta":"","adv-header-id-meta":"","stick-header-meta":"","header-above-stick-meta":"","header-main-stick-meta":"","header-below-stick-meta":"","astra-migrate-meta-layouts":"default","ast-page-background-enabled":"default","ast-page-background-meta":{"desktop":{"background-color":"var(--ast-global-color-5)","background-image":"","background-repeat":"repeat","background-position":"center center","background-size":"auto","background-attachment":"scroll","background-type":"","background-media":"","overlay-type":"","overlay-color":"","overlay-opacity":"","overlay-gradient":""},"tablet":{"background-color":"","background-image":"","background-repeat":"repeat","background-position":"center center","background-size":"auto","background-attachment":"scroll","background-type":"","background-media":"","overlay-type":"","overlay-color":"","overlay-opacity":"","overlay-gradient":""},"mobile":{"background-color":"","background-image":"","background-repeat":"repeat","background-position":"center center","background-size":"auto","background-attachment":"scroll","background-type":"","background-media":"","overlay-type":"","overlay-color":"","overlay-opacity":"","overlay-gradient":""}},"ast-content-background-meta":{"desktop":{"background-color":"var(--ast-global-color-4)","background-image":"","background-repeat":"repeat","background-position":"center center","background-size":"auto","background-attachment":"scroll","background-type":"","background-media":"","overlay-type":"","overlay-color":"","overlay-opacity":"","overlay-gradient":""},"tablet":{"background-color":"var(--ast-global-color-4)","background-image":"","background-repeat":"repeat","background-position":"center center","background-size":"auto","background-attachment":"scroll","background-type":"","background-media":"","overlay-type":"","overlay-color":"","overlay-opacity":"","overlay-gradient":""},"mobile":{"background-color":"var(--ast-global-color-4)","background-image":"","background-repeat":"repeat","background-position":"center center","background-size":"auto","background-attachment":"scroll","background-type":"","background-media":"","overlay-type":"","overlay-color":"","overlay-opacity":"","overlay-gradient":""}},"footnotes":""},"categories":[1],"tags":[],"class_list":["post-96306","post","type-post","status-publish","format-standard","hentry","category-sem-categoria"],"yoast_head":"<!-- This site is optimized with the Yoast SEO plugin v26.6 - https:\/\/yoast.com\/wordpress\/plugins\/seo\/ -->\n<title>Farofa artesanal em seis sabores ser\u00e1 lan\u00e7ada nesta ter\u00e7a-feira (19) - Daniel Matos<\/title>\n<meta name=\"robots\" content=\"index, follow, max-snippet:-1, max-image-preview:large, max-video-preview:-1\" \/>\n<link rel=\"canonical\" href=\"https:\/\/www.blogsoestado.com\/danielmatos\/farofa-artesanal-em-seis-sabores-sera-lancada-nesta-terca-feira-19\/\" \/>\n<meta property=\"og:locale\" content=\"pt_BR\" \/>\n<meta property=\"og:type\" content=\"article\" \/>\n<meta property=\"og:title\" content=\"Farofa artesanal em seis sabores ser\u00e1 lan\u00e7ada nesta ter\u00e7a-feira (19) - Daniel Matos\" \/>\n<meta property=\"og:description\" content=\"Produto genuinamente maranhense foi registrado como \u201cFaroferreira\u201d e \u00e9 uma ideia dos empres\u00e1rios Aristides Sobrinho e Kamila Ferreira S\u00e3o Lu\u00eds\u00a0&#8211; [&hellip;]\" \/>\n<meta property=\"og:url\" content=\"https:\/\/www.blogsoestado.com\/danielmatos\/farofa-artesanal-em-seis-sabores-sera-lancada-nesta-terca-feira-19\/\" \/>\n<meta property=\"og:site_name\" content=\"Daniel Matos\" \/>\n<meta property=\"article:published_time\" content=\"2022-04-18T22:48:24+00:00\" \/>\n<meta property=\"og:image\" content=\"https:\/\/www.blogsoestado.com\/danielmatos\/files\/2022\/04\/Screenshot_20220418-1945032.png\" \/>\n<meta name=\"twitter:card\" content=\"summary_large_image\" \/>\n<meta name=\"twitter:label1\" content=\"Est. tempo de leitura\" \/>\n\t<meta name=\"twitter:data1\" content=\"2 minutos\" \/>\n<script type=\"application\/ld+json\" class=\"yoast-schema-graph\">{\"@context\":\"https:\/\/schema.org\",\"@graph\":[{\"@type\":\"WebPage\",\"@id\":\"https:\/\/www.blogsoestado.com\/danielmatos\/farofa-artesanal-em-seis-sabores-sera-lancada-nesta-terca-feira-19\/\",\"url\":\"https:\/\/www.blogsoestado.com\/danielmatos\/farofa-artesanal-em-seis-sabores-sera-lancada-nesta-terca-feira-19\/\",\"name\":\"Farofa artesanal em seis sabores ser\u00e1 lan\u00e7ada nesta ter\u00e7a-feira (19) - Daniel Matos\",\"isPartOf\":{\"@id\":\"https:\/\/www.blogsoestado.com\/danielmatos\/#website\"},\"primaryImageOfPage\":{\"@id\":\"https:\/\/www.blogsoestado.com\/danielmatos\/farofa-artesanal-em-seis-sabores-sera-lancada-nesta-terca-feira-19\/#primaryimage\"},\"image\":{\"@id\":\"https:\/\/www.blogsoestado.com\/danielmatos\/farofa-artesanal-em-seis-sabores-sera-lancada-nesta-terca-feira-19\/#primaryimage\"},\"thumbnailUrl\":\"https:\/\/www.blogsoestado.com\/danielmatos\/files\/2022\/04\/Screenshot_20220418-1945032.png\",\"datePublished\":\"2022-04-18T22:48:24+00:00\",\"author\":{\"@id\":\"\"},\"breadcrumb\":{\"@id\":\"https:\/\/www.blogsoestado.com\/danielmatos\/farofa-artesanal-em-seis-sabores-sera-lancada-nesta-terca-feira-19\/#breadcrumb\"},\"inLanguage\":\"pt-BR\",\"potentialAction\":[{\"@type\":\"ReadAction\",\"target\":[\"https:\/\/www.blogsoestado.com\/danielmatos\/farofa-artesanal-em-seis-sabores-sera-lancada-nesta-terca-feira-19\/\"]}]},{\"@type\":\"ImageObject\",\"inLanguage\":\"pt-BR\",\"@id\":\"https:\/\/www.blogsoestado.com\/danielmatos\/farofa-artesanal-em-seis-sabores-sera-lancada-nesta-terca-feira-19\/#primaryimage\",\"url\":\"https:\/\/www.blogsoestado.com\/danielmatos\/files\/2022\/04\/Screenshot_20220418-1945032.png\",\"contentUrl\":\"https:\/\/www.blogsoestado.com\/danielmatos\/files\/2022\/04\/Screenshot_20220418-1945032.png\"},{\"@type\":\"BreadcrumbList\",\"@id\":\"https:\/\/www.blogsoestado.com\/danielmatos\/farofa-artesanal-em-seis-sabores-sera-lancada-nesta-terca-feira-19\/#breadcrumb\",\"itemListElement\":[{\"@type\":\"ListItem\",\"position\":1,\"name\":\"In\u00edcio\",\"item\":\"https:\/\/www.blogsoestado.com\/danielmatos\/\"},{\"@type\":\"ListItem\",\"position\":2,\"name\":\"Farofa artesanal em seis sabores ser\u00e1 lan\u00e7ada nesta ter\u00e7a-feira (19)\"}]},{\"@type\":\"WebSite\",\"@id\":\"https:\/\/www.blogsoestado.com\/danielmatos\/#website\",\"url\":\"https:\/\/www.blogsoestado.com\/danielmatos\/\",\"name\":\"Daniel Matos\",\"description\":\"\",\"potentialAction\":[{\"@type\":\"SearchAction\",\"target\":{\"@type\":\"EntryPoint\",\"urlTemplate\":\"https:\/\/www.blogsoestado.com\/danielmatos\/?s={search_term_string}\"},\"query-input\":{\"@type\":\"PropertyValueSpecification\",\"valueRequired\":true,\"valueName\":\"search_term_string\"}}],\"inLanguage\":\"pt-BR\"}]}<\/script>\n<!-- \/ Yoast SEO plugin. -->","yoast_head_json":{"title":"Farofa artesanal em seis sabores ser\u00e1 lan\u00e7ada nesta ter\u00e7a-feira (19) - Daniel Matos","robots":{"index":"index","follow":"follow","max-snippet":"max-snippet:-1","max-image-preview":"max-image-preview:large","max-video-preview":"max-video-preview:-1"},"canonical":"https:\/\/www.blogsoestado.com\/danielmatos\/farofa-artesanal-em-seis-sabores-sera-lancada-nesta-terca-feira-19\/","og_locale":"pt_BR","og_type":"article","og_title":"Farofa artesanal em seis sabores ser\u00e1 lan\u00e7ada nesta ter\u00e7a-feira (19) - Daniel Matos","og_description":"Produto genuinamente maranhense foi registrado como \u201cFaroferreira\u201d e \u00e9 uma ideia dos empres\u00e1rios Aristides Sobrinho e Kamila Ferreira S\u00e3o Lu\u00eds\u00a0&#8211; [&hellip;]","og_url":"https:\/\/www.blogsoestado.com\/danielmatos\/farofa-artesanal-em-seis-sabores-sera-lancada-nesta-terca-feira-19\/","og_site_name":"Daniel Matos","article_published_time":"2022-04-18T22:48:24+00:00","og_image":[{"url":"https:\/\/www.blogsoestado.com\/danielmatos\/files\/2022\/04\/Screenshot_20220418-1945032.png","type":"","width":"","height":""}],"twitter_card":"summary_large_image","twitter_misc":{"Est. tempo de leitura":"2 minutos"},"schema":{"@context":"https:\/\/schema.org","@graph":[{"@type":"WebPage","@id":"https:\/\/www.blogsoestado.com\/danielmatos\/farofa-artesanal-em-seis-sabores-sera-lancada-nesta-terca-feira-19\/","url":"https:\/\/www.blogsoestado.com\/danielmatos\/farofa-artesanal-em-seis-sabores-sera-lancada-nesta-terca-feira-19\/","name":"Farofa artesanal em seis sabores ser\u00e1 lan\u00e7ada nesta ter\u00e7a-feira (19) - Daniel Matos","isPartOf":{"@id":"https:\/\/www.blogsoestado.com\/danielmatos\/#website"},"primaryImageOfPage":{"@id":"https:\/\/www.blogsoestado.com\/danielmatos\/farofa-artesanal-em-seis-sabores-sera-lancada-nesta-terca-feira-19\/#primaryimage"},"image":{"@id":"https:\/\/www.blogsoestado.com\/danielmatos\/farofa-artesanal-em-seis-sabores-sera-lancada-nesta-terca-feira-19\/#primaryimage"},"thumbnailUrl":"https:\/\/www.blogsoestado.com\/danielmatos\/files\/2022\/04\/Screenshot_20220418-1945032.png","datePublished":"2022-04-18T22:48:24+00:00","author":{"@id":""},"breadcrumb":{"@id":"https:\/\/www.blogsoestado.com\/danielmatos\/farofa-artesanal-em-seis-sabores-sera-lancada-nesta-terca-feira-19\/#breadcrumb"},"inLanguage":"pt-BR","potentialAction":[{"@type":"ReadAction","target":["https:\/\/www.blogsoestado.com\/danielmatos\/farofa-artesanal-em-seis-sabores-sera-lancada-nesta-terca-feira-19\/"]}]},{"@type":"ImageObject","inLanguage":"pt-BR","@id":"https:\/\/www.blogsoestado.com\/danielmatos\/farofa-artesanal-em-seis-sabores-sera-lancada-nesta-terca-feira-19\/#primaryimage","url":"https:\/\/www.blogsoestado.com\/danielmatos\/files\/2022\/04\/Screenshot_20220418-1945032.png","contentUrl":"https:\/\/www.blogsoestado.com\/danielmatos\/files\/2022\/04\/Screenshot_20220418-1945032.png"},{"@type":"BreadcrumbList","@id":"https:\/\/www.blogsoestado.com\/danielmatos\/farofa-artesanal-em-seis-sabores-sera-lancada-nesta-terca-feira-19\/#breadcrumb","itemListElement":[{"@type":"ListItem","position":1,"name":"In\u00edcio","item":"https:\/\/www.blogsoestado.com\/danielmatos\/"},{"@type":"ListItem","position":2,"name":"Farofa artesanal em seis sabores ser\u00e1 lan\u00e7ada nesta ter\u00e7a-feira (19)"}]},{"@type":"WebSite","@id":"https:\/\/www.blogsoestado.com\/danielmatos\/#website","url":"https:\/\/www.blogsoestado.com\/danielmatos\/","name":"Daniel Matos","description":"","potentialAction":[{"@type":"SearchAction","target":{"@type":"EntryPoint","urlTemplate":"https:\/\/www.blogsoestado.com\/danielmatos\/?s={search_term_string}"},"query-input":{"@type":"PropertyValueSpecification","valueRequired":true,"valueName":"search_term_string"}}],"inLanguage":"pt-BR"}]}},"jetpack_featured_media_url":"","_links":{"self":[{"href":"https:\/\/www.blogsoestado.com\/danielmatos\/wp-json\/wp\/v2\/posts\/96306","targetHints":{"allow":["GET"]}}],"collection":[{"href":"https:\/\/www.blogsoestado.com\/danielmatos\/wp-json\/wp\/v2\/posts"}],"about":[{"href":"https:\/\/www.blogsoestado.com\/danielmatos\/wp-json\/wp\/v2\/types\/post"}],"replies":[{"embeddable":true,"href":"https:\/\/www.blogsoestado.com\/danielmatos\/wp-json\/wp\/v2\/comments?post=96306"}],"version-history":[{"count":0,"href":"https:\/\/www.blogsoestado.com\/danielmatos\/wp-json\/wp\/v2\/posts\/96306\/revisions"}],"wp:attachment":[{"href":"https:\/\/www.blogsoestado.com\/danielmatos\/wp-json\/wp\/v2\/media?parent=96306"}],"wp:term":[{"taxonomy":"category","embeddable":true,"href":"https:\/\/www.blogsoestado.com\/danielmatos\/wp-json\/wp\/v2\/categories?post=96306"},{"taxonomy":"post_tag","embeddable":true,"href":"https:\/\/www.blogsoestado.com\/danielmatos\/wp-json\/wp\/v2\/tags?post=96306"}],"curies":[{"name":"wp","href":"https:\/\/api.w.org\/{rel}","templated":true}]}}