{"id":96328,"date":"2022-04-19T12:00:58","date_gmt":"2022-04-19T15:00:58","guid":{"rendered":"https:\/\/www.blogsoestado.com\/danielmatos\/?p=96328"},"modified":"2022-04-19T12:00:58","modified_gmt":"2022-04-19T15:00:58","slug":"smtt-inaptidao-de-secretario-para-o-cargo-prejudica-usuarios-do-transporte-publico","status":"publish","type":"post","link":"https:\/\/www.blogsoestado.com\/danielmatos\/smtt-inaptidao-de-secretario-para-o-cargo-prejudica-usuarios-do-transporte-publico\/","title":{"rendered":"SMTT: inaptid\u00e3o de secret\u00e1rio para o cargo prejudica usu\u00e1rios do transporte p\u00fablico"},"content":{"rendered":"\n<div class=\"wp-block-image\"><figure class=\"aligncenter size-large\"><a href=\"https:\/\/www.blogsoestado.com\/danielmatos\/files\/2022\/04\/Screenshot_20220419-1157402.png\"><img decoding=\"async\" src=\"https:\/\/www.blogsoestado.com\/danielmatos\/files\/2022\/04\/Screenshot_20220419-1157402.png\" alt=\"\" class=\"wp-image-96329\"\/><\/a><figcaption>Totalmente perdido \u00e0 frente da SMTT, o advogado Diego Baluz \u00e9 alvo de cr\u00edticas de usu\u00e1rios de \u00f4nibus e dos demais segmentos que integram o sistema de transporte p\u00fablico de S\u00e3o Lu\u00eds<\/figcaption><\/figure><\/div>\n\n\n\n<p>\u00c9 a a cada dia mais flagrante a inaptid\u00e3o do secret\u00e1rio municipal de Tr\u00e2nsito e Transporte de S\u00e3o Lu\u00eds, Diego Baluz, para o cargo. Advogado por forma\u00e7\u00e3o e sem nenhuma experi\u00eancia em gest\u00e3o de tr\u00e1fego e de mobilidade urbana, o atual titular da SMTT ostenta desempenho p\u00edfio no exerc\u00edcio do cargo e \u00e9 alvo de duras cr\u00edticas dos usu\u00e1rios de \u00f4nibus e dos demais segmentos que integram o sistema de transporte p\u00fablico da capital.<\/p>\n\n\n\n<p>Diego Baluz \u00e9 dono de vasto curr\u00edculo na advocacia e, ao longo da carreira, j\u00e1 atuou em causas relacionadas ao Direito Administrativo,\u00a0Ambiental,\u00a0Civil, Comercial, Constitucional, Digital, Tribut\u00e1rio, dentre outras \u00e1reas da sua profiss\u00e3o. Por\u00e9m, sua familiaridade com os assuntos ligados ao tr\u00e2nsito e ao transporte inexiste. O resultado s\u00e3o queixas e acusa\u00e7\u00f5es crescentes de incompet\u00eancia para lidar com os assuntos sens\u00edveis que s\u00e3o da al\u00e7ada da SMTT.<\/p>\n\n\n\n<p>A inexperi\u00eancia de Diego Baluz gera consequ\u00eancias altamente danosas para a opera\u00e7\u00e3o do sistema. Diversas comunidades da capital reclamam que o insipiente secret\u00e1rio, em vez de atender as demandas populares nas \u00e1reas de tr\u00e2nsito e transporte, atrapalha o encaminhamento das solu\u00e7\u00f5es. A rejei\u00e7\u00e3o \u00e9 tamanha que muitos j\u00e1 cobram a exonera\u00e7\u00e3o do atual titular da SMTT, por consider\u00e1-lo um fardo dif\u00edcil de carregar, nomeado para o cargo pelo prefeito Eduardo Braide sem qualquer motiva\u00e7\u00e3o l\u00f3gica.<\/p>\n\n\n\n<p>Se depender de Diego Baluz, a amea\u00e7a de colapso do sistema de transporte de S\u00e3o Lu\u00eds continuar\u00e1 real. Sua presen\u00e7a apagada como gestor s\u00f3 agrava o cen\u00e1rio ca\u00f3tico que ainda impera no servi\u00e7o. Se antes a instabilidade era um reflexo da falta de investimentos e de medidas adequadas para reverter o quadro, agora h\u00e1 um empecilho a mais, o desconhecimento do atual secret\u00e1rio sobre o que fazer para afastar a crise. <\/p>\n\n\n\n<p>Se na \u00faltima greve de rodovi\u00e1rios, Diego Baluz n\u00e3o passou de pe\u00e7a figurativa em uma negocia\u00e7\u00e3o cujo desfecho teve o pr\u00f3prio Braide como protagonista, a tend\u00eancia \u00e9 que ele seja ainda mais ofuscado pela desconfian\u00e7a quanto \u00e0s suas habilidades para exercer cargo t\u00e3o relevante.<\/p>\n\n\n\n<p>Totalmente perdido, Diego Baluz \u00e9 ref\u00e9m da sua pr\u00f3pria incapacidade, que mina sua autonomia, seu poder de decis\u00e3o e sua tranquilidade para administrar as quest\u00f5es que surgem \u00e0 sua mesa. Entre os cr\u00edticos do secret\u00e1rio, dentro e fora da administra\u00e7\u00e3o municipal, h\u00e1 quem acredite que, para ele, o mais sensato seria acatar a c\u00e9lebre recomenda\u00e7\u00e3o popularizada pelo filme Tropa de Elite: &#8220;pede pra sair!&#8221;.<\/p>\n","protected":false},"excerpt":{"rendered":"<p>\u00c9 a a cada dia mais flagrante a inaptid\u00e3o do secret\u00e1rio municipal de Tr\u00e2nsito e Transporte de S\u00e3o Lu\u00eds, Diego [&hellip;]<\/p>\n","protected":false},"author":0,"featured_media":0,"comment_status":"open","ping_status":"open","sticky":false,"template":"","format":"standard","meta":{"site-sidebar-layout":"default","site-content-layout":"","ast-site-content-layout":"default","site-content-style":"default","site-sidebar-style":"default","ast-global-header-display":"","ast-banner-title-visibility":"","ast-main-header-display":"","ast-hfb-above-header-display":"","ast-hfb-below-header-display":"","ast-hfb-mobile-header-display":"","site-post-title":"","ast-breadcrumbs-content":"","ast-featured-img":"","footer-sml-layout":"","ast-disable-related-posts":"","theme-transparent-header-meta":"","adv-header-id-meta":"","stick-header-meta":"","header-above-stick-meta":"","header-main-stick-meta":"","header-below-stick-meta":"","astra-migrate-meta-layouts":"default","ast-page-background-enabled":"default","ast-page-background-meta":{"desktop":{"background-color":"var(--ast-global-color-5)","background-image":"","background-repeat":"repeat","background-position":"center center","background-size":"auto","background-attachment":"scroll","background-type":"","background-media":"","overlay-type":"","overlay-color":"","overlay-opacity":"","overlay-gradient":""},"tablet":{"background-color":"","background-image":"","background-repeat":"repeat","background-position":"center center","background-size":"auto","background-attachment":"scroll","background-type":"","background-media":"","overlay-type":"","overlay-color":"","overlay-opacity":"","overlay-gradient":""},"mobile":{"background-color":"","background-image":"","background-repeat":"repeat","background-position":"center center","background-size":"auto","background-attachment":"scroll","background-type":"","background-media":"","overlay-type":"","overlay-color":"","overlay-opacity":"","overlay-gradient":""}},"ast-content-background-meta":{"desktop":{"background-color":"var(--ast-global-color-4)","background-image":"","background-repeat":"repeat","background-position":"center center","background-size":"auto","background-attachment":"scroll","background-type":"","background-media":"","overlay-type":"","overlay-color":"","overlay-opacity":"","overlay-gradient":""},"tablet":{"background-color":"var(--ast-global-color-4)","background-image":"","background-repeat":"repeat","background-position":"center center","background-size":"auto","background-attachment":"scroll","background-type":"","background-media":"","overlay-type":"","overlay-color":"","overlay-opacity":"","overlay-gradient":""},"mobile":{"background-color":"var(--ast-global-color-4)","background-image":"","background-repeat":"repeat","background-position":"center center","background-size":"auto","background-attachment":"scroll","background-type":"","background-media":"","overlay-type":"","overlay-color":"","overlay-opacity":"","overlay-gradient":""}},"footnotes":""},"categories":[1],"tags":[],"class_list":["post-96328","post","type-post","status-publish","format-standard","hentry","category-sem-categoria"],"yoast_head":"<!-- This site is optimized with the Yoast SEO plugin v26.6 - https:\/\/yoast.com\/wordpress\/plugins\/seo\/ -->\n<title>SMTT: inaptid\u00e3o de secret\u00e1rio para o cargo prejudica usu\u00e1rios do transporte p\u00fablico - Daniel Matos<\/title>\n<meta name=\"robots\" content=\"index, follow, max-snippet:-1, max-image-preview:large, max-video-preview:-1\" \/>\n<link rel=\"canonical\" href=\"https:\/\/www.blogsoestado.com\/danielmatos\/smtt-inaptidao-de-secretario-para-o-cargo-prejudica-usuarios-do-transporte-publico\/\" \/>\n<meta property=\"og:locale\" content=\"pt_BR\" \/>\n<meta property=\"og:type\" content=\"article\" \/>\n<meta property=\"og:title\" content=\"SMTT: inaptid\u00e3o de secret\u00e1rio para o cargo prejudica usu\u00e1rios do transporte p\u00fablico - Daniel Matos\" \/>\n<meta property=\"og:description\" content=\"\u00c9 a a cada dia mais flagrante a inaptid\u00e3o do secret\u00e1rio municipal de Tr\u00e2nsito e Transporte de S\u00e3o Lu\u00eds, Diego [&hellip;]\" \/>\n<meta property=\"og:url\" content=\"https:\/\/www.blogsoestado.com\/danielmatos\/smtt-inaptidao-de-secretario-para-o-cargo-prejudica-usuarios-do-transporte-publico\/\" \/>\n<meta property=\"og:site_name\" content=\"Daniel Matos\" \/>\n<meta property=\"article:published_time\" content=\"2022-04-19T15:00:58+00:00\" \/>\n<meta property=\"og:image\" content=\"https:\/\/www.blogsoestado.com\/danielmatos\/files\/2022\/04\/Screenshot_20220419-1157402.png\" \/>\n<meta name=\"twitter:card\" content=\"summary_large_image\" \/>\n<meta name=\"twitter:label1\" content=\"Est. tempo de leitura\" \/>\n\t<meta name=\"twitter:data1\" content=\"3 minutos\" \/>\n<script type=\"application\/ld+json\" class=\"yoast-schema-graph\">{\"@context\":\"https:\/\/schema.org\",\"@graph\":[{\"@type\":\"WebPage\",\"@id\":\"https:\/\/www.blogsoestado.com\/danielmatos\/smtt-inaptidao-de-secretario-para-o-cargo-prejudica-usuarios-do-transporte-publico\/\",\"url\":\"https:\/\/www.blogsoestado.com\/danielmatos\/smtt-inaptidao-de-secretario-para-o-cargo-prejudica-usuarios-do-transporte-publico\/\",\"name\":\"SMTT: inaptid\u00e3o de secret\u00e1rio para o cargo prejudica usu\u00e1rios do transporte p\u00fablico - Daniel Matos\",\"isPartOf\":{\"@id\":\"https:\/\/www.blogsoestado.com\/danielmatos\/#website\"},\"primaryImageOfPage\":{\"@id\":\"https:\/\/www.blogsoestado.com\/danielmatos\/smtt-inaptidao-de-secretario-para-o-cargo-prejudica-usuarios-do-transporte-publico\/#primaryimage\"},\"image\":{\"@id\":\"https:\/\/www.blogsoestado.com\/danielmatos\/smtt-inaptidao-de-secretario-para-o-cargo-prejudica-usuarios-do-transporte-publico\/#primaryimage\"},\"thumbnailUrl\":\"https:\/\/www.blogsoestado.com\/danielmatos\/files\/2022\/04\/Screenshot_20220419-1157402.png\",\"datePublished\":\"2022-04-19T15:00:58+00:00\",\"author\":{\"@id\":\"\"},\"breadcrumb\":{\"@id\":\"https:\/\/www.blogsoestado.com\/danielmatos\/smtt-inaptidao-de-secretario-para-o-cargo-prejudica-usuarios-do-transporte-publico\/#breadcrumb\"},\"inLanguage\":\"pt-BR\",\"potentialAction\":[{\"@type\":\"ReadAction\",\"target\":[\"https:\/\/www.blogsoestado.com\/danielmatos\/smtt-inaptidao-de-secretario-para-o-cargo-prejudica-usuarios-do-transporte-publico\/\"]}]},{\"@type\":\"ImageObject\",\"inLanguage\":\"pt-BR\",\"@id\":\"https:\/\/www.blogsoestado.com\/danielmatos\/smtt-inaptidao-de-secretario-para-o-cargo-prejudica-usuarios-do-transporte-publico\/#primaryimage\",\"url\":\"https:\/\/www.blogsoestado.com\/danielmatos\/files\/2022\/04\/Screenshot_20220419-1157402.png\",\"contentUrl\":\"https:\/\/www.blogsoestado.com\/danielmatos\/files\/2022\/04\/Screenshot_20220419-1157402.png\"},{\"@type\":\"BreadcrumbList\",\"@id\":\"https:\/\/www.blogsoestado.com\/danielmatos\/smtt-inaptidao-de-secretario-para-o-cargo-prejudica-usuarios-do-transporte-publico\/#breadcrumb\",\"itemListElement\":[{\"@type\":\"ListItem\",\"position\":1,\"name\":\"In\u00edcio\",\"item\":\"https:\/\/www.blogsoestado.com\/danielmatos\/\"},{\"@type\":\"ListItem\",\"position\":2,\"name\":\"SMTT: inaptid\u00e3o de secret\u00e1rio para o cargo prejudica usu\u00e1rios do transporte p\u00fablico\"}]},{\"@type\":\"WebSite\",\"@id\":\"https:\/\/www.blogsoestado.com\/danielmatos\/#website\",\"url\":\"https:\/\/www.blogsoestado.com\/danielmatos\/\",\"name\":\"Daniel Matos\",\"description\":\"\",\"potentialAction\":[{\"@type\":\"SearchAction\",\"target\":{\"@type\":\"EntryPoint\",\"urlTemplate\":\"https:\/\/www.blogsoestado.com\/danielmatos\/?s={search_term_string}\"},\"query-input\":{\"@type\":\"PropertyValueSpecification\",\"valueRequired\":true,\"valueName\":\"search_term_string\"}}],\"inLanguage\":\"pt-BR\"}]}<\/script>\n<!-- \/ Yoast SEO plugin. -->","yoast_head_json":{"title":"SMTT: inaptid\u00e3o de secret\u00e1rio para o cargo prejudica usu\u00e1rios do transporte p\u00fablico - Daniel Matos","robots":{"index":"index","follow":"follow","max-snippet":"max-snippet:-1","max-image-preview":"max-image-preview:large","max-video-preview":"max-video-preview:-1"},"canonical":"https:\/\/www.blogsoestado.com\/danielmatos\/smtt-inaptidao-de-secretario-para-o-cargo-prejudica-usuarios-do-transporte-publico\/","og_locale":"pt_BR","og_type":"article","og_title":"SMTT: inaptid\u00e3o de secret\u00e1rio para o cargo prejudica usu\u00e1rios do transporte p\u00fablico - Daniel Matos","og_description":"\u00c9 a a cada dia mais flagrante a inaptid\u00e3o do secret\u00e1rio municipal de Tr\u00e2nsito e Transporte de S\u00e3o Lu\u00eds, Diego [&hellip;]","og_url":"https:\/\/www.blogsoestado.com\/danielmatos\/smtt-inaptidao-de-secretario-para-o-cargo-prejudica-usuarios-do-transporte-publico\/","og_site_name":"Daniel Matos","article_published_time":"2022-04-19T15:00:58+00:00","og_image":[{"url":"https:\/\/www.blogsoestado.com\/danielmatos\/files\/2022\/04\/Screenshot_20220419-1157402.png","type":"","width":"","height":""}],"twitter_card":"summary_large_image","twitter_misc":{"Est. tempo de leitura":"3 minutos"},"schema":{"@context":"https:\/\/schema.org","@graph":[{"@type":"WebPage","@id":"https:\/\/www.blogsoestado.com\/danielmatos\/smtt-inaptidao-de-secretario-para-o-cargo-prejudica-usuarios-do-transporte-publico\/","url":"https:\/\/www.blogsoestado.com\/danielmatos\/smtt-inaptidao-de-secretario-para-o-cargo-prejudica-usuarios-do-transporte-publico\/","name":"SMTT: inaptid\u00e3o de secret\u00e1rio para o cargo prejudica usu\u00e1rios do transporte p\u00fablico - Daniel Matos","isPartOf":{"@id":"https:\/\/www.blogsoestado.com\/danielmatos\/#website"},"primaryImageOfPage":{"@id":"https:\/\/www.blogsoestado.com\/danielmatos\/smtt-inaptidao-de-secretario-para-o-cargo-prejudica-usuarios-do-transporte-publico\/#primaryimage"},"image":{"@id":"https:\/\/www.blogsoestado.com\/danielmatos\/smtt-inaptidao-de-secretario-para-o-cargo-prejudica-usuarios-do-transporte-publico\/#primaryimage"},"thumbnailUrl":"https:\/\/www.blogsoestado.com\/danielmatos\/files\/2022\/04\/Screenshot_20220419-1157402.png","datePublished":"2022-04-19T15:00:58+00:00","author":{"@id":""},"breadcrumb":{"@id":"https:\/\/www.blogsoestado.com\/danielmatos\/smtt-inaptidao-de-secretario-para-o-cargo-prejudica-usuarios-do-transporte-publico\/#breadcrumb"},"inLanguage":"pt-BR","potentialAction":[{"@type":"ReadAction","target":["https:\/\/www.blogsoestado.com\/danielmatos\/smtt-inaptidao-de-secretario-para-o-cargo-prejudica-usuarios-do-transporte-publico\/"]}]},{"@type":"ImageObject","inLanguage":"pt-BR","@id":"https:\/\/www.blogsoestado.com\/danielmatos\/smtt-inaptidao-de-secretario-para-o-cargo-prejudica-usuarios-do-transporte-publico\/#primaryimage","url":"https:\/\/www.blogsoestado.com\/danielmatos\/files\/2022\/04\/Screenshot_20220419-1157402.png","contentUrl":"https:\/\/www.blogsoestado.com\/danielmatos\/files\/2022\/04\/Screenshot_20220419-1157402.png"},{"@type":"BreadcrumbList","@id":"https:\/\/www.blogsoestado.com\/danielmatos\/smtt-inaptidao-de-secretario-para-o-cargo-prejudica-usuarios-do-transporte-publico\/#breadcrumb","itemListElement":[{"@type":"ListItem","position":1,"name":"In\u00edcio","item":"https:\/\/www.blogsoestado.com\/danielmatos\/"},{"@type":"ListItem","position":2,"name":"SMTT: inaptid\u00e3o de secret\u00e1rio para o cargo prejudica usu\u00e1rios do transporte p\u00fablico"}]},{"@type":"WebSite","@id":"https:\/\/www.blogsoestado.com\/danielmatos\/#website","url":"https:\/\/www.blogsoestado.com\/danielmatos\/","name":"Daniel Matos","description":"","potentialAction":[{"@type":"SearchAction","target":{"@type":"EntryPoint","urlTemplate":"https:\/\/www.blogsoestado.com\/danielmatos\/?s={search_term_string}"},"query-input":{"@type":"PropertyValueSpecification","valueRequired":true,"valueName":"search_term_string"}}],"inLanguage":"pt-BR"}]}},"jetpack_featured_media_url":"","_links":{"self":[{"href":"https:\/\/www.blogsoestado.com\/danielmatos\/wp-json\/wp\/v2\/posts\/96328","targetHints":{"allow":["GET"]}}],"collection":[{"href":"https:\/\/www.blogsoestado.com\/danielmatos\/wp-json\/wp\/v2\/posts"}],"about":[{"href":"https:\/\/www.blogsoestado.com\/danielmatos\/wp-json\/wp\/v2\/types\/post"}],"replies":[{"embeddable":true,"href":"https:\/\/www.blogsoestado.com\/danielmatos\/wp-json\/wp\/v2\/comments?post=96328"}],"version-history":[{"count":0,"href":"https:\/\/www.blogsoestado.com\/danielmatos\/wp-json\/wp\/v2\/posts\/96328\/revisions"}],"wp:attachment":[{"href":"https:\/\/www.blogsoestado.com\/danielmatos\/wp-json\/wp\/v2\/media?parent=96328"}],"wp:term":[{"taxonomy":"category","embeddable":true,"href":"https:\/\/www.blogsoestado.com\/danielmatos\/wp-json\/wp\/v2\/categories?post=96328"},{"taxonomy":"post_tag","embeddable":true,"href":"https:\/\/www.blogsoestado.com\/danielmatos\/wp-json\/wp\/v2\/tags?post=96328"}],"curies":[{"name":"wp","href":"https:\/\/api.w.org\/{rel}","templated":true}]}}