{"id":96337,"date":"2022-04-19T16:39:30","date_gmt":"2022-04-19T19:39:30","guid":{"rendered":"https:\/\/www.blogsoestado.com\/danielmatos\/?p=96337"},"modified":"2022-04-19T16:39:30","modified_gmt":"2022-04-19T19:39:30","slug":"othelino-reune-se-com-brandao-e-discute-demandas-de-vargem-grande-santa-helena-e-pedro-do-rosario","status":"publish","type":"post","link":"https:\/\/www.blogsoestado.com\/danielmatos\/othelino-reune-se-com-brandao-e-discute-demandas-de-vargem-grande-santa-helena-e-pedro-do-rosario\/","title":{"rendered":"Othelino re\u00fane-se com Brand\u00e3o e discute demandas de Vargem Grande, Santa Helena e Pedro do Ros\u00e1rio"},"content":{"rendered":"\n<div class=\"wp-block-image\"><figure class=\"aligncenter size-large\"><a href=\"https:\/\/www.blogsoestado.com\/danielmatos\/files\/2022\/04\/Screenshot_20220419-1634372.png\"><img decoding=\"async\" src=\"https:\/\/www.blogsoestado.com\/danielmatos\/files\/2022\/04\/Screenshot_20220419-1634372.png\" alt=\"\" class=\"wp-image-96338\"\/><\/a><figcaption>Othelino reunido com o governador Carlos Brand\u00e3o e o prefeito Zezildo Almeida, de Santa Helena, e comitiva<\/figcaption><\/figure><\/div>\n\n\n\n<p>O presidente da Assembleia Legislativa&nbsp; do Maranh\u00e3o, deputado Othelino Neto (PCdoB), acompanhado dos prefeitos Carlinhos Barros (Vargem Grande), Zezildo Almeida (Santa Helena) e Toca Serra (Pedro do Ros\u00e1rio), reuniu-se, nesta segunda-feira (18), com o&nbsp; governador Carlos Brand\u00e3o (PSB), no Pal\u00e1cio dos Le\u00f5es, para discutir demandas desses munic\u00edpios.<\/p>\n\n\n\n<p>O parlamentar destacou o encontro como uma agenda produtiva de trabalho em prol dessas cidades. Na ocasi\u00e3o, os prefeitos apresentaram pleitos para seus respectivos munic\u00edpios.<\/p>\n\n\n\n<p>&#8220;Eles pediram o apoio do Governo do Estado para a melhoria em diversas \u00e1reas. E eu que, inclusive, j\u00e1 havia destinado algumas emendas para essas cidades, os acompanhei nesse importante di\u00e1logo. Ficamos felizes com as garantias dadas pelo governador no sentido de firmar novas parcerias que trar\u00e3o mais benef\u00edcios \u00e0 popula\u00e7\u00e3o dos tr\u00eas munic\u00edpios\u201d, destacou Othelino.<\/p>\n\n\n\n<div class=\"wp-block-image\"><figure class=\"aligncenter size-large\"><a href=\"https:\/\/www.blogsoestado.com\/danielmatos\/files\/2022\/04\/Screenshot_20220419-1636112.png\"><img decoding=\"async\" src=\"https:\/\/www.blogsoestado.com\/danielmatos\/files\/2022\/04\/Screenshot_20220419-1636112.png\" alt=\"\" class=\"wp-image-96339\"\/><\/a><figcaption>Presidente da Assembleia ap\u00f3s reuni\u00e3o com governador e o prefeito de Vargem Grande, Carlinhos Barros<\/figcaption><\/figure><\/div>\n\n\n\n<p>O governador Carlos Brand\u00e3o ressaltou a import\u00e2ncia da parceria com o Legislativo na busca de promover uma gest\u00e3o cada vez mais municipalista. \u201cAbrimos um espa\u00e7o para discutir com os prefeitos sobre as pr\u00f3ximas a\u00e7\u00f5es nos mais diversos setores. N\u00f3s vamos continuar com essa agenda intensa de di\u00e1logos, recebendo os prefeitos de todos os munic\u00edpios maranhenses\u201d, garantiu.<\/p>\n\n\n\n<p>O prefeito de Vargem Grande, Carlinhos Barros, agradeceu a disponibilidade e a parceria&nbsp; do presidente da Alema. &#8220;O deputado Othelino tem colaborado muito com nossa gest\u00e3o por meio do seu mandato, sempre buscando solu\u00e7\u00f5es para as demandas mais urgentes do nosso munic\u00edpio\u201d, disse.<\/p>\n\n\n\n<p>J\u00e1 o prefeito de Santa Helena, Zezildo Almeida, ressaltou que o encontro foi uma oportunidade de reafirmar a continuidade das obras que v\u00eam sendo realizadas no munic\u00edpio pelo Governo do Estado, muitas com o apoio do presidente da Assembleia. \u201cEstamos buscando novas parcerias com o governador. E o empenho de Othelino nesse processo tem sido fundamental e s\u00f3 fortalece nossa gest\u00e3o\u201d, afirmou.<\/p>\n\n\n\n<div class=\"wp-block-image\"><figure class=\"aligncenter size-large\"><a href=\"https:\/\/www.blogsoestado.com\/danielmatos\/files\/2022\/04\/Screenshot_20220419-1637372.png\"><img decoding=\"async\" src=\"https:\/\/www.blogsoestado.com\/danielmatos\/files\/2022\/04\/Screenshot_20220419-1637372.png\" alt=\"\" class=\"wp-image-96340\"\/><\/a><figcaption>Deputado Othelino Neto tamb\u00e9m acompanhou a reuni\u00e3o do prefeito de Pedro do Ros\u00e1rio, Toca Serra, com o chefe do Executivo Estadual<\/figcaption><\/figure><\/div>\n\n\n\n<p>O prefeito de Pedro do Ros\u00e1rio, Toca Serra, tamb\u00e9m&nbsp; considerou positiva a reuni\u00e3o. \u201cCom o apoio do presidente da Assembleia e do governador Carlos Brand\u00e3o, faremos o melhor por nossa cidade&#8221;, frisou.<\/p>\n","protected":false},"excerpt":{"rendered":"<p>O presidente da Assembleia Legislativa&nbsp; do Maranh\u00e3o, deputado Othelino Neto (PCdoB), acompanhado dos prefeitos Carlinhos Barros (Vargem Grande), Zezildo Almeida [&hellip;]<\/p>\n","protected":false},"author":0,"featured_media":0,"comment_status":"open","ping_status":"open","sticky":false,"template":"","format":"standard","meta":{"site-sidebar-layout":"default","site-content-layout":"","ast-site-content-layout":"default","site-content-style":"default","site-sidebar-style":"default","ast-global-header-display":"","ast-banner-title-visibility":"","ast-main-header-display":"","ast-hfb-above-header-display":"","ast-hfb-below-header-display":"","ast-hfb-mobile-header-display":"","site-post-title":"","ast-breadcrumbs-content":"","ast-featured-img":"","footer-sml-layout":"","ast-disable-related-posts":"","theme-transparent-header-meta":"","adv-header-id-meta":"","stick-header-meta":"","header-above-stick-meta":"","header-main-stick-meta":"","header-below-stick-meta":"","astra-migrate-meta-layouts":"default","ast-page-background-enabled":"default","ast-page-background-meta":{"desktop":{"background-color":"var(--ast-global-color-5)","background-image":"","background-repeat":"repeat","background-position":"center center","background-size":"auto","background-attachment":"scroll","background-type":"","background-media":"","overlay-type":"","overlay-color":"","overlay-opacity":"","overlay-gradient":""},"tablet":{"background-color":"","background-image":"","background-repeat":"repeat","background-position":"center center","background-size":"auto","background-attachment":"scroll","background-type":"","background-media":"","overlay-type":"","overlay-color":"","overlay-opacity":"","overlay-gradient":""},"mobile":{"background-color":"","background-image":"","background-repeat":"repeat","background-position":"center center","background-size":"auto","background-attachment":"scroll","background-type":"","background-media":"","overlay-type":"","overlay-color":"","overlay-opacity":"","overlay-gradient":""}},"ast-content-background-meta":{"desktop":{"background-color":"var(--ast-global-color-4)","background-image":"","background-repeat":"repeat","background-position":"center center","background-size":"auto","background-attachment":"scroll","background-type":"","background-media":"","overlay-type":"","overlay-color":"","overlay-opacity":"","overlay-gradient":""},"tablet":{"background-color":"var(--ast-global-color-4)","background-image":"","background-repeat":"repeat","background-position":"center center","background-size":"auto","background-attachment":"scroll","background-type":"","background-media":"","overlay-type":"","overlay-color":"","overlay-opacity":"","overlay-gradient":""},"mobile":{"background-color":"var(--ast-global-color-4)","background-image":"","background-repeat":"repeat","background-position":"center center","background-size":"auto","background-attachment":"scroll","background-type":"","background-media":"","overlay-type":"","overlay-color":"","overlay-opacity":"","overlay-gradient":""}},"footnotes":""},"categories":[1],"tags":[],"class_list":["post-96337","post","type-post","status-publish","format-standard","hentry","category-sem-categoria"],"yoast_head":"<!-- This site is optimized with the Yoast SEO plugin v26.6 - https:\/\/yoast.com\/wordpress\/plugins\/seo\/ -->\n<title>Othelino re\u00fane-se com Brand\u00e3o e discute demandas de Vargem Grande, Santa Helena e Pedro do Ros\u00e1rio - Daniel Matos<\/title>\n<meta name=\"robots\" content=\"index, follow, max-snippet:-1, max-image-preview:large, max-video-preview:-1\" \/>\n<link rel=\"canonical\" href=\"https:\/\/www.blogsoestado.com\/danielmatos\/othelino-reune-se-com-brandao-e-discute-demandas-de-vargem-grande-santa-helena-e-pedro-do-rosario\/\" \/>\n<meta property=\"og:locale\" content=\"pt_BR\" \/>\n<meta property=\"og:type\" content=\"article\" \/>\n<meta property=\"og:title\" content=\"Othelino re\u00fane-se com Brand\u00e3o e discute demandas de Vargem Grande, Santa Helena e Pedro do Ros\u00e1rio - Daniel Matos\" \/>\n<meta property=\"og:description\" content=\"O presidente da Assembleia Legislativa&nbsp; do Maranh\u00e3o, deputado Othelino Neto (PCdoB), acompanhado dos prefeitos Carlinhos Barros (Vargem Grande), Zezildo Almeida [&hellip;]\" \/>\n<meta property=\"og:url\" content=\"https:\/\/www.blogsoestado.com\/danielmatos\/othelino-reune-se-com-brandao-e-discute-demandas-de-vargem-grande-santa-helena-e-pedro-do-rosario\/\" \/>\n<meta property=\"og:site_name\" content=\"Daniel Matos\" \/>\n<meta property=\"article:published_time\" content=\"2022-04-19T19:39:30+00:00\" \/>\n<meta property=\"og:image\" content=\"https:\/\/www.blogsoestado.com\/danielmatos\/files\/2022\/04\/Screenshot_20220419-1634372.png\" \/>\n<meta name=\"twitter:card\" content=\"summary_large_image\" \/>\n<meta name=\"twitter:label1\" content=\"Est. tempo de leitura\" \/>\n\t<meta name=\"twitter:data1\" content=\"3 minutos\" \/>\n<script type=\"application\/ld+json\" class=\"yoast-schema-graph\">{\"@context\":\"https:\/\/schema.org\",\"@graph\":[{\"@type\":\"WebPage\",\"@id\":\"https:\/\/www.blogsoestado.com\/danielmatos\/othelino-reune-se-com-brandao-e-discute-demandas-de-vargem-grande-santa-helena-e-pedro-do-rosario\/\",\"url\":\"https:\/\/www.blogsoestado.com\/danielmatos\/othelino-reune-se-com-brandao-e-discute-demandas-de-vargem-grande-santa-helena-e-pedro-do-rosario\/\",\"name\":\"Othelino re\u00fane-se com Brand\u00e3o e discute demandas de Vargem Grande, Santa Helena e Pedro do Ros\u00e1rio - Daniel Matos\",\"isPartOf\":{\"@id\":\"https:\/\/www.blogsoestado.com\/danielmatos\/#website\"},\"primaryImageOfPage\":{\"@id\":\"https:\/\/www.blogsoestado.com\/danielmatos\/othelino-reune-se-com-brandao-e-discute-demandas-de-vargem-grande-santa-helena-e-pedro-do-rosario\/#primaryimage\"},\"image\":{\"@id\":\"https:\/\/www.blogsoestado.com\/danielmatos\/othelino-reune-se-com-brandao-e-discute-demandas-de-vargem-grande-santa-helena-e-pedro-do-rosario\/#primaryimage\"},\"thumbnailUrl\":\"https:\/\/www.blogsoestado.com\/danielmatos\/files\/2022\/04\/Screenshot_20220419-1634372.png\",\"datePublished\":\"2022-04-19T19:39:30+00:00\",\"author\":{\"@id\":\"\"},\"breadcrumb\":{\"@id\":\"https:\/\/www.blogsoestado.com\/danielmatos\/othelino-reune-se-com-brandao-e-discute-demandas-de-vargem-grande-santa-helena-e-pedro-do-rosario\/#breadcrumb\"},\"inLanguage\":\"pt-BR\",\"potentialAction\":[{\"@type\":\"ReadAction\",\"target\":[\"https:\/\/www.blogsoestado.com\/danielmatos\/othelino-reune-se-com-brandao-e-discute-demandas-de-vargem-grande-santa-helena-e-pedro-do-rosario\/\"]}]},{\"@type\":\"ImageObject\",\"inLanguage\":\"pt-BR\",\"@id\":\"https:\/\/www.blogsoestado.com\/danielmatos\/othelino-reune-se-com-brandao-e-discute-demandas-de-vargem-grande-santa-helena-e-pedro-do-rosario\/#primaryimage\",\"url\":\"https:\/\/www.blogsoestado.com\/danielmatos\/files\/2022\/04\/Screenshot_20220419-1634372.png\",\"contentUrl\":\"https:\/\/www.blogsoestado.com\/danielmatos\/files\/2022\/04\/Screenshot_20220419-1634372.png\"},{\"@type\":\"BreadcrumbList\",\"@id\":\"https:\/\/www.blogsoestado.com\/danielmatos\/othelino-reune-se-com-brandao-e-discute-demandas-de-vargem-grande-santa-helena-e-pedro-do-rosario\/#breadcrumb\",\"itemListElement\":[{\"@type\":\"ListItem\",\"position\":1,\"name\":\"In\u00edcio\",\"item\":\"https:\/\/www.blogsoestado.com\/danielmatos\/\"},{\"@type\":\"ListItem\",\"position\":2,\"name\":\"Othelino re\u00fane-se com Brand\u00e3o e discute demandas de Vargem Grande, Santa Helena e Pedro do Ros\u00e1rio\"}]},{\"@type\":\"WebSite\",\"@id\":\"https:\/\/www.blogsoestado.com\/danielmatos\/#website\",\"url\":\"https:\/\/www.blogsoestado.com\/danielmatos\/\",\"name\":\"Daniel Matos\",\"description\":\"\",\"potentialAction\":[{\"@type\":\"SearchAction\",\"target\":{\"@type\":\"EntryPoint\",\"urlTemplate\":\"https:\/\/www.blogsoestado.com\/danielmatos\/?s={search_term_string}\"},\"query-input\":{\"@type\":\"PropertyValueSpecification\",\"valueRequired\":true,\"valueName\":\"search_term_string\"}}],\"inLanguage\":\"pt-BR\"}]}<\/script>\n<!-- \/ Yoast SEO plugin. -->","yoast_head_json":{"title":"Othelino re\u00fane-se com Brand\u00e3o e discute demandas de Vargem Grande, Santa Helena e Pedro do Ros\u00e1rio - Daniel Matos","robots":{"index":"index","follow":"follow","max-snippet":"max-snippet:-1","max-image-preview":"max-image-preview:large","max-video-preview":"max-video-preview:-1"},"canonical":"https:\/\/www.blogsoestado.com\/danielmatos\/othelino-reune-se-com-brandao-e-discute-demandas-de-vargem-grande-santa-helena-e-pedro-do-rosario\/","og_locale":"pt_BR","og_type":"article","og_title":"Othelino re\u00fane-se com Brand\u00e3o e discute demandas de Vargem Grande, Santa Helena e Pedro do Ros\u00e1rio - Daniel Matos","og_description":"O presidente da Assembleia Legislativa&nbsp; do Maranh\u00e3o, deputado Othelino Neto (PCdoB), acompanhado dos prefeitos Carlinhos Barros (Vargem Grande), Zezildo Almeida [&hellip;]","og_url":"https:\/\/www.blogsoestado.com\/danielmatos\/othelino-reune-se-com-brandao-e-discute-demandas-de-vargem-grande-santa-helena-e-pedro-do-rosario\/","og_site_name":"Daniel Matos","article_published_time":"2022-04-19T19:39:30+00:00","og_image":[{"url":"https:\/\/www.blogsoestado.com\/danielmatos\/files\/2022\/04\/Screenshot_20220419-1634372.png","type":"","width":"","height":""}],"twitter_card":"summary_large_image","twitter_misc":{"Est. tempo de leitura":"3 minutos"},"schema":{"@context":"https:\/\/schema.org","@graph":[{"@type":"WebPage","@id":"https:\/\/www.blogsoestado.com\/danielmatos\/othelino-reune-se-com-brandao-e-discute-demandas-de-vargem-grande-santa-helena-e-pedro-do-rosario\/","url":"https:\/\/www.blogsoestado.com\/danielmatos\/othelino-reune-se-com-brandao-e-discute-demandas-de-vargem-grande-santa-helena-e-pedro-do-rosario\/","name":"Othelino re\u00fane-se com Brand\u00e3o e discute demandas de Vargem Grande, Santa Helena e Pedro do Ros\u00e1rio - Daniel Matos","isPartOf":{"@id":"https:\/\/www.blogsoestado.com\/danielmatos\/#website"},"primaryImageOfPage":{"@id":"https:\/\/www.blogsoestado.com\/danielmatos\/othelino-reune-se-com-brandao-e-discute-demandas-de-vargem-grande-santa-helena-e-pedro-do-rosario\/#primaryimage"},"image":{"@id":"https:\/\/www.blogsoestado.com\/danielmatos\/othelino-reune-se-com-brandao-e-discute-demandas-de-vargem-grande-santa-helena-e-pedro-do-rosario\/#primaryimage"},"thumbnailUrl":"https:\/\/www.blogsoestado.com\/danielmatos\/files\/2022\/04\/Screenshot_20220419-1634372.png","datePublished":"2022-04-19T19:39:30+00:00","author":{"@id":""},"breadcrumb":{"@id":"https:\/\/www.blogsoestado.com\/danielmatos\/othelino-reune-se-com-brandao-e-discute-demandas-de-vargem-grande-santa-helena-e-pedro-do-rosario\/#breadcrumb"},"inLanguage":"pt-BR","potentialAction":[{"@type":"ReadAction","target":["https:\/\/www.blogsoestado.com\/danielmatos\/othelino-reune-se-com-brandao-e-discute-demandas-de-vargem-grande-santa-helena-e-pedro-do-rosario\/"]}]},{"@type":"ImageObject","inLanguage":"pt-BR","@id":"https:\/\/www.blogsoestado.com\/danielmatos\/othelino-reune-se-com-brandao-e-discute-demandas-de-vargem-grande-santa-helena-e-pedro-do-rosario\/#primaryimage","url":"https:\/\/www.blogsoestado.com\/danielmatos\/files\/2022\/04\/Screenshot_20220419-1634372.png","contentUrl":"https:\/\/www.blogsoestado.com\/danielmatos\/files\/2022\/04\/Screenshot_20220419-1634372.png"},{"@type":"BreadcrumbList","@id":"https:\/\/www.blogsoestado.com\/danielmatos\/othelino-reune-se-com-brandao-e-discute-demandas-de-vargem-grande-santa-helena-e-pedro-do-rosario\/#breadcrumb","itemListElement":[{"@type":"ListItem","position":1,"name":"In\u00edcio","item":"https:\/\/www.blogsoestado.com\/danielmatos\/"},{"@type":"ListItem","position":2,"name":"Othelino re\u00fane-se com Brand\u00e3o e discute demandas de Vargem Grande, Santa Helena e Pedro do Ros\u00e1rio"}]},{"@type":"WebSite","@id":"https:\/\/www.blogsoestado.com\/danielmatos\/#website","url":"https:\/\/www.blogsoestado.com\/danielmatos\/","name":"Daniel Matos","description":"","potentialAction":[{"@type":"SearchAction","target":{"@type":"EntryPoint","urlTemplate":"https:\/\/www.blogsoestado.com\/danielmatos\/?s={search_term_string}"},"query-input":{"@type":"PropertyValueSpecification","valueRequired":true,"valueName":"search_term_string"}}],"inLanguage":"pt-BR"}]}},"jetpack_featured_media_url":"","_links":{"self":[{"href":"https:\/\/www.blogsoestado.com\/danielmatos\/wp-json\/wp\/v2\/posts\/96337","targetHints":{"allow":["GET"]}}],"collection":[{"href":"https:\/\/www.blogsoestado.com\/danielmatos\/wp-json\/wp\/v2\/posts"}],"about":[{"href":"https:\/\/www.blogsoestado.com\/danielmatos\/wp-json\/wp\/v2\/types\/post"}],"replies":[{"embeddable":true,"href":"https:\/\/www.blogsoestado.com\/danielmatos\/wp-json\/wp\/v2\/comments?post=96337"}],"version-history":[{"count":0,"href":"https:\/\/www.blogsoestado.com\/danielmatos\/wp-json\/wp\/v2\/posts\/96337\/revisions"}],"wp:attachment":[{"href":"https:\/\/www.blogsoestado.com\/danielmatos\/wp-json\/wp\/v2\/media?parent=96337"}],"wp:term":[{"taxonomy":"category","embeddable":true,"href":"https:\/\/www.blogsoestado.com\/danielmatos\/wp-json\/wp\/v2\/categories?post=96337"},{"taxonomy":"post_tag","embeddable":true,"href":"https:\/\/www.blogsoestado.com\/danielmatos\/wp-json\/wp\/v2\/tags?post=96337"}],"curies":[{"name":"wp","href":"https:\/\/api.w.org\/{rel}","templated":true}]}}