{"id":96352,"date":"2022-04-19T20:04:18","date_gmt":"2022-04-19T23:04:18","guid":{"rendered":"https:\/\/www.blogsoestado.com\/danielmatos\/?p=96352"},"modified":"2022-04-19T20:04:18","modified_gmt":"2022-04-19T23:04:18","slug":"pela-unidade-do-pt-autonomo-organico-e-livre-no-maranhao","status":"publish","type":"post","link":"https:\/\/www.blogsoestado.com\/danielmatos\/pela-unidade-do-pt-autonomo-organico-e-livre-no-maranhao\/","title":{"rendered":"Pela unidade do PT aut\u00f4nomo, org\u00e2nico e livre no Maranh\u00e3o"},"content":{"rendered":"\n<div class=\"wp-block-image\"><figure class=\"alignright size-large\"><a href=\"https:\/\/www.blogsoestado.com\/danielmatos\/files\/2022\/04\/Brandao-e-Ze-Inacio.jpg\"><img decoding=\"async\" src=\"https:\/\/www.blogsoestado.com\/danielmatos\/files\/2022\/04\/Brandao-e-Ze-Inacio.jpg\" alt=\"\" class=\"wp-image-96353\"\/><\/a><figcaption>O deputado estadual Z\u00e9 In\u00e1cio com o governador Carlos Brand\u00e3o e a primeira-dama do Maranh\u00e3o, Larissa Mesquita Brand\u00e3o<\/figcaption><\/figure><\/div>\n\n\n\n<p>Os partidos pol\u00edticos de esquerda se inserem no contexto do Estado Democr\u00e1tico de Direito e na busca por uma sociedade que dilua as estratifica\u00e7\u00f5es sociais e hierarquias. Assim foi criado o Partido dos Trabalhadores, que desde seu princ\u00edpio pautou suas lutas em torno da constru\u00e7\u00e3o de um Brasil que pudesse diminuir as dist\u00e2ncias geogr\u00e1ficas e as dist\u00e2ncias sociais.<\/p>\n\n\n\n<p>O Movimento Petistas de Base \u00e9 uma a\u00e7\u00e3o coletiva de filiadas e filiados do Partido dos Trabalhadores do Maranh\u00e3o, que nasceu da necessidade de dar visibilidade aos anseios da milit\u00e2ncia petista nos mais diversos munic\u00edpios do estado. O Movimento parte do princ\u00edpio de que as decis\u00f5es devem ser discutidas e dialogadas, e n\u00e3o decididas em gabinetes. O Movimento busca em primeiro lugar a unidade partid\u00e1ria, premissa para a continuidade e o fortalecimento do projeto popular-democr\u00e1tico iniciado em 2014, com a elei\u00e7\u00e3o de Fl\u00e1vio Dino para o Governo do Maranh\u00e3o.<\/p>\n\n\n\n<p>Este grupo tem pautado sua luta na busca de entendimento que valorize o PT pela sua import\u00e2ncia no cen\u00e1rio nacional e local. Deste modo reafirmamos o interesse na manuten\u00e7\u00e3o da alian\u00e7a hist\u00f3rica com o campo popular e democr\u00e1tico liderado pelo ex-governador Fl\u00e1vio Dino (PSB) e pelo atual governador Carlos Brand\u00e3o (PSB), por reconhecer seus compromissos com as lutas sociais. O Movimento tem plena consci\u00eancia do protagonismo do nosso Partido, constru\u00eddo nas bases populares nestes \u00faltimos 42 anos. Queremos que todas as filiadas e todos os filiados tenham voz nas decis\u00f5es dos destinos do Partido.<\/p>\n\n\n\n<p>Lula e o governador Carlos Brand\u00e3o precisar\u00e3o de grande apoio para governar o Brasil e o Maranh\u00e3o respectivamente, mas, \u00e9 preciso ficar claro que o direito de opinar, de propor indica\u00e7\u00f5es s\u00e3o fundamentais na defini\u00e7\u00e3o dos rumos deste Estado. Entendemos que \u00e9 construindo juntos um Plano de Governo, que poderemos obter resultados eficazes no combate \u00e0 pobreza e \u00e0s desigualdades sociais ainda t\u00e3o presentes.<\/p>\n\n\n\n<p>N\u00e3o h\u00e1 d\u00favidas que Lula representa neste momento um projeto de recomposi\u00e7\u00e3o das for\u00e7as pol\u00edticas que podem levar o Brasil para patamares interrompidos com o golpe de 2016. Localmente queremos contribuir com o nosso modo petista de governar, junto com o governador Carlos Brand\u00e3o. Queremos de forma respeitosa e qualificada apontar caminhos que poder\u00e3o alterar positivamente os destinos do Maranh\u00e3o.<\/p>\n\n\n\n<p>Para tanto \u00e9 necess\u00e1rio que a indica\u00e7\u00e3o do Vice-Governador seja um petista que tenha vivenciado a constru\u00e7\u00e3o deste Partido, que tenha experimentado no cotidiano das lutas a filosofia e a a\u00e7\u00e3o pol\u00edtica do PT, que seja reconhecido pela seu trabalho pol\u00edtico, pela sua comunica\u00e7\u00e3o direta com as mais diversas comunidades, e pelas singularidades que denotam a pr\u00e1tica petista.<\/p>\n\n\n\n<p>Por isso \u00e9 preciso que o Vice indicado pelo PT na chapa com o PSB venha da base e seja reconhecido como tal, sobretudo porque ir\u00e1 governar lado a lado com o governador eleito, gerenciando recursos para o avan\u00e7o nas mudan\u00e7as sociais que o Maranh\u00e3o precisa, e que Lula reconhece como urgente e necess\u00e1rio para construir um Brasil republicano. Por esta raz\u00e3o colocamos o nome do Deputado Jos\u00e9 In\u00e1cio (PT), que neste momento representa o Partido em toda a sua magnitude e pluralidade.<\/p>\n\n\n\n<p>Sigamos firmes na luta!<\/p>\n\n\n\n<p><strong>Movimento Petistas de Base<\/strong><\/p>\n\n\n\n<p>Clique <a href=\"https:\/\/www.petistasdebasema.com.br\/2022\/04\/nota-politica-sobre-indicacao-de-vice.html?m=1\">aqui<\/a> para ler a nota pol\u00edtica sobre a indica\u00e7\u00e3o de vice-governador na chapa PSB\/PT no Maranh\u00e3o.<\/p>\n","protected":false},"excerpt":{"rendered":"<p>Os partidos pol\u00edticos de esquerda se inserem no contexto do Estado Democr\u00e1tico de Direito e na busca por uma sociedade [&hellip;]<\/p>\n","protected":false},"author":0,"featured_media":0,"comment_status":"open","ping_status":"open","sticky":false,"template":"","format":"standard","meta":{"site-sidebar-layout":"default","site-content-layout":"","ast-site-content-layout":"default","site-content-style":"default","site-sidebar-style":"default","ast-global-header-display":"","ast-banner-title-visibility":"","ast-main-header-display":"","ast-hfb-above-header-display":"","ast-hfb-below-header-display":"","ast-hfb-mobile-header-display":"","site-post-title":"","ast-breadcrumbs-content":"","ast-featured-img":"","footer-sml-layout":"","ast-disable-related-posts":"","theme-transparent-header-meta":"","adv-header-id-meta":"","stick-header-meta":"","header-above-stick-meta":"","header-main-stick-meta":"","header-below-stick-meta":"","astra-migrate-meta-layouts":"default","ast-page-background-enabled":"default","ast-page-background-meta":{"desktop":{"background-color":"var(--ast-global-color-5)","background-image":"","background-repeat":"repeat","background-position":"center center","background-size":"auto","background-attachment":"scroll","background-type":"","background-media":"","overlay-type":"","overlay-color":"","overlay-opacity":"","overlay-gradient":""},"tablet":{"background-color":"","background-image":"","background-repeat":"repeat","background-position":"center center","background-size":"auto","background-attachment":"scroll","background-type":"","background-media":"","overlay-type":"","overlay-color":"","overlay-opacity":"","overlay-gradient":""},"mobile":{"background-color":"","background-image":"","background-repeat":"repeat","background-position":"center center","background-size":"auto","background-attachment":"scroll","background-type":"","background-media":"","overlay-type":"","overlay-color":"","overlay-opacity":"","overlay-gradient":""}},"ast-content-background-meta":{"desktop":{"background-color":"var(--ast-global-color-4)","background-image":"","background-repeat":"repeat","background-position":"center center","background-size":"auto","background-attachment":"scroll","background-type":"","background-media":"","overlay-type":"","overlay-color":"","overlay-opacity":"","overlay-gradient":""},"tablet":{"background-color":"var(--ast-global-color-4)","background-image":"","background-repeat":"repeat","background-position":"center center","background-size":"auto","background-attachment":"scroll","background-type":"","background-media":"","overlay-type":"","overlay-color":"","overlay-opacity":"","overlay-gradient":""},"mobile":{"background-color":"var(--ast-global-color-4)","background-image":"","background-repeat":"repeat","background-position":"center center","background-size":"auto","background-attachment":"scroll","background-type":"","background-media":"","overlay-type":"","overlay-color":"","overlay-opacity":"","overlay-gradient":""}},"footnotes":""},"categories":[1],"tags":[],"class_list":["post-96352","post","type-post","status-publish","format-standard","hentry","category-sem-categoria"],"yoast_head":"<!-- This site is optimized with the Yoast SEO plugin v26.6 - https:\/\/yoast.com\/wordpress\/plugins\/seo\/ -->\n<title>Pela unidade do PT aut\u00f4nomo, org\u00e2nico e livre no Maranh\u00e3o - Daniel Matos<\/title>\n<meta name=\"robots\" content=\"index, follow, max-snippet:-1, max-image-preview:large, max-video-preview:-1\" \/>\n<link rel=\"canonical\" href=\"https:\/\/www.blogsoestado.com\/danielmatos\/pela-unidade-do-pt-autonomo-organico-e-livre-no-maranhao\/\" \/>\n<meta property=\"og:locale\" content=\"pt_BR\" \/>\n<meta property=\"og:type\" content=\"article\" \/>\n<meta property=\"og:title\" content=\"Pela unidade do PT aut\u00f4nomo, org\u00e2nico e livre no Maranh\u00e3o - Daniel Matos\" \/>\n<meta property=\"og:description\" content=\"Os partidos pol\u00edticos de esquerda se inserem no contexto do Estado Democr\u00e1tico de Direito e na busca por uma sociedade [&hellip;]\" \/>\n<meta property=\"og:url\" content=\"https:\/\/www.blogsoestado.com\/danielmatos\/pela-unidade-do-pt-autonomo-organico-e-livre-no-maranhao\/\" \/>\n<meta property=\"og:site_name\" content=\"Daniel Matos\" \/>\n<meta property=\"article:published_time\" content=\"2022-04-19T23:04:18+00:00\" \/>\n<meta property=\"og:image\" content=\"https:\/\/www.blogsoestado.com\/danielmatos\/files\/2022\/04\/Brandao-e-Ze-Inacio.jpg\" \/>\n<meta name=\"twitter:card\" content=\"summary_large_image\" \/>\n<meta name=\"twitter:label1\" content=\"Est. tempo de leitura\" \/>\n\t<meta name=\"twitter:data1\" content=\"3 minutos\" \/>\n<script type=\"application\/ld+json\" class=\"yoast-schema-graph\">{\"@context\":\"https:\/\/schema.org\",\"@graph\":[{\"@type\":\"WebPage\",\"@id\":\"https:\/\/www.blogsoestado.com\/danielmatos\/pela-unidade-do-pt-autonomo-organico-e-livre-no-maranhao\/\",\"url\":\"https:\/\/www.blogsoestado.com\/danielmatos\/pela-unidade-do-pt-autonomo-organico-e-livre-no-maranhao\/\",\"name\":\"Pela unidade do PT aut\u00f4nomo, org\u00e2nico e livre no Maranh\u00e3o - Daniel Matos\",\"isPartOf\":{\"@id\":\"https:\/\/www.blogsoestado.com\/danielmatos\/#website\"},\"primaryImageOfPage\":{\"@id\":\"https:\/\/www.blogsoestado.com\/danielmatos\/pela-unidade-do-pt-autonomo-organico-e-livre-no-maranhao\/#primaryimage\"},\"image\":{\"@id\":\"https:\/\/www.blogsoestado.com\/danielmatos\/pela-unidade-do-pt-autonomo-organico-e-livre-no-maranhao\/#primaryimage\"},\"thumbnailUrl\":\"https:\/\/www.blogsoestado.com\/danielmatos\/files\/2022\/04\/Brandao-e-Ze-Inacio.jpg\",\"datePublished\":\"2022-04-19T23:04:18+00:00\",\"author\":{\"@id\":\"\"},\"breadcrumb\":{\"@id\":\"https:\/\/www.blogsoestado.com\/danielmatos\/pela-unidade-do-pt-autonomo-organico-e-livre-no-maranhao\/#breadcrumb\"},\"inLanguage\":\"pt-BR\",\"potentialAction\":[{\"@type\":\"ReadAction\",\"target\":[\"https:\/\/www.blogsoestado.com\/danielmatos\/pela-unidade-do-pt-autonomo-organico-e-livre-no-maranhao\/\"]}]},{\"@type\":\"ImageObject\",\"inLanguage\":\"pt-BR\",\"@id\":\"https:\/\/www.blogsoestado.com\/danielmatos\/pela-unidade-do-pt-autonomo-organico-e-livre-no-maranhao\/#primaryimage\",\"url\":\"https:\/\/www.blogsoestado.com\/danielmatos\/files\/2022\/04\/Brandao-e-Ze-Inacio.jpg\",\"contentUrl\":\"https:\/\/www.blogsoestado.com\/danielmatos\/files\/2022\/04\/Brandao-e-Ze-Inacio.jpg\"},{\"@type\":\"BreadcrumbList\",\"@id\":\"https:\/\/www.blogsoestado.com\/danielmatos\/pela-unidade-do-pt-autonomo-organico-e-livre-no-maranhao\/#breadcrumb\",\"itemListElement\":[{\"@type\":\"ListItem\",\"position\":1,\"name\":\"In\u00edcio\",\"item\":\"https:\/\/www.blogsoestado.com\/danielmatos\/\"},{\"@type\":\"ListItem\",\"position\":2,\"name\":\"Pela unidade do PT aut\u00f4nomo, org\u00e2nico e livre no Maranh\u00e3o\"}]},{\"@type\":\"WebSite\",\"@id\":\"https:\/\/www.blogsoestado.com\/danielmatos\/#website\",\"url\":\"https:\/\/www.blogsoestado.com\/danielmatos\/\",\"name\":\"Daniel Matos\",\"description\":\"\",\"potentialAction\":[{\"@type\":\"SearchAction\",\"target\":{\"@type\":\"EntryPoint\",\"urlTemplate\":\"https:\/\/www.blogsoestado.com\/danielmatos\/?s={search_term_string}\"},\"query-input\":{\"@type\":\"PropertyValueSpecification\",\"valueRequired\":true,\"valueName\":\"search_term_string\"}}],\"inLanguage\":\"pt-BR\"}]}<\/script>\n<!-- \/ Yoast SEO plugin. -->","yoast_head_json":{"title":"Pela unidade do PT aut\u00f4nomo, org\u00e2nico e livre no Maranh\u00e3o - Daniel Matos","robots":{"index":"index","follow":"follow","max-snippet":"max-snippet:-1","max-image-preview":"max-image-preview:large","max-video-preview":"max-video-preview:-1"},"canonical":"https:\/\/www.blogsoestado.com\/danielmatos\/pela-unidade-do-pt-autonomo-organico-e-livre-no-maranhao\/","og_locale":"pt_BR","og_type":"article","og_title":"Pela unidade do PT aut\u00f4nomo, org\u00e2nico e livre no Maranh\u00e3o - Daniel Matos","og_description":"Os partidos pol\u00edticos de esquerda se inserem no contexto do Estado Democr\u00e1tico de Direito e na busca por uma sociedade [&hellip;]","og_url":"https:\/\/www.blogsoestado.com\/danielmatos\/pela-unidade-do-pt-autonomo-organico-e-livre-no-maranhao\/","og_site_name":"Daniel Matos","article_published_time":"2022-04-19T23:04:18+00:00","og_image":[{"url":"https:\/\/www.blogsoestado.com\/danielmatos\/files\/2022\/04\/Brandao-e-Ze-Inacio.jpg","type":"","width":"","height":""}],"twitter_card":"summary_large_image","twitter_misc":{"Est. tempo de leitura":"3 minutos"},"schema":{"@context":"https:\/\/schema.org","@graph":[{"@type":"WebPage","@id":"https:\/\/www.blogsoestado.com\/danielmatos\/pela-unidade-do-pt-autonomo-organico-e-livre-no-maranhao\/","url":"https:\/\/www.blogsoestado.com\/danielmatos\/pela-unidade-do-pt-autonomo-organico-e-livre-no-maranhao\/","name":"Pela unidade do PT aut\u00f4nomo, org\u00e2nico e livre no Maranh\u00e3o - Daniel Matos","isPartOf":{"@id":"https:\/\/www.blogsoestado.com\/danielmatos\/#website"},"primaryImageOfPage":{"@id":"https:\/\/www.blogsoestado.com\/danielmatos\/pela-unidade-do-pt-autonomo-organico-e-livre-no-maranhao\/#primaryimage"},"image":{"@id":"https:\/\/www.blogsoestado.com\/danielmatos\/pela-unidade-do-pt-autonomo-organico-e-livre-no-maranhao\/#primaryimage"},"thumbnailUrl":"https:\/\/www.blogsoestado.com\/danielmatos\/files\/2022\/04\/Brandao-e-Ze-Inacio.jpg","datePublished":"2022-04-19T23:04:18+00:00","author":{"@id":""},"breadcrumb":{"@id":"https:\/\/www.blogsoestado.com\/danielmatos\/pela-unidade-do-pt-autonomo-organico-e-livre-no-maranhao\/#breadcrumb"},"inLanguage":"pt-BR","potentialAction":[{"@type":"ReadAction","target":["https:\/\/www.blogsoestado.com\/danielmatos\/pela-unidade-do-pt-autonomo-organico-e-livre-no-maranhao\/"]}]},{"@type":"ImageObject","inLanguage":"pt-BR","@id":"https:\/\/www.blogsoestado.com\/danielmatos\/pela-unidade-do-pt-autonomo-organico-e-livre-no-maranhao\/#primaryimage","url":"https:\/\/www.blogsoestado.com\/danielmatos\/files\/2022\/04\/Brandao-e-Ze-Inacio.jpg","contentUrl":"https:\/\/www.blogsoestado.com\/danielmatos\/files\/2022\/04\/Brandao-e-Ze-Inacio.jpg"},{"@type":"BreadcrumbList","@id":"https:\/\/www.blogsoestado.com\/danielmatos\/pela-unidade-do-pt-autonomo-organico-e-livre-no-maranhao\/#breadcrumb","itemListElement":[{"@type":"ListItem","position":1,"name":"In\u00edcio","item":"https:\/\/www.blogsoestado.com\/danielmatos\/"},{"@type":"ListItem","position":2,"name":"Pela unidade do PT aut\u00f4nomo, org\u00e2nico e livre no Maranh\u00e3o"}]},{"@type":"WebSite","@id":"https:\/\/www.blogsoestado.com\/danielmatos\/#website","url":"https:\/\/www.blogsoestado.com\/danielmatos\/","name":"Daniel Matos","description":"","potentialAction":[{"@type":"SearchAction","target":{"@type":"EntryPoint","urlTemplate":"https:\/\/www.blogsoestado.com\/danielmatos\/?s={search_term_string}"},"query-input":{"@type":"PropertyValueSpecification","valueRequired":true,"valueName":"search_term_string"}}],"inLanguage":"pt-BR"}]}},"jetpack_featured_media_url":"","_links":{"self":[{"href":"https:\/\/www.blogsoestado.com\/danielmatos\/wp-json\/wp\/v2\/posts\/96352","targetHints":{"allow":["GET"]}}],"collection":[{"href":"https:\/\/www.blogsoestado.com\/danielmatos\/wp-json\/wp\/v2\/posts"}],"about":[{"href":"https:\/\/www.blogsoestado.com\/danielmatos\/wp-json\/wp\/v2\/types\/post"}],"replies":[{"embeddable":true,"href":"https:\/\/www.blogsoestado.com\/danielmatos\/wp-json\/wp\/v2\/comments?post=96352"}],"version-history":[{"count":0,"href":"https:\/\/www.blogsoestado.com\/danielmatos\/wp-json\/wp\/v2\/posts\/96352\/revisions"}],"wp:attachment":[{"href":"https:\/\/www.blogsoestado.com\/danielmatos\/wp-json\/wp\/v2\/media?parent=96352"}],"wp:term":[{"taxonomy":"category","embeddable":true,"href":"https:\/\/www.blogsoestado.com\/danielmatos\/wp-json\/wp\/v2\/categories?post=96352"},{"taxonomy":"post_tag","embeddable":true,"href":"https:\/\/www.blogsoestado.com\/danielmatos\/wp-json\/wp\/v2\/tags?post=96352"}],"curies":[{"name":"wp","href":"https:\/\/api.w.org\/{rel}","templated":true}]}}