{"id":96358,"date":"2022-04-19T21:55:46","date_gmt":"2022-04-20T00:55:46","guid":{"rendered":"https:\/\/www.blogsoestado.com\/danielmatos\/?p=96358"},"modified":"2022-04-19T21:55:46","modified_gmt":"2022-04-20T00:55:46","slug":"ceuma-comemora-32-anos-com-vasta-programacao-e-homenagens","status":"publish","type":"post","link":"https:\/\/www.blogsoestado.com\/danielmatos\/ceuma-comemora-32-anos-com-vasta-programacao-e-homenagens\/","title":{"rendered":"Ceuma comemora 32 anos com vasta programa\u00e7\u00e3o e homenagens"},"content":{"rendered":"\n<div class=\"wp-block-image\"><figure class=\"aligncenter size-large\"><a href=\"https:\/\/www.blogsoestado.com\/danielmatos\/files\/2022\/04\/Screenshot_20220419-2134242.png\"><img decoding=\"async\" src=\"https:\/\/www.blogsoestado.com\/danielmatos\/files\/2022\/04\/Screenshot_20220419-2134242.png\" alt=\"\" class=\"wp-image-96359\"\/><\/a><figcaption>O casal Mauro e Ana L\u00facia Chaves Fecury, fundadores e mantenedores da institui\u00e7\u00e3o de ensino que deu origem \u00e0 Universidade Ceuma<\/figcaption><\/figure><\/div>\n\n\n\n<p>A melhor Universidade Particular do Maranh\u00e3o completou 32 anos no s\u00e1bado (9) e a comemora\u00e7\u00e3o fez jus a este grandioso momento. Durante a quarta-feira (13) a empolga\u00e7\u00e3o tomou conta do Campus Renascen\u00e7a. Nos corredores, alunos, professores e funcion\u00e1rios foram contagiados com o clima de orgulho e felicidade, afinal, ap\u00f3s dois anos de rigorosos protocolos, a Universidade Ceuma p\u00f4de, novamente, realizar uma festa digna de sua tradi\u00e7\u00e3o. O evento foi o marco principal nas comemora\u00e7\u00f5es, que se estender\u00e3o durante todo o m\u00eas de abril.<\/p>\n\n\n\n<div class=\"wp-block-image\"><figure class=\"aligncenter size-large\"><a href=\"https:\/\/www.blogsoestado.com\/danielmatos\/files\/2022\/04\/Screenshot_20220419-2136453.png\"><img decoding=\"async\" src=\"https:\/\/www.blogsoestado.com\/danielmatos\/files\/2022\/04\/Screenshot_20220419-2136453.png\" alt=\"\" class=\"wp-image-96365\"\/><\/a><figcaption>Campus Renascen\u00e7a foi decorado especialmente para a comemora\u00e7\u00e3o dos 32 anos do Ceuma<\/figcaption><\/figure><\/div>\n\n\n\n<p>A festa come\u00e7ou logo cedo, com um Dj animando a pra\u00e7a de alimenta\u00e7\u00e3o. Durante todo o dia foram distribu\u00eddos brownies e fatias de bolo aos alunos, professores e funcion\u00e1rios. Regida pelo Tenente Bacelar, a banda do 24\u00b0 Batalh\u00e3o de Infantaria de Selva esteve presente, embalando o p\u00fablico com famosas can\u00e7\u00f5es da m\u00fasica popular brasileira. Com uma bel\u00edssima ornamenta\u00e7\u00e3o, os presentes tinham \u00e0 sua disposi\u00e7\u00e3o pain\u00e9is instagram\u00e1veis e letreiros em led para registrar esse momento em suas redes sociais.<\/p>\n\n\n\n<div class=\"wp-block-image\"><figure class=\"aligncenter size-large\"><a href=\"https:\/\/www.blogsoestado.com\/danielmatos\/files\/2022\/04\/Screenshot_20220419-2135012.png\"><img decoding=\"async\" src=\"https:\/\/www.blogsoestado.com\/danielmatos\/files\/2022\/04\/Screenshot_20220419-2135012.png\" alt=\"\" class=\"wp-image-96361\"\/><\/a><figcaption>A reitora Cristina Nitz destacou a trajet\u00f3ria de sucesso e bons servi\u00e7os prestados pelo Ceuma \u00e0 educa\u00e7\u00e3o do Maranh\u00e3o<\/figcaption><\/figure><\/div>\n\n\n\n<p>As solenidades iniciaram ao fim da tarde. A cerim\u00f4nia foi conduzida pela professora L\u00facia Alvino e contou com a presen\u00e7a do nosso fundador, Dr. Mauro Fecury, sua esposa, Ana L\u00facia Chaves Fecury e familiares. Tamb\u00e9m estiveram presentes a reitora Profa. Ma. Cristina Nitz da Cruz, autoridades do cen\u00e1rio estadual e ve\u00edculos de imprensa. O coral da Universidade Ceuma cantou m\u00fasicas que relembraram a trajet\u00f3ria dos nossos fundadores e, junto \u00e0 banda do 24\u00b0 BIS, executou o hino nacional brasileiro e o hino da Universidade Ceuma.<\/p>\n\n\n\n<div class=\"wp-block-image\"><figure class=\"aligncenter size-large\"><a href=\"https:\/\/www.blogsoestado.com\/danielmatos\/files\/2022\/04\/Screenshot_20220419-2136042.png\"><img decoding=\"async\" src=\"https:\/\/www.blogsoestado.com\/danielmatos\/files\/2022\/04\/Screenshot_20220419-2136042.png\" alt=\"\" class=\"wp-image-96362\"\/><\/a><figcaption>Apresenta\u00e7\u00e3o do Boi de Nina Rodrigues foi um dos momentos descontra\u00eddos da comemora\u00e7\u00e3o<\/figcaption><\/figure><\/div>\n\n\n\n<p>Em seu discurso, Ana L\u00facia Chaves Fecury, presidente da Mantenedora, celebrou o momento. \u201cS\u00e3o 32 anos de muitas hist\u00f3rias e conquistas. Ao longo de todos esses anos, s\u00e3o mais de 70 mil alunos graduados, contribuindo com o desenvolvimento do estado do Maranh\u00e3o. Agrade\u00e7o a presen\u00e7a de todos nessa celebra\u00e7\u00e3o\u201d, ressaltou Ana L\u00facia Chaves Fecury.<\/p>\n\n\n\n<p>A reitora Profa. Ma. Cristina Nitz da Cruz agradeceu o investimento e a confian\u00e7a dos mantenedores, e tamb\u00e9m a dedica\u00e7\u00e3o de todos os colaboradores da universidade. \u201cEsses dias, conversando com alguns professores, eu percebi quanta vida n\u00f3s temos dentro dessa institui\u00e7\u00e3o. Gostaria de agradecer a todos os funcion\u00e1rios que nos ajudam a manter esse sonho que foi idealizado e constru\u00eddo pelos nossos mantenedores. Agrade\u00e7o tamb\u00e9m aos nossos alunos por escolherem a Universidade Ceuma\u201d, destacou Cristina Nitz.<\/p>\n\n\n\n<div class=\"wp-block-image\"><figure class=\"aligncenter size-large\"><a href=\"https:\/\/www.blogsoestado.com\/danielmatos\/files\/2022\/04\/Screenshot_20220419-2137572.png\"><img decoding=\"async\" src=\"https:\/\/www.blogsoestado.com\/danielmatos\/files\/2022\/04\/Screenshot_20220419-2137572.png\" alt=\"\" class=\"wp-image-96363\"\/><\/a><figcaption>A banda do 24\u00ba Batalh\u00e3o de Infantaria de Selva interpretou o hino do Ceuma, um dos momentos mais emocionantes da celebra\u00e7\u00e3o<\/figcaption><\/figure><\/div>\n\n\n\n<p>O Deputado Estadual F\u00e1bio Braga parabenizou o Dr. Mauro Fecury e agradeceu o seu empenho em prol da educa\u00e7\u00e3o do Maranh\u00e3o. \u201cO seu esp\u00edrito de pioneirismo democratizou o acesso dos alunos aos grandes cargos do Maranh\u00e3o e do Brasil. Os alunos egressos da Universidade Ceuma s\u00e3o de grande valor no mercado, isso se deve ao esfor\u00e7o do Dr. Mauro no desenvolvimento da educa\u00e7\u00e3o em nosso estado\u201d, afirmou F\u00e1bio Braga.<\/p>\n\n\n\n<p>O Bumba Boi de Nina Rodrigues abrilhantou a noite de comemora\u00e7\u00f5es, encerrando o evento com chave de ouro, trazendo toda beleza e encanto do folclore maranhense para o campus Renascen\u00e7a.<\/p>\n\n\n\n<div class=\"wp-block-image\"><figure class=\"aligncenter size-large\"><a href=\"https:\/\/www.blogsoestado.com\/danielmatos\/files\/2022\/04\/Screenshot_20220419-2135372.png\"><img decoding=\"async\" src=\"https:\/\/www.blogsoestado.com\/danielmatos\/files\/2022\/04\/Screenshot_20220419-2135372.png\" alt=\"\" class=\"wp-image-96364\"\/><\/a><figcaption>O deputado estadual F\u00e1bio Braga destacou a diferencial dos profissionais formados pela Universidade Ceuma no mercado de trabalho<\/figcaption><\/figure><\/div>\n\n\n\n<p>Seguindo a tradi\u00e7\u00e3o desta data, este ano, iremos inaugurar mais uma grande obra em benef\u00edcio da comunidade acad\u00eamica. Ainda no m\u00eas de abril ser\u00e1 entregue aos alunos o Espa\u00e7o Coworking Prof. Jos\u00e9 Samuel de Miranda Melo J\u00fanior. Um espa\u00e7o pensado para o desenvolvimento profissional dos alunos que comp\u00f5em as empresas juniores, atrav\u00e9s da pr\u00e1tica dos conhecimentos adquiridos em sala de aula.<\/p>\n","protected":false},"excerpt":{"rendered":"<p>A melhor Universidade Particular do Maranh\u00e3o completou 32 anos no s\u00e1bado (9) e a comemora\u00e7\u00e3o fez jus a este grandioso [&hellip;]<\/p>\n","protected":false},"author":0,"featured_media":0,"comment_status":"open","ping_status":"open","sticky":false,"template":"","format":"standard","meta":{"site-sidebar-layout":"default","site-content-layout":"","ast-site-content-layout":"default","site-content-style":"default","site-sidebar-style":"default","ast-global-header-display":"","ast-banner-title-visibility":"","ast-main-header-display":"","ast-hfb-above-header-display":"","ast-hfb-below-header-display":"","ast-hfb-mobile-header-display":"","site-post-title":"","ast-breadcrumbs-content":"","ast-featured-img":"","footer-sml-layout":"","ast-disable-related-posts":"","theme-transparent-header-meta":"","adv-header-id-meta":"","stick-header-meta":"","header-above-stick-meta":"","header-main-stick-meta":"","header-below-stick-meta":"","astra-migrate-meta-layouts":"default","ast-page-background-enabled":"default","ast-page-background-meta":{"desktop":{"background-color":"var(--ast-global-color-5)","background-image":"","background-repeat":"repeat","background-position":"center center","background-size":"auto","background-attachment":"scroll","background-type":"","background-media":"","overlay-type":"","overlay-color":"","overlay-opacity":"","overlay-gradient":""},"tablet":{"background-color":"","background-image":"","background-repeat":"repeat","background-position":"center center","background-size":"auto","background-attachment":"scroll","background-type":"","background-media":"","overlay-type":"","overlay-color":"","overlay-opacity":"","overlay-gradient":""},"mobile":{"background-color":"","background-image":"","background-repeat":"repeat","background-position":"center center","background-size":"auto","background-attachment":"scroll","background-type":"","background-media":"","overlay-type":"","overlay-color":"","overlay-opacity":"","overlay-gradient":""}},"ast-content-background-meta":{"desktop":{"background-color":"var(--ast-global-color-4)","background-image":"","background-repeat":"repeat","background-position":"center center","background-size":"auto","background-attachment":"scroll","background-type":"","background-media":"","overlay-type":"","overlay-color":"","overlay-opacity":"","overlay-gradient":""},"tablet":{"background-color":"var(--ast-global-color-4)","background-image":"","background-repeat":"repeat","background-position":"center center","background-size":"auto","background-attachment":"scroll","background-type":"","background-media":"","overlay-type":"","overlay-color":"","overlay-opacity":"","overlay-gradient":""},"mobile":{"background-color":"var(--ast-global-color-4)","background-image":"","background-repeat":"repeat","background-position":"center center","background-size":"auto","background-attachment":"scroll","background-type":"","background-media":"","overlay-type":"","overlay-color":"","overlay-opacity":"","overlay-gradient":""}},"footnotes":""},"categories":[1],"tags":[],"class_list":["post-96358","post","type-post","status-publish","format-standard","hentry","category-sem-categoria"],"yoast_head":"<!-- This site is optimized with the Yoast SEO plugin v26.6 - https:\/\/yoast.com\/wordpress\/plugins\/seo\/ -->\n<title>Ceuma comemora 32 anos com vasta programa\u00e7\u00e3o e homenagens - Daniel Matos<\/title>\n<meta name=\"robots\" content=\"index, follow, max-snippet:-1, max-image-preview:large, max-video-preview:-1\" \/>\n<link rel=\"canonical\" href=\"https:\/\/www.blogsoestado.com\/danielmatos\/ceuma-comemora-32-anos-com-vasta-programacao-e-homenagens\/\" \/>\n<meta property=\"og:locale\" content=\"pt_BR\" \/>\n<meta property=\"og:type\" content=\"article\" \/>\n<meta property=\"og:title\" content=\"Ceuma comemora 32 anos com vasta programa\u00e7\u00e3o e homenagens - Daniel Matos\" \/>\n<meta property=\"og:description\" content=\"A melhor Universidade Particular do Maranh\u00e3o completou 32 anos no s\u00e1bado (9) e a comemora\u00e7\u00e3o fez jus a este grandioso [&hellip;]\" \/>\n<meta property=\"og:url\" content=\"https:\/\/www.blogsoestado.com\/danielmatos\/ceuma-comemora-32-anos-com-vasta-programacao-e-homenagens\/\" \/>\n<meta property=\"og:site_name\" content=\"Daniel Matos\" \/>\n<meta property=\"article:published_time\" content=\"2022-04-20T00:55:46+00:00\" \/>\n<meta property=\"og:image\" content=\"https:\/\/www.blogsoestado.com\/danielmatos\/files\/2022\/04\/Screenshot_20220419-2134242.png\" \/>\n<meta name=\"twitter:card\" content=\"summary_large_image\" \/>\n<meta name=\"twitter:label1\" content=\"Est. tempo de leitura\" \/>\n\t<meta name=\"twitter:data1\" content=\"5 minutos\" \/>\n<script type=\"application\/ld+json\" class=\"yoast-schema-graph\">{\"@context\":\"https:\/\/schema.org\",\"@graph\":[{\"@type\":\"WebPage\",\"@id\":\"https:\/\/www.blogsoestado.com\/danielmatos\/ceuma-comemora-32-anos-com-vasta-programacao-e-homenagens\/\",\"url\":\"https:\/\/www.blogsoestado.com\/danielmatos\/ceuma-comemora-32-anos-com-vasta-programacao-e-homenagens\/\",\"name\":\"Ceuma comemora 32 anos com vasta programa\u00e7\u00e3o e homenagens - Daniel Matos\",\"isPartOf\":{\"@id\":\"https:\/\/www.blogsoestado.com\/danielmatos\/#website\"},\"primaryImageOfPage\":{\"@id\":\"https:\/\/www.blogsoestado.com\/danielmatos\/ceuma-comemora-32-anos-com-vasta-programacao-e-homenagens\/#primaryimage\"},\"image\":{\"@id\":\"https:\/\/www.blogsoestado.com\/danielmatos\/ceuma-comemora-32-anos-com-vasta-programacao-e-homenagens\/#primaryimage\"},\"thumbnailUrl\":\"https:\/\/www.blogsoestado.com\/danielmatos\/files\/2022\/04\/Screenshot_20220419-2134242.png\",\"datePublished\":\"2022-04-20T00:55:46+00:00\",\"author\":{\"@id\":\"\"},\"breadcrumb\":{\"@id\":\"https:\/\/www.blogsoestado.com\/danielmatos\/ceuma-comemora-32-anos-com-vasta-programacao-e-homenagens\/#breadcrumb\"},\"inLanguage\":\"pt-BR\",\"potentialAction\":[{\"@type\":\"ReadAction\",\"target\":[\"https:\/\/www.blogsoestado.com\/danielmatos\/ceuma-comemora-32-anos-com-vasta-programacao-e-homenagens\/\"]}]},{\"@type\":\"ImageObject\",\"inLanguage\":\"pt-BR\",\"@id\":\"https:\/\/www.blogsoestado.com\/danielmatos\/ceuma-comemora-32-anos-com-vasta-programacao-e-homenagens\/#primaryimage\",\"url\":\"https:\/\/www.blogsoestado.com\/danielmatos\/files\/2022\/04\/Screenshot_20220419-2134242.png\",\"contentUrl\":\"https:\/\/www.blogsoestado.com\/danielmatos\/files\/2022\/04\/Screenshot_20220419-2134242.png\"},{\"@type\":\"BreadcrumbList\",\"@id\":\"https:\/\/www.blogsoestado.com\/danielmatos\/ceuma-comemora-32-anos-com-vasta-programacao-e-homenagens\/#breadcrumb\",\"itemListElement\":[{\"@type\":\"ListItem\",\"position\":1,\"name\":\"In\u00edcio\",\"item\":\"https:\/\/www.blogsoestado.com\/danielmatos\/\"},{\"@type\":\"ListItem\",\"position\":2,\"name\":\"Ceuma comemora 32 anos com vasta programa\u00e7\u00e3o e homenagens\"}]},{\"@type\":\"WebSite\",\"@id\":\"https:\/\/www.blogsoestado.com\/danielmatos\/#website\",\"url\":\"https:\/\/www.blogsoestado.com\/danielmatos\/\",\"name\":\"Daniel Matos\",\"description\":\"\",\"potentialAction\":[{\"@type\":\"SearchAction\",\"target\":{\"@type\":\"EntryPoint\",\"urlTemplate\":\"https:\/\/www.blogsoestado.com\/danielmatos\/?s={search_term_string}\"},\"query-input\":{\"@type\":\"PropertyValueSpecification\",\"valueRequired\":true,\"valueName\":\"search_term_string\"}}],\"inLanguage\":\"pt-BR\"}]}<\/script>\n<!-- \/ Yoast SEO plugin. -->","yoast_head_json":{"title":"Ceuma comemora 32 anos com vasta programa\u00e7\u00e3o e homenagens - Daniel Matos","robots":{"index":"index","follow":"follow","max-snippet":"max-snippet:-1","max-image-preview":"max-image-preview:large","max-video-preview":"max-video-preview:-1"},"canonical":"https:\/\/www.blogsoestado.com\/danielmatos\/ceuma-comemora-32-anos-com-vasta-programacao-e-homenagens\/","og_locale":"pt_BR","og_type":"article","og_title":"Ceuma comemora 32 anos com vasta programa\u00e7\u00e3o e homenagens - Daniel Matos","og_description":"A melhor Universidade Particular do Maranh\u00e3o completou 32 anos no s\u00e1bado (9) e a comemora\u00e7\u00e3o fez jus a este grandioso [&hellip;]","og_url":"https:\/\/www.blogsoestado.com\/danielmatos\/ceuma-comemora-32-anos-com-vasta-programacao-e-homenagens\/","og_site_name":"Daniel Matos","article_published_time":"2022-04-20T00:55:46+00:00","og_image":[{"url":"https:\/\/www.blogsoestado.com\/danielmatos\/files\/2022\/04\/Screenshot_20220419-2134242.png","type":"","width":"","height":""}],"twitter_card":"summary_large_image","twitter_misc":{"Est. tempo de leitura":"5 minutos"},"schema":{"@context":"https:\/\/schema.org","@graph":[{"@type":"WebPage","@id":"https:\/\/www.blogsoestado.com\/danielmatos\/ceuma-comemora-32-anos-com-vasta-programacao-e-homenagens\/","url":"https:\/\/www.blogsoestado.com\/danielmatos\/ceuma-comemora-32-anos-com-vasta-programacao-e-homenagens\/","name":"Ceuma comemora 32 anos com vasta programa\u00e7\u00e3o e homenagens - Daniel Matos","isPartOf":{"@id":"https:\/\/www.blogsoestado.com\/danielmatos\/#website"},"primaryImageOfPage":{"@id":"https:\/\/www.blogsoestado.com\/danielmatos\/ceuma-comemora-32-anos-com-vasta-programacao-e-homenagens\/#primaryimage"},"image":{"@id":"https:\/\/www.blogsoestado.com\/danielmatos\/ceuma-comemora-32-anos-com-vasta-programacao-e-homenagens\/#primaryimage"},"thumbnailUrl":"https:\/\/www.blogsoestado.com\/danielmatos\/files\/2022\/04\/Screenshot_20220419-2134242.png","datePublished":"2022-04-20T00:55:46+00:00","author":{"@id":""},"breadcrumb":{"@id":"https:\/\/www.blogsoestado.com\/danielmatos\/ceuma-comemora-32-anos-com-vasta-programacao-e-homenagens\/#breadcrumb"},"inLanguage":"pt-BR","potentialAction":[{"@type":"ReadAction","target":["https:\/\/www.blogsoestado.com\/danielmatos\/ceuma-comemora-32-anos-com-vasta-programacao-e-homenagens\/"]}]},{"@type":"ImageObject","inLanguage":"pt-BR","@id":"https:\/\/www.blogsoestado.com\/danielmatos\/ceuma-comemora-32-anos-com-vasta-programacao-e-homenagens\/#primaryimage","url":"https:\/\/www.blogsoestado.com\/danielmatos\/files\/2022\/04\/Screenshot_20220419-2134242.png","contentUrl":"https:\/\/www.blogsoestado.com\/danielmatos\/files\/2022\/04\/Screenshot_20220419-2134242.png"},{"@type":"BreadcrumbList","@id":"https:\/\/www.blogsoestado.com\/danielmatos\/ceuma-comemora-32-anos-com-vasta-programacao-e-homenagens\/#breadcrumb","itemListElement":[{"@type":"ListItem","position":1,"name":"In\u00edcio","item":"https:\/\/www.blogsoestado.com\/danielmatos\/"},{"@type":"ListItem","position":2,"name":"Ceuma comemora 32 anos com vasta programa\u00e7\u00e3o e homenagens"}]},{"@type":"WebSite","@id":"https:\/\/www.blogsoestado.com\/danielmatos\/#website","url":"https:\/\/www.blogsoestado.com\/danielmatos\/","name":"Daniel Matos","description":"","potentialAction":[{"@type":"SearchAction","target":{"@type":"EntryPoint","urlTemplate":"https:\/\/www.blogsoestado.com\/danielmatos\/?s={search_term_string}"},"query-input":{"@type":"PropertyValueSpecification","valueRequired":true,"valueName":"search_term_string"}}],"inLanguage":"pt-BR"}]}},"jetpack_featured_media_url":"","_links":{"self":[{"href":"https:\/\/www.blogsoestado.com\/danielmatos\/wp-json\/wp\/v2\/posts\/96358","targetHints":{"allow":["GET"]}}],"collection":[{"href":"https:\/\/www.blogsoestado.com\/danielmatos\/wp-json\/wp\/v2\/posts"}],"about":[{"href":"https:\/\/www.blogsoestado.com\/danielmatos\/wp-json\/wp\/v2\/types\/post"}],"replies":[{"embeddable":true,"href":"https:\/\/www.blogsoestado.com\/danielmatos\/wp-json\/wp\/v2\/comments?post=96358"}],"version-history":[{"count":0,"href":"https:\/\/www.blogsoestado.com\/danielmatos\/wp-json\/wp\/v2\/posts\/96358\/revisions"}],"wp:attachment":[{"href":"https:\/\/www.blogsoestado.com\/danielmatos\/wp-json\/wp\/v2\/media?parent=96358"}],"wp:term":[{"taxonomy":"category","embeddable":true,"href":"https:\/\/www.blogsoestado.com\/danielmatos\/wp-json\/wp\/v2\/categories?post=96358"},{"taxonomy":"post_tag","embeddable":true,"href":"https:\/\/www.blogsoestado.com\/danielmatos\/wp-json\/wp\/v2\/tags?post=96358"}],"curies":[{"name":"wp","href":"https:\/\/api.w.org\/{rel}","templated":true}]}}