{"id":96417,"date":"2022-04-21T11:00:00","date_gmt":"2022-04-21T14:00:00","guid":{"rendered":"https:\/\/www.blogsoestado.com\/danielmatos\/?p=96417"},"modified":"2022-04-21T11:00:00","modified_gmt":"2022-04-21T14:00:00","slug":"marcial-lima-critica-situacao-precaria-das-estradas-do-maranhao","status":"publish","type":"post","link":"https:\/\/www.blogsoestado.com\/danielmatos\/marcial-lima-critica-situacao-precaria-das-estradas-do-maranhao\/","title":{"rendered":"Marcial Lima critica situa\u00e7\u00e3o prec\u00e1ria das estradas do Maranh\u00e3o"},"content":{"rendered":"\n<p><em><strong><span class=\"has-inline-color has-vivid-red-color\">O vereador ressaltou que o investimento nas estradas contribui diretamente para o fomento da economia<\/span><\/strong><\/em><\/p>\n\n\n\n<div class=\"wp-block-image\"><figure class=\"aligncenter size-large\"><a href=\"https:\/\/www.blogsoestado.com\/danielmatos\/files\/2022\/04\/Screenshot_20220421-0302052.png\"><img decoding=\"async\" src=\"https:\/\/www.blogsoestado.com\/danielmatos\/files\/2022\/04\/Screenshot_20220421-0302052.png\" alt=\"\" class=\"wp-image-96418\"\/><\/a><figcaption>Segundo o vereador, as p\u00e9ssimas condi\u00e7\u00f5es das estradas afetam o turismo local\u00a0(<strong>Foto: <\/strong>Fabr\u00edcio Cunha)<\/figcaption><\/figure><\/div>\n\n\n\n<p>O vereador Marcial Lima (Podemos) abordou, em recente discurso no Pequeno Expediente da C\u00e2mara Municipal de S\u00e3o Lu\u00eds, as condi\u00e7\u00f5es das estradas do Maranh\u00e3o, que, na vis\u00e3o do parlamentar, prejudicam o fomento do turismo em todo o estado. \u201c\u00c9 dif\u00edcil falar em turismo com as p\u00e9ssimas condi\u00e7\u00f5es das nossas estradas, seja pela viol\u00eancia, seja por acidente\u201d, disse.<\/p>\n\n\n\n<p>O vereador comparou a situa\u00e7\u00e3o com outros estados do Nordeste, destacando a exist\u00eancia de estradas duplicadas em estados como Para\u00edba e Pernambuco, que diminuem os n\u00fameros de acidentes. \u201cHoje, quem est\u00e1 em S\u00e3o Lu\u00eds e quer ir para os Len\u00e7\u00f3is Maranhenses, n\u00e3o sabe qual estrada pegar. S\u00e3o problemas nas estradas federais, mas nas estaduais tamb\u00e9m\u201d, disse.<\/p>\n\n\n\n<p>Marcial Lima afirmou que o investimento em boas estradas resulta em fomento na economia, uma vez que a produ\u00e7\u00e3o agr\u00edcola pode escoar melhor, bem como o turismo pode ter um fluxo mais eficiente.<\/p>\n\n\n\n<p>\u201cPor isso, fazemos um apelo ao novo governador Carlos Brand\u00e3o para que notem esse problema. \u00c9 meu dever como parlamentar demonstrar minha preocupa\u00e7\u00e3o com esse problema. Nossas estradas est\u00e3o abandonadas\u201d, finalizou.<\/p>\n\n\n\n<p>O vereador encerrou o discurso afirmando que o Governo do Estado precisa investir no turismo religioso, tendo em vista a Semana Santa, que atrai turistas em diversas partes do Brasil onde eventos tur\u00edsticos voltados para a celebra\u00e7\u00e3o do per\u00edodo s\u00e3o realizados. \u201cIsso gera f\u00e9, respeito, e fomenta nossa economia. Precisamos fomentar esses eventos e defender a religi\u00e3o como bra\u00e7o forte do turismo\u201d, destacou.<\/p>\n","protected":false},"excerpt":{"rendered":"<p>O vereador ressaltou que o investimento nas estradas contribui diretamente para o fomento da economia O vereador Marcial Lima (Podemos) [&hellip;]<\/p>\n","protected":false},"author":0,"featured_media":0,"comment_status":"open","ping_status":"open","sticky":false,"template":"","format":"standard","meta":{"site-sidebar-layout":"default","site-content-layout":"","ast-site-content-layout":"default","site-content-style":"default","site-sidebar-style":"default","ast-global-header-display":"","ast-banner-title-visibility":"","ast-main-header-display":"","ast-hfb-above-header-display":"","ast-hfb-below-header-display":"","ast-hfb-mobile-header-display":"","site-post-title":"","ast-breadcrumbs-content":"","ast-featured-img":"","footer-sml-layout":"","ast-disable-related-posts":"","theme-transparent-header-meta":"","adv-header-id-meta":"","stick-header-meta":"","header-above-stick-meta":"","header-main-stick-meta":"","header-below-stick-meta":"","astra-migrate-meta-layouts":"default","ast-page-background-enabled":"default","ast-page-background-meta":{"desktop":{"background-color":"var(--ast-global-color-5)","background-image":"","background-repeat":"repeat","background-position":"center center","background-size":"auto","background-attachment":"scroll","background-type":"","background-media":"","overlay-type":"","overlay-color":"","overlay-opacity":"","overlay-gradient":""},"tablet":{"background-color":"","background-image":"","background-repeat":"repeat","background-position":"center center","background-size":"auto","background-attachment":"scroll","background-type":"","background-media":"","overlay-type":"","overlay-color":"","overlay-opacity":"","overlay-gradient":""},"mobile":{"background-color":"","background-image":"","background-repeat":"repeat","background-position":"center center","background-size":"auto","background-attachment":"scroll","background-type":"","background-media":"","overlay-type":"","overlay-color":"","overlay-opacity":"","overlay-gradient":""}},"ast-content-background-meta":{"desktop":{"background-color":"var(--ast-global-color-4)","background-image":"","background-repeat":"repeat","background-position":"center center","background-size":"auto","background-attachment":"scroll","background-type":"","background-media":"","overlay-type":"","overlay-color":"","overlay-opacity":"","overlay-gradient":""},"tablet":{"background-color":"var(--ast-global-color-4)","background-image":"","background-repeat":"repeat","background-position":"center center","background-size":"auto","background-attachment":"scroll","background-type":"","background-media":"","overlay-type":"","overlay-color":"","overlay-opacity":"","overlay-gradient":""},"mobile":{"background-color":"var(--ast-global-color-4)","background-image":"","background-repeat":"repeat","background-position":"center center","background-size":"auto","background-attachment":"scroll","background-type":"","background-media":"","overlay-type":"","overlay-color":"","overlay-opacity":"","overlay-gradient":""}},"footnotes":""},"categories":[1],"tags":[],"class_list":["post-96417","post","type-post","status-publish","format-standard","hentry","category-sem-categoria"],"yoast_head":"<!-- This site is optimized with the Yoast SEO plugin v26.6 - https:\/\/yoast.com\/wordpress\/plugins\/seo\/ -->\n<title>Marcial Lima critica situa\u00e7\u00e3o prec\u00e1ria das estradas do Maranh\u00e3o - Daniel Matos<\/title>\n<meta name=\"robots\" content=\"index, follow, max-snippet:-1, max-image-preview:large, max-video-preview:-1\" \/>\n<link rel=\"canonical\" href=\"https:\/\/www.blogsoestado.com\/danielmatos\/marcial-lima-critica-situacao-precaria-das-estradas-do-maranhao\/\" \/>\n<meta property=\"og:locale\" content=\"pt_BR\" \/>\n<meta property=\"og:type\" content=\"article\" \/>\n<meta property=\"og:title\" content=\"Marcial Lima critica situa\u00e7\u00e3o prec\u00e1ria das estradas do Maranh\u00e3o - Daniel Matos\" \/>\n<meta property=\"og:description\" content=\"O vereador ressaltou que o investimento nas estradas contribui diretamente para o fomento da economia O vereador Marcial Lima (Podemos) [&hellip;]\" \/>\n<meta property=\"og:url\" content=\"https:\/\/www.blogsoestado.com\/danielmatos\/marcial-lima-critica-situacao-precaria-das-estradas-do-maranhao\/\" \/>\n<meta property=\"og:site_name\" content=\"Daniel Matos\" \/>\n<meta property=\"article:published_time\" content=\"2022-04-21T14:00:00+00:00\" \/>\n<meta property=\"og:image\" content=\"https:\/\/www.blogsoestado.com\/danielmatos\/files\/2022\/04\/Screenshot_20220421-0302052.png\" \/>\n<meta name=\"twitter:card\" content=\"summary_large_image\" \/>\n<meta name=\"twitter:label1\" content=\"Est. tempo de leitura\" \/>\n\t<meta name=\"twitter:data1\" content=\"2 minutos\" \/>\n<script type=\"application\/ld+json\" class=\"yoast-schema-graph\">{\"@context\":\"https:\/\/schema.org\",\"@graph\":[{\"@type\":\"WebPage\",\"@id\":\"https:\/\/www.blogsoestado.com\/danielmatos\/marcial-lima-critica-situacao-precaria-das-estradas-do-maranhao\/\",\"url\":\"https:\/\/www.blogsoestado.com\/danielmatos\/marcial-lima-critica-situacao-precaria-das-estradas-do-maranhao\/\",\"name\":\"Marcial Lima critica situa\u00e7\u00e3o prec\u00e1ria das estradas do Maranh\u00e3o - Daniel Matos\",\"isPartOf\":{\"@id\":\"https:\/\/www.blogsoestado.com\/danielmatos\/#website\"},\"primaryImageOfPage\":{\"@id\":\"https:\/\/www.blogsoestado.com\/danielmatos\/marcial-lima-critica-situacao-precaria-das-estradas-do-maranhao\/#primaryimage\"},\"image\":{\"@id\":\"https:\/\/www.blogsoestado.com\/danielmatos\/marcial-lima-critica-situacao-precaria-das-estradas-do-maranhao\/#primaryimage\"},\"thumbnailUrl\":\"https:\/\/www.blogsoestado.com\/danielmatos\/files\/2022\/04\/Screenshot_20220421-0302052.png\",\"datePublished\":\"2022-04-21T14:00:00+00:00\",\"author\":{\"@id\":\"\"},\"breadcrumb\":{\"@id\":\"https:\/\/www.blogsoestado.com\/danielmatos\/marcial-lima-critica-situacao-precaria-das-estradas-do-maranhao\/#breadcrumb\"},\"inLanguage\":\"pt-BR\",\"potentialAction\":[{\"@type\":\"ReadAction\",\"target\":[\"https:\/\/www.blogsoestado.com\/danielmatos\/marcial-lima-critica-situacao-precaria-das-estradas-do-maranhao\/\"]}]},{\"@type\":\"ImageObject\",\"inLanguage\":\"pt-BR\",\"@id\":\"https:\/\/www.blogsoestado.com\/danielmatos\/marcial-lima-critica-situacao-precaria-das-estradas-do-maranhao\/#primaryimage\",\"url\":\"https:\/\/www.blogsoestado.com\/danielmatos\/files\/2022\/04\/Screenshot_20220421-0302052.png\",\"contentUrl\":\"https:\/\/www.blogsoestado.com\/danielmatos\/files\/2022\/04\/Screenshot_20220421-0302052.png\"},{\"@type\":\"BreadcrumbList\",\"@id\":\"https:\/\/www.blogsoestado.com\/danielmatos\/marcial-lima-critica-situacao-precaria-das-estradas-do-maranhao\/#breadcrumb\",\"itemListElement\":[{\"@type\":\"ListItem\",\"position\":1,\"name\":\"In\u00edcio\",\"item\":\"https:\/\/www.blogsoestado.com\/danielmatos\/\"},{\"@type\":\"ListItem\",\"position\":2,\"name\":\"Marcial Lima critica situa\u00e7\u00e3o prec\u00e1ria das estradas do Maranh\u00e3o\"}]},{\"@type\":\"WebSite\",\"@id\":\"https:\/\/www.blogsoestado.com\/danielmatos\/#website\",\"url\":\"https:\/\/www.blogsoestado.com\/danielmatos\/\",\"name\":\"Daniel Matos\",\"description\":\"\",\"potentialAction\":[{\"@type\":\"SearchAction\",\"target\":{\"@type\":\"EntryPoint\",\"urlTemplate\":\"https:\/\/www.blogsoestado.com\/danielmatos\/?s={search_term_string}\"},\"query-input\":{\"@type\":\"PropertyValueSpecification\",\"valueRequired\":true,\"valueName\":\"search_term_string\"}}],\"inLanguage\":\"pt-BR\"}]}<\/script>\n<!-- \/ Yoast SEO plugin. -->","yoast_head_json":{"title":"Marcial Lima critica situa\u00e7\u00e3o prec\u00e1ria das estradas do Maranh\u00e3o - Daniel Matos","robots":{"index":"index","follow":"follow","max-snippet":"max-snippet:-1","max-image-preview":"max-image-preview:large","max-video-preview":"max-video-preview:-1"},"canonical":"https:\/\/www.blogsoestado.com\/danielmatos\/marcial-lima-critica-situacao-precaria-das-estradas-do-maranhao\/","og_locale":"pt_BR","og_type":"article","og_title":"Marcial Lima critica situa\u00e7\u00e3o prec\u00e1ria das estradas do Maranh\u00e3o - Daniel Matos","og_description":"O vereador ressaltou que o investimento nas estradas contribui diretamente para o fomento da economia O vereador Marcial Lima (Podemos) [&hellip;]","og_url":"https:\/\/www.blogsoestado.com\/danielmatos\/marcial-lima-critica-situacao-precaria-das-estradas-do-maranhao\/","og_site_name":"Daniel Matos","article_published_time":"2022-04-21T14:00:00+00:00","og_image":[{"url":"https:\/\/www.blogsoestado.com\/danielmatos\/files\/2022\/04\/Screenshot_20220421-0302052.png","type":"","width":"","height":""}],"twitter_card":"summary_large_image","twitter_misc":{"Est. tempo de leitura":"2 minutos"},"schema":{"@context":"https:\/\/schema.org","@graph":[{"@type":"WebPage","@id":"https:\/\/www.blogsoestado.com\/danielmatos\/marcial-lima-critica-situacao-precaria-das-estradas-do-maranhao\/","url":"https:\/\/www.blogsoestado.com\/danielmatos\/marcial-lima-critica-situacao-precaria-das-estradas-do-maranhao\/","name":"Marcial Lima critica situa\u00e7\u00e3o prec\u00e1ria das estradas do Maranh\u00e3o - Daniel Matos","isPartOf":{"@id":"https:\/\/www.blogsoestado.com\/danielmatos\/#website"},"primaryImageOfPage":{"@id":"https:\/\/www.blogsoestado.com\/danielmatos\/marcial-lima-critica-situacao-precaria-das-estradas-do-maranhao\/#primaryimage"},"image":{"@id":"https:\/\/www.blogsoestado.com\/danielmatos\/marcial-lima-critica-situacao-precaria-das-estradas-do-maranhao\/#primaryimage"},"thumbnailUrl":"https:\/\/www.blogsoestado.com\/danielmatos\/files\/2022\/04\/Screenshot_20220421-0302052.png","datePublished":"2022-04-21T14:00:00+00:00","author":{"@id":""},"breadcrumb":{"@id":"https:\/\/www.blogsoestado.com\/danielmatos\/marcial-lima-critica-situacao-precaria-das-estradas-do-maranhao\/#breadcrumb"},"inLanguage":"pt-BR","potentialAction":[{"@type":"ReadAction","target":["https:\/\/www.blogsoestado.com\/danielmatos\/marcial-lima-critica-situacao-precaria-das-estradas-do-maranhao\/"]}]},{"@type":"ImageObject","inLanguage":"pt-BR","@id":"https:\/\/www.blogsoestado.com\/danielmatos\/marcial-lima-critica-situacao-precaria-das-estradas-do-maranhao\/#primaryimage","url":"https:\/\/www.blogsoestado.com\/danielmatos\/files\/2022\/04\/Screenshot_20220421-0302052.png","contentUrl":"https:\/\/www.blogsoestado.com\/danielmatos\/files\/2022\/04\/Screenshot_20220421-0302052.png"},{"@type":"BreadcrumbList","@id":"https:\/\/www.blogsoestado.com\/danielmatos\/marcial-lima-critica-situacao-precaria-das-estradas-do-maranhao\/#breadcrumb","itemListElement":[{"@type":"ListItem","position":1,"name":"In\u00edcio","item":"https:\/\/www.blogsoestado.com\/danielmatos\/"},{"@type":"ListItem","position":2,"name":"Marcial Lima critica situa\u00e7\u00e3o prec\u00e1ria das estradas do Maranh\u00e3o"}]},{"@type":"WebSite","@id":"https:\/\/www.blogsoestado.com\/danielmatos\/#website","url":"https:\/\/www.blogsoestado.com\/danielmatos\/","name":"Daniel Matos","description":"","potentialAction":[{"@type":"SearchAction","target":{"@type":"EntryPoint","urlTemplate":"https:\/\/www.blogsoestado.com\/danielmatos\/?s={search_term_string}"},"query-input":{"@type":"PropertyValueSpecification","valueRequired":true,"valueName":"search_term_string"}}],"inLanguage":"pt-BR"}]}},"jetpack_featured_media_url":"","_links":{"self":[{"href":"https:\/\/www.blogsoestado.com\/danielmatos\/wp-json\/wp\/v2\/posts\/96417","targetHints":{"allow":["GET"]}}],"collection":[{"href":"https:\/\/www.blogsoestado.com\/danielmatos\/wp-json\/wp\/v2\/posts"}],"about":[{"href":"https:\/\/www.blogsoestado.com\/danielmatos\/wp-json\/wp\/v2\/types\/post"}],"replies":[{"embeddable":true,"href":"https:\/\/www.blogsoestado.com\/danielmatos\/wp-json\/wp\/v2\/comments?post=96417"}],"version-history":[{"count":0,"href":"https:\/\/www.blogsoestado.com\/danielmatos\/wp-json\/wp\/v2\/posts\/96417\/revisions"}],"wp:attachment":[{"href":"https:\/\/www.blogsoestado.com\/danielmatos\/wp-json\/wp\/v2\/media?parent=96417"}],"wp:term":[{"taxonomy":"category","embeddable":true,"href":"https:\/\/www.blogsoestado.com\/danielmatos\/wp-json\/wp\/v2\/categories?post=96417"},{"taxonomy":"post_tag","embeddable":true,"href":"https:\/\/www.blogsoestado.com\/danielmatos\/wp-json\/wp\/v2\/tags?post=96417"}],"curies":[{"name":"wp","href":"https:\/\/api.w.org\/{rel}","templated":true}]}}