{"id":96423,"date":"2022-04-21T17:05:55","date_gmt":"2022-04-21T20:05:55","guid":{"rendered":"https:\/\/www.blogsoestado.com\/danielmatos\/?p=96423"},"modified":"2022-04-21T17:05:55","modified_gmt":"2022-04-21T20:05:55","slug":"marcial-lima-lembra-com-emocao-2-anos-da-morte-do-jornalista-roberto-fernandes","status":"publish","type":"post","link":"https:\/\/www.blogsoestado.com\/danielmatos\/marcial-lima-lembra-com-emocao-2-anos-da-morte-do-jornalista-roberto-fernandes\/","title":{"rendered":"Marcial Lima lembra com emo\u00e7\u00e3o 2 anos da morte do jornalista Roberto Fernandes"},"content":{"rendered":"\n<div class=\"wp-block-image\"><figure class=\"aligncenter size-large\"><a href=\"https:\/\/www.blogsoestado.com\/danielmatos\/files\/2022\/04\/Screenshot_20220421-1649512.png\"><img decoding=\"async\" src=\"https:\/\/www.blogsoestado.com\/danielmatos\/files\/2022\/04\/Screenshot_20220421-1649512.png\" alt=\"\" class=\"wp-image-96424\"\/><\/a><figcaption>Marcial Lima, j\u00e1 conciliando a profiss\u00e3o de jornalista com o mandato de vereador de S\u00e3o Lu\u00eds, concedendo entrevista ao saudoso colega Roberto Fernandes no &#8220;Bom Dia Mirante&#8221;<\/figcaption><\/figure><\/div>\n\n\n\n<p>O apresentador do programa *Acorda Maranh\u00e3o&#8221;, da R\u00e1dio Mirante AM, e vereador de S\u00e3o Lu\u00eds, Marcial Lima, lembrou com emo\u00e7\u00e3o os dois anos de morte do jornalista Roberto Fernandes, completados nesta quinta-feira, 21 de abril, Dia de Tiradentes. Roberto morreu aos 62 anos por complica\u00e7\u00f5es do novo coronav\u00edrus, ap\u00f3s passar v\u00e1rios dias internado em um hospital de S\u00e3o Lu\u00eds, lutando pela vida.<\/p>\n\n\n\n<p>Direto do est\u00fadio da emissora, enquanto se comunicava com os ouvintes, Marcial, que conviveu com Roberto por mais de 20 anos, como colega de profiss\u00e3o e amigo, fez uma pausa no notici\u00e1rio para dedicar uma singela homenagem \u00e0 mem\u00f3ria do saudoso companheiro de microfone.<\/p>\n\n\n\n<p><strong>Trajet\u00f3ria<\/strong><\/p>\n\n\n\n<p>Pernambucano de Vit\u00f3ria do Santo Ant\u00e3o, mas com a carreira profissional toda constru\u00edda no Maranh\u00e3o, Roberto Fernandes atuou em emissoras de r\u00e1dio e televis\u00e3o locais por mais de 30 anos, 20 dos quais como apresentador do programa radiof\u00f4nico Ponto Final, na Mirante AM, e comentarista esportivo na emissora. Tamb\u00e9m apresentou quadros de pol\u00edtica e esportes no &#8220;Bom Dia Mirante&#8221;, da TV Mirante.<\/p>\n\n\n\n<p>Desportista nato, Roberto Fernandes chegou a assumir, por meio de elei\u00e7\u00e3o, a presid\u00eancia do Moto Club, seu time do cora\u00e7\u00e3o, junto com o Botafogo, do Rio de Janeiro.<\/p>\n\n\n\n<p>Assista:<\/p>\n\n\n\n<figure class=\"wp-block-embed is-type-video is-provider-youtube wp-block-embed-youtube wp-embed-aspect-16-9 wp-has-aspect-ratio\"><div class=\"wp-block-embed__wrapper\">\n<iframe title=\"Marcial Lima lembra dois anos da morte do jornalista Roberto Fernandes\" width=\"500\" height=\"281\" src=\"https:\/\/www.youtube.com\/embed\/IA7Cwz-eEH4?feature=oembed\" frameborder=\"0\" allow=\"accelerometer; autoplay; clipboard-write; encrypted-media; gyroscope; picture-in-picture; web-share\" referrerpolicy=\"strict-origin-when-cross-origin\" allowfullscreen><\/iframe>\n<\/div><\/figure>\n","protected":false},"excerpt":{"rendered":"<p>O apresentador do programa *Acorda Maranh\u00e3o&#8221;, da R\u00e1dio Mirante AM, e vereador de S\u00e3o Lu\u00eds, Marcial Lima, lembrou com emo\u00e7\u00e3o [&hellip;]<\/p>\n","protected":false},"author":0,"featured_media":0,"comment_status":"open","ping_status":"open","sticky":false,"template":"","format":"standard","meta":{"site-sidebar-layout":"default","site-content-layout":"","ast-site-content-layout":"default","site-content-style":"default","site-sidebar-style":"default","ast-global-header-display":"","ast-banner-title-visibility":"","ast-main-header-display":"","ast-hfb-above-header-display":"","ast-hfb-below-header-display":"","ast-hfb-mobile-header-display":"","site-post-title":"","ast-breadcrumbs-content":"","ast-featured-img":"","footer-sml-layout":"","ast-disable-related-posts":"","theme-transparent-header-meta":"","adv-header-id-meta":"","stick-header-meta":"","header-above-stick-meta":"","header-main-stick-meta":"","header-below-stick-meta":"","astra-migrate-meta-layouts":"default","ast-page-background-enabled":"default","ast-page-background-meta":{"desktop":{"background-color":"var(--ast-global-color-5)","background-image":"","background-repeat":"repeat","background-position":"center center","background-size":"auto","background-attachment":"scroll","background-type":"","background-media":"","overlay-type":"","overlay-color":"","overlay-opacity":"","overlay-gradient":""},"tablet":{"background-color":"","background-image":"","background-repeat":"repeat","background-position":"center center","background-size":"auto","background-attachment":"scroll","background-type":"","background-media":"","overlay-type":"","overlay-color":"","overlay-opacity":"","overlay-gradient":""},"mobile":{"background-color":"","background-image":"","background-repeat":"repeat","background-position":"center center","background-size":"auto","background-attachment":"scroll","background-type":"","background-media":"","overlay-type":"","overlay-color":"","overlay-opacity":"","overlay-gradient":""}},"ast-content-background-meta":{"desktop":{"background-color":"var(--ast-global-color-4)","background-image":"","background-repeat":"repeat","background-position":"center center","background-size":"auto","background-attachment":"scroll","background-type":"","background-media":"","overlay-type":"","overlay-color":"","overlay-opacity":"","overlay-gradient":""},"tablet":{"background-color":"var(--ast-global-color-4)","background-image":"","background-repeat":"repeat","background-position":"center center","background-size":"auto","background-attachment":"scroll","background-type":"","background-media":"","overlay-type":"","overlay-color":"","overlay-opacity":"","overlay-gradient":""},"mobile":{"background-color":"var(--ast-global-color-4)","background-image":"","background-repeat":"repeat","background-position":"center center","background-size":"auto","background-attachment":"scroll","background-type":"","background-media":"","overlay-type":"","overlay-color":"","overlay-opacity":"","overlay-gradient":""}},"footnotes":""},"categories":[1],"tags":[],"class_list":["post-96423","post","type-post","status-publish","format-standard","hentry","category-sem-categoria"],"yoast_head":"<!-- This site is optimized with the Yoast SEO plugin v26.6 - https:\/\/yoast.com\/wordpress\/plugins\/seo\/ -->\n<title>Marcial Lima lembra com emo\u00e7\u00e3o 2 anos da morte do jornalista Roberto Fernandes - Daniel Matos<\/title>\n<meta name=\"robots\" content=\"index, follow, max-snippet:-1, max-image-preview:large, max-video-preview:-1\" \/>\n<link rel=\"canonical\" href=\"https:\/\/www.blogsoestado.com\/danielmatos\/marcial-lima-lembra-com-emocao-2-anos-da-morte-do-jornalista-roberto-fernandes\/\" \/>\n<meta property=\"og:locale\" content=\"pt_BR\" \/>\n<meta property=\"og:type\" content=\"article\" \/>\n<meta property=\"og:title\" content=\"Marcial Lima lembra com emo\u00e7\u00e3o 2 anos da morte do jornalista Roberto Fernandes - Daniel Matos\" \/>\n<meta property=\"og:description\" content=\"O apresentador do programa *Acorda Maranh\u00e3o&#8221;, da R\u00e1dio Mirante AM, e vereador de S\u00e3o Lu\u00eds, Marcial Lima, lembrou com emo\u00e7\u00e3o [&hellip;]\" \/>\n<meta property=\"og:url\" content=\"https:\/\/www.blogsoestado.com\/danielmatos\/marcial-lima-lembra-com-emocao-2-anos-da-morte-do-jornalista-roberto-fernandes\/\" \/>\n<meta property=\"og:site_name\" content=\"Daniel Matos\" \/>\n<meta property=\"article:published_time\" content=\"2022-04-21T20:05:55+00:00\" \/>\n<meta property=\"og:image\" content=\"https:\/\/www.blogsoestado.com\/danielmatos\/files\/2022\/04\/Screenshot_20220421-1649512.png\" \/>\n<meta name=\"twitter:card\" content=\"summary_large_image\" \/>\n<meta name=\"twitter:label1\" content=\"Est. tempo de leitura\" \/>\n\t<meta name=\"twitter:data1\" content=\"2 minutos\" \/>\n<script type=\"application\/ld+json\" class=\"yoast-schema-graph\">{\"@context\":\"https:\/\/schema.org\",\"@graph\":[{\"@type\":\"WebPage\",\"@id\":\"https:\/\/www.blogsoestado.com\/danielmatos\/marcial-lima-lembra-com-emocao-2-anos-da-morte-do-jornalista-roberto-fernandes\/\",\"url\":\"https:\/\/www.blogsoestado.com\/danielmatos\/marcial-lima-lembra-com-emocao-2-anos-da-morte-do-jornalista-roberto-fernandes\/\",\"name\":\"Marcial Lima lembra com emo\u00e7\u00e3o 2 anos da morte do jornalista Roberto Fernandes - Daniel Matos\",\"isPartOf\":{\"@id\":\"https:\/\/www.blogsoestado.com\/danielmatos\/#website\"},\"primaryImageOfPage\":{\"@id\":\"https:\/\/www.blogsoestado.com\/danielmatos\/marcial-lima-lembra-com-emocao-2-anos-da-morte-do-jornalista-roberto-fernandes\/#primaryimage\"},\"image\":{\"@id\":\"https:\/\/www.blogsoestado.com\/danielmatos\/marcial-lima-lembra-com-emocao-2-anos-da-morte-do-jornalista-roberto-fernandes\/#primaryimage\"},\"thumbnailUrl\":\"https:\/\/www.blogsoestado.com\/danielmatos\/files\/2022\/04\/Screenshot_20220421-1649512.png\",\"datePublished\":\"2022-04-21T20:05:55+00:00\",\"author\":{\"@id\":\"\"},\"breadcrumb\":{\"@id\":\"https:\/\/www.blogsoestado.com\/danielmatos\/marcial-lima-lembra-com-emocao-2-anos-da-morte-do-jornalista-roberto-fernandes\/#breadcrumb\"},\"inLanguage\":\"pt-BR\",\"potentialAction\":[{\"@type\":\"ReadAction\",\"target\":[\"https:\/\/www.blogsoestado.com\/danielmatos\/marcial-lima-lembra-com-emocao-2-anos-da-morte-do-jornalista-roberto-fernandes\/\"]}]},{\"@type\":\"ImageObject\",\"inLanguage\":\"pt-BR\",\"@id\":\"https:\/\/www.blogsoestado.com\/danielmatos\/marcial-lima-lembra-com-emocao-2-anos-da-morte-do-jornalista-roberto-fernandes\/#primaryimage\",\"url\":\"https:\/\/www.blogsoestado.com\/danielmatos\/files\/2022\/04\/Screenshot_20220421-1649512.png\",\"contentUrl\":\"https:\/\/www.blogsoestado.com\/danielmatos\/files\/2022\/04\/Screenshot_20220421-1649512.png\"},{\"@type\":\"BreadcrumbList\",\"@id\":\"https:\/\/www.blogsoestado.com\/danielmatos\/marcial-lima-lembra-com-emocao-2-anos-da-morte-do-jornalista-roberto-fernandes\/#breadcrumb\",\"itemListElement\":[{\"@type\":\"ListItem\",\"position\":1,\"name\":\"In\u00edcio\",\"item\":\"https:\/\/www.blogsoestado.com\/danielmatos\/\"},{\"@type\":\"ListItem\",\"position\":2,\"name\":\"Marcial Lima lembra com emo\u00e7\u00e3o 2 anos da morte do jornalista Roberto Fernandes\"}]},{\"@type\":\"WebSite\",\"@id\":\"https:\/\/www.blogsoestado.com\/danielmatos\/#website\",\"url\":\"https:\/\/www.blogsoestado.com\/danielmatos\/\",\"name\":\"Daniel Matos\",\"description\":\"\",\"potentialAction\":[{\"@type\":\"SearchAction\",\"target\":{\"@type\":\"EntryPoint\",\"urlTemplate\":\"https:\/\/www.blogsoestado.com\/danielmatos\/?s={search_term_string}\"},\"query-input\":{\"@type\":\"PropertyValueSpecification\",\"valueRequired\":true,\"valueName\":\"search_term_string\"}}],\"inLanguage\":\"pt-BR\"}]}<\/script>\n<!-- \/ Yoast SEO plugin. -->","yoast_head_json":{"title":"Marcial Lima lembra com emo\u00e7\u00e3o 2 anos da morte do jornalista Roberto Fernandes - Daniel Matos","robots":{"index":"index","follow":"follow","max-snippet":"max-snippet:-1","max-image-preview":"max-image-preview:large","max-video-preview":"max-video-preview:-1"},"canonical":"https:\/\/www.blogsoestado.com\/danielmatos\/marcial-lima-lembra-com-emocao-2-anos-da-morte-do-jornalista-roberto-fernandes\/","og_locale":"pt_BR","og_type":"article","og_title":"Marcial Lima lembra com emo\u00e7\u00e3o 2 anos da morte do jornalista Roberto Fernandes - Daniel Matos","og_description":"O apresentador do programa *Acorda Maranh\u00e3o&#8221;, da R\u00e1dio Mirante AM, e vereador de S\u00e3o Lu\u00eds, Marcial Lima, lembrou com emo\u00e7\u00e3o [&hellip;]","og_url":"https:\/\/www.blogsoestado.com\/danielmatos\/marcial-lima-lembra-com-emocao-2-anos-da-morte-do-jornalista-roberto-fernandes\/","og_site_name":"Daniel Matos","article_published_time":"2022-04-21T20:05:55+00:00","og_image":[{"url":"https:\/\/www.blogsoestado.com\/danielmatos\/files\/2022\/04\/Screenshot_20220421-1649512.png","type":"","width":"","height":""}],"twitter_card":"summary_large_image","twitter_misc":{"Est. tempo de leitura":"2 minutos"},"schema":{"@context":"https:\/\/schema.org","@graph":[{"@type":"WebPage","@id":"https:\/\/www.blogsoestado.com\/danielmatos\/marcial-lima-lembra-com-emocao-2-anos-da-morte-do-jornalista-roberto-fernandes\/","url":"https:\/\/www.blogsoestado.com\/danielmatos\/marcial-lima-lembra-com-emocao-2-anos-da-morte-do-jornalista-roberto-fernandes\/","name":"Marcial Lima lembra com emo\u00e7\u00e3o 2 anos da morte do jornalista Roberto Fernandes - Daniel Matos","isPartOf":{"@id":"https:\/\/www.blogsoestado.com\/danielmatos\/#website"},"primaryImageOfPage":{"@id":"https:\/\/www.blogsoestado.com\/danielmatos\/marcial-lima-lembra-com-emocao-2-anos-da-morte-do-jornalista-roberto-fernandes\/#primaryimage"},"image":{"@id":"https:\/\/www.blogsoestado.com\/danielmatos\/marcial-lima-lembra-com-emocao-2-anos-da-morte-do-jornalista-roberto-fernandes\/#primaryimage"},"thumbnailUrl":"https:\/\/www.blogsoestado.com\/danielmatos\/files\/2022\/04\/Screenshot_20220421-1649512.png","datePublished":"2022-04-21T20:05:55+00:00","author":{"@id":""},"breadcrumb":{"@id":"https:\/\/www.blogsoestado.com\/danielmatos\/marcial-lima-lembra-com-emocao-2-anos-da-morte-do-jornalista-roberto-fernandes\/#breadcrumb"},"inLanguage":"pt-BR","potentialAction":[{"@type":"ReadAction","target":["https:\/\/www.blogsoestado.com\/danielmatos\/marcial-lima-lembra-com-emocao-2-anos-da-morte-do-jornalista-roberto-fernandes\/"]}]},{"@type":"ImageObject","inLanguage":"pt-BR","@id":"https:\/\/www.blogsoestado.com\/danielmatos\/marcial-lima-lembra-com-emocao-2-anos-da-morte-do-jornalista-roberto-fernandes\/#primaryimage","url":"https:\/\/www.blogsoestado.com\/danielmatos\/files\/2022\/04\/Screenshot_20220421-1649512.png","contentUrl":"https:\/\/www.blogsoestado.com\/danielmatos\/files\/2022\/04\/Screenshot_20220421-1649512.png"},{"@type":"BreadcrumbList","@id":"https:\/\/www.blogsoestado.com\/danielmatos\/marcial-lima-lembra-com-emocao-2-anos-da-morte-do-jornalista-roberto-fernandes\/#breadcrumb","itemListElement":[{"@type":"ListItem","position":1,"name":"In\u00edcio","item":"https:\/\/www.blogsoestado.com\/danielmatos\/"},{"@type":"ListItem","position":2,"name":"Marcial Lima lembra com emo\u00e7\u00e3o 2 anos da morte do jornalista Roberto Fernandes"}]},{"@type":"WebSite","@id":"https:\/\/www.blogsoestado.com\/danielmatos\/#website","url":"https:\/\/www.blogsoestado.com\/danielmatos\/","name":"Daniel Matos","description":"","potentialAction":[{"@type":"SearchAction","target":{"@type":"EntryPoint","urlTemplate":"https:\/\/www.blogsoestado.com\/danielmatos\/?s={search_term_string}"},"query-input":{"@type":"PropertyValueSpecification","valueRequired":true,"valueName":"search_term_string"}}],"inLanguage":"pt-BR"}]}},"jetpack_featured_media_url":"","_links":{"self":[{"href":"https:\/\/www.blogsoestado.com\/danielmatos\/wp-json\/wp\/v2\/posts\/96423","targetHints":{"allow":["GET"]}}],"collection":[{"href":"https:\/\/www.blogsoestado.com\/danielmatos\/wp-json\/wp\/v2\/posts"}],"about":[{"href":"https:\/\/www.blogsoestado.com\/danielmatos\/wp-json\/wp\/v2\/types\/post"}],"replies":[{"embeddable":true,"href":"https:\/\/www.blogsoestado.com\/danielmatos\/wp-json\/wp\/v2\/comments?post=96423"}],"version-history":[{"count":0,"href":"https:\/\/www.blogsoestado.com\/danielmatos\/wp-json\/wp\/v2\/posts\/96423\/revisions"}],"wp:attachment":[{"href":"https:\/\/www.blogsoestado.com\/danielmatos\/wp-json\/wp\/v2\/media?parent=96423"}],"wp:term":[{"taxonomy":"category","embeddable":true,"href":"https:\/\/www.blogsoestado.com\/danielmatos\/wp-json\/wp\/v2\/categories?post=96423"},{"taxonomy":"post_tag","embeddable":true,"href":"https:\/\/www.blogsoestado.com\/danielmatos\/wp-json\/wp\/v2\/tags?post=96423"}],"curies":[{"name":"wp","href":"https:\/\/api.w.org\/{rel}","templated":true}]}}