{"id":96434,"date":"2022-04-22T07:00:00","date_gmt":"2022-04-22T10:00:00","guid":{"rendered":"https:\/\/www.blogsoestado.com\/danielmatos\/?p=96434"},"modified":"2022-04-22T07:00:00","modified_gmt":"2022-04-22T10:00:00","slug":"acao-de-troca-de-lampadas-nos-postos-de-coletas-do-e-reciclagem-para-familias-cadastradas-na-tarifa-social","status":"publish","type":"post","link":"https:\/\/www.blogsoestado.com\/danielmatos\/acao-de-troca-de-lampadas-nos-postos-de-coletas-do-e-reciclagem-para-familias-cadastradas-na-tarifa-social\/","title":{"rendered":"A\u00e7\u00e3o de troca de l\u00e2mpadas nos postos de coletas do E + Reciclagem para fam\u00edlias cadastradas na Tarifa Social"},"content":{"rendered":"\n<p><em><strong><span class=\"has-inline-color has-vivid-red-color\">Cada titular poder\u00e1 trocar at\u00e9 cinco l\u00e2mpadas antigas em funcionamento por l\u00e2mpadas de LED<\/span><\/strong><\/em><\/p>\n\n\n\n<div class=\"wp-block-image\"><figure class=\"aligncenter size-large\"><a href=\"https:\/\/www.blogsoestado.com\/danielmatos\/files\/2022\/04\/Screenshot_20220421-2339312.png\"><img decoding=\"async\" src=\"https:\/\/www.blogsoestado.com\/danielmatos\/files\/2022\/04\/Screenshot_20220421-2339312.png\" alt=\"\" class=\"wp-image-96435\"\/><\/a><figcaption>Posto do E+ Reciclagem funcionam de segunda a sexta-feira, das 8h \u00e0s 12h e das 13h \u00e0s 17h, e aos s\u00e1bados, das 8h \u00e0s 12h<\/figcaption><\/figure><\/div>\n\n\n\n<p>Os postos de coleta do Programa E+ Reciclagem em S\u00e3o Lu\u00eds, iniciaram esta semana uma a\u00e7\u00e3o gratuita de troca de l\u00e2mpadas incandescentes e fluorescentes por l\u00e2mpadas de LED para clientes cadastrados na Tarifa Social. A a\u00e7\u00e3o \u00e9 parte do Programa de Efici\u00eancia Energ\u00e9tica da Equatorial Energia, que tem como objetivo promover a sustentabilidade e incentivar o consumo consciente.<\/p>\n\n\n\n<p>A substitui\u00e7\u00e3o de l\u00e2mpadas de tecnologia obsoleta por equipamentos mais eficientes promove maior economia de energia el\u00e9trica, podendo diminuir o valor da conta de energia, al\u00e9m de favorecer o consumo sustent\u00e1vel e reduzir o desperd\u00edcio. As trocas s\u00e3o v\u00e1lidas em S\u00e3o Lu\u00eds ao longo dos meses de abril e maio. Cada cliente pode trocar at\u00e9 cinco l\u00e2mpadas.<\/p>\n\n\n\n<div class=\"wp-block-image\"><figure class=\"aligncenter size-large\"><a href=\"https:\/\/www.blogsoestado.com\/danielmatos\/files\/2022\/04\/Screenshot_20220421-2339592.png\"><img decoding=\"async\" src=\"https:\/\/www.blogsoestado.com\/danielmatos\/files\/2022\/04\/Screenshot_20220421-2339592.png\" alt=\"\" class=\"wp-image-96436\"\/><\/a><figcaption>Consumidora leva l\u00e2mpadas para trocar em posto do Programa E+ Reciclagem<\/figcaption><\/figure><\/div>\n\n\n\n<p><strong>Para participar da a\u00e7\u00e3o, basta seguir os seguintes crit\u00e9rios:<\/strong><\/p>\n\n\n\n<p>\u2022&nbsp;&nbsp;&nbsp;&nbsp;&nbsp;&nbsp;&nbsp;&nbsp;&nbsp;&nbsp;&nbsp;&nbsp;&nbsp;&nbsp;&nbsp;Estar cadastrado na Tarifa Social Baixa Renda;<\/p>\n\n\n\n<p>\u2022&nbsp;&nbsp;&nbsp;&nbsp;&nbsp;&nbsp;&nbsp;&nbsp;&nbsp;&nbsp;&nbsp;&nbsp;&nbsp;&nbsp;&nbsp;Levar documentos (RG e CPF) e a \u00faltima conta de energia;<\/p>\n\n\n\n<p>\u2022&nbsp;&nbsp;&nbsp;&nbsp;&nbsp;&nbsp;&nbsp;&nbsp;&nbsp;&nbsp;&nbsp;&nbsp;&nbsp;&nbsp;&nbsp;Levar at\u00e9 05 l\u00e2mpadas incandescentes e\/ou fluorescentes<strong>&nbsp;funcionando<\/strong>&nbsp;para realizar a troca pelas l\u00e2mpadas LED, que trar\u00e3o mais economia na conta de energia.<\/p>\n\n\n\n<p><strong>Onde acontecem as trocas:<\/strong><\/p>\n\n\n\n<p>\u2022&nbsp;&nbsp;&nbsp;&nbsp;&nbsp;&nbsp;&nbsp;&nbsp;&nbsp;&nbsp;&nbsp;&nbsp;&nbsp;&nbsp;&nbsp;Posto E+ Reciclagem do Mateus Cohab: Av. Jer\u00f4nimo de Albuquerque, N\u00ba 37 &#8211; Cohab<\/p>\n\n\n\n<p>\u2022&nbsp;&nbsp;&nbsp;&nbsp;&nbsp;&nbsp;&nbsp;&nbsp;&nbsp;&nbsp;&nbsp;&nbsp;&nbsp;&nbsp;&nbsp;Posto E+ Reciclagem Lagoa da Jansen: Rua dos Gavi\u00f5es, s\/n\u00ba &#8211; Ponta D&#8217;Areia (pr\u00f3ximo a churrascaria Passo Fundo)<\/p>\n\n\n\n<p>\u2022&nbsp;&nbsp;&nbsp;&nbsp;&nbsp;&nbsp;&nbsp;&nbsp;&nbsp;&nbsp;&nbsp;&nbsp;&nbsp;&nbsp;&nbsp;Posto E+ Reciclagem Sede da Equatorial Maranh\u00e3o:&nbsp; Alameda A, quadra SQS, N\u00ba 100, Loteamento Quitandinha &#8211; Altos do Calhau (na rua do Col\u00e9gio Upaon A\u00e7u)<\/p>\n\n\n\n<p>\u2022&nbsp;&nbsp;&nbsp;&nbsp;&nbsp;&nbsp;&nbsp;&nbsp;&nbsp;&nbsp;&nbsp;&nbsp;&nbsp;&nbsp;&nbsp;Vila Embratel: Rua 8, pr\u00f3ximo a delegacia<\/p>\n\n\n\n<p>\u2022&nbsp;&nbsp;&nbsp;&nbsp;&nbsp;&nbsp;&nbsp;&nbsp;&nbsp;&nbsp;&nbsp;&nbsp;&nbsp;&nbsp;&nbsp;Campus UEMA &#8211; Cidade Oper\u00e1ria<\/p>\n\n\n\n<div class=\"wp-block-image\"><figure class=\"aligncenter size-large\"><a href=\"https:\/\/www.blogsoestado.com\/danielmatos\/files\/2022\/04\/Screenshot_20220421-2340462.png\"><img decoding=\"async\" src=\"https:\/\/www.blogsoestado.com\/danielmatos\/files\/2022\/04\/Screenshot_20220421-2340462.png\" alt=\"\" class=\"wp-image-96437\"\/><\/a><figcaption>Troca de l\u00e2mpadas pode proporcionar benef\u00edcios significativos, como economia dom\u00e9stica e preserva\u00e7\u00e3o do meio ambiente<\/figcaption><\/figure><\/div>\n\n\n\n<p>Para a supervisora do E+ Reciclagem na Equatorial Maranh\u00e3o, Tha\u00edse Herm\u00f3genes, essa simples atitude pode causar grandes benef\u00edcios. &#8220;A utiliza\u00e7\u00e3o de l\u00e2mpadas de LED \u00e9 uma forma de poupar dinheiro e preservar o meio ambiente. Esse modelo mais tecnol\u00f3gico tem um consumo el\u00e9trico muito menor, al\u00e9m de ter uma vida \u00fatil mais longa e diminuir o descarte de merc\u00fario, metal pesado prejudicial a natureza presente nas l\u00e2mpadas fluorescentes. Desse modo, para os clientes inscritos na Tarifa Social, al\u00e9m dos descontos na conta de energia, o uso de l\u00e2mpadas de LED pode gerar uma economia ainda maior e fazer a diferen\u00e7a no or\u00e7amento de v\u00e1rias fam\u00edlias&#8221;, afirma Tha\u00edse.<\/p>\n\n\n\n<p>Al\u00e9m da substitui\u00e7\u00e3o de l\u00e2mpadas, os postos do E+ Reciclagem funcionam de segunda a sexta das 8h \u00e0s 12h e das 13h \u00e0s 17h; e aos s\u00e1bados das 8h \u00e0s 12h, recebendo res\u00edduos como papel, pl\u00e1stico, metal, \u00f3leo de cozinha, eletr\u00f4nicos, entre outros. O projeto j\u00e1 atua h\u00e1 mais de 10 anos no Maranh\u00e3o em prol da diminui\u00e7\u00e3o dos impactos causados pelos res\u00edduos s\u00f3lidos expostos ao meio ambiente, promovendo a\u00e7\u00f5es voltadas para difundir a cultura da coleta seletiva, conscientiza\u00e7\u00e3o e preserva\u00e7\u00e3o ambiental.<\/p>\n","protected":false},"excerpt":{"rendered":"<p>Cada titular poder\u00e1 trocar at\u00e9 cinco l\u00e2mpadas antigas em funcionamento por l\u00e2mpadas de LED Os postos de coleta do Programa [&hellip;]<\/p>\n","protected":false},"author":0,"featured_media":0,"comment_status":"open","ping_status":"open","sticky":false,"template":"","format":"standard","meta":{"site-sidebar-layout":"default","site-content-layout":"","ast-site-content-layout":"default","site-content-style":"default","site-sidebar-style":"default","ast-global-header-display":"","ast-banner-title-visibility":"","ast-main-header-display":"","ast-hfb-above-header-display":"","ast-hfb-below-header-display":"","ast-hfb-mobile-header-display":"","site-post-title":"","ast-breadcrumbs-content":"","ast-featured-img":"","footer-sml-layout":"","ast-disable-related-posts":"","theme-transparent-header-meta":"","adv-header-id-meta":"","stick-header-meta":"","header-above-stick-meta":"","header-main-stick-meta":"","header-below-stick-meta":"","astra-migrate-meta-layouts":"default","ast-page-background-enabled":"default","ast-page-background-meta":{"desktop":{"background-color":"var(--ast-global-color-5)","background-image":"","background-repeat":"repeat","background-position":"center center","background-size":"auto","background-attachment":"scroll","background-type":"","background-media":"","overlay-type":"","overlay-color":"","overlay-opacity":"","overlay-gradient":""},"tablet":{"background-color":"","background-image":"","background-repeat":"repeat","background-position":"center center","background-size":"auto","background-attachment":"scroll","background-type":"","background-media":"","overlay-type":"","overlay-color":"","overlay-opacity":"","overlay-gradient":""},"mobile":{"background-color":"","background-image":"","background-repeat":"repeat","background-position":"center center","background-size":"auto","background-attachment":"scroll","background-type":"","background-media":"","overlay-type":"","overlay-color":"","overlay-opacity":"","overlay-gradient":""}},"ast-content-background-meta":{"desktop":{"background-color":"var(--ast-global-color-4)","background-image":"","background-repeat":"repeat","background-position":"center center","background-size":"auto","background-attachment":"scroll","background-type":"","background-media":"","overlay-type":"","overlay-color":"","overlay-opacity":"","overlay-gradient":""},"tablet":{"background-color":"var(--ast-global-color-4)","background-image":"","background-repeat":"repeat","background-position":"center center","background-size":"auto","background-attachment":"scroll","background-type":"","background-media":"","overlay-type":"","overlay-color":"","overlay-opacity":"","overlay-gradient":""},"mobile":{"background-color":"var(--ast-global-color-4)","background-image":"","background-repeat":"repeat","background-position":"center center","background-size":"auto","background-attachment":"scroll","background-type":"","background-media":"","overlay-type":"","overlay-color":"","overlay-opacity":"","overlay-gradient":""}},"footnotes":""},"categories":[1],"tags":[],"class_list":["post-96434","post","type-post","status-publish","format-standard","hentry","category-sem-categoria"],"yoast_head":"<!-- This site is optimized with the Yoast SEO plugin v26.6 - https:\/\/yoast.com\/wordpress\/plugins\/seo\/ -->\n<title>A\u00e7\u00e3o de troca de l\u00e2mpadas nos postos de coletas do E + Reciclagem para fam\u00edlias cadastradas na Tarifa Social - Daniel Matos<\/title>\n<meta name=\"robots\" content=\"index, follow, max-snippet:-1, max-image-preview:large, max-video-preview:-1\" \/>\n<link rel=\"canonical\" href=\"https:\/\/www.blogsoestado.com\/danielmatos\/acao-de-troca-de-lampadas-nos-postos-de-coletas-do-e-reciclagem-para-familias-cadastradas-na-tarifa-social\/\" \/>\n<meta property=\"og:locale\" content=\"pt_BR\" \/>\n<meta property=\"og:type\" content=\"article\" \/>\n<meta property=\"og:title\" content=\"A\u00e7\u00e3o de troca de l\u00e2mpadas nos postos de coletas do E + Reciclagem para fam\u00edlias cadastradas na Tarifa Social - Daniel Matos\" \/>\n<meta property=\"og:description\" content=\"Cada titular poder\u00e1 trocar at\u00e9 cinco l\u00e2mpadas antigas em funcionamento por l\u00e2mpadas de LED Os postos de coleta do Programa [&hellip;]\" \/>\n<meta property=\"og:url\" content=\"https:\/\/www.blogsoestado.com\/danielmatos\/acao-de-troca-de-lampadas-nos-postos-de-coletas-do-e-reciclagem-para-familias-cadastradas-na-tarifa-social\/\" \/>\n<meta property=\"og:site_name\" content=\"Daniel Matos\" \/>\n<meta property=\"article:published_time\" content=\"2022-04-22T10:00:00+00:00\" \/>\n<meta property=\"og:image\" content=\"https:\/\/www.blogsoestado.com\/danielmatos\/files\/2022\/04\/Screenshot_20220421-2339312.png\" \/>\n<meta name=\"twitter:card\" content=\"summary_large_image\" \/>\n<meta name=\"twitter:label1\" content=\"Est. tempo de leitura\" \/>\n\t<meta name=\"twitter:data1\" content=\"3 minutos\" \/>\n<script type=\"application\/ld+json\" class=\"yoast-schema-graph\">{\"@context\":\"https:\/\/schema.org\",\"@graph\":[{\"@type\":\"WebPage\",\"@id\":\"https:\/\/www.blogsoestado.com\/danielmatos\/acao-de-troca-de-lampadas-nos-postos-de-coletas-do-e-reciclagem-para-familias-cadastradas-na-tarifa-social\/\",\"url\":\"https:\/\/www.blogsoestado.com\/danielmatos\/acao-de-troca-de-lampadas-nos-postos-de-coletas-do-e-reciclagem-para-familias-cadastradas-na-tarifa-social\/\",\"name\":\"A\u00e7\u00e3o de troca de l\u00e2mpadas nos postos de coletas do E + Reciclagem para fam\u00edlias cadastradas na Tarifa Social - Daniel Matos\",\"isPartOf\":{\"@id\":\"https:\/\/www.blogsoestado.com\/danielmatos\/#website\"},\"primaryImageOfPage\":{\"@id\":\"https:\/\/www.blogsoestado.com\/danielmatos\/acao-de-troca-de-lampadas-nos-postos-de-coletas-do-e-reciclagem-para-familias-cadastradas-na-tarifa-social\/#primaryimage\"},\"image\":{\"@id\":\"https:\/\/www.blogsoestado.com\/danielmatos\/acao-de-troca-de-lampadas-nos-postos-de-coletas-do-e-reciclagem-para-familias-cadastradas-na-tarifa-social\/#primaryimage\"},\"thumbnailUrl\":\"https:\/\/www.blogsoestado.com\/danielmatos\/files\/2022\/04\/Screenshot_20220421-2339312.png\",\"datePublished\":\"2022-04-22T10:00:00+00:00\",\"author\":{\"@id\":\"\"},\"breadcrumb\":{\"@id\":\"https:\/\/www.blogsoestado.com\/danielmatos\/acao-de-troca-de-lampadas-nos-postos-de-coletas-do-e-reciclagem-para-familias-cadastradas-na-tarifa-social\/#breadcrumb\"},\"inLanguage\":\"pt-BR\",\"potentialAction\":[{\"@type\":\"ReadAction\",\"target\":[\"https:\/\/www.blogsoestado.com\/danielmatos\/acao-de-troca-de-lampadas-nos-postos-de-coletas-do-e-reciclagem-para-familias-cadastradas-na-tarifa-social\/\"]}]},{\"@type\":\"ImageObject\",\"inLanguage\":\"pt-BR\",\"@id\":\"https:\/\/www.blogsoestado.com\/danielmatos\/acao-de-troca-de-lampadas-nos-postos-de-coletas-do-e-reciclagem-para-familias-cadastradas-na-tarifa-social\/#primaryimage\",\"url\":\"https:\/\/www.blogsoestado.com\/danielmatos\/files\/2022\/04\/Screenshot_20220421-2339312.png\",\"contentUrl\":\"https:\/\/www.blogsoestado.com\/danielmatos\/files\/2022\/04\/Screenshot_20220421-2339312.png\"},{\"@type\":\"BreadcrumbList\",\"@id\":\"https:\/\/www.blogsoestado.com\/danielmatos\/acao-de-troca-de-lampadas-nos-postos-de-coletas-do-e-reciclagem-para-familias-cadastradas-na-tarifa-social\/#breadcrumb\",\"itemListElement\":[{\"@type\":\"ListItem\",\"position\":1,\"name\":\"In\u00edcio\",\"item\":\"https:\/\/www.blogsoestado.com\/danielmatos\/\"},{\"@type\":\"ListItem\",\"position\":2,\"name\":\"A\u00e7\u00e3o de troca de l\u00e2mpadas nos postos de coletas do E + Reciclagem para fam\u00edlias cadastradas na Tarifa Social\"}]},{\"@type\":\"WebSite\",\"@id\":\"https:\/\/www.blogsoestado.com\/danielmatos\/#website\",\"url\":\"https:\/\/www.blogsoestado.com\/danielmatos\/\",\"name\":\"Daniel Matos\",\"description\":\"\",\"potentialAction\":[{\"@type\":\"SearchAction\",\"target\":{\"@type\":\"EntryPoint\",\"urlTemplate\":\"https:\/\/www.blogsoestado.com\/danielmatos\/?s={search_term_string}\"},\"query-input\":{\"@type\":\"PropertyValueSpecification\",\"valueRequired\":true,\"valueName\":\"search_term_string\"}}],\"inLanguage\":\"pt-BR\"}]}<\/script>\n<!-- \/ Yoast SEO plugin. -->","yoast_head_json":{"title":"A\u00e7\u00e3o de troca de l\u00e2mpadas nos postos de coletas do E + Reciclagem para fam\u00edlias cadastradas na Tarifa Social - Daniel Matos","robots":{"index":"index","follow":"follow","max-snippet":"max-snippet:-1","max-image-preview":"max-image-preview:large","max-video-preview":"max-video-preview:-1"},"canonical":"https:\/\/www.blogsoestado.com\/danielmatos\/acao-de-troca-de-lampadas-nos-postos-de-coletas-do-e-reciclagem-para-familias-cadastradas-na-tarifa-social\/","og_locale":"pt_BR","og_type":"article","og_title":"A\u00e7\u00e3o de troca de l\u00e2mpadas nos postos de coletas do E + Reciclagem para fam\u00edlias cadastradas na Tarifa Social - Daniel Matos","og_description":"Cada titular poder\u00e1 trocar at\u00e9 cinco l\u00e2mpadas antigas em funcionamento por l\u00e2mpadas de LED Os postos de coleta do Programa [&hellip;]","og_url":"https:\/\/www.blogsoestado.com\/danielmatos\/acao-de-troca-de-lampadas-nos-postos-de-coletas-do-e-reciclagem-para-familias-cadastradas-na-tarifa-social\/","og_site_name":"Daniel Matos","article_published_time":"2022-04-22T10:00:00+00:00","og_image":[{"url":"https:\/\/www.blogsoestado.com\/danielmatos\/files\/2022\/04\/Screenshot_20220421-2339312.png","type":"","width":"","height":""}],"twitter_card":"summary_large_image","twitter_misc":{"Est. tempo de leitura":"3 minutos"},"schema":{"@context":"https:\/\/schema.org","@graph":[{"@type":"WebPage","@id":"https:\/\/www.blogsoestado.com\/danielmatos\/acao-de-troca-de-lampadas-nos-postos-de-coletas-do-e-reciclagem-para-familias-cadastradas-na-tarifa-social\/","url":"https:\/\/www.blogsoestado.com\/danielmatos\/acao-de-troca-de-lampadas-nos-postos-de-coletas-do-e-reciclagem-para-familias-cadastradas-na-tarifa-social\/","name":"A\u00e7\u00e3o de troca de l\u00e2mpadas nos postos de coletas do E + Reciclagem para fam\u00edlias cadastradas na Tarifa Social - Daniel Matos","isPartOf":{"@id":"https:\/\/www.blogsoestado.com\/danielmatos\/#website"},"primaryImageOfPage":{"@id":"https:\/\/www.blogsoestado.com\/danielmatos\/acao-de-troca-de-lampadas-nos-postos-de-coletas-do-e-reciclagem-para-familias-cadastradas-na-tarifa-social\/#primaryimage"},"image":{"@id":"https:\/\/www.blogsoestado.com\/danielmatos\/acao-de-troca-de-lampadas-nos-postos-de-coletas-do-e-reciclagem-para-familias-cadastradas-na-tarifa-social\/#primaryimage"},"thumbnailUrl":"https:\/\/www.blogsoestado.com\/danielmatos\/files\/2022\/04\/Screenshot_20220421-2339312.png","datePublished":"2022-04-22T10:00:00+00:00","author":{"@id":""},"breadcrumb":{"@id":"https:\/\/www.blogsoestado.com\/danielmatos\/acao-de-troca-de-lampadas-nos-postos-de-coletas-do-e-reciclagem-para-familias-cadastradas-na-tarifa-social\/#breadcrumb"},"inLanguage":"pt-BR","potentialAction":[{"@type":"ReadAction","target":["https:\/\/www.blogsoestado.com\/danielmatos\/acao-de-troca-de-lampadas-nos-postos-de-coletas-do-e-reciclagem-para-familias-cadastradas-na-tarifa-social\/"]}]},{"@type":"ImageObject","inLanguage":"pt-BR","@id":"https:\/\/www.blogsoestado.com\/danielmatos\/acao-de-troca-de-lampadas-nos-postos-de-coletas-do-e-reciclagem-para-familias-cadastradas-na-tarifa-social\/#primaryimage","url":"https:\/\/www.blogsoestado.com\/danielmatos\/files\/2022\/04\/Screenshot_20220421-2339312.png","contentUrl":"https:\/\/www.blogsoestado.com\/danielmatos\/files\/2022\/04\/Screenshot_20220421-2339312.png"},{"@type":"BreadcrumbList","@id":"https:\/\/www.blogsoestado.com\/danielmatos\/acao-de-troca-de-lampadas-nos-postos-de-coletas-do-e-reciclagem-para-familias-cadastradas-na-tarifa-social\/#breadcrumb","itemListElement":[{"@type":"ListItem","position":1,"name":"In\u00edcio","item":"https:\/\/www.blogsoestado.com\/danielmatos\/"},{"@type":"ListItem","position":2,"name":"A\u00e7\u00e3o de troca de l\u00e2mpadas nos postos de coletas do E + Reciclagem para fam\u00edlias cadastradas na Tarifa Social"}]},{"@type":"WebSite","@id":"https:\/\/www.blogsoestado.com\/danielmatos\/#website","url":"https:\/\/www.blogsoestado.com\/danielmatos\/","name":"Daniel Matos","description":"","potentialAction":[{"@type":"SearchAction","target":{"@type":"EntryPoint","urlTemplate":"https:\/\/www.blogsoestado.com\/danielmatos\/?s={search_term_string}"},"query-input":{"@type":"PropertyValueSpecification","valueRequired":true,"valueName":"search_term_string"}}],"inLanguage":"pt-BR"}]}},"jetpack_featured_media_url":"","_links":{"self":[{"href":"https:\/\/www.blogsoestado.com\/danielmatos\/wp-json\/wp\/v2\/posts\/96434","targetHints":{"allow":["GET"]}}],"collection":[{"href":"https:\/\/www.blogsoestado.com\/danielmatos\/wp-json\/wp\/v2\/posts"}],"about":[{"href":"https:\/\/www.blogsoestado.com\/danielmatos\/wp-json\/wp\/v2\/types\/post"}],"replies":[{"embeddable":true,"href":"https:\/\/www.blogsoestado.com\/danielmatos\/wp-json\/wp\/v2\/comments?post=96434"}],"version-history":[{"count":0,"href":"https:\/\/www.blogsoestado.com\/danielmatos\/wp-json\/wp\/v2\/posts\/96434\/revisions"}],"wp:attachment":[{"href":"https:\/\/www.blogsoestado.com\/danielmatos\/wp-json\/wp\/v2\/media?parent=96434"}],"wp:term":[{"taxonomy":"category","embeddable":true,"href":"https:\/\/www.blogsoestado.com\/danielmatos\/wp-json\/wp\/v2\/categories?post=96434"},{"taxonomy":"post_tag","embeddable":true,"href":"https:\/\/www.blogsoestado.com\/danielmatos\/wp-json\/wp\/v2\/tags?post=96434"}],"curies":[{"name":"wp","href":"https:\/\/api.w.org\/{rel}","templated":true}]}}