{"id":96442,"date":"2022-04-22T14:01:08","date_gmt":"2022-04-22T17:01:08","guid":{"rendered":"https:\/\/www.blogsoestado.com\/danielmatos\/?p=96442"},"modified":"2022-04-22T14:01:08","modified_gmt":"2022-04-22T17:01:08","slug":"deputado-wellington-reafirma-apoio-a-policiais-civis-durante-manifestacao-e-cobra-do-governo-do-estado-reescalonamento-imediato-para-a-categoria","status":"publish","type":"post","link":"https:\/\/www.blogsoestado.com\/danielmatos\/deputado-wellington-reafirma-apoio-a-policiais-civis-durante-manifestacao-e-cobra-do-governo-do-estado-reescalonamento-imediato-para-a-categoria\/","title":{"rendered":"Deputado Wellington reafirma apoio a policiais civis durante manifesta\u00e7\u00e3o e cobra do Governo do Estado reescalonamento imediato para a categoria"},"content":{"rendered":"\n<div class=\"wp-block-image\"><figure class=\"aligncenter size-large\"><a href=\"https:\/\/www.blogsoestado.com\/danielmatos\/files\/2022\/04\/Screenshot_20220422-1352262.png\"><img decoding=\"async\" src=\"https:\/\/www.blogsoestado.com\/danielmatos\/files\/2022\/04\/Screenshot_20220422-1352262.png\" alt=\"\" class=\"wp-image-96443\"\/><\/a><figcaption>Deputado Wellington do Curso participou de manifesta\u00e7\u00e3o de rua dos policiais civis<\/figcaption><\/figure><\/div>\n\n\n\n<p>O deputado estadual Wellington do Curso utilizou as redes sociais, nessa quinta-feira (21), para reafirmar o apoio aos policiais civis do Maranh\u00e3o, oportunidade em que fez alus\u00e3o \u00e0 manifesta\u00e7\u00e3o realizada na \u00faltima quarta-feira (20) como forma de protesto para que o Governo do Estado garanta o reescalonamento para a categoria.<\/p>\n\n\n\n<div class=\"wp-block-image\"><figure class=\"aligncenter size-large\"><a href=\"https:\/\/www.blogsoestado.com\/danielmatos\/files\/2022\/04\/Screenshot_20220422-1352072.png\"><img decoding=\"async\" src=\"https:\/\/www.blogsoestado.com\/danielmatos\/files\/2022\/04\/Screenshot_20220422-1352072.png\" alt=\"\" class=\"wp-image-96444\"\/><\/a><figcaption>Policiais conduzem caix\u00e3o em passeata para protestar contra o ex-governador Fl\u00e1vio Dino e o ex-secret\u00e1rio de Seguran\u00e7a P\u00fablica, Jefferson Portela<\/figcaption><\/figure><\/div>\n\n\n\n<p>Ao abordar o tema, o deputado estadual Wellington do Curso disse j\u00e1 ter apresentado uma indica\u00e7\u00e3o na Assembleia Legislativa solicitando que o Governo do Estado encaminhe a proposta de reescalonamento dos policiais civis do Maranh\u00e3o.<\/p>\n\n\n\n<div class=\"wp-block-image\"><figure class=\"aligncenter size-large\"><a href=\"https:\/\/www.blogsoestado.com\/danielmatos\/files\/2022\/04\/Screenshot_20220422-1352472.png\"><img decoding=\"async\" src=\"https:\/\/www.blogsoestado.com\/danielmatos\/files\/2022\/04\/Screenshot_20220422-1352472.png\" alt=\"\" class=\"wp-image-96445\"\/><\/a><figcaption>Policiais civis fizeram cortejo f\u00fanebre para simbolizar o enterro das autoridades p\u00fablicas que desvalorizaram a categoria<\/figcaption><\/figure><\/div>\n\n\n\n<p>\u201cQuem acompanha o mandato sabe que desde o in\u00edcio defendi melhores condi\u00e7\u00f5es de trabalho para os policiais civis do Maranh\u00e3o. Defendi, inclusive, o reescalonamento da categoria. Apresentei indica\u00e7\u00e3o na Assembleia Legislativa para que o Governo do Estado efetue essa medida. Na \u00faltima quarta-feira, estive em manifesta\u00e7\u00e3o pac\u00edfica realizada por esses policiais que foram tra\u00eddos por Fl\u00e1vio Dino. A esses guerreiros e guerreiras, deixo o meu apoio incondicional. Cont\u00e9m sempre com o deputado estadual Wellington do Curso para defender voc\u00eas\u201d, afirmou o deputado.<\/p>\n","protected":false},"excerpt":{"rendered":"<p>O deputado estadual Wellington do Curso utilizou as redes sociais, nessa quinta-feira (21), para reafirmar o apoio aos policiais civis [&hellip;]<\/p>\n","protected":false},"author":0,"featured_media":0,"comment_status":"open","ping_status":"open","sticky":false,"template":"","format":"standard","meta":{"site-sidebar-layout":"default","site-content-layout":"","ast-site-content-layout":"default","site-content-style":"default","site-sidebar-style":"default","ast-global-header-display":"","ast-banner-title-visibility":"","ast-main-header-display":"","ast-hfb-above-header-display":"","ast-hfb-below-header-display":"","ast-hfb-mobile-header-display":"","site-post-title":"","ast-breadcrumbs-content":"","ast-featured-img":"","footer-sml-layout":"","ast-disable-related-posts":"","theme-transparent-header-meta":"","adv-header-id-meta":"","stick-header-meta":"","header-above-stick-meta":"","header-main-stick-meta":"","header-below-stick-meta":"","astra-migrate-meta-layouts":"default","ast-page-background-enabled":"default","ast-page-background-meta":{"desktop":{"background-color":"var(--ast-global-color-5)","background-image":"","background-repeat":"repeat","background-position":"center center","background-size":"auto","background-attachment":"scroll","background-type":"","background-media":"","overlay-type":"","overlay-color":"","overlay-opacity":"","overlay-gradient":""},"tablet":{"background-color":"","background-image":"","background-repeat":"repeat","background-position":"center center","background-size":"auto","background-attachment":"scroll","background-type":"","background-media":"","overlay-type":"","overlay-color":"","overlay-opacity":"","overlay-gradient":""},"mobile":{"background-color":"","background-image":"","background-repeat":"repeat","background-position":"center center","background-size":"auto","background-attachment":"scroll","background-type":"","background-media":"","overlay-type":"","overlay-color":"","overlay-opacity":"","overlay-gradient":""}},"ast-content-background-meta":{"desktop":{"background-color":"var(--ast-global-color-4)","background-image":"","background-repeat":"repeat","background-position":"center center","background-size":"auto","background-attachment":"scroll","background-type":"","background-media":"","overlay-type":"","overlay-color":"","overlay-opacity":"","overlay-gradient":""},"tablet":{"background-color":"var(--ast-global-color-4)","background-image":"","background-repeat":"repeat","background-position":"center center","background-size":"auto","background-attachment":"scroll","background-type":"","background-media":"","overlay-type":"","overlay-color":"","overlay-opacity":"","overlay-gradient":""},"mobile":{"background-color":"var(--ast-global-color-4)","background-image":"","background-repeat":"repeat","background-position":"center center","background-size":"auto","background-attachment":"scroll","background-type":"","background-media":"","overlay-type":"","overlay-color":"","overlay-opacity":"","overlay-gradient":""}},"footnotes":""},"categories":[1],"tags":[],"class_list":["post-96442","post","type-post","status-publish","format-standard","hentry","category-sem-categoria"],"yoast_head":"<!-- This site is optimized with the Yoast SEO plugin v26.6 - https:\/\/yoast.com\/wordpress\/plugins\/seo\/ -->\n<title>Deputado Wellington reafirma apoio a policiais civis durante manifesta\u00e7\u00e3o e cobra do Governo do Estado reescalonamento imediato para a categoria - Daniel Matos<\/title>\n<meta name=\"robots\" content=\"index, follow, max-snippet:-1, max-image-preview:large, max-video-preview:-1\" \/>\n<link rel=\"canonical\" href=\"https:\/\/www.blogsoestado.com\/danielmatos\/deputado-wellington-reafirma-apoio-a-policiais-civis-durante-manifestacao-e-cobra-do-governo-do-estado-reescalonamento-imediato-para-a-categoria\/\" \/>\n<meta property=\"og:locale\" content=\"pt_BR\" \/>\n<meta property=\"og:type\" content=\"article\" \/>\n<meta property=\"og:title\" content=\"Deputado Wellington reafirma apoio a policiais civis durante manifesta\u00e7\u00e3o e cobra do Governo do Estado reescalonamento imediato para a categoria - Daniel Matos\" \/>\n<meta property=\"og:description\" content=\"O deputado estadual Wellington do Curso utilizou as redes sociais, nessa quinta-feira (21), para reafirmar o apoio aos policiais civis [&hellip;]\" \/>\n<meta property=\"og:url\" content=\"https:\/\/www.blogsoestado.com\/danielmatos\/deputado-wellington-reafirma-apoio-a-policiais-civis-durante-manifestacao-e-cobra-do-governo-do-estado-reescalonamento-imediato-para-a-categoria\/\" \/>\n<meta property=\"og:site_name\" content=\"Daniel Matos\" \/>\n<meta property=\"article:published_time\" content=\"2022-04-22T17:01:08+00:00\" \/>\n<meta property=\"og:image\" content=\"https:\/\/www.blogsoestado.com\/danielmatos\/files\/2022\/04\/Screenshot_20220422-1352262.png\" \/>\n<meta name=\"twitter:card\" content=\"summary_large_image\" \/>\n<meta name=\"twitter:label1\" content=\"Est. tempo de leitura\" \/>\n\t<meta name=\"twitter:data1\" content=\"2 minutos\" \/>\n<script type=\"application\/ld+json\" class=\"yoast-schema-graph\">{\"@context\":\"https:\/\/schema.org\",\"@graph\":[{\"@type\":\"WebPage\",\"@id\":\"https:\/\/www.blogsoestado.com\/danielmatos\/deputado-wellington-reafirma-apoio-a-policiais-civis-durante-manifestacao-e-cobra-do-governo-do-estado-reescalonamento-imediato-para-a-categoria\/\",\"url\":\"https:\/\/www.blogsoestado.com\/danielmatos\/deputado-wellington-reafirma-apoio-a-policiais-civis-durante-manifestacao-e-cobra-do-governo-do-estado-reescalonamento-imediato-para-a-categoria\/\",\"name\":\"Deputado Wellington reafirma apoio a policiais civis durante manifesta\u00e7\u00e3o e cobra do Governo do Estado reescalonamento imediato para a categoria - Daniel Matos\",\"isPartOf\":{\"@id\":\"https:\/\/www.blogsoestado.com\/danielmatos\/#website\"},\"primaryImageOfPage\":{\"@id\":\"https:\/\/www.blogsoestado.com\/danielmatos\/deputado-wellington-reafirma-apoio-a-policiais-civis-durante-manifestacao-e-cobra-do-governo-do-estado-reescalonamento-imediato-para-a-categoria\/#primaryimage\"},\"image\":{\"@id\":\"https:\/\/www.blogsoestado.com\/danielmatos\/deputado-wellington-reafirma-apoio-a-policiais-civis-durante-manifestacao-e-cobra-do-governo-do-estado-reescalonamento-imediato-para-a-categoria\/#primaryimage\"},\"thumbnailUrl\":\"https:\/\/www.blogsoestado.com\/danielmatos\/files\/2022\/04\/Screenshot_20220422-1352262.png\",\"datePublished\":\"2022-04-22T17:01:08+00:00\",\"author\":{\"@id\":\"\"},\"breadcrumb\":{\"@id\":\"https:\/\/www.blogsoestado.com\/danielmatos\/deputado-wellington-reafirma-apoio-a-policiais-civis-durante-manifestacao-e-cobra-do-governo-do-estado-reescalonamento-imediato-para-a-categoria\/#breadcrumb\"},\"inLanguage\":\"pt-BR\",\"potentialAction\":[{\"@type\":\"ReadAction\",\"target\":[\"https:\/\/www.blogsoestado.com\/danielmatos\/deputado-wellington-reafirma-apoio-a-policiais-civis-durante-manifestacao-e-cobra-do-governo-do-estado-reescalonamento-imediato-para-a-categoria\/\"]}]},{\"@type\":\"ImageObject\",\"inLanguage\":\"pt-BR\",\"@id\":\"https:\/\/www.blogsoestado.com\/danielmatos\/deputado-wellington-reafirma-apoio-a-policiais-civis-durante-manifestacao-e-cobra-do-governo-do-estado-reescalonamento-imediato-para-a-categoria\/#primaryimage\",\"url\":\"https:\/\/www.blogsoestado.com\/danielmatos\/files\/2022\/04\/Screenshot_20220422-1352262.png\",\"contentUrl\":\"https:\/\/www.blogsoestado.com\/danielmatos\/files\/2022\/04\/Screenshot_20220422-1352262.png\"},{\"@type\":\"BreadcrumbList\",\"@id\":\"https:\/\/www.blogsoestado.com\/danielmatos\/deputado-wellington-reafirma-apoio-a-policiais-civis-durante-manifestacao-e-cobra-do-governo-do-estado-reescalonamento-imediato-para-a-categoria\/#breadcrumb\",\"itemListElement\":[{\"@type\":\"ListItem\",\"position\":1,\"name\":\"In\u00edcio\",\"item\":\"https:\/\/www.blogsoestado.com\/danielmatos\/\"},{\"@type\":\"ListItem\",\"position\":2,\"name\":\"Deputado Wellington reafirma apoio a policiais civis durante manifesta\u00e7\u00e3o e cobra do Governo do Estado reescalonamento imediato para a categoria\"}]},{\"@type\":\"WebSite\",\"@id\":\"https:\/\/www.blogsoestado.com\/danielmatos\/#website\",\"url\":\"https:\/\/www.blogsoestado.com\/danielmatos\/\",\"name\":\"Daniel Matos\",\"description\":\"\",\"potentialAction\":[{\"@type\":\"SearchAction\",\"target\":{\"@type\":\"EntryPoint\",\"urlTemplate\":\"https:\/\/www.blogsoestado.com\/danielmatos\/?s={search_term_string}\"},\"query-input\":{\"@type\":\"PropertyValueSpecification\",\"valueRequired\":true,\"valueName\":\"search_term_string\"}}],\"inLanguage\":\"pt-BR\"}]}<\/script>\n<!-- \/ Yoast SEO plugin. -->","yoast_head_json":{"title":"Deputado Wellington reafirma apoio a policiais civis durante manifesta\u00e7\u00e3o e cobra do Governo do Estado reescalonamento imediato para a categoria - Daniel Matos","robots":{"index":"index","follow":"follow","max-snippet":"max-snippet:-1","max-image-preview":"max-image-preview:large","max-video-preview":"max-video-preview:-1"},"canonical":"https:\/\/www.blogsoestado.com\/danielmatos\/deputado-wellington-reafirma-apoio-a-policiais-civis-durante-manifestacao-e-cobra-do-governo-do-estado-reescalonamento-imediato-para-a-categoria\/","og_locale":"pt_BR","og_type":"article","og_title":"Deputado Wellington reafirma apoio a policiais civis durante manifesta\u00e7\u00e3o e cobra do Governo do Estado reescalonamento imediato para a categoria - Daniel Matos","og_description":"O deputado estadual Wellington do Curso utilizou as redes sociais, nessa quinta-feira (21), para reafirmar o apoio aos policiais civis [&hellip;]","og_url":"https:\/\/www.blogsoestado.com\/danielmatos\/deputado-wellington-reafirma-apoio-a-policiais-civis-durante-manifestacao-e-cobra-do-governo-do-estado-reescalonamento-imediato-para-a-categoria\/","og_site_name":"Daniel Matos","article_published_time":"2022-04-22T17:01:08+00:00","og_image":[{"url":"https:\/\/www.blogsoestado.com\/danielmatos\/files\/2022\/04\/Screenshot_20220422-1352262.png","type":"","width":"","height":""}],"twitter_card":"summary_large_image","twitter_misc":{"Est. tempo de leitura":"2 minutos"},"schema":{"@context":"https:\/\/schema.org","@graph":[{"@type":"WebPage","@id":"https:\/\/www.blogsoestado.com\/danielmatos\/deputado-wellington-reafirma-apoio-a-policiais-civis-durante-manifestacao-e-cobra-do-governo-do-estado-reescalonamento-imediato-para-a-categoria\/","url":"https:\/\/www.blogsoestado.com\/danielmatos\/deputado-wellington-reafirma-apoio-a-policiais-civis-durante-manifestacao-e-cobra-do-governo-do-estado-reescalonamento-imediato-para-a-categoria\/","name":"Deputado Wellington reafirma apoio a policiais civis durante manifesta\u00e7\u00e3o e cobra do Governo do Estado reescalonamento imediato para a categoria - Daniel Matos","isPartOf":{"@id":"https:\/\/www.blogsoestado.com\/danielmatos\/#website"},"primaryImageOfPage":{"@id":"https:\/\/www.blogsoestado.com\/danielmatos\/deputado-wellington-reafirma-apoio-a-policiais-civis-durante-manifestacao-e-cobra-do-governo-do-estado-reescalonamento-imediato-para-a-categoria\/#primaryimage"},"image":{"@id":"https:\/\/www.blogsoestado.com\/danielmatos\/deputado-wellington-reafirma-apoio-a-policiais-civis-durante-manifestacao-e-cobra-do-governo-do-estado-reescalonamento-imediato-para-a-categoria\/#primaryimage"},"thumbnailUrl":"https:\/\/www.blogsoestado.com\/danielmatos\/files\/2022\/04\/Screenshot_20220422-1352262.png","datePublished":"2022-04-22T17:01:08+00:00","author":{"@id":""},"breadcrumb":{"@id":"https:\/\/www.blogsoestado.com\/danielmatos\/deputado-wellington-reafirma-apoio-a-policiais-civis-durante-manifestacao-e-cobra-do-governo-do-estado-reescalonamento-imediato-para-a-categoria\/#breadcrumb"},"inLanguage":"pt-BR","potentialAction":[{"@type":"ReadAction","target":["https:\/\/www.blogsoestado.com\/danielmatos\/deputado-wellington-reafirma-apoio-a-policiais-civis-durante-manifestacao-e-cobra-do-governo-do-estado-reescalonamento-imediato-para-a-categoria\/"]}]},{"@type":"ImageObject","inLanguage":"pt-BR","@id":"https:\/\/www.blogsoestado.com\/danielmatos\/deputado-wellington-reafirma-apoio-a-policiais-civis-durante-manifestacao-e-cobra-do-governo-do-estado-reescalonamento-imediato-para-a-categoria\/#primaryimage","url":"https:\/\/www.blogsoestado.com\/danielmatos\/files\/2022\/04\/Screenshot_20220422-1352262.png","contentUrl":"https:\/\/www.blogsoestado.com\/danielmatos\/files\/2022\/04\/Screenshot_20220422-1352262.png"},{"@type":"BreadcrumbList","@id":"https:\/\/www.blogsoestado.com\/danielmatos\/deputado-wellington-reafirma-apoio-a-policiais-civis-durante-manifestacao-e-cobra-do-governo-do-estado-reescalonamento-imediato-para-a-categoria\/#breadcrumb","itemListElement":[{"@type":"ListItem","position":1,"name":"In\u00edcio","item":"https:\/\/www.blogsoestado.com\/danielmatos\/"},{"@type":"ListItem","position":2,"name":"Deputado Wellington reafirma apoio a policiais civis durante manifesta\u00e7\u00e3o e cobra do Governo do Estado reescalonamento imediato para a categoria"}]},{"@type":"WebSite","@id":"https:\/\/www.blogsoestado.com\/danielmatos\/#website","url":"https:\/\/www.blogsoestado.com\/danielmatos\/","name":"Daniel Matos","description":"","potentialAction":[{"@type":"SearchAction","target":{"@type":"EntryPoint","urlTemplate":"https:\/\/www.blogsoestado.com\/danielmatos\/?s={search_term_string}"},"query-input":{"@type":"PropertyValueSpecification","valueRequired":true,"valueName":"search_term_string"}}],"inLanguage":"pt-BR"}]}},"jetpack_featured_media_url":"","_links":{"self":[{"href":"https:\/\/www.blogsoestado.com\/danielmatos\/wp-json\/wp\/v2\/posts\/96442","targetHints":{"allow":["GET"]}}],"collection":[{"href":"https:\/\/www.blogsoestado.com\/danielmatos\/wp-json\/wp\/v2\/posts"}],"about":[{"href":"https:\/\/www.blogsoestado.com\/danielmatos\/wp-json\/wp\/v2\/types\/post"}],"replies":[{"embeddable":true,"href":"https:\/\/www.blogsoestado.com\/danielmatos\/wp-json\/wp\/v2\/comments?post=96442"}],"version-history":[{"count":0,"href":"https:\/\/www.blogsoestado.com\/danielmatos\/wp-json\/wp\/v2\/posts\/96442\/revisions"}],"wp:attachment":[{"href":"https:\/\/www.blogsoestado.com\/danielmatos\/wp-json\/wp\/v2\/media?parent=96442"}],"wp:term":[{"taxonomy":"category","embeddable":true,"href":"https:\/\/www.blogsoestado.com\/danielmatos\/wp-json\/wp\/v2\/categories?post=96442"},{"taxonomy":"post_tag","embeddable":true,"href":"https:\/\/www.blogsoestado.com\/danielmatos\/wp-json\/wp\/v2\/tags?post=96442"}],"curies":[{"name":"wp","href":"https:\/\/api.w.org\/{rel}","templated":true}]}}