{"id":96483,"date":"2022-04-24T16:42:30","date_gmt":"2022-04-24T19:42:30","guid":{"rendered":"https:\/\/www.blogsoestado.com\/danielmatos\/?p=96483"},"modified":"2022-04-24T16:42:30","modified_gmt":"2022-04-24T19:42:30","slug":"denunciado-pela-propria-silhueta","status":"publish","type":"post","link":"https:\/\/www.blogsoestado.com\/danielmatos\/denunciado-pela-propria-silhueta\/","title":{"rendered":"Denunciado pela pr\u00f3pria silhueta"},"content":{"rendered":"\n<div class=\"wp-block-image\"><figure class=\"alignright size-large\"><a href=\"https:\/\/www.blogsoestado.com\/danielmatos\/files\/2022\/04\/Screenshot_20220423-0821413.png\"><img decoding=\"async\" src=\"https:\/\/www.blogsoestado.com\/danielmatos\/files\/2022\/04\/Screenshot_20220423-0821413-349x1024.png\" alt=\"\" class=\"wp-image-96486\"\/><\/a><figcaption>Fl\u00e1vio Dino exibe silhueta ainda mais rechonchuda ao deixar o governo ap\u00f3s sete anos e tr\u00eas meses<\/figcaption><\/figure><\/div>\n\n\n\n<p>Depois de sete anos e tr\u00eas meses de benesses do poder, o ex-governador Fl\u00e1vio Dino (PSB) ostenta uma silhueta de quem n\u00e3o conseguiu se conter com tanta fartura palaciana. Flagrado por uma lente indiscreta usando apenas um cal\u00e7\u00e3o de banho, \u00e0 beira da piscina, em um clube recreativo, o ex-comunista e agora socialista e pr\u00e9-candidato a senador est\u00e1 mais rechonchudo do que nunca.<\/p>\n\n\n\n<p>Tamb\u00e9m pudera, foram sucessivos anos degustando, diariamente, <a href=\"https:\/\/www.blogsoestado.com\/danielmatos\/2021\/10\/08\/com-maranhao-no-topo-do-ranking-nacional-da-fome-flavio-dino-vai-reabastecer-geladeiras-do-palacio-com-picanha-maminha-e-file-de-pescada\/\">picanha, maminha, rabada, fil\u00e9 de pescada amarela e outras iguarias de rar\u00edssima frequ\u00eancia nas mesas dos demais maranhenses<\/a>. Eleito para promover a igualdade e a justi\u00e7a social, como ele pr\u00f3prio proclamou, da sacada do Pal\u00e1cio dos Le\u00f5es, em seu discurso de posse do primeiro mandato, em 1\u00ba de janeiro de 2015, Dino deixou o cargo sem cumprir a promessa, exceto para si e para os seus.<\/p>\n\n\n\n<p>Os demais maranhenses continuam amargando os efeitos da fragilidade de uma economia posicionada entre as mais debilitadas do pa\u00eds. A constata\u00e7\u00e3o desse cen\u00e1rio est\u00e1 nas ruas, a cada dia mais povoadas por desempregados e pedintes, e nos n\u00fameros, que n\u00e3o mentem, e apontam que no estado 48,3% da popula\u00e7\u00e3o vive abaixo da linha de pobreza, ou seja, na mais profunda mis\u00e9ria.<\/p>\n\n\n\n<p>Segundo dados da Pesquisa Nacional por Amostra de Domic\u00edlios (PNAD), feita pelo Instituto Brasileiro de Geografia e Estat\u00edstica (IBGE), 74% dos habitantes do Maranh\u00e3o vivem com renda mensal inferior a um sal\u00e1rio m\u00ednimo, o pior resultado dentre todas as 27 unidades da federa\u00e7\u00e3o.<\/p>\n\n\n\n<p>Nos primeiros cinco anos de governo de Fl\u00e1vio Dino, nada menos do que 400 mil pessoas no estado foram empurradas para a mis\u00e9ria. \u00c9 uma verdadeira trag\u00e9dia humanit\u00e1ria, que o ex-governador tentou amenizar com sucessivas inaugura\u00e7\u00f5es de restaurantes populares antes de se despedir do cargo. Al\u00e9m de a\u00e7\u00e3o meramente eleitoreira, a abertura de tantos restaurantes evidenciou o quanto a fome tem assombrado o povo desde que os ideais comunistas e socialistas passaram a nortear o modo de governar o estado.<\/p>\n\n\n\n<p>Voltando \u00e0 silhueta rechonchuda de Fl\u00e1vio Dino, esta foi se expandindo \u00e0 custa de m\u00faltiplas regalias proporcionadas pelo poder. E quase ningu\u00e9m duvida que ele abusou de todas, sobretudo das gastron\u00f4micas. Resta saber se ele conseguir\u00e1 queimar tanta gordura em excesso da mesma forma como queimou sua imagem durante t\u00e3o p\u00edfia gest\u00e3o.<\/p>\n\n\n\n<p>Denunciado por sua pr\u00f3pria robustez corporal, Fl\u00e1vio Dino, ainda assim, insiste em enfrentar a campanha para o Senado. Resta saber se o povo dar\u00e1 cr\u00e9dito ao seu discurso depois de tantos anos de privil\u00e9gios a poucos, em detrimento da maioria.<\/p>\n","protected":false},"excerpt":{"rendered":"<p>Depois de sete anos e tr\u00eas meses de benesses do poder, o ex-governador Fl\u00e1vio Dino (PSB) ostenta uma silhueta de [&hellip;]<\/p>\n","protected":false},"author":0,"featured_media":0,"comment_status":"open","ping_status":"open","sticky":false,"template":"","format":"standard","meta":{"site-sidebar-layout":"default","site-content-layout":"","ast-site-content-layout":"default","site-content-style":"default","site-sidebar-style":"default","ast-global-header-display":"","ast-banner-title-visibility":"","ast-main-header-display":"","ast-hfb-above-header-display":"","ast-hfb-below-header-display":"","ast-hfb-mobile-header-display":"","site-post-title":"","ast-breadcrumbs-content":"","ast-featured-img":"","footer-sml-layout":"","ast-disable-related-posts":"","theme-transparent-header-meta":"","adv-header-id-meta":"","stick-header-meta":"","header-above-stick-meta":"","header-main-stick-meta":"","header-below-stick-meta":"","astra-migrate-meta-layouts":"default","ast-page-background-enabled":"default","ast-page-background-meta":{"desktop":{"background-color":"var(--ast-global-color-5)","background-image":"","background-repeat":"repeat","background-position":"center center","background-size":"auto","background-attachment":"scroll","background-type":"","background-media":"","overlay-type":"","overlay-color":"","overlay-opacity":"","overlay-gradient":""},"tablet":{"background-color":"","background-image":"","background-repeat":"repeat","background-position":"center center","background-size":"auto","background-attachment":"scroll","background-type":"","background-media":"","overlay-type":"","overlay-color":"","overlay-opacity":"","overlay-gradient":""},"mobile":{"background-color":"","background-image":"","background-repeat":"repeat","background-position":"center center","background-size":"auto","background-attachment":"scroll","background-type":"","background-media":"","overlay-type":"","overlay-color":"","overlay-opacity":"","overlay-gradient":""}},"ast-content-background-meta":{"desktop":{"background-color":"var(--ast-global-color-4)","background-image":"","background-repeat":"repeat","background-position":"center center","background-size":"auto","background-attachment":"scroll","background-type":"","background-media":"","overlay-type":"","overlay-color":"","overlay-opacity":"","overlay-gradient":""},"tablet":{"background-color":"var(--ast-global-color-4)","background-image":"","background-repeat":"repeat","background-position":"center center","background-size":"auto","background-attachment":"scroll","background-type":"","background-media":"","overlay-type":"","overlay-color":"","overlay-opacity":"","overlay-gradient":""},"mobile":{"background-color":"var(--ast-global-color-4)","background-image":"","background-repeat":"repeat","background-position":"center center","background-size":"auto","background-attachment":"scroll","background-type":"","background-media":"","overlay-type":"","overlay-color":"","overlay-opacity":"","overlay-gradient":""}},"footnotes":""},"categories":[1],"tags":[],"class_list":["post-96483","post","type-post","status-publish","format-standard","hentry","category-sem-categoria"],"yoast_head":"<!-- This site is optimized with the Yoast SEO plugin v26.6 - https:\/\/yoast.com\/wordpress\/plugins\/seo\/ -->\n<title>Denunciado pela pr\u00f3pria silhueta - Daniel Matos<\/title>\n<meta name=\"robots\" content=\"index, follow, max-snippet:-1, max-image-preview:large, max-video-preview:-1\" \/>\n<link rel=\"canonical\" href=\"https:\/\/www.blogsoestado.com\/danielmatos\/denunciado-pela-propria-silhueta\/\" \/>\n<meta property=\"og:locale\" content=\"pt_BR\" \/>\n<meta property=\"og:type\" content=\"article\" \/>\n<meta property=\"og:title\" content=\"Denunciado pela pr\u00f3pria silhueta - Daniel Matos\" \/>\n<meta property=\"og:description\" content=\"Depois de sete anos e tr\u00eas meses de benesses do poder, o ex-governador Fl\u00e1vio Dino (PSB) ostenta uma silhueta de [&hellip;]\" \/>\n<meta property=\"og:url\" content=\"https:\/\/www.blogsoestado.com\/danielmatos\/denunciado-pela-propria-silhueta\/\" \/>\n<meta property=\"og:site_name\" content=\"Daniel Matos\" \/>\n<meta property=\"article:published_time\" content=\"2022-04-24T19:42:30+00:00\" \/>\n<meta property=\"og:image\" content=\"https:\/\/www.blogsoestado.com\/danielmatos\/files\/2022\/04\/Screenshot_20220423-0821413-349x1024.png\" \/>\n<meta name=\"twitter:card\" content=\"summary_large_image\" \/>\n<meta name=\"twitter:label1\" content=\"Est. tempo de leitura\" \/>\n\t<meta name=\"twitter:data1\" content=\"3 minutos\" \/>\n<script type=\"application\/ld+json\" class=\"yoast-schema-graph\">{\"@context\":\"https:\/\/schema.org\",\"@graph\":[{\"@type\":\"WebPage\",\"@id\":\"https:\/\/www.blogsoestado.com\/danielmatos\/denunciado-pela-propria-silhueta\/\",\"url\":\"https:\/\/www.blogsoestado.com\/danielmatos\/denunciado-pela-propria-silhueta\/\",\"name\":\"Denunciado pela pr\u00f3pria silhueta - Daniel Matos\",\"isPartOf\":{\"@id\":\"https:\/\/www.blogsoestado.com\/danielmatos\/#website\"},\"primaryImageOfPage\":{\"@id\":\"https:\/\/www.blogsoestado.com\/danielmatos\/denunciado-pela-propria-silhueta\/#primaryimage\"},\"image\":{\"@id\":\"https:\/\/www.blogsoestado.com\/danielmatos\/denunciado-pela-propria-silhueta\/#primaryimage\"},\"thumbnailUrl\":\"https:\/\/www.blogsoestado.com\/danielmatos\/files\/2022\/04\/Screenshot_20220423-0821413-349x1024.png\",\"datePublished\":\"2022-04-24T19:42:30+00:00\",\"author\":{\"@id\":\"\"},\"breadcrumb\":{\"@id\":\"https:\/\/www.blogsoestado.com\/danielmatos\/denunciado-pela-propria-silhueta\/#breadcrumb\"},\"inLanguage\":\"pt-BR\",\"potentialAction\":[{\"@type\":\"ReadAction\",\"target\":[\"https:\/\/www.blogsoestado.com\/danielmatos\/denunciado-pela-propria-silhueta\/\"]}]},{\"@type\":\"ImageObject\",\"inLanguage\":\"pt-BR\",\"@id\":\"https:\/\/www.blogsoestado.com\/danielmatos\/denunciado-pela-propria-silhueta\/#primaryimage\",\"url\":\"https:\/\/www.blogsoestado.com\/danielmatos\/files\/2022\/04\/Screenshot_20220423-0821413-349x1024.png\",\"contentUrl\":\"https:\/\/www.blogsoestado.com\/danielmatos\/files\/2022\/04\/Screenshot_20220423-0821413-349x1024.png\"},{\"@type\":\"BreadcrumbList\",\"@id\":\"https:\/\/www.blogsoestado.com\/danielmatos\/denunciado-pela-propria-silhueta\/#breadcrumb\",\"itemListElement\":[{\"@type\":\"ListItem\",\"position\":1,\"name\":\"In\u00edcio\",\"item\":\"https:\/\/www.blogsoestado.com\/danielmatos\/\"},{\"@type\":\"ListItem\",\"position\":2,\"name\":\"Denunciado pela pr\u00f3pria silhueta\"}]},{\"@type\":\"WebSite\",\"@id\":\"https:\/\/www.blogsoestado.com\/danielmatos\/#website\",\"url\":\"https:\/\/www.blogsoestado.com\/danielmatos\/\",\"name\":\"Daniel Matos\",\"description\":\"\",\"potentialAction\":[{\"@type\":\"SearchAction\",\"target\":{\"@type\":\"EntryPoint\",\"urlTemplate\":\"https:\/\/www.blogsoestado.com\/danielmatos\/?s={search_term_string}\"},\"query-input\":{\"@type\":\"PropertyValueSpecification\",\"valueRequired\":true,\"valueName\":\"search_term_string\"}}],\"inLanguage\":\"pt-BR\"}]}<\/script>\n<!-- \/ Yoast SEO plugin. -->","yoast_head_json":{"title":"Denunciado pela pr\u00f3pria silhueta - Daniel Matos","robots":{"index":"index","follow":"follow","max-snippet":"max-snippet:-1","max-image-preview":"max-image-preview:large","max-video-preview":"max-video-preview:-1"},"canonical":"https:\/\/www.blogsoestado.com\/danielmatos\/denunciado-pela-propria-silhueta\/","og_locale":"pt_BR","og_type":"article","og_title":"Denunciado pela pr\u00f3pria silhueta - Daniel Matos","og_description":"Depois de sete anos e tr\u00eas meses de benesses do poder, o ex-governador Fl\u00e1vio Dino (PSB) ostenta uma silhueta de [&hellip;]","og_url":"https:\/\/www.blogsoestado.com\/danielmatos\/denunciado-pela-propria-silhueta\/","og_site_name":"Daniel Matos","article_published_time":"2022-04-24T19:42:30+00:00","og_image":[{"url":"https:\/\/www.blogsoestado.com\/danielmatos\/files\/2022\/04\/Screenshot_20220423-0821413-349x1024.png","type":"","width":"","height":""}],"twitter_card":"summary_large_image","twitter_misc":{"Est. tempo de leitura":"3 minutos"},"schema":{"@context":"https:\/\/schema.org","@graph":[{"@type":"WebPage","@id":"https:\/\/www.blogsoestado.com\/danielmatos\/denunciado-pela-propria-silhueta\/","url":"https:\/\/www.blogsoestado.com\/danielmatos\/denunciado-pela-propria-silhueta\/","name":"Denunciado pela pr\u00f3pria silhueta - Daniel Matos","isPartOf":{"@id":"https:\/\/www.blogsoestado.com\/danielmatos\/#website"},"primaryImageOfPage":{"@id":"https:\/\/www.blogsoestado.com\/danielmatos\/denunciado-pela-propria-silhueta\/#primaryimage"},"image":{"@id":"https:\/\/www.blogsoestado.com\/danielmatos\/denunciado-pela-propria-silhueta\/#primaryimage"},"thumbnailUrl":"https:\/\/www.blogsoestado.com\/danielmatos\/files\/2022\/04\/Screenshot_20220423-0821413-349x1024.png","datePublished":"2022-04-24T19:42:30+00:00","author":{"@id":""},"breadcrumb":{"@id":"https:\/\/www.blogsoestado.com\/danielmatos\/denunciado-pela-propria-silhueta\/#breadcrumb"},"inLanguage":"pt-BR","potentialAction":[{"@type":"ReadAction","target":["https:\/\/www.blogsoestado.com\/danielmatos\/denunciado-pela-propria-silhueta\/"]}]},{"@type":"ImageObject","inLanguage":"pt-BR","@id":"https:\/\/www.blogsoestado.com\/danielmatos\/denunciado-pela-propria-silhueta\/#primaryimage","url":"https:\/\/www.blogsoestado.com\/danielmatos\/files\/2022\/04\/Screenshot_20220423-0821413-349x1024.png","contentUrl":"https:\/\/www.blogsoestado.com\/danielmatos\/files\/2022\/04\/Screenshot_20220423-0821413-349x1024.png"},{"@type":"BreadcrumbList","@id":"https:\/\/www.blogsoestado.com\/danielmatos\/denunciado-pela-propria-silhueta\/#breadcrumb","itemListElement":[{"@type":"ListItem","position":1,"name":"In\u00edcio","item":"https:\/\/www.blogsoestado.com\/danielmatos\/"},{"@type":"ListItem","position":2,"name":"Denunciado pela pr\u00f3pria silhueta"}]},{"@type":"WebSite","@id":"https:\/\/www.blogsoestado.com\/danielmatos\/#website","url":"https:\/\/www.blogsoestado.com\/danielmatos\/","name":"Daniel Matos","description":"","potentialAction":[{"@type":"SearchAction","target":{"@type":"EntryPoint","urlTemplate":"https:\/\/www.blogsoestado.com\/danielmatos\/?s={search_term_string}"},"query-input":{"@type":"PropertyValueSpecification","valueRequired":true,"valueName":"search_term_string"}}],"inLanguage":"pt-BR"}]}},"jetpack_featured_media_url":"","_links":{"self":[{"href":"https:\/\/www.blogsoestado.com\/danielmatos\/wp-json\/wp\/v2\/posts\/96483","targetHints":{"allow":["GET"]}}],"collection":[{"href":"https:\/\/www.blogsoestado.com\/danielmatos\/wp-json\/wp\/v2\/posts"}],"about":[{"href":"https:\/\/www.blogsoestado.com\/danielmatos\/wp-json\/wp\/v2\/types\/post"}],"replies":[{"embeddable":true,"href":"https:\/\/www.blogsoestado.com\/danielmatos\/wp-json\/wp\/v2\/comments?post=96483"}],"version-history":[{"count":0,"href":"https:\/\/www.blogsoestado.com\/danielmatos\/wp-json\/wp\/v2\/posts\/96483\/revisions"}],"wp:attachment":[{"href":"https:\/\/www.blogsoestado.com\/danielmatos\/wp-json\/wp\/v2\/media?parent=96483"}],"wp:term":[{"taxonomy":"category","embeddable":true,"href":"https:\/\/www.blogsoestado.com\/danielmatos\/wp-json\/wp\/v2\/categories?post=96483"},{"taxonomy":"post_tag","embeddable":true,"href":"https:\/\/www.blogsoestado.com\/danielmatos\/wp-json\/wp\/v2\/tags?post=96483"}],"curies":[{"name":"wp","href":"https:\/\/api.w.org\/{rel}","templated":true}]}}