{"id":97271,"date":"2022-05-18T00:49:05","date_gmt":"2022-05-18T03:49:05","guid":{"rendered":"https:\/\/www.blogsoestado.com\/danielmatos\/?p=97271"},"modified":"2022-05-18T00:49:05","modified_gmt":"2022-05-18T03:49:05","slug":"governo-vende-passagens-a-mais-para-ferry-boats-que-confiscou-da-serviporto-nao-atende-demanda-e-usuarios-voltam-a-bloquear-terminais","status":"publish","type":"post","link":"https:\/\/www.blogsoestado.com\/danielmatos\/governo-vende-passagens-a-mais-para-ferry-boats-que-confiscou-da-serviporto-nao-atende-demanda-e-usuarios-voltam-a-bloquear-terminais\/","title":{"rendered":"Governo vende passagens a mais para ferry-boats que confiscou da Serviporto, n\u00e3o atende demanda e usu\u00e1rios voltam a bloquear terminais"},"content":{"rendered":"\n<p><strong><span class=\"has-inline-color has-vivid-red-color\">Manifesta\u00e7\u00e3o de trabalhadores do transporte alternativo que fazem rota para a Baixada Maranhense se estendeu por cerca de 12 horas<\/span><\/strong><\/p>\n\n\n\n<div class=\"wp-block-image\"><figure class=\"aligncenter size-large\"><a href=\"https:\/\/www.blogsoestado.com\/danielmatos\/files\/2022\/05\/Screenshot_20220518-0032452.png\"><img decoding=\"async\" src=\"https:\/\/www.blogsoestado.com\/danielmatos\/files\/2022\/05\/Screenshot_20220518-0032452.png\" alt=\"\" class=\"wp-image-97272\"\/><\/a><figcaption>Mobiliza\u00e7\u00e3o de trabalhadores do transporte alternativo e de passageiros na entrada do Terminal da Ponta da Espera, que foi interditado por causa da falta de vagas em ferry-boats<\/figcaption><\/figure><\/div>\n\n\n\n<p>Um ato de aparente m\u00e1-f\u00e9 resultou em um protesto que se estendeu por mais de 12 horas, nessa ter\u00e7a-feira (17), nos terminais aquavi\u00e1rios da Ponta da Espera, em S\u00e3o Lu\u00eds, e de Cujupe, em Alc\u00e2ntara. Respons\u00e1vel pela gest\u00e3o da Serviporto desde 2020, quando decretou interven\u00e7\u00e3o na empresa, o Governo do Estado comercializou passagens em n\u00famero superior \u00e0s vagas dispon\u00edveis nas duas embarca\u00e7\u00f5es da concession\u00e1ria em opera\u00e7\u00e3o no momento, o que impediu centenas de pessoas de viajar, causando grande revolta, principalmente em trabalhadores do transporte alternativo.<\/p>\n\n\n\n<p>Sem poder fazer a travessia e amargando preju\u00edzo, motoristas e cobradores de vans bloquearam o acesso ao Terminal da Ponta da Espera. A mesma mobiliza\u00e7\u00e3o ocorreu no Terminal do Cujupe, onde tudo tamb\u00e9m ficou parado. As interdi\u00e7\u00f5es em S\u00e3o Lu\u00eds e na por\u00e7\u00e3o continental se prolongaram at\u00e9 por volta das 17h e s\u00f3 foram suspensas depois de v\u00e1rias rodadas de di\u00e1logo com gestores do transporte aquavi\u00e1rio, algumas autoridades p\u00fablicas. A pol\u00edcia tamb\u00e9m esteve presente para conter os \u00e2nimos mais exaltados.<\/p>\n\n\n\n<div class=\"wp-block-image\"><figure class=\"aligncenter size-large\"><a href=\"https:\/\/www.blogsoestado.com\/danielmatos\/files\/2022\/05\/Screenshot_20220518-0033202.png\"><img decoding=\"async\" src=\"https:\/\/www.blogsoestado.com\/danielmatos\/files\/2022\/05\/Screenshot_20220518-0033202.png\" alt=\"\" class=\"wp-image-97273\"\/><\/a><figcaption>Usu\u00e1rios que compraram passagens antecipadamente e que n\u00e3o conseguiram vagas em embarca\u00e7\u00f5es foram abandonados \u00e0 pr\u00f3pria sorte<\/figcaption><\/figure><\/div>\n\n\n\n<p><strong>Venda de passagens a mais<\/strong><\/p>\n\n\n\n<p>A insatisfa\u00e7\u00e3o generalizada se deu por causa da venda de bilhetes al\u00e9m da capacidade dos dois ferry-boats da Serviporto confiscados pelo governo estadual e que operam sob a responsabilidade da Ag\u00eancia Estadual de Mobilidade e Servi\u00e7os P\u00fablicos (MOB). Desde a \u00faltima segunda-feira (16), est\u00e3o em funcionamento apenas os ferries Cidade de Tut\u00f3ia e Ba\u00eda de S\u00e3o Jos\u00e9, j\u00e1 que o Cidade de Araioses est\u00e1 parado para manuten\u00e7\u00e3o corretiva ap\u00f3s apresentar pane recentemente.<\/p>\n\n\n\n<p>Uma trabalhadora do transporte alternativo refor\u00e7ou a den\u00fancia de venda antecipada de passagens pela empresa que est\u00e1 sob interven\u00e7\u00e3o e \u00e9 administrada pelo governo, mesmo com n\u00famero de vagas inferior \u00e0 demanda de passageiros. Ela cobrou esclarecimentos e solu\u00e7\u00e3o para o problema e exigiu a presen\u00e7a do governador Carlos Brand\u00e3o (PSB) para dialogar com os usu\u00e1rios lesados.<\/p>\n\n\n\n<div class=\"wp-block-image\"><figure class=\"aligncenter size-large\"><a href=\"https:\/\/www.blogsoestado.com\/danielmatos\/files\/2022\/05\/Screenshot_20220518-0032152.png\"><img decoding=\"async\" src=\"https:\/\/www.blogsoestado.com\/danielmatos\/files\/2022\/05\/Screenshot_20220518-0032152.png\" alt=\"\" class=\"wp-image-97274\"\/><\/a><figcaption>Vans que fariam o transporte de passageiros principalmente para a Baixada Maranhense ficaram paradas na entrada do Terminal da Ponta da Espera<\/figcaption><\/figure><\/div>\n\n\n\n<p>Um grupo de motoristas e cobradores de vans, com o apoio de dezenas passageiros, bloqueou o acesso \u00e0 entrada do Terminal da Ponta da Espera, enquanto outros usu\u00e1rios filmavam a mobiliza\u00e7\u00e3o para divulgar em redes sociais e em grupos de Whatsapp, dando ampla repercuss\u00e3o ao protesto.<\/p>\n\n\n\n<p>Assista:<\/p>\n\n\n\n<figure class=\"wp-block-embed is-type-video is-provider-youtube wp-block-embed-youtube wp-embed-aspect-16-9 wp-has-aspect-ratio\"><div class=\"wp-block-embed__wrapper\">\n<iframe title=\"Protesto na Ponta da Espera 170522\" width=\"500\" height=\"281\" src=\"https:\/\/www.youtube.com\/embed\/F-_MJFMCBCQ?feature=oembed\" frameborder=\"0\" allow=\"accelerometer; autoplay; clipboard-write; encrypted-media; gyroscope; picture-in-picture; web-share\" referrerpolicy=\"strict-origin-when-cross-origin\" allowfullscreen><\/iframe>\n<\/div><\/figure>\n\n\n\n<figure class=\"wp-block-embed is-type-video is-provider-youtube wp-block-embed-youtube wp-embed-aspect-16-9 wp-has-aspect-ratio\"><div class=\"wp-block-embed__wrapper\">\n<iframe title=\"Protesto na Ponta da Espera 220522 tr\u00eas\" width=\"500\" height=\"281\" src=\"https:\/\/www.youtube.com\/embed\/ZCVuvoj4lyw?feature=oembed\" frameborder=\"0\" allow=\"accelerometer; autoplay; clipboard-write; encrypted-media; gyroscope; picture-in-picture; web-share\" referrerpolicy=\"strict-origin-when-cross-origin\" allowfullscreen><\/iframe>\n<\/div><\/figure>\n\n\n\n<figure class=\"wp-block-embed is-type-video is-provider-youtube wp-block-embed-youtube wp-embed-aspect-16-9 wp-has-aspect-ratio\"><div class=\"wp-block-embed__wrapper\">\n<iframe title=\"Protesto na Ponta da Espera 170422 dois\" width=\"500\" height=\"281\" src=\"https:\/\/www.youtube.com\/embed\/921dBCI9Bms?feature=oembed\" frameborder=\"0\" allow=\"accelerometer; autoplay; clipboard-write; encrypted-media; gyroscope; picture-in-picture; web-share\" referrerpolicy=\"strict-origin-when-cross-origin\" allowfullscreen><\/iframe>\n<\/div><\/figure>\n\n\n\n<p><\/p>\n","protected":false},"excerpt":{"rendered":"<p>Manifesta\u00e7\u00e3o de trabalhadores do transporte alternativo que fazem rota para a Baixada Maranhense se estendeu por cerca de 12 horas [&hellip;]<\/p>\n","protected":false},"author":0,"featured_media":0,"comment_status":"open","ping_status":"open","sticky":false,"template":"","format":"standard","meta":{"site-sidebar-layout":"default","site-content-layout":"","ast-site-content-layout":"default","site-content-style":"default","site-sidebar-style":"default","ast-global-header-display":"","ast-banner-title-visibility":"","ast-main-header-display":"","ast-hfb-above-header-display":"","ast-hfb-below-header-display":"","ast-hfb-mobile-header-display":"","site-post-title":"","ast-breadcrumbs-content":"","ast-featured-img":"","footer-sml-layout":"","ast-disable-related-posts":"","theme-transparent-header-meta":"","adv-header-id-meta":"","stick-header-meta":"","header-above-stick-meta":"","header-main-stick-meta":"","header-below-stick-meta":"","astra-migrate-meta-layouts":"default","ast-page-background-enabled":"default","ast-page-background-meta":{"desktop":{"background-color":"var(--ast-global-color-5)","background-image":"","background-repeat":"repeat","background-position":"center center","background-size":"auto","background-attachment":"scroll","background-type":"","background-media":"","overlay-type":"","overlay-color":"","overlay-opacity":"","overlay-gradient":""},"tablet":{"background-color":"","background-image":"","background-repeat":"repeat","background-position":"center center","background-size":"auto","background-attachment":"scroll","background-type":"","background-media":"","overlay-type":"","overlay-color":"","overlay-opacity":"","overlay-gradient":""},"mobile":{"background-color":"","background-image":"","background-repeat":"repeat","background-position":"center center","background-size":"auto","background-attachment":"scroll","background-type":"","background-media":"","overlay-type":"","overlay-color":"","overlay-opacity":"","overlay-gradient":""}},"ast-content-background-meta":{"desktop":{"background-color":"var(--ast-global-color-4)","background-image":"","background-repeat":"repeat","background-position":"center center","background-size":"auto","background-attachment":"scroll","background-type":"","background-media":"","overlay-type":"","overlay-color":"","overlay-opacity":"","overlay-gradient":""},"tablet":{"background-color":"var(--ast-global-color-4)","background-image":"","background-repeat":"repeat","background-position":"center center","background-size":"auto","background-attachment":"scroll","background-type":"","background-media":"","overlay-type":"","overlay-color":"","overlay-opacity":"","overlay-gradient":""},"mobile":{"background-color":"var(--ast-global-color-4)","background-image":"","background-repeat":"repeat","background-position":"center center","background-size":"auto","background-attachment":"scroll","background-type":"","background-media":"","overlay-type":"","overlay-color":"","overlay-opacity":"","overlay-gradient":""}},"footnotes":""},"categories":[1],"tags":[],"class_list":["post-97271","post","type-post","status-publish","format-standard","hentry","category-sem-categoria"],"yoast_head":"<!-- This site is optimized with the Yoast SEO plugin v26.6 - https:\/\/yoast.com\/wordpress\/plugins\/seo\/ -->\n<title>Governo vende passagens a mais para ferry-boats que confiscou da Serviporto, n\u00e3o atende demanda e usu\u00e1rios voltam a bloquear terminais - Daniel Matos<\/title>\n<meta name=\"robots\" content=\"index, follow, max-snippet:-1, max-image-preview:large, max-video-preview:-1\" \/>\n<link rel=\"canonical\" href=\"https:\/\/www.blogsoestado.com\/danielmatos\/governo-vende-passagens-a-mais-para-ferry-boats-que-confiscou-da-serviporto-nao-atende-demanda-e-usuarios-voltam-a-bloquear-terminais\/\" \/>\n<meta property=\"og:locale\" content=\"pt_BR\" \/>\n<meta property=\"og:type\" content=\"article\" \/>\n<meta property=\"og:title\" content=\"Governo vende passagens a mais para ferry-boats que confiscou da Serviporto, n\u00e3o atende demanda e usu\u00e1rios voltam a bloquear terminais - Daniel Matos\" \/>\n<meta property=\"og:description\" content=\"Manifesta\u00e7\u00e3o de trabalhadores do transporte alternativo que fazem rota para a Baixada Maranhense se estendeu por cerca de 12 horas [&hellip;]\" \/>\n<meta property=\"og:url\" content=\"https:\/\/www.blogsoestado.com\/danielmatos\/governo-vende-passagens-a-mais-para-ferry-boats-que-confiscou-da-serviporto-nao-atende-demanda-e-usuarios-voltam-a-bloquear-terminais\/\" \/>\n<meta property=\"og:site_name\" content=\"Daniel Matos\" \/>\n<meta property=\"article:published_time\" content=\"2022-05-18T03:49:05+00:00\" \/>\n<meta property=\"og:image\" content=\"https:\/\/www.blogsoestado.com\/danielmatos\/files\/2022\/05\/Screenshot_20220518-0032452.png\" \/>\n<meta name=\"twitter:card\" content=\"summary_large_image\" \/>\n<meta name=\"twitter:label1\" content=\"Est. tempo de leitura\" \/>\n\t<meta name=\"twitter:data1\" content=\"3 minutos\" \/>\n<script type=\"application\/ld+json\" class=\"yoast-schema-graph\">{\"@context\":\"https:\/\/schema.org\",\"@graph\":[{\"@type\":\"WebPage\",\"@id\":\"https:\/\/www.blogsoestado.com\/danielmatos\/governo-vende-passagens-a-mais-para-ferry-boats-que-confiscou-da-serviporto-nao-atende-demanda-e-usuarios-voltam-a-bloquear-terminais\/\",\"url\":\"https:\/\/www.blogsoestado.com\/danielmatos\/governo-vende-passagens-a-mais-para-ferry-boats-que-confiscou-da-serviporto-nao-atende-demanda-e-usuarios-voltam-a-bloquear-terminais\/\",\"name\":\"Governo vende passagens a mais para ferry-boats que confiscou da Serviporto, n\u00e3o atende demanda e usu\u00e1rios voltam a bloquear terminais - Daniel Matos\",\"isPartOf\":{\"@id\":\"https:\/\/www.blogsoestado.com\/danielmatos\/#website\"},\"primaryImageOfPage\":{\"@id\":\"https:\/\/www.blogsoestado.com\/danielmatos\/governo-vende-passagens-a-mais-para-ferry-boats-que-confiscou-da-serviporto-nao-atende-demanda-e-usuarios-voltam-a-bloquear-terminais\/#primaryimage\"},\"image\":{\"@id\":\"https:\/\/www.blogsoestado.com\/danielmatos\/governo-vende-passagens-a-mais-para-ferry-boats-que-confiscou-da-serviporto-nao-atende-demanda-e-usuarios-voltam-a-bloquear-terminais\/#primaryimage\"},\"thumbnailUrl\":\"https:\/\/www.blogsoestado.com\/danielmatos\/files\/2022\/05\/Screenshot_20220518-0032452.png\",\"datePublished\":\"2022-05-18T03:49:05+00:00\",\"author\":{\"@id\":\"\"},\"breadcrumb\":{\"@id\":\"https:\/\/www.blogsoestado.com\/danielmatos\/governo-vende-passagens-a-mais-para-ferry-boats-que-confiscou-da-serviporto-nao-atende-demanda-e-usuarios-voltam-a-bloquear-terminais\/#breadcrumb\"},\"inLanguage\":\"pt-BR\",\"potentialAction\":[{\"@type\":\"ReadAction\",\"target\":[\"https:\/\/www.blogsoestado.com\/danielmatos\/governo-vende-passagens-a-mais-para-ferry-boats-que-confiscou-da-serviporto-nao-atende-demanda-e-usuarios-voltam-a-bloquear-terminais\/\"]}]},{\"@type\":\"ImageObject\",\"inLanguage\":\"pt-BR\",\"@id\":\"https:\/\/www.blogsoestado.com\/danielmatos\/governo-vende-passagens-a-mais-para-ferry-boats-que-confiscou-da-serviporto-nao-atende-demanda-e-usuarios-voltam-a-bloquear-terminais\/#primaryimage\",\"url\":\"https:\/\/www.blogsoestado.com\/danielmatos\/files\/2022\/05\/Screenshot_20220518-0032452.png\",\"contentUrl\":\"https:\/\/www.blogsoestado.com\/danielmatos\/files\/2022\/05\/Screenshot_20220518-0032452.png\"},{\"@type\":\"BreadcrumbList\",\"@id\":\"https:\/\/www.blogsoestado.com\/danielmatos\/governo-vende-passagens-a-mais-para-ferry-boats-que-confiscou-da-serviporto-nao-atende-demanda-e-usuarios-voltam-a-bloquear-terminais\/#breadcrumb\",\"itemListElement\":[{\"@type\":\"ListItem\",\"position\":1,\"name\":\"In\u00edcio\",\"item\":\"https:\/\/www.blogsoestado.com\/danielmatos\/\"},{\"@type\":\"ListItem\",\"position\":2,\"name\":\"Governo vende passagens a mais para ferry-boats que confiscou da Serviporto, n\u00e3o atende demanda e usu\u00e1rios voltam a bloquear terminais\"}]},{\"@type\":\"WebSite\",\"@id\":\"https:\/\/www.blogsoestado.com\/danielmatos\/#website\",\"url\":\"https:\/\/www.blogsoestado.com\/danielmatos\/\",\"name\":\"Daniel Matos\",\"description\":\"\",\"potentialAction\":[{\"@type\":\"SearchAction\",\"target\":{\"@type\":\"EntryPoint\",\"urlTemplate\":\"https:\/\/www.blogsoestado.com\/danielmatos\/?s={search_term_string}\"},\"query-input\":{\"@type\":\"PropertyValueSpecification\",\"valueRequired\":true,\"valueName\":\"search_term_string\"}}],\"inLanguage\":\"pt-BR\"}]}<\/script>\n<!-- \/ Yoast SEO plugin. -->","yoast_head_json":{"title":"Governo vende passagens a mais para ferry-boats que confiscou da Serviporto, n\u00e3o atende demanda e usu\u00e1rios voltam a bloquear terminais - Daniel Matos","robots":{"index":"index","follow":"follow","max-snippet":"max-snippet:-1","max-image-preview":"max-image-preview:large","max-video-preview":"max-video-preview:-1"},"canonical":"https:\/\/www.blogsoestado.com\/danielmatos\/governo-vende-passagens-a-mais-para-ferry-boats-que-confiscou-da-serviporto-nao-atende-demanda-e-usuarios-voltam-a-bloquear-terminais\/","og_locale":"pt_BR","og_type":"article","og_title":"Governo vende passagens a mais para ferry-boats que confiscou da Serviporto, n\u00e3o atende demanda e usu\u00e1rios voltam a bloquear terminais - Daniel Matos","og_description":"Manifesta\u00e7\u00e3o de trabalhadores do transporte alternativo que fazem rota para a Baixada Maranhense se estendeu por cerca de 12 horas [&hellip;]","og_url":"https:\/\/www.blogsoestado.com\/danielmatos\/governo-vende-passagens-a-mais-para-ferry-boats-que-confiscou-da-serviporto-nao-atende-demanda-e-usuarios-voltam-a-bloquear-terminais\/","og_site_name":"Daniel Matos","article_published_time":"2022-05-18T03:49:05+00:00","og_image":[{"url":"https:\/\/www.blogsoestado.com\/danielmatos\/files\/2022\/05\/Screenshot_20220518-0032452.png","type":"","width":"","height":""}],"twitter_card":"summary_large_image","twitter_misc":{"Est. tempo de leitura":"3 minutos"},"schema":{"@context":"https:\/\/schema.org","@graph":[{"@type":"WebPage","@id":"https:\/\/www.blogsoestado.com\/danielmatos\/governo-vende-passagens-a-mais-para-ferry-boats-que-confiscou-da-serviporto-nao-atende-demanda-e-usuarios-voltam-a-bloquear-terminais\/","url":"https:\/\/www.blogsoestado.com\/danielmatos\/governo-vende-passagens-a-mais-para-ferry-boats-que-confiscou-da-serviporto-nao-atende-demanda-e-usuarios-voltam-a-bloquear-terminais\/","name":"Governo vende passagens a mais para ferry-boats que confiscou da Serviporto, n\u00e3o atende demanda e usu\u00e1rios voltam a bloquear terminais - Daniel Matos","isPartOf":{"@id":"https:\/\/www.blogsoestado.com\/danielmatos\/#website"},"primaryImageOfPage":{"@id":"https:\/\/www.blogsoestado.com\/danielmatos\/governo-vende-passagens-a-mais-para-ferry-boats-que-confiscou-da-serviporto-nao-atende-demanda-e-usuarios-voltam-a-bloquear-terminais\/#primaryimage"},"image":{"@id":"https:\/\/www.blogsoestado.com\/danielmatos\/governo-vende-passagens-a-mais-para-ferry-boats-que-confiscou-da-serviporto-nao-atende-demanda-e-usuarios-voltam-a-bloquear-terminais\/#primaryimage"},"thumbnailUrl":"https:\/\/www.blogsoestado.com\/danielmatos\/files\/2022\/05\/Screenshot_20220518-0032452.png","datePublished":"2022-05-18T03:49:05+00:00","author":{"@id":""},"breadcrumb":{"@id":"https:\/\/www.blogsoestado.com\/danielmatos\/governo-vende-passagens-a-mais-para-ferry-boats-que-confiscou-da-serviporto-nao-atende-demanda-e-usuarios-voltam-a-bloquear-terminais\/#breadcrumb"},"inLanguage":"pt-BR","potentialAction":[{"@type":"ReadAction","target":["https:\/\/www.blogsoestado.com\/danielmatos\/governo-vende-passagens-a-mais-para-ferry-boats-que-confiscou-da-serviporto-nao-atende-demanda-e-usuarios-voltam-a-bloquear-terminais\/"]}]},{"@type":"ImageObject","inLanguage":"pt-BR","@id":"https:\/\/www.blogsoestado.com\/danielmatos\/governo-vende-passagens-a-mais-para-ferry-boats-que-confiscou-da-serviporto-nao-atende-demanda-e-usuarios-voltam-a-bloquear-terminais\/#primaryimage","url":"https:\/\/www.blogsoestado.com\/danielmatos\/files\/2022\/05\/Screenshot_20220518-0032452.png","contentUrl":"https:\/\/www.blogsoestado.com\/danielmatos\/files\/2022\/05\/Screenshot_20220518-0032452.png"},{"@type":"BreadcrumbList","@id":"https:\/\/www.blogsoestado.com\/danielmatos\/governo-vende-passagens-a-mais-para-ferry-boats-que-confiscou-da-serviporto-nao-atende-demanda-e-usuarios-voltam-a-bloquear-terminais\/#breadcrumb","itemListElement":[{"@type":"ListItem","position":1,"name":"In\u00edcio","item":"https:\/\/www.blogsoestado.com\/danielmatos\/"},{"@type":"ListItem","position":2,"name":"Governo vende passagens a mais para ferry-boats que confiscou da Serviporto, n\u00e3o atende demanda e usu\u00e1rios voltam a bloquear terminais"}]},{"@type":"WebSite","@id":"https:\/\/www.blogsoestado.com\/danielmatos\/#website","url":"https:\/\/www.blogsoestado.com\/danielmatos\/","name":"Daniel Matos","description":"","potentialAction":[{"@type":"SearchAction","target":{"@type":"EntryPoint","urlTemplate":"https:\/\/www.blogsoestado.com\/danielmatos\/?s={search_term_string}"},"query-input":{"@type":"PropertyValueSpecification","valueRequired":true,"valueName":"search_term_string"}}],"inLanguage":"pt-BR"}]}},"jetpack_featured_media_url":"","_links":{"self":[{"href":"https:\/\/www.blogsoestado.com\/danielmatos\/wp-json\/wp\/v2\/posts\/97271","targetHints":{"allow":["GET"]}}],"collection":[{"href":"https:\/\/www.blogsoestado.com\/danielmatos\/wp-json\/wp\/v2\/posts"}],"about":[{"href":"https:\/\/www.blogsoestado.com\/danielmatos\/wp-json\/wp\/v2\/types\/post"}],"replies":[{"embeddable":true,"href":"https:\/\/www.blogsoestado.com\/danielmatos\/wp-json\/wp\/v2\/comments?post=97271"}],"version-history":[{"count":0,"href":"https:\/\/www.blogsoestado.com\/danielmatos\/wp-json\/wp\/v2\/posts\/97271\/revisions"}],"wp:attachment":[{"href":"https:\/\/www.blogsoestado.com\/danielmatos\/wp-json\/wp\/v2\/media?parent=97271"}],"wp:term":[{"taxonomy":"category","embeddable":true,"href":"https:\/\/www.blogsoestado.com\/danielmatos\/wp-json\/wp\/v2\/categories?post=97271"},{"taxonomy":"post_tag","embeddable":true,"href":"https:\/\/www.blogsoestado.com\/danielmatos\/wp-json\/wp\/v2\/tags?post=97271"}],"curies":[{"name":"wp","href":"https:\/\/api.w.org\/{rel}","templated":true}]}}