{"id":97287,"date":"2022-05-18T10:00:00","date_gmt":"2022-05-18T13:00:00","guid":{"rendered":"https:\/\/www.blogsoestado.com\/danielmatos\/?p=97287"},"modified":"2022-05-18T10:00:00","modified_gmt":"2022-05-18T13:00:00","slug":"maio-amarelo-vli-realiza-acoes-de-conscientizacao","status":"publish","type":"post","link":"https:\/\/www.blogsoestado.com\/danielmatos\/maio-amarelo-vli-realiza-acoes-de-conscientizacao\/","title":{"rendered":"Maio Amarelo: VLI realiza a\u00e7\u00f5es de conscientiza\u00e7\u00e3o"},"content":{"rendered":"\n<p><em><strong><span class=\"has-inline-color has-vivid-red-color\">O objetivo da companhia \u00e9 tornar a&nbsp;intera\u00e7\u00e3o com a ferrovia sempre mais segura<\/span><\/strong><\/em><\/p>\n\n\n\n<div class=\"wp-block-image\"><figure class=\"aligncenter size-large\"><a href=\"https:\/\/www.blogsoestado.com\/danielmatos\/files\/2022\/05\/Screenshot_20220518-0858192.png\"><img decoding=\"async\" src=\"https:\/\/www.blogsoestado.com\/danielmatos\/files\/2022\/05\/Screenshot_20220518-0858192.png\" alt=\"\" class=\"wp-image-97288\"\/><\/a><\/figure><\/div>\n\n\n\n<p>Neste m\u00eas de maio, dedicado a campanhas de conscientiza\u00e7\u00e3o para que o tr\u00e2nsito se torne cada vez mais seguro, a VLI \u2013 companhia de solu\u00e7\u00f5es log\u00edsticas que opera ferrovias, portos e terminais \u2013 refor\u00e7a suas a\u00e7\u00f5es para garantir a exist\u00eancia de uma rela\u00e7\u00e3o mais harmoniosa entre pedestres, ve\u00edculos e a ferrovia. Entre elas est\u00e1 a realiza\u00e7\u00e3o de palestras para motoristas de transporte escolar e ambul\u00e2ncias, em conjunto com as Prefeituras de S\u00e3o Francisco do Brej\u00e3o, Imperatriz e Ribamar Fiquene, no Maranh\u00e3o.<\/p>\n\n\n\n<p>Al\u00e9m disso, a companhia promover\u00e1 campanhas nas comunidades ao longo da Ferrovia Norte-Sul (FNS), bem como distribuir\u00e1 cartilhas educativas para alertar condutores e pedestres. Adotar as medidas de seguran\u00e7a \u00e9 fundamental para evitar acidentes e preservar vidas, cuidados como: parar, olhar e escutar antes de cruzar a linha f\u00e9rrea, n\u00e3o estacionar ve\u00edculos perto dos trilhos, ficar atento e esperar o trem passar.<\/p>\n\n\n\n<p>O analista de Seguran\u00e7a Operacional da VLI, Ad\u00e3o Carmo, pontua que as a\u00e7\u00f5es para o Maio Amarelo t\u00eam o objetivo de conscientizar a popula\u00e7\u00e3o sobre maneiras de evitar riscos de acidentes no tr\u00e2nsito. &#8220;A responsabilidade no tr\u00e2nsito \u00e9 um fator determinante para reduzir o n\u00famero de acidentes, inclusive nas proximidades das ferrovias. Ent\u00e3o, nas palestras, abordaremos as principais orienta\u00e7\u00f5es da seguran\u00e7a ferrovi\u00e1ria e rodovi\u00e1ria&#8221;, explica.<\/p>\n\n\n\n<p><strong>Palestras<\/strong><\/p>\n\n\n\n<p>As palestras sobre seguran\u00e7a no tr\u00e2nsito j\u00e1 est\u00e3o sendo realizadas. No in\u00edcio do m\u00eas, a VLI realizou uma roda de conversa sobre seguran\u00e7a ferrovi\u00e1ria, em S\u00e3o Francisco do Brej\u00e3o, com condutores de ve\u00edculos de transporte escolar da administra\u00e7\u00e3o municipal.<\/p>\n\n\n\n<p><strong>Sobre a VLI<\/strong><\/p>\n\n\n\n<p>A VLI tem o compromisso de apoiar a transforma\u00e7\u00e3o da log\u00edstica no pa\u00eds, por meio da integra\u00e7\u00e3o de servi\u00e7os em portos, ferrovias e terminais. A empresa engloba as ferrovias Norte Sul (FNS) e Centro-Atl\u00e2ntica (FCA), al\u00e9m de terminais intermodais, que unem o carregamento e o descarregamento de produtos ao transporte ferrovi\u00e1rio, e terminais portu\u00e1rios situados em eixos estrat\u00e9gicos da costa brasileira, tais como em Santos (SP), S\u00e3o Lu\u00eds (MA) e Vit\u00f3ria (ES). Eleita em 2020 e 2021 a empresa mais inovadora do pa\u00eds na categoria &#8220;Log\u00edstica e Transportes&#8221; pelo Pr\u00eamio Valor Inova\u00e7\u00e3o, a VLI transporta as riquezas do Brasil por rotas que passam pelas regi\u00f5es Norte, Nordeste, Sudeste e Centro-Oeste.<\/p>\n","protected":false},"excerpt":{"rendered":"<p>O objetivo da companhia \u00e9 tornar a&nbsp;intera\u00e7\u00e3o com a ferrovia sempre mais segura Neste m\u00eas de maio, dedicado a campanhas [&hellip;]<\/p>\n","protected":false},"author":0,"featured_media":0,"comment_status":"open","ping_status":"open","sticky":false,"template":"","format":"standard","meta":{"site-sidebar-layout":"default","site-content-layout":"","ast-site-content-layout":"default","site-content-style":"default","site-sidebar-style":"default","ast-global-header-display":"","ast-banner-title-visibility":"","ast-main-header-display":"","ast-hfb-above-header-display":"","ast-hfb-below-header-display":"","ast-hfb-mobile-header-display":"","site-post-title":"","ast-breadcrumbs-content":"","ast-featured-img":"","footer-sml-layout":"","ast-disable-related-posts":"","theme-transparent-header-meta":"","adv-header-id-meta":"","stick-header-meta":"","header-above-stick-meta":"","header-main-stick-meta":"","header-below-stick-meta":"","astra-migrate-meta-layouts":"default","ast-page-background-enabled":"default","ast-page-background-meta":{"desktop":{"background-color":"var(--ast-global-color-5)","background-image":"","background-repeat":"repeat","background-position":"center center","background-size":"auto","background-attachment":"scroll","background-type":"","background-media":"","overlay-type":"","overlay-color":"","overlay-opacity":"","overlay-gradient":""},"tablet":{"background-color":"","background-image":"","background-repeat":"repeat","background-position":"center center","background-size":"auto","background-attachment":"scroll","background-type":"","background-media":"","overlay-type":"","overlay-color":"","overlay-opacity":"","overlay-gradient":""},"mobile":{"background-color":"","background-image":"","background-repeat":"repeat","background-position":"center center","background-size":"auto","background-attachment":"scroll","background-type":"","background-media":"","overlay-type":"","overlay-color":"","overlay-opacity":"","overlay-gradient":""}},"ast-content-background-meta":{"desktop":{"background-color":"var(--ast-global-color-4)","background-image":"","background-repeat":"repeat","background-position":"center center","background-size":"auto","background-attachment":"scroll","background-type":"","background-media":"","overlay-type":"","overlay-color":"","overlay-opacity":"","overlay-gradient":""},"tablet":{"background-color":"var(--ast-global-color-4)","background-image":"","background-repeat":"repeat","background-position":"center center","background-size":"auto","background-attachment":"scroll","background-type":"","background-media":"","overlay-type":"","overlay-color":"","overlay-opacity":"","overlay-gradient":""},"mobile":{"background-color":"var(--ast-global-color-4)","background-image":"","background-repeat":"repeat","background-position":"center center","background-size":"auto","background-attachment":"scroll","background-type":"","background-media":"","overlay-type":"","overlay-color":"","overlay-opacity":"","overlay-gradient":""}},"footnotes":""},"categories":[1],"tags":[],"class_list":["post-97287","post","type-post","status-publish","format-standard","hentry","category-sem-categoria"],"yoast_head":"<!-- This site is optimized with the Yoast SEO plugin v26.6 - https:\/\/yoast.com\/wordpress\/plugins\/seo\/ -->\n<title>Maio Amarelo: VLI realiza a\u00e7\u00f5es de conscientiza\u00e7\u00e3o - Daniel Matos<\/title>\n<meta name=\"robots\" content=\"index, follow, max-snippet:-1, max-image-preview:large, max-video-preview:-1\" \/>\n<link rel=\"canonical\" href=\"https:\/\/www.blogsoestado.com\/danielmatos\/maio-amarelo-vli-realiza-acoes-de-conscientizacao\/\" \/>\n<meta property=\"og:locale\" content=\"pt_BR\" \/>\n<meta property=\"og:type\" content=\"article\" \/>\n<meta property=\"og:title\" content=\"Maio Amarelo: VLI realiza a\u00e7\u00f5es de conscientiza\u00e7\u00e3o - Daniel Matos\" \/>\n<meta property=\"og:description\" content=\"O objetivo da companhia \u00e9 tornar a&nbsp;intera\u00e7\u00e3o com a ferrovia sempre mais segura Neste m\u00eas de maio, dedicado a campanhas [&hellip;]\" \/>\n<meta property=\"og:url\" content=\"https:\/\/www.blogsoestado.com\/danielmatos\/maio-amarelo-vli-realiza-acoes-de-conscientizacao\/\" \/>\n<meta property=\"og:site_name\" content=\"Daniel Matos\" \/>\n<meta property=\"article:published_time\" content=\"2022-05-18T13:00:00+00:00\" \/>\n<meta property=\"og:image\" content=\"https:\/\/www.blogsoestado.com\/danielmatos\/files\/2022\/05\/Screenshot_20220518-0858192.png\" \/>\n<meta name=\"twitter:card\" content=\"summary_large_image\" \/>\n<meta name=\"twitter:label1\" content=\"Est. tempo de leitura\" \/>\n\t<meta name=\"twitter:data1\" content=\"2 minutos\" \/>\n<script type=\"application\/ld+json\" class=\"yoast-schema-graph\">{\"@context\":\"https:\/\/schema.org\",\"@graph\":[{\"@type\":\"WebPage\",\"@id\":\"https:\/\/www.blogsoestado.com\/danielmatos\/maio-amarelo-vli-realiza-acoes-de-conscientizacao\/\",\"url\":\"https:\/\/www.blogsoestado.com\/danielmatos\/maio-amarelo-vli-realiza-acoes-de-conscientizacao\/\",\"name\":\"Maio Amarelo: VLI realiza a\u00e7\u00f5es de conscientiza\u00e7\u00e3o - Daniel Matos\",\"isPartOf\":{\"@id\":\"https:\/\/www.blogsoestado.com\/danielmatos\/#website\"},\"primaryImageOfPage\":{\"@id\":\"https:\/\/www.blogsoestado.com\/danielmatos\/maio-amarelo-vli-realiza-acoes-de-conscientizacao\/#primaryimage\"},\"image\":{\"@id\":\"https:\/\/www.blogsoestado.com\/danielmatos\/maio-amarelo-vli-realiza-acoes-de-conscientizacao\/#primaryimage\"},\"thumbnailUrl\":\"https:\/\/www.blogsoestado.com\/danielmatos\/files\/2022\/05\/Screenshot_20220518-0858192.png\",\"datePublished\":\"2022-05-18T13:00:00+00:00\",\"author\":{\"@id\":\"\"},\"breadcrumb\":{\"@id\":\"https:\/\/www.blogsoestado.com\/danielmatos\/maio-amarelo-vli-realiza-acoes-de-conscientizacao\/#breadcrumb\"},\"inLanguage\":\"pt-BR\",\"potentialAction\":[{\"@type\":\"ReadAction\",\"target\":[\"https:\/\/www.blogsoestado.com\/danielmatos\/maio-amarelo-vli-realiza-acoes-de-conscientizacao\/\"]}]},{\"@type\":\"ImageObject\",\"inLanguage\":\"pt-BR\",\"@id\":\"https:\/\/www.blogsoestado.com\/danielmatos\/maio-amarelo-vli-realiza-acoes-de-conscientizacao\/#primaryimage\",\"url\":\"https:\/\/www.blogsoestado.com\/danielmatos\/files\/2022\/05\/Screenshot_20220518-0858192.png\",\"contentUrl\":\"https:\/\/www.blogsoestado.com\/danielmatos\/files\/2022\/05\/Screenshot_20220518-0858192.png\"},{\"@type\":\"BreadcrumbList\",\"@id\":\"https:\/\/www.blogsoestado.com\/danielmatos\/maio-amarelo-vli-realiza-acoes-de-conscientizacao\/#breadcrumb\",\"itemListElement\":[{\"@type\":\"ListItem\",\"position\":1,\"name\":\"In\u00edcio\",\"item\":\"https:\/\/www.blogsoestado.com\/danielmatos\/\"},{\"@type\":\"ListItem\",\"position\":2,\"name\":\"Maio Amarelo: VLI realiza a\u00e7\u00f5es de conscientiza\u00e7\u00e3o\"}]},{\"@type\":\"WebSite\",\"@id\":\"https:\/\/www.blogsoestado.com\/danielmatos\/#website\",\"url\":\"https:\/\/www.blogsoestado.com\/danielmatos\/\",\"name\":\"Daniel Matos\",\"description\":\"\",\"potentialAction\":[{\"@type\":\"SearchAction\",\"target\":{\"@type\":\"EntryPoint\",\"urlTemplate\":\"https:\/\/www.blogsoestado.com\/danielmatos\/?s={search_term_string}\"},\"query-input\":{\"@type\":\"PropertyValueSpecification\",\"valueRequired\":true,\"valueName\":\"search_term_string\"}}],\"inLanguage\":\"pt-BR\"}]}<\/script>\n<!-- \/ Yoast SEO plugin. -->","yoast_head_json":{"title":"Maio Amarelo: VLI realiza a\u00e7\u00f5es de conscientiza\u00e7\u00e3o - Daniel Matos","robots":{"index":"index","follow":"follow","max-snippet":"max-snippet:-1","max-image-preview":"max-image-preview:large","max-video-preview":"max-video-preview:-1"},"canonical":"https:\/\/www.blogsoestado.com\/danielmatos\/maio-amarelo-vli-realiza-acoes-de-conscientizacao\/","og_locale":"pt_BR","og_type":"article","og_title":"Maio Amarelo: VLI realiza a\u00e7\u00f5es de conscientiza\u00e7\u00e3o - Daniel Matos","og_description":"O objetivo da companhia \u00e9 tornar a&nbsp;intera\u00e7\u00e3o com a ferrovia sempre mais segura Neste m\u00eas de maio, dedicado a campanhas [&hellip;]","og_url":"https:\/\/www.blogsoestado.com\/danielmatos\/maio-amarelo-vli-realiza-acoes-de-conscientizacao\/","og_site_name":"Daniel Matos","article_published_time":"2022-05-18T13:00:00+00:00","og_image":[{"url":"https:\/\/www.blogsoestado.com\/danielmatos\/files\/2022\/05\/Screenshot_20220518-0858192.png","type":"","width":"","height":""}],"twitter_card":"summary_large_image","twitter_misc":{"Est. tempo de leitura":"2 minutos"},"schema":{"@context":"https:\/\/schema.org","@graph":[{"@type":"WebPage","@id":"https:\/\/www.blogsoestado.com\/danielmatos\/maio-amarelo-vli-realiza-acoes-de-conscientizacao\/","url":"https:\/\/www.blogsoestado.com\/danielmatos\/maio-amarelo-vli-realiza-acoes-de-conscientizacao\/","name":"Maio Amarelo: VLI realiza a\u00e7\u00f5es de conscientiza\u00e7\u00e3o - Daniel Matos","isPartOf":{"@id":"https:\/\/www.blogsoestado.com\/danielmatos\/#website"},"primaryImageOfPage":{"@id":"https:\/\/www.blogsoestado.com\/danielmatos\/maio-amarelo-vli-realiza-acoes-de-conscientizacao\/#primaryimage"},"image":{"@id":"https:\/\/www.blogsoestado.com\/danielmatos\/maio-amarelo-vli-realiza-acoes-de-conscientizacao\/#primaryimage"},"thumbnailUrl":"https:\/\/www.blogsoestado.com\/danielmatos\/files\/2022\/05\/Screenshot_20220518-0858192.png","datePublished":"2022-05-18T13:00:00+00:00","author":{"@id":""},"breadcrumb":{"@id":"https:\/\/www.blogsoestado.com\/danielmatos\/maio-amarelo-vli-realiza-acoes-de-conscientizacao\/#breadcrumb"},"inLanguage":"pt-BR","potentialAction":[{"@type":"ReadAction","target":["https:\/\/www.blogsoestado.com\/danielmatos\/maio-amarelo-vli-realiza-acoes-de-conscientizacao\/"]}]},{"@type":"ImageObject","inLanguage":"pt-BR","@id":"https:\/\/www.blogsoestado.com\/danielmatos\/maio-amarelo-vli-realiza-acoes-de-conscientizacao\/#primaryimage","url":"https:\/\/www.blogsoestado.com\/danielmatos\/files\/2022\/05\/Screenshot_20220518-0858192.png","contentUrl":"https:\/\/www.blogsoestado.com\/danielmatos\/files\/2022\/05\/Screenshot_20220518-0858192.png"},{"@type":"BreadcrumbList","@id":"https:\/\/www.blogsoestado.com\/danielmatos\/maio-amarelo-vli-realiza-acoes-de-conscientizacao\/#breadcrumb","itemListElement":[{"@type":"ListItem","position":1,"name":"In\u00edcio","item":"https:\/\/www.blogsoestado.com\/danielmatos\/"},{"@type":"ListItem","position":2,"name":"Maio Amarelo: VLI realiza a\u00e7\u00f5es de conscientiza\u00e7\u00e3o"}]},{"@type":"WebSite","@id":"https:\/\/www.blogsoestado.com\/danielmatos\/#website","url":"https:\/\/www.blogsoestado.com\/danielmatos\/","name":"Daniel Matos","description":"","potentialAction":[{"@type":"SearchAction","target":{"@type":"EntryPoint","urlTemplate":"https:\/\/www.blogsoestado.com\/danielmatos\/?s={search_term_string}"},"query-input":{"@type":"PropertyValueSpecification","valueRequired":true,"valueName":"search_term_string"}}],"inLanguage":"pt-BR"}]}},"jetpack_featured_media_url":"","_links":{"self":[{"href":"https:\/\/www.blogsoestado.com\/danielmatos\/wp-json\/wp\/v2\/posts\/97287","targetHints":{"allow":["GET"]}}],"collection":[{"href":"https:\/\/www.blogsoestado.com\/danielmatos\/wp-json\/wp\/v2\/posts"}],"about":[{"href":"https:\/\/www.blogsoestado.com\/danielmatos\/wp-json\/wp\/v2\/types\/post"}],"replies":[{"embeddable":true,"href":"https:\/\/www.blogsoestado.com\/danielmatos\/wp-json\/wp\/v2\/comments?post=97287"}],"version-history":[{"count":0,"href":"https:\/\/www.blogsoestado.com\/danielmatos\/wp-json\/wp\/v2\/posts\/97287\/revisions"}],"wp:attachment":[{"href":"https:\/\/www.blogsoestado.com\/danielmatos\/wp-json\/wp\/v2\/media?parent=97287"}],"wp:term":[{"taxonomy":"category","embeddable":true,"href":"https:\/\/www.blogsoestado.com\/danielmatos\/wp-json\/wp\/v2\/categories?post=97287"},{"taxonomy":"post_tag","embeddable":true,"href":"https:\/\/www.blogsoestado.com\/danielmatos\/wp-json\/wp\/v2\/tags?post=97287"}],"curies":[{"name":"wp","href":"https:\/\/api.w.org\/{rel}","templated":true}]}}