{"id":97299,"date":"2022-05-18T21:16:54","date_gmt":"2022-05-19T00:16:54","guid":{"rendered":"https:\/\/www.blogsoestado.com\/danielmatos\/?p=97299"},"modified":"2022-05-18T21:16:54","modified_gmt":"2022-05-19T00:16:54","slug":"vi-encontro-dos-sanfoneiros-de-lencois-maranhenses-acontece-neste-fim-de-semana","status":"publish","type":"post","link":"https:\/\/www.blogsoestado.com\/danielmatos\/vi-encontro-dos-sanfoneiros-de-lencois-maranhenses-acontece-neste-fim-de-semana\/","title":{"rendered":"VI Encontro de Sanfoneiros dos Len\u00e7\u00f3is Maranhenses, dias 20 e 21 de maio, em Santo Amaro"},"content":{"rendered":"\n<div class=\"wp-block-image\"><figure class=\"aligncenter size-large\"><a href=\"https:\/\/www.blogsoestado.com\/danielmatos\/files\/2022\/05\/Screenshot_20220518-2027092.png\"><img decoding=\"async\" src=\"https:\/\/www.blogsoestado.com\/danielmatos\/files\/2022\/05\/Screenshot_20220518-2027092.png\" alt=\"\" class=\"wp-image-97304\"\/><\/a><\/figure><\/div>\n\n\n\n<p>O VI Encontro de Sanfoneiros dos Len\u00e7\u00f3is Maranhenses reunir\u00e1, nos dias 20 e 21 deste m\u00eas, diversos artistas da m\u00fasica genuinamente nordestina em um dos mais belos cart\u00f5es postais do mundo. Organizado por um grupo de amigos liderado pelo jornalista, radialista e vereador de S\u00e3o Lu\u00eds Marcial Lima, o evento, que mais uma vez ocorrer\u00e1 na cidade de Santo Amaro, reverencia os ritmos aut\u00eanticos da cultura regional, como forr\u00f3, xote e bai\u00e3o. <\/p>\n\n\n\n<p>A cada edi\u00e7\u00e3o, o encontro \u00e9 coroado de sucesso, consolidando-se como atra\u00e7\u00e3o para turistas e para a popula\u00e7\u00e3o local. E este ano a expectativa \u00e9 que supere novamente todas as festas anteriores. A julgar pelos artistas convidados, ser\u00e3o dois dias de pura consagra\u00e7\u00e3o e alegria.<\/p>\n\n\n\n<p>O VI Encontro de Sanfoneiros dos Len\u00e7\u00f3is Maranhenses acontecer\u00e1 em um local diferente a cada dia. Na sexta-feira, dia 20, o arrasta-p\u00e9 acontecer\u00e1 na Pra\u00e7a da Cidade. No s\u00e1bado, dia 21, a anima\u00e7\u00e3o tomar\u00e1 conta da \u00e1rea em frente \u00e0 Pousada Sol de Amaro. <\/p>\n\n\n\n<div class=\"wp-block-image\"><figure class=\"aligncenter size-large\"><a href=\"https:\/\/www.blogsoestado.com\/danielmatos\/files\/2022\/05\/Screenshot_20220518-2049542.png\"><img decoding=\"async\" src=\"https:\/\/www.blogsoestado.com\/danielmatos\/files\/2022\/05\/Screenshot_20220518-2049542.png\" alt=\"\" class=\"wp-image-97305\"\/><\/a><\/figure><\/div>\n\n\n\n<p>Al\u00e9m da atra\u00e7\u00e3o principal, a dupla Z\u00e9 Airton e Wesley, subir\u00e3o ao palco Seu Raimundinho e o Grupo &#8220;P\u00e9 no Ch\u00e3o&#8221;, Tony Penha, Nildo Potiguar, D\u00e1rio Rubens, C\u00edcero e o Grupo &#8220;Forr\u00f3 Pegado&#8221;, Suvaco de Cobra, Man\u00e9 Fanho, Raimundo Poeta e Forr\u00f3 do Cabo Z\u00e9.<\/p>\n\n\n\n<p><strong>Retrospecto<\/strong><\/p>\n\n\n\n<p>O I Encontro de Sanfoneiros dos Len\u00e7\u00f3is Maranhenses reuniu um pequeno grupo \u2013 15 pessoas \u2013 e ainda assim foi realizado um grande evento na pra\u00e7a principal de Santo Amaro e no quintal da Pousada Sol de Amaro.&nbsp;<\/p>\n\n\n\n<div class=\"wp-block-image\"><figure class=\"aligncenter size-large\"><a href=\"https:\/\/www.blogsoestado.com\/danielmatos\/files\/2022\/05\/Screenshot_20220518-2105322.png\"><img decoding=\"async\" src=\"https:\/\/www.blogsoestado.com\/danielmatos\/files\/2022\/05\/Screenshot_20220518-2105322.png\" alt=\"\" class=\"wp-image-97306\"\/><\/a><figcaption>Marcial Lima com grupo de adeptos do forr\u00f3 na Pousada Sol de Amaro em uma das edi\u00e7\u00f5es do encontro<\/figcaption><\/figure><\/div>\n\n\n\n<p>Essa iniciativa foi a semente de uma reuni\u00e3o de amigos e amigas. A partir da\u00ed, o evento cresceu e, na sequ\u00eancia dos anos, j\u00e1 faz parte do calend\u00e1rio de eventos do munic\u00edpio.&nbsp;<\/p>\n\n\n\n<p>A fotografia registrada na casa da dona Cida mostra pessoas forrozeiras que transformaram uma brincadeira sadia em um encontro de oportunidades para Santo Amaro do Maranh\u00e3o.<\/p>\n\n\n\n<div class=\"wp-block-image\"><figure class=\"aligncenter size-large\"><a href=\"https:\/\/www.blogsoestado.com\/danielmatos\/files\/2022\/05\/Screenshot_20220518-2106082.png\"><img decoding=\"async\" src=\"https:\/\/www.blogsoestado.com\/danielmatos\/files\/2022\/05\/Screenshot_20220518-2106082.png\" alt=\"\" class=\"wp-image-97307\"\/><\/a><figcaption>Idealizador do encontro, Marcial Lima em momento de descontra\u00e7\u00e3o com amigos que sempre o apoiam na realiza\u00e7\u00e3o do evento<\/figcaption><\/figure><\/div>\n\n\n\n<p><strong>Agenda do forr\u00f3<\/strong><\/p>\n\n\n\n<p>Dia 5 de junho:&nbsp;Projeto \u201cFole na Feira\u201d. Local: Mercado da Cidade Oper\u00e1ria&nbsp;<\/p>\n\n\n\n<p>Dia 9 de julho.&nbsp;Local: cidade de Riach\u00e3o (MA)<\/p>\n\n\n\n<p>Dia 16 de julho: \u201cArraial do Picu\u00ed\u201d.&nbsp;Participa\u00e7\u00e3o: Poeta Amazan e atra\u00e7\u00f5es locais. Local: Restaurante Picu\u00ed T\u00e1bua de Carne (Cohama)<\/p>\n\n\n\n<p>\u201cO Encontro dos Forrozeiros movimenta nossa cidade. Sou feliz por fazer parte desta organiza\u00e7\u00e3o e encantada com o crescimento do evento\u201d (Dona Cida).<br \/>\u201c\u00c9 encontro de amigos e amigas. Todo esfor\u00e7o que fazemos \u00e9 reconhecido pelos participantes e turistas que v\u00e3o a Santo Amaro\u201d (D\u00e1rio Rubens).<\/p>\n\n\n\n<div class=\"wp-block-image\"><figure class=\"aligncenter size-large\"><a href=\"https:\/\/www.blogsoestado.com\/danielmatos\/files\/2022\/05\/Screenshot_20220518-2107022.png\"><img decoding=\"async\" src=\"https:\/\/www.blogsoestado.com\/danielmatos\/files\/2022\/05\/Screenshot_20220518-2107022.png\" alt=\"\" class=\"wp-image-97308\"\/><\/a><figcaption>A senhora Socorro, esposa de Marcial Lima, em reuni\u00e3o festiva com grupo de admiradoras da genu\u00edna m\u00fasica nordestina<\/figcaption><\/figure><\/div>\n\n\n\n<p>Um dos fundadores do encontro \u00e9 o produtor cultural Z\u00e9 Reis, que sempre teve uma participa\u00e7\u00e3o na organiza\u00e7\u00e3o. Ele diz que \u201ceste encontro \u00e9 um dos eventos mais importantes dos Len\u00e7\u00f3is\u201d.&nbsp;A respeito do evento, Marcos Melo afirma: \u201cparticipo e me orgulho de ter sido um dos fundadores\u201d&nbsp;<\/p>\n\n\n\n<p>Marcial Lima, fundador e um dos organizadores, destaca&nbsp; a import\u00e2ncia do turismo no interior do Maranh\u00e3o. \u201cAqui, estamos cumprindo um papel importante, a movimenta\u00e7\u00e3o de uma regi\u00e3o com m\u00fasica boa e valorizando as belezas naturais dos Len\u00e7\u00f3is Maranhenses\u201d.<\/p>\n\n\n\n<p>Assista:<\/p>\n\n\n\n<figure class=\"wp-block-embed is-type-video is-provider-youtube wp-block-embed-youtube wp-embed-aspect-4-3 wp-has-aspect-ratio\"><div class=\"wp-block-embed__wrapper\">\n<iframe title=\"VI Encontro dos Forrozeiros nos Len\u00e7\u00f3is Maranhenses\" width=\"500\" height=\"375\" src=\"https:\/\/www.youtube.com\/embed\/lNYcKeqFIUE?feature=oembed\" frameborder=\"0\" allow=\"accelerometer; autoplay; clipboard-write; encrypted-media; gyroscope; picture-in-picture; web-share\" referrerpolicy=\"strict-origin-when-cross-origin\" allowfullscreen><\/iframe>\n<\/div><\/figure>\n","protected":false},"excerpt":{"rendered":"<p>O VI Encontro de Sanfoneiros dos Len\u00e7\u00f3is Maranhenses reunir\u00e1, nos dias 20 e 21 deste m\u00eas, diversos artistas da m\u00fasica [&hellip;]<\/p>\n","protected":false},"author":0,"featured_media":0,"comment_status":"open","ping_status":"open","sticky":false,"template":"","format":"standard","meta":{"site-sidebar-layout":"default","site-content-layout":"","ast-site-content-layout":"default","site-content-style":"default","site-sidebar-style":"default","ast-global-header-display":"","ast-banner-title-visibility":"","ast-main-header-display":"","ast-hfb-above-header-display":"","ast-hfb-below-header-display":"","ast-hfb-mobile-header-display":"","site-post-title":"","ast-breadcrumbs-content":"","ast-featured-img":"","footer-sml-layout":"","ast-disable-related-posts":"","theme-transparent-header-meta":"","adv-header-id-meta":"","stick-header-meta":"","header-above-stick-meta":"","header-main-stick-meta":"","header-below-stick-meta":"","astra-migrate-meta-layouts":"default","ast-page-background-enabled":"default","ast-page-background-meta":{"desktop":{"background-color":"var(--ast-global-color-5)","background-image":"","background-repeat":"repeat","background-position":"center center","background-size":"auto","background-attachment":"scroll","background-type":"","background-media":"","overlay-type":"","overlay-color":"","overlay-opacity":"","overlay-gradient":""},"tablet":{"background-color":"","background-image":"","background-repeat":"repeat","background-position":"center center","background-size":"auto","background-attachment":"scroll","background-type":"","background-media":"","overlay-type":"","overlay-color":"","overlay-opacity":"","overlay-gradient":""},"mobile":{"background-color":"","background-image":"","background-repeat":"repeat","background-position":"center center","background-size":"auto","background-attachment":"scroll","background-type":"","background-media":"","overlay-type":"","overlay-color":"","overlay-opacity":"","overlay-gradient":""}},"ast-content-background-meta":{"desktop":{"background-color":"var(--ast-global-color-4)","background-image":"","background-repeat":"repeat","background-position":"center center","background-size":"auto","background-attachment":"scroll","background-type":"","background-media":"","overlay-type":"","overlay-color":"","overlay-opacity":"","overlay-gradient":""},"tablet":{"background-color":"var(--ast-global-color-4)","background-image":"","background-repeat":"repeat","background-position":"center center","background-size":"auto","background-attachment":"scroll","background-type":"","background-media":"","overlay-type":"","overlay-color":"","overlay-opacity":"","overlay-gradient":""},"mobile":{"background-color":"var(--ast-global-color-4)","background-image":"","background-repeat":"repeat","background-position":"center center","background-size":"auto","background-attachment":"scroll","background-type":"","background-media":"","overlay-type":"","overlay-color":"","overlay-opacity":"","overlay-gradient":""}},"footnotes":""},"categories":[1],"tags":[],"class_list":["post-97299","post","type-post","status-publish","format-standard","hentry","category-sem-categoria"],"yoast_head":"<!-- This site is optimized with the Yoast SEO plugin v26.6 - https:\/\/yoast.com\/wordpress\/plugins\/seo\/ -->\n<title>VI Encontro de Sanfoneiros dos Len\u00e7\u00f3is Maranhenses, dias 20 e 21 de maio, em Santo Amaro - Daniel Matos<\/title>\n<meta name=\"robots\" content=\"index, follow, max-snippet:-1, max-image-preview:large, max-video-preview:-1\" \/>\n<link rel=\"canonical\" href=\"https:\/\/www.blogsoestado.com\/danielmatos\/vi-encontro-dos-sanfoneiros-de-lencois-maranhenses-acontece-neste-fim-de-semana\/\" \/>\n<meta property=\"og:locale\" content=\"pt_BR\" \/>\n<meta property=\"og:type\" content=\"article\" \/>\n<meta property=\"og:title\" content=\"VI Encontro de Sanfoneiros dos Len\u00e7\u00f3is Maranhenses, dias 20 e 21 de maio, em Santo Amaro - Daniel Matos\" \/>\n<meta property=\"og:description\" content=\"O VI Encontro de Sanfoneiros dos Len\u00e7\u00f3is Maranhenses reunir\u00e1, nos dias 20 e 21 deste m\u00eas, diversos artistas da m\u00fasica [&hellip;]\" \/>\n<meta property=\"og:url\" content=\"https:\/\/www.blogsoestado.com\/danielmatos\/vi-encontro-dos-sanfoneiros-de-lencois-maranhenses-acontece-neste-fim-de-semana\/\" \/>\n<meta property=\"og:site_name\" content=\"Daniel Matos\" \/>\n<meta property=\"article:published_time\" content=\"2022-05-19T00:16:54+00:00\" \/>\n<meta property=\"og:image\" content=\"https:\/\/www.blogsoestado.com\/danielmatos\/files\/2022\/05\/Screenshot_20220518-2027092.png\" \/>\n<meta name=\"twitter:card\" content=\"summary_large_image\" \/>\n<meta name=\"twitter:label1\" content=\"Est. tempo de leitura\" \/>\n\t<meta name=\"twitter:data1\" content=\"4 minutos\" \/>\n<script type=\"application\/ld+json\" class=\"yoast-schema-graph\">{\"@context\":\"https:\/\/schema.org\",\"@graph\":[{\"@type\":\"WebPage\",\"@id\":\"https:\/\/www.blogsoestado.com\/danielmatos\/vi-encontro-dos-sanfoneiros-de-lencois-maranhenses-acontece-neste-fim-de-semana\/\",\"url\":\"https:\/\/www.blogsoestado.com\/danielmatos\/vi-encontro-dos-sanfoneiros-de-lencois-maranhenses-acontece-neste-fim-de-semana\/\",\"name\":\"VI Encontro de Sanfoneiros dos Len\u00e7\u00f3is Maranhenses, dias 20 e 21 de maio, em Santo Amaro - Daniel Matos\",\"isPartOf\":{\"@id\":\"https:\/\/www.blogsoestado.com\/danielmatos\/#website\"},\"primaryImageOfPage\":{\"@id\":\"https:\/\/www.blogsoestado.com\/danielmatos\/vi-encontro-dos-sanfoneiros-de-lencois-maranhenses-acontece-neste-fim-de-semana\/#primaryimage\"},\"image\":{\"@id\":\"https:\/\/www.blogsoestado.com\/danielmatos\/vi-encontro-dos-sanfoneiros-de-lencois-maranhenses-acontece-neste-fim-de-semana\/#primaryimage\"},\"thumbnailUrl\":\"https:\/\/www.blogsoestado.com\/danielmatos\/files\/2022\/05\/Screenshot_20220518-2027092.png\",\"datePublished\":\"2022-05-19T00:16:54+00:00\",\"author\":{\"@id\":\"\"},\"breadcrumb\":{\"@id\":\"https:\/\/www.blogsoestado.com\/danielmatos\/vi-encontro-dos-sanfoneiros-de-lencois-maranhenses-acontece-neste-fim-de-semana\/#breadcrumb\"},\"inLanguage\":\"pt-BR\",\"potentialAction\":[{\"@type\":\"ReadAction\",\"target\":[\"https:\/\/www.blogsoestado.com\/danielmatos\/vi-encontro-dos-sanfoneiros-de-lencois-maranhenses-acontece-neste-fim-de-semana\/\"]}]},{\"@type\":\"ImageObject\",\"inLanguage\":\"pt-BR\",\"@id\":\"https:\/\/www.blogsoestado.com\/danielmatos\/vi-encontro-dos-sanfoneiros-de-lencois-maranhenses-acontece-neste-fim-de-semana\/#primaryimage\",\"url\":\"https:\/\/www.blogsoestado.com\/danielmatos\/files\/2022\/05\/Screenshot_20220518-2027092.png\",\"contentUrl\":\"https:\/\/www.blogsoestado.com\/danielmatos\/files\/2022\/05\/Screenshot_20220518-2027092.png\"},{\"@type\":\"BreadcrumbList\",\"@id\":\"https:\/\/www.blogsoestado.com\/danielmatos\/vi-encontro-dos-sanfoneiros-de-lencois-maranhenses-acontece-neste-fim-de-semana\/#breadcrumb\",\"itemListElement\":[{\"@type\":\"ListItem\",\"position\":1,\"name\":\"In\u00edcio\",\"item\":\"https:\/\/www.blogsoestado.com\/danielmatos\/\"},{\"@type\":\"ListItem\",\"position\":2,\"name\":\"VI Encontro de Sanfoneiros dos Len\u00e7\u00f3is Maranhenses, dias 20 e 21 de maio, em Santo Amaro\"}]},{\"@type\":\"WebSite\",\"@id\":\"https:\/\/www.blogsoestado.com\/danielmatos\/#website\",\"url\":\"https:\/\/www.blogsoestado.com\/danielmatos\/\",\"name\":\"Daniel Matos\",\"description\":\"\",\"potentialAction\":[{\"@type\":\"SearchAction\",\"target\":{\"@type\":\"EntryPoint\",\"urlTemplate\":\"https:\/\/www.blogsoestado.com\/danielmatos\/?s={search_term_string}\"},\"query-input\":{\"@type\":\"PropertyValueSpecification\",\"valueRequired\":true,\"valueName\":\"search_term_string\"}}],\"inLanguage\":\"pt-BR\"}]}<\/script>\n<!-- \/ Yoast SEO plugin. -->","yoast_head_json":{"title":"VI Encontro de Sanfoneiros dos Len\u00e7\u00f3is Maranhenses, dias 20 e 21 de maio, em Santo Amaro - Daniel Matos","robots":{"index":"index","follow":"follow","max-snippet":"max-snippet:-1","max-image-preview":"max-image-preview:large","max-video-preview":"max-video-preview:-1"},"canonical":"https:\/\/www.blogsoestado.com\/danielmatos\/vi-encontro-dos-sanfoneiros-de-lencois-maranhenses-acontece-neste-fim-de-semana\/","og_locale":"pt_BR","og_type":"article","og_title":"VI Encontro de Sanfoneiros dos Len\u00e7\u00f3is Maranhenses, dias 20 e 21 de maio, em Santo Amaro - Daniel Matos","og_description":"O VI Encontro de Sanfoneiros dos Len\u00e7\u00f3is Maranhenses reunir\u00e1, nos dias 20 e 21 deste m\u00eas, diversos artistas da m\u00fasica [&hellip;]","og_url":"https:\/\/www.blogsoestado.com\/danielmatos\/vi-encontro-dos-sanfoneiros-de-lencois-maranhenses-acontece-neste-fim-de-semana\/","og_site_name":"Daniel Matos","article_published_time":"2022-05-19T00:16:54+00:00","og_image":[{"url":"https:\/\/www.blogsoestado.com\/danielmatos\/files\/2022\/05\/Screenshot_20220518-2027092.png","type":"","width":"","height":""}],"twitter_card":"summary_large_image","twitter_misc":{"Est. tempo de leitura":"4 minutos"},"schema":{"@context":"https:\/\/schema.org","@graph":[{"@type":"WebPage","@id":"https:\/\/www.blogsoestado.com\/danielmatos\/vi-encontro-dos-sanfoneiros-de-lencois-maranhenses-acontece-neste-fim-de-semana\/","url":"https:\/\/www.blogsoestado.com\/danielmatos\/vi-encontro-dos-sanfoneiros-de-lencois-maranhenses-acontece-neste-fim-de-semana\/","name":"VI Encontro de Sanfoneiros dos Len\u00e7\u00f3is Maranhenses, dias 20 e 21 de maio, em Santo Amaro - Daniel Matos","isPartOf":{"@id":"https:\/\/www.blogsoestado.com\/danielmatos\/#website"},"primaryImageOfPage":{"@id":"https:\/\/www.blogsoestado.com\/danielmatos\/vi-encontro-dos-sanfoneiros-de-lencois-maranhenses-acontece-neste-fim-de-semana\/#primaryimage"},"image":{"@id":"https:\/\/www.blogsoestado.com\/danielmatos\/vi-encontro-dos-sanfoneiros-de-lencois-maranhenses-acontece-neste-fim-de-semana\/#primaryimage"},"thumbnailUrl":"https:\/\/www.blogsoestado.com\/danielmatos\/files\/2022\/05\/Screenshot_20220518-2027092.png","datePublished":"2022-05-19T00:16:54+00:00","author":{"@id":""},"breadcrumb":{"@id":"https:\/\/www.blogsoestado.com\/danielmatos\/vi-encontro-dos-sanfoneiros-de-lencois-maranhenses-acontece-neste-fim-de-semana\/#breadcrumb"},"inLanguage":"pt-BR","potentialAction":[{"@type":"ReadAction","target":["https:\/\/www.blogsoestado.com\/danielmatos\/vi-encontro-dos-sanfoneiros-de-lencois-maranhenses-acontece-neste-fim-de-semana\/"]}]},{"@type":"ImageObject","inLanguage":"pt-BR","@id":"https:\/\/www.blogsoestado.com\/danielmatos\/vi-encontro-dos-sanfoneiros-de-lencois-maranhenses-acontece-neste-fim-de-semana\/#primaryimage","url":"https:\/\/www.blogsoestado.com\/danielmatos\/files\/2022\/05\/Screenshot_20220518-2027092.png","contentUrl":"https:\/\/www.blogsoestado.com\/danielmatos\/files\/2022\/05\/Screenshot_20220518-2027092.png"},{"@type":"BreadcrumbList","@id":"https:\/\/www.blogsoestado.com\/danielmatos\/vi-encontro-dos-sanfoneiros-de-lencois-maranhenses-acontece-neste-fim-de-semana\/#breadcrumb","itemListElement":[{"@type":"ListItem","position":1,"name":"In\u00edcio","item":"https:\/\/www.blogsoestado.com\/danielmatos\/"},{"@type":"ListItem","position":2,"name":"VI Encontro de Sanfoneiros dos Len\u00e7\u00f3is Maranhenses, dias 20 e 21 de maio, em Santo Amaro"}]},{"@type":"WebSite","@id":"https:\/\/www.blogsoestado.com\/danielmatos\/#website","url":"https:\/\/www.blogsoestado.com\/danielmatos\/","name":"Daniel Matos","description":"","potentialAction":[{"@type":"SearchAction","target":{"@type":"EntryPoint","urlTemplate":"https:\/\/www.blogsoestado.com\/danielmatos\/?s={search_term_string}"},"query-input":{"@type":"PropertyValueSpecification","valueRequired":true,"valueName":"search_term_string"}}],"inLanguage":"pt-BR"}]}},"jetpack_featured_media_url":"","_links":{"self":[{"href":"https:\/\/www.blogsoestado.com\/danielmatos\/wp-json\/wp\/v2\/posts\/97299","targetHints":{"allow":["GET"]}}],"collection":[{"href":"https:\/\/www.blogsoestado.com\/danielmatos\/wp-json\/wp\/v2\/posts"}],"about":[{"href":"https:\/\/www.blogsoestado.com\/danielmatos\/wp-json\/wp\/v2\/types\/post"}],"replies":[{"embeddable":true,"href":"https:\/\/www.blogsoestado.com\/danielmatos\/wp-json\/wp\/v2\/comments?post=97299"}],"version-history":[{"count":0,"href":"https:\/\/www.blogsoestado.com\/danielmatos\/wp-json\/wp\/v2\/posts\/97299\/revisions"}],"wp:attachment":[{"href":"https:\/\/www.blogsoestado.com\/danielmatos\/wp-json\/wp\/v2\/media?parent=97299"}],"wp:term":[{"taxonomy":"category","embeddable":true,"href":"https:\/\/www.blogsoestado.com\/danielmatos\/wp-json\/wp\/v2\/categories?post=97299"},{"taxonomy":"post_tag","embeddable":true,"href":"https:\/\/www.blogsoestado.com\/danielmatos\/wp-json\/wp\/v2\/tags?post=97299"}],"curies":[{"name":"wp","href":"https:\/\/api.w.org\/{rel}","templated":true}]}}