{"id":97300,"date":"2022-05-18T15:36:03","date_gmt":"2022-05-18T18:36:03","guid":{"rendered":"https:\/\/www.blogsoestado.com\/danielmatos\/?p=97300"},"modified":"2022-05-18T15:36:03","modified_gmt":"2022-05-18T18:36:03","slug":"novo-biruta-bar-abre-as-portas-dia-20-na-avenida-litoranea","status":"publish","type":"post","link":"https:\/\/www.blogsoestado.com\/danielmatos\/novo-biruta-bar-abre-as-portas-dia-20-na-avenida-litoranea\/","title":{"rendered":"Novo Biruta Bar abre as portas dia 20, na Avenida Litor\u00e2nea"},"content":{"rendered":"\n<div class=\"wp-block-image\"><figure class=\"aligncenter size-large\"><a href=\"https:\/\/www.blogsoestado.com\/danielmatos\/files\/2022\/05\/Screenshot_20220518-1521192.png\"><img decoding=\"async\" src=\"https:\/\/www.blogsoestado.com\/danielmatos\/files\/2022\/05\/Screenshot_20220518-1521192.png\" alt=\"\" class=\"wp-image-97301\"\/><\/a><\/figure><\/div>\n\n\n\n<p>O Novo Biruta Bar&nbsp;abrir\u00e1 as portas nessa sexta-feira 20, na Avenida Litor\u00e2nea, um dos locais mais privilegiados de S\u00e3o Lu\u00eds. Tr\u00eas atra\u00e7\u00f5es marcar\u00e3o a reabertura da casa: os shows de Parceiro Paz, Stanley &amp; Cristian e Kika Bitencourt, a partir das 20h.&nbsp;<br \/>&nbsp;<br \/>O Novo Biruta Bar&nbsp; \u00e9 um espa\u00e7o de entretenimento diferenciado, com capacidade para 350 pessoas, todo climatizado. O bar possui sistema ac\u00fastico, excelente estrutura de palco, som, ilumina\u00e7\u00e3o, equipe treinada para melhor atender ao p\u00fablico da Ilha, excelente proposta de inova\u00e7\u00e3o.<br \/>&nbsp;<br \/>Novo Biruta Bar, um conceito moderno de bar chega \u00e0 Ilha do amor. Lembrando que o bar vai abrir sempre de ter\u00e7a-feira a s\u00e1bado.&nbsp;<br \/>&nbsp;<br \/>Acesse nossa rede social e fique por dentro da programa\u00e7\u00e3o, informa\u00e7\u00f5es e promo\u00e7\u00f5es do Bar&nbsp;Biruta.<\/p>\n\n\n\n<p>Instagram: <a href=\"http:\/\/@novobirutabar\">@novobirutabar<\/a><br \/>&nbsp;<br \/>Novo Biruta Bar, o mais novo conceito de bar que voc\u00ea merece.&nbsp;<\/p>\n\n\n\n<p><strong>Servi\u00e7o:&nbsp;<\/strong><\/p>\n\n\n\n<p>O que: Novo Biruta Bar&nbsp; &nbsp;<br \/>Funcionamento: de ter\u00e7a a s\u00e1bado&nbsp;<br \/>Quando: 20 de maio&nbsp;<br \/>Onde: Avenida Litor\u00e2nea&nbsp;<br \/>Couvert: R$ 20,00&nbsp;<\/p>\n\n\n\n<p><strong>Informa\u00e7\u00f5es:&nbsp;<\/strong>(98) 9 8338 1040 Rayane Rocha&nbsp;<\/p>\n\n\n\n<p><strong>Realiza\u00e7\u00e3o: <\/strong>Bar\u00a0Biruta\u00a0(K\u00e1tia Linhares)<\/p>\n","protected":false},"excerpt":{"rendered":"<p>O Novo Biruta Bar&nbsp;abrir\u00e1 as portas nessa sexta-feira 20, na Avenida Litor\u00e2nea, um dos locais mais privilegiados de S\u00e3o Lu\u00eds. [&hellip;]<\/p>\n","protected":false},"author":0,"featured_media":0,"comment_status":"open","ping_status":"open","sticky":false,"template":"","format":"standard","meta":{"site-sidebar-layout":"default","site-content-layout":"","ast-site-content-layout":"default","site-content-style":"default","site-sidebar-style":"default","ast-global-header-display":"","ast-banner-title-visibility":"","ast-main-header-display":"","ast-hfb-above-header-display":"","ast-hfb-below-header-display":"","ast-hfb-mobile-header-display":"","site-post-title":"","ast-breadcrumbs-content":"","ast-featured-img":"","footer-sml-layout":"","ast-disable-related-posts":"","theme-transparent-header-meta":"","adv-header-id-meta":"","stick-header-meta":"","header-above-stick-meta":"","header-main-stick-meta":"","header-below-stick-meta":"","astra-migrate-meta-layouts":"default","ast-page-background-enabled":"default","ast-page-background-meta":{"desktop":{"background-color":"var(--ast-global-color-5)","background-image":"","background-repeat":"repeat","background-position":"center center","background-size":"auto","background-attachment":"scroll","background-type":"","background-media":"","overlay-type":"","overlay-color":"","overlay-opacity":"","overlay-gradient":""},"tablet":{"background-color":"","background-image":"","background-repeat":"repeat","background-position":"center center","background-size":"auto","background-attachment":"scroll","background-type":"","background-media":"","overlay-type":"","overlay-color":"","overlay-opacity":"","overlay-gradient":""},"mobile":{"background-color":"","background-image":"","background-repeat":"repeat","background-position":"center center","background-size":"auto","background-attachment":"scroll","background-type":"","background-media":"","overlay-type":"","overlay-color":"","overlay-opacity":"","overlay-gradient":""}},"ast-content-background-meta":{"desktop":{"background-color":"var(--ast-global-color-4)","background-image":"","background-repeat":"repeat","background-position":"center center","background-size":"auto","background-attachment":"scroll","background-type":"","background-media":"","overlay-type":"","overlay-color":"","overlay-opacity":"","overlay-gradient":""},"tablet":{"background-color":"var(--ast-global-color-4)","background-image":"","background-repeat":"repeat","background-position":"center center","background-size":"auto","background-attachment":"scroll","background-type":"","background-media":"","overlay-type":"","overlay-color":"","overlay-opacity":"","overlay-gradient":""},"mobile":{"background-color":"var(--ast-global-color-4)","background-image":"","background-repeat":"repeat","background-position":"center center","background-size":"auto","background-attachment":"scroll","background-type":"","background-media":"","overlay-type":"","overlay-color":"","overlay-opacity":"","overlay-gradient":""}},"footnotes":""},"categories":[1],"tags":[],"class_list":["post-97300","post","type-post","status-publish","format-standard","hentry","category-sem-categoria"],"yoast_head":"<!-- This site is optimized with the Yoast SEO plugin v26.6 - https:\/\/yoast.com\/wordpress\/plugins\/seo\/ -->\n<title>Novo Biruta Bar abre as portas dia 20, na Avenida Litor\u00e2nea - Daniel Matos<\/title>\n<meta name=\"robots\" content=\"index, follow, max-snippet:-1, max-image-preview:large, max-video-preview:-1\" \/>\n<link rel=\"canonical\" href=\"https:\/\/www.blogsoestado.com\/danielmatos\/novo-biruta-bar-abre-as-portas-dia-20-na-avenida-litoranea\/\" \/>\n<meta property=\"og:locale\" content=\"pt_BR\" \/>\n<meta property=\"og:type\" content=\"article\" \/>\n<meta property=\"og:title\" content=\"Novo Biruta Bar abre as portas dia 20, na Avenida Litor\u00e2nea - Daniel Matos\" \/>\n<meta property=\"og:description\" content=\"O Novo Biruta Bar&nbsp;abrir\u00e1 as portas nessa sexta-feira 20, na Avenida Litor\u00e2nea, um dos locais mais privilegiados de S\u00e3o Lu\u00eds. [&hellip;]\" \/>\n<meta property=\"og:url\" content=\"https:\/\/www.blogsoestado.com\/danielmatos\/novo-biruta-bar-abre-as-portas-dia-20-na-avenida-litoranea\/\" \/>\n<meta property=\"og:site_name\" content=\"Daniel Matos\" \/>\n<meta property=\"article:published_time\" content=\"2022-05-18T18:36:03+00:00\" \/>\n<meta property=\"og:image\" content=\"https:\/\/www.blogsoestado.com\/danielmatos\/files\/2022\/05\/Screenshot_20220518-1521192.png\" \/>\n<meta name=\"twitter:card\" content=\"summary_large_image\" \/>\n<meta name=\"twitter:label1\" content=\"Est. tempo de leitura\" \/>\n\t<meta name=\"twitter:data1\" content=\"1 minuto\" \/>\n<script type=\"application\/ld+json\" class=\"yoast-schema-graph\">{\"@context\":\"https:\/\/schema.org\",\"@graph\":[{\"@type\":\"WebPage\",\"@id\":\"https:\/\/www.blogsoestado.com\/danielmatos\/novo-biruta-bar-abre-as-portas-dia-20-na-avenida-litoranea\/\",\"url\":\"https:\/\/www.blogsoestado.com\/danielmatos\/novo-biruta-bar-abre-as-portas-dia-20-na-avenida-litoranea\/\",\"name\":\"Novo Biruta Bar abre as portas dia 20, na Avenida Litor\u00e2nea - Daniel Matos\",\"isPartOf\":{\"@id\":\"https:\/\/www.blogsoestado.com\/danielmatos\/#website\"},\"primaryImageOfPage\":{\"@id\":\"https:\/\/www.blogsoestado.com\/danielmatos\/novo-biruta-bar-abre-as-portas-dia-20-na-avenida-litoranea\/#primaryimage\"},\"image\":{\"@id\":\"https:\/\/www.blogsoestado.com\/danielmatos\/novo-biruta-bar-abre-as-portas-dia-20-na-avenida-litoranea\/#primaryimage\"},\"thumbnailUrl\":\"https:\/\/www.blogsoestado.com\/danielmatos\/files\/2022\/05\/Screenshot_20220518-1521192.png\",\"datePublished\":\"2022-05-18T18:36:03+00:00\",\"author\":{\"@id\":\"\"},\"breadcrumb\":{\"@id\":\"https:\/\/www.blogsoestado.com\/danielmatos\/novo-biruta-bar-abre-as-portas-dia-20-na-avenida-litoranea\/#breadcrumb\"},\"inLanguage\":\"pt-BR\",\"potentialAction\":[{\"@type\":\"ReadAction\",\"target\":[\"https:\/\/www.blogsoestado.com\/danielmatos\/novo-biruta-bar-abre-as-portas-dia-20-na-avenida-litoranea\/\"]}]},{\"@type\":\"ImageObject\",\"inLanguage\":\"pt-BR\",\"@id\":\"https:\/\/www.blogsoestado.com\/danielmatos\/novo-biruta-bar-abre-as-portas-dia-20-na-avenida-litoranea\/#primaryimage\",\"url\":\"https:\/\/www.blogsoestado.com\/danielmatos\/files\/2022\/05\/Screenshot_20220518-1521192.png\",\"contentUrl\":\"https:\/\/www.blogsoestado.com\/danielmatos\/files\/2022\/05\/Screenshot_20220518-1521192.png\"},{\"@type\":\"BreadcrumbList\",\"@id\":\"https:\/\/www.blogsoestado.com\/danielmatos\/novo-biruta-bar-abre-as-portas-dia-20-na-avenida-litoranea\/#breadcrumb\",\"itemListElement\":[{\"@type\":\"ListItem\",\"position\":1,\"name\":\"In\u00edcio\",\"item\":\"https:\/\/www.blogsoestado.com\/danielmatos\/\"},{\"@type\":\"ListItem\",\"position\":2,\"name\":\"Novo Biruta Bar abre as portas dia 20, na Avenida Litor\u00e2nea\"}]},{\"@type\":\"WebSite\",\"@id\":\"https:\/\/www.blogsoestado.com\/danielmatos\/#website\",\"url\":\"https:\/\/www.blogsoestado.com\/danielmatos\/\",\"name\":\"Daniel Matos\",\"description\":\"\",\"potentialAction\":[{\"@type\":\"SearchAction\",\"target\":{\"@type\":\"EntryPoint\",\"urlTemplate\":\"https:\/\/www.blogsoestado.com\/danielmatos\/?s={search_term_string}\"},\"query-input\":{\"@type\":\"PropertyValueSpecification\",\"valueRequired\":true,\"valueName\":\"search_term_string\"}}],\"inLanguage\":\"pt-BR\"}]}<\/script>\n<!-- \/ Yoast SEO plugin. -->","yoast_head_json":{"title":"Novo Biruta Bar abre as portas dia 20, na Avenida Litor\u00e2nea - Daniel Matos","robots":{"index":"index","follow":"follow","max-snippet":"max-snippet:-1","max-image-preview":"max-image-preview:large","max-video-preview":"max-video-preview:-1"},"canonical":"https:\/\/www.blogsoestado.com\/danielmatos\/novo-biruta-bar-abre-as-portas-dia-20-na-avenida-litoranea\/","og_locale":"pt_BR","og_type":"article","og_title":"Novo Biruta Bar abre as portas dia 20, na Avenida Litor\u00e2nea - Daniel Matos","og_description":"O Novo Biruta Bar&nbsp;abrir\u00e1 as portas nessa sexta-feira 20, na Avenida Litor\u00e2nea, um dos locais mais privilegiados de S\u00e3o Lu\u00eds. [&hellip;]","og_url":"https:\/\/www.blogsoestado.com\/danielmatos\/novo-biruta-bar-abre-as-portas-dia-20-na-avenida-litoranea\/","og_site_name":"Daniel Matos","article_published_time":"2022-05-18T18:36:03+00:00","og_image":[{"url":"https:\/\/www.blogsoestado.com\/danielmatos\/files\/2022\/05\/Screenshot_20220518-1521192.png","type":"","width":"","height":""}],"twitter_card":"summary_large_image","twitter_misc":{"Est. tempo de leitura":"1 minuto"},"schema":{"@context":"https:\/\/schema.org","@graph":[{"@type":"WebPage","@id":"https:\/\/www.blogsoestado.com\/danielmatos\/novo-biruta-bar-abre-as-portas-dia-20-na-avenida-litoranea\/","url":"https:\/\/www.blogsoestado.com\/danielmatos\/novo-biruta-bar-abre-as-portas-dia-20-na-avenida-litoranea\/","name":"Novo Biruta Bar abre as portas dia 20, na Avenida Litor\u00e2nea - Daniel Matos","isPartOf":{"@id":"https:\/\/www.blogsoestado.com\/danielmatos\/#website"},"primaryImageOfPage":{"@id":"https:\/\/www.blogsoestado.com\/danielmatos\/novo-biruta-bar-abre-as-portas-dia-20-na-avenida-litoranea\/#primaryimage"},"image":{"@id":"https:\/\/www.blogsoestado.com\/danielmatos\/novo-biruta-bar-abre-as-portas-dia-20-na-avenida-litoranea\/#primaryimage"},"thumbnailUrl":"https:\/\/www.blogsoestado.com\/danielmatos\/files\/2022\/05\/Screenshot_20220518-1521192.png","datePublished":"2022-05-18T18:36:03+00:00","author":{"@id":""},"breadcrumb":{"@id":"https:\/\/www.blogsoestado.com\/danielmatos\/novo-biruta-bar-abre-as-portas-dia-20-na-avenida-litoranea\/#breadcrumb"},"inLanguage":"pt-BR","potentialAction":[{"@type":"ReadAction","target":["https:\/\/www.blogsoestado.com\/danielmatos\/novo-biruta-bar-abre-as-portas-dia-20-na-avenida-litoranea\/"]}]},{"@type":"ImageObject","inLanguage":"pt-BR","@id":"https:\/\/www.blogsoestado.com\/danielmatos\/novo-biruta-bar-abre-as-portas-dia-20-na-avenida-litoranea\/#primaryimage","url":"https:\/\/www.blogsoestado.com\/danielmatos\/files\/2022\/05\/Screenshot_20220518-1521192.png","contentUrl":"https:\/\/www.blogsoestado.com\/danielmatos\/files\/2022\/05\/Screenshot_20220518-1521192.png"},{"@type":"BreadcrumbList","@id":"https:\/\/www.blogsoestado.com\/danielmatos\/novo-biruta-bar-abre-as-portas-dia-20-na-avenida-litoranea\/#breadcrumb","itemListElement":[{"@type":"ListItem","position":1,"name":"In\u00edcio","item":"https:\/\/www.blogsoestado.com\/danielmatos\/"},{"@type":"ListItem","position":2,"name":"Novo Biruta Bar abre as portas dia 20, na Avenida Litor\u00e2nea"}]},{"@type":"WebSite","@id":"https:\/\/www.blogsoestado.com\/danielmatos\/#website","url":"https:\/\/www.blogsoestado.com\/danielmatos\/","name":"Daniel Matos","description":"","potentialAction":[{"@type":"SearchAction","target":{"@type":"EntryPoint","urlTemplate":"https:\/\/www.blogsoestado.com\/danielmatos\/?s={search_term_string}"},"query-input":{"@type":"PropertyValueSpecification","valueRequired":true,"valueName":"search_term_string"}}],"inLanguage":"pt-BR"}]}},"jetpack_featured_media_url":"","_links":{"self":[{"href":"https:\/\/www.blogsoestado.com\/danielmatos\/wp-json\/wp\/v2\/posts\/97300","targetHints":{"allow":["GET"]}}],"collection":[{"href":"https:\/\/www.blogsoestado.com\/danielmatos\/wp-json\/wp\/v2\/posts"}],"about":[{"href":"https:\/\/www.blogsoestado.com\/danielmatos\/wp-json\/wp\/v2\/types\/post"}],"replies":[{"embeddable":true,"href":"https:\/\/www.blogsoestado.com\/danielmatos\/wp-json\/wp\/v2\/comments?post=97300"}],"version-history":[{"count":0,"href":"https:\/\/www.blogsoestado.com\/danielmatos\/wp-json\/wp\/v2\/posts\/97300\/revisions"}],"wp:attachment":[{"href":"https:\/\/www.blogsoestado.com\/danielmatos\/wp-json\/wp\/v2\/media?parent=97300"}],"wp:term":[{"taxonomy":"category","embeddable":true,"href":"https:\/\/www.blogsoestado.com\/danielmatos\/wp-json\/wp\/v2\/categories?post=97300"},{"taxonomy":"post_tag","embeddable":true,"href":"https:\/\/www.blogsoestado.com\/danielmatos\/wp-json\/wp\/v2\/tags?post=97300"}],"curies":[{"name":"wp","href":"https:\/\/api.w.org\/{rel}","templated":true}]}}