{"id":97363,"date":"2022-05-20T08:00:00","date_gmt":"2022-05-20T11:00:00","guid":{"rendered":"https:\/\/www.blogsoestado.com\/danielmatos\/?p=97363"},"modified":"2022-05-20T08:00:00","modified_gmt":"2022-05-20T11:00:00","slug":"dr-gutemberg-cria-lei-para-amparar-pessoas-com-doencas-inflamatorias-intestinais-dii","status":"publish","type":"post","link":"https:\/\/www.blogsoestado.com\/danielmatos\/dr-gutemberg-cria-lei-para-amparar-pessoas-com-doencas-inflamatorias-intestinais-dii\/","title":{"rendered":"Dr. Gutemberg cria lei para amparar pessoas com Doen\u00e7as Inflamat\u00f3rias Intestinais (DII)"},"content":{"rendered":"\n<div class=\"wp-block-image\"><figure class=\"aligncenter size-large\"><a href=\"https:\/\/www.blogsoestado.com\/danielmatos\/files\/2022\/05\/Screenshot_20220520-0032502.png\"><img decoding=\"async\" src=\"https:\/\/www.blogsoestado.com\/danielmatos\/files\/2022\/05\/Screenshot_20220520-0032502.png\" alt=\"\" class=\"wp-image-97364\"\/><\/a><figcaption>O vice-presidente da C\u00e2mara Municipal de S\u00e3o Lu\u00eds participou de mais um encontro com representantes da Associa\u00e7\u00e3o Maranhense de Doen\u00e7as Inflamat\u00f3ria Intestinais \u2013 AMADII.<\/figcaption><\/figure><\/div>\n\n\n\n<p>O Maio Roxo \u00e9 o m\u00eas de conscientiza\u00e7\u00e3o sobre as doen\u00e7as inflamat\u00f3rias intestinais (DII). Para amparar os pacientes nessa luta, o vice-presidente da C\u00e2mara Municipal de S\u00e3o Lu\u00eds, o m\u00e9dico e vereador Dr. Gutemberg Ara\u00fajo (PSC) criou a Lei 6.727\/2020 que institui a \u2018Pol\u00edtica P\u00fablica Municipal de Prote\u00e7\u00e3o dos Direitos da pessoa Portadora de \u2018DII\u2019.<\/p>\n\n\n\n<p>Uma outra proposta do Dr. Gutemberg, j\u00e1 aprovada na casa parlamentar, \u00e9 incluir o dia 19 de maio como o Dia Municipal das Doen\u00e7as Inflamat\u00f3rias Intestinais. As duas iniciativas surgiram ap\u00f3s encontros com os representantes da Associa\u00e7\u00e3o Maranhense de Doen\u00e7as Inflamat\u00f3ria Intestinais \u2013 AMADII.<\/p>\n\n\n\n<p>\u201cO trabalho da AMADII \u00e9 refer\u00eancia. Agrade\u00e7o \u00e0 Dra. Licia Maria Fernandes Rodrigues, presidente da AMADII, \u00e0 Sandra Passos, vice-presidente da Associa\u00e7\u00e3o, e a todos que me receberam de bra\u00e7os abertos. As doen\u00e7as inflamat\u00f3rias intestinais n\u00e3o afetam s\u00f3 o paciente, mas toda a fam\u00edlia. Por isso, criei essas Leis para ressaltar a import\u00e2ncia do diagn\u00f3stico precoce e ainda proteger os direitos das pessoas que lutam contra essas doen\u00e7as\u201d, explica Dr. Gutemberg.<\/p>\n\n\n\n<p>A doen\u00e7a inflamat\u00f3ria intestinal (DII) ocasiona uma inflama\u00e7\u00e3o do sistema digestivo, podendo causar danos irrevers\u00edveis \u00e0 estrutura dos intestinos. Perda de peso, dores abdominais, sangramento, febre e anemias s\u00e3o alguns dos sintomas. As DIIs compreendem, principalmente, a doen\u00e7a de Crohn e Retocolite ulcerativa, que s\u00e3o patologias inflamat\u00f3rias cr\u00f4nicas do trato digest\u00f3rio.<\/p>\n\n\n\n<p>No Brasil, 13% em cada 100 mil habitantes sofrem com o problema. E apesar de n\u00e3o haver cura, os tratamentos podem devolver a qualidade de vida aos pacientes.<\/p>\n\n\n\n<div class=\"wp-block-image\"><figure class=\"aligncenter size-large\"><a href=\"https:\/\/www.blogsoestado.com\/danielmatos\/files\/2022\/05\/Screenshot_20220520-0030412.png\"><img decoding=\"async\" src=\"https:\/\/www.blogsoestado.com\/danielmatos\/files\/2022\/05\/Screenshot_20220520-0030412.png\" alt=\"\" class=\"wp-image-97365\"\/><\/a><figcaption>Dr. Gutemberg agradeceu \u00e0 Dra. Licia Maria Fernandes Rodrigues, presidente da AMADII, \u00e0 Sandra Passos, vice-presidente da entidade, e a todos que o receberam de bra\u00e7os abertos<\/figcaption><\/figure><\/div>\n\n\n\n<p>\u201cFoi fundamental esse apoio do Dr. Gutemberg. Precisamos levar ao conhecimento da popula\u00e7\u00e3o que o diagn\u00f3stico precoce e o tratamento podem permitir o controle das doen\u00e7as e trazer um al\u00edvio para toda a fam\u00edlia\u201d, afirma Dra. L\u00edcia Maria Fernandes Rodrigues, presidente da AMADII.<\/p>\n\n\n\n<p>Para Goreth Cardoso, esposa de um paciente portador da Doen\u00e7a de Crohn, as doen\u00e7as intestinais influenciam no psicol\u00f3gico do paciente porque o intestino funciona como o nosso \u2018segundo c\u00e9rebro\u2019.<\/p>\n\n\n\n<p>\u201cTudo que n\u00f3s temos de emocional vai para o intestino. E \u00e9 importante repercutir o problema para as pessoas saberem que ele existe e tem tratamento. Fiquei emocionada com a sensibilidade do Dr. Gutemberg. O apoio dele em batalhar pelos direitos das pessoas que sofrem com essas doen\u00e7as \u00e9 de extrema import\u00e2ncia para todos n\u00f3s\u201d, afirma Goreth Cardoso.<\/p>\n\n\n\n<p>Em S\u00e3o Lu\u00eds, a AMADII conta com dois ambulat\u00f3rios para diagn\u00f3stico e tratamento das doen\u00e7as: no Hospital da Universidade Federam do Maranh\u00e3o (UFMA) e na Universidade Ceuma. Atualmente, s\u00e3o mais de 500 pacientes cadastrados na Associa\u00e7\u00e3o, inclusive pacientes do interior do Estado. E no \u00faltimo domingo deste m\u00eas (29\/05), a AMADII realiza a Caminhada pela Vida, \u00e0s 16h, no Parque do Rangedor.<\/p>\n","protected":false},"excerpt":{"rendered":"<p>O Maio Roxo \u00e9 o m\u00eas de conscientiza\u00e7\u00e3o sobre as doen\u00e7as inflamat\u00f3rias intestinais (DII). Para amparar os pacientes nessa luta, [&hellip;]<\/p>\n","protected":false},"author":0,"featured_media":0,"comment_status":"open","ping_status":"open","sticky":false,"template":"","format":"standard","meta":{"site-sidebar-layout":"default","site-content-layout":"","ast-site-content-layout":"default","site-content-style":"default","site-sidebar-style":"default","ast-global-header-display":"","ast-banner-title-visibility":"","ast-main-header-display":"","ast-hfb-above-header-display":"","ast-hfb-below-header-display":"","ast-hfb-mobile-header-display":"","site-post-title":"","ast-breadcrumbs-content":"","ast-featured-img":"","footer-sml-layout":"","ast-disable-related-posts":"","theme-transparent-header-meta":"","adv-header-id-meta":"","stick-header-meta":"","header-above-stick-meta":"","header-main-stick-meta":"","header-below-stick-meta":"","astra-migrate-meta-layouts":"default","ast-page-background-enabled":"default","ast-page-background-meta":{"desktop":{"background-color":"var(--ast-global-color-5)","background-image":"","background-repeat":"repeat","background-position":"center center","background-size":"auto","background-attachment":"scroll","background-type":"","background-media":"","overlay-type":"","overlay-color":"","overlay-opacity":"","overlay-gradient":""},"tablet":{"background-color":"","background-image":"","background-repeat":"repeat","background-position":"center center","background-size":"auto","background-attachment":"scroll","background-type":"","background-media":"","overlay-type":"","overlay-color":"","overlay-opacity":"","overlay-gradient":""},"mobile":{"background-color":"","background-image":"","background-repeat":"repeat","background-position":"center center","background-size":"auto","background-attachment":"scroll","background-type":"","background-media":"","overlay-type":"","overlay-color":"","overlay-opacity":"","overlay-gradient":""}},"ast-content-background-meta":{"desktop":{"background-color":"var(--ast-global-color-4)","background-image":"","background-repeat":"repeat","background-position":"center center","background-size":"auto","background-attachment":"scroll","background-type":"","background-media":"","overlay-type":"","overlay-color":"","overlay-opacity":"","overlay-gradient":""},"tablet":{"background-color":"var(--ast-global-color-4)","background-image":"","background-repeat":"repeat","background-position":"center center","background-size":"auto","background-attachment":"scroll","background-type":"","background-media":"","overlay-type":"","overlay-color":"","overlay-opacity":"","overlay-gradient":""},"mobile":{"background-color":"var(--ast-global-color-4)","background-image":"","background-repeat":"repeat","background-position":"center center","background-size":"auto","background-attachment":"scroll","background-type":"","background-media":"","overlay-type":"","overlay-color":"","overlay-opacity":"","overlay-gradient":""}},"footnotes":""},"categories":[1],"tags":[],"class_list":["post-97363","post","type-post","status-publish","format-standard","hentry","category-sem-categoria"],"yoast_head":"<!-- This site is optimized with the Yoast SEO plugin v26.6 - https:\/\/yoast.com\/wordpress\/plugins\/seo\/ -->\n<title>Dr. Gutemberg cria lei para amparar pessoas com Doen\u00e7as Inflamat\u00f3rias Intestinais (DII) - Daniel Matos<\/title>\n<meta name=\"robots\" content=\"index, follow, max-snippet:-1, max-image-preview:large, max-video-preview:-1\" \/>\n<link rel=\"canonical\" href=\"https:\/\/www.blogsoestado.com\/danielmatos\/dr-gutemberg-cria-lei-para-amparar-pessoas-com-doencas-inflamatorias-intestinais-dii\/\" \/>\n<meta property=\"og:locale\" content=\"pt_BR\" \/>\n<meta property=\"og:type\" content=\"article\" \/>\n<meta property=\"og:title\" content=\"Dr. Gutemberg cria lei para amparar pessoas com Doen\u00e7as Inflamat\u00f3rias Intestinais (DII) - Daniel Matos\" \/>\n<meta property=\"og:description\" content=\"O Maio Roxo \u00e9 o m\u00eas de conscientiza\u00e7\u00e3o sobre as doen\u00e7as inflamat\u00f3rias intestinais (DII). Para amparar os pacientes nessa luta, [&hellip;]\" \/>\n<meta property=\"og:url\" content=\"https:\/\/www.blogsoestado.com\/danielmatos\/dr-gutemberg-cria-lei-para-amparar-pessoas-com-doencas-inflamatorias-intestinais-dii\/\" \/>\n<meta property=\"og:site_name\" content=\"Daniel Matos\" \/>\n<meta property=\"article:published_time\" content=\"2022-05-20T11:00:00+00:00\" \/>\n<meta property=\"og:image\" content=\"https:\/\/www.blogsoestado.com\/danielmatos\/files\/2022\/05\/Screenshot_20220520-0032502.png\" \/>\n<meta name=\"twitter:card\" content=\"summary_large_image\" \/>\n<meta name=\"twitter:label1\" content=\"Est. tempo de leitura\" \/>\n\t<meta name=\"twitter:data1\" content=\"3 minutos\" \/>\n<script type=\"application\/ld+json\" class=\"yoast-schema-graph\">{\"@context\":\"https:\/\/schema.org\",\"@graph\":[{\"@type\":\"WebPage\",\"@id\":\"https:\/\/www.blogsoestado.com\/danielmatos\/dr-gutemberg-cria-lei-para-amparar-pessoas-com-doencas-inflamatorias-intestinais-dii\/\",\"url\":\"https:\/\/www.blogsoestado.com\/danielmatos\/dr-gutemberg-cria-lei-para-amparar-pessoas-com-doencas-inflamatorias-intestinais-dii\/\",\"name\":\"Dr. Gutemberg cria lei para amparar pessoas com Doen\u00e7as Inflamat\u00f3rias Intestinais (DII) - Daniel Matos\",\"isPartOf\":{\"@id\":\"https:\/\/www.blogsoestado.com\/danielmatos\/#website\"},\"primaryImageOfPage\":{\"@id\":\"https:\/\/www.blogsoestado.com\/danielmatos\/dr-gutemberg-cria-lei-para-amparar-pessoas-com-doencas-inflamatorias-intestinais-dii\/#primaryimage\"},\"image\":{\"@id\":\"https:\/\/www.blogsoestado.com\/danielmatos\/dr-gutemberg-cria-lei-para-amparar-pessoas-com-doencas-inflamatorias-intestinais-dii\/#primaryimage\"},\"thumbnailUrl\":\"https:\/\/www.blogsoestado.com\/danielmatos\/files\/2022\/05\/Screenshot_20220520-0032502.png\",\"datePublished\":\"2022-05-20T11:00:00+00:00\",\"author\":{\"@id\":\"\"},\"breadcrumb\":{\"@id\":\"https:\/\/www.blogsoestado.com\/danielmatos\/dr-gutemberg-cria-lei-para-amparar-pessoas-com-doencas-inflamatorias-intestinais-dii\/#breadcrumb\"},\"inLanguage\":\"pt-BR\",\"potentialAction\":[{\"@type\":\"ReadAction\",\"target\":[\"https:\/\/www.blogsoestado.com\/danielmatos\/dr-gutemberg-cria-lei-para-amparar-pessoas-com-doencas-inflamatorias-intestinais-dii\/\"]}]},{\"@type\":\"ImageObject\",\"inLanguage\":\"pt-BR\",\"@id\":\"https:\/\/www.blogsoestado.com\/danielmatos\/dr-gutemberg-cria-lei-para-amparar-pessoas-com-doencas-inflamatorias-intestinais-dii\/#primaryimage\",\"url\":\"https:\/\/www.blogsoestado.com\/danielmatos\/files\/2022\/05\/Screenshot_20220520-0032502.png\",\"contentUrl\":\"https:\/\/www.blogsoestado.com\/danielmatos\/files\/2022\/05\/Screenshot_20220520-0032502.png\"},{\"@type\":\"BreadcrumbList\",\"@id\":\"https:\/\/www.blogsoestado.com\/danielmatos\/dr-gutemberg-cria-lei-para-amparar-pessoas-com-doencas-inflamatorias-intestinais-dii\/#breadcrumb\",\"itemListElement\":[{\"@type\":\"ListItem\",\"position\":1,\"name\":\"In\u00edcio\",\"item\":\"https:\/\/www.blogsoestado.com\/danielmatos\/\"},{\"@type\":\"ListItem\",\"position\":2,\"name\":\"Dr. Gutemberg cria lei para amparar pessoas com Doen\u00e7as Inflamat\u00f3rias Intestinais (DII)\"}]},{\"@type\":\"WebSite\",\"@id\":\"https:\/\/www.blogsoestado.com\/danielmatos\/#website\",\"url\":\"https:\/\/www.blogsoestado.com\/danielmatos\/\",\"name\":\"Daniel Matos\",\"description\":\"\",\"potentialAction\":[{\"@type\":\"SearchAction\",\"target\":{\"@type\":\"EntryPoint\",\"urlTemplate\":\"https:\/\/www.blogsoestado.com\/danielmatos\/?s={search_term_string}\"},\"query-input\":{\"@type\":\"PropertyValueSpecification\",\"valueRequired\":true,\"valueName\":\"search_term_string\"}}],\"inLanguage\":\"pt-BR\"}]}<\/script>\n<!-- \/ Yoast SEO plugin. -->","yoast_head_json":{"title":"Dr. Gutemberg cria lei para amparar pessoas com Doen\u00e7as Inflamat\u00f3rias Intestinais (DII) - Daniel Matos","robots":{"index":"index","follow":"follow","max-snippet":"max-snippet:-1","max-image-preview":"max-image-preview:large","max-video-preview":"max-video-preview:-1"},"canonical":"https:\/\/www.blogsoestado.com\/danielmatos\/dr-gutemberg-cria-lei-para-amparar-pessoas-com-doencas-inflamatorias-intestinais-dii\/","og_locale":"pt_BR","og_type":"article","og_title":"Dr. Gutemberg cria lei para amparar pessoas com Doen\u00e7as Inflamat\u00f3rias Intestinais (DII) - Daniel Matos","og_description":"O Maio Roxo \u00e9 o m\u00eas de conscientiza\u00e7\u00e3o sobre as doen\u00e7as inflamat\u00f3rias intestinais (DII). Para amparar os pacientes nessa luta, [&hellip;]","og_url":"https:\/\/www.blogsoestado.com\/danielmatos\/dr-gutemberg-cria-lei-para-amparar-pessoas-com-doencas-inflamatorias-intestinais-dii\/","og_site_name":"Daniel Matos","article_published_time":"2022-05-20T11:00:00+00:00","og_image":[{"url":"https:\/\/www.blogsoestado.com\/danielmatos\/files\/2022\/05\/Screenshot_20220520-0032502.png","type":"","width":"","height":""}],"twitter_card":"summary_large_image","twitter_misc":{"Est. tempo de leitura":"3 minutos"},"schema":{"@context":"https:\/\/schema.org","@graph":[{"@type":"WebPage","@id":"https:\/\/www.blogsoestado.com\/danielmatos\/dr-gutemberg-cria-lei-para-amparar-pessoas-com-doencas-inflamatorias-intestinais-dii\/","url":"https:\/\/www.blogsoestado.com\/danielmatos\/dr-gutemberg-cria-lei-para-amparar-pessoas-com-doencas-inflamatorias-intestinais-dii\/","name":"Dr. Gutemberg cria lei para amparar pessoas com Doen\u00e7as Inflamat\u00f3rias Intestinais (DII) - Daniel Matos","isPartOf":{"@id":"https:\/\/www.blogsoestado.com\/danielmatos\/#website"},"primaryImageOfPage":{"@id":"https:\/\/www.blogsoestado.com\/danielmatos\/dr-gutemberg-cria-lei-para-amparar-pessoas-com-doencas-inflamatorias-intestinais-dii\/#primaryimage"},"image":{"@id":"https:\/\/www.blogsoestado.com\/danielmatos\/dr-gutemberg-cria-lei-para-amparar-pessoas-com-doencas-inflamatorias-intestinais-dii\/#primaryimage"},"thumbnailUrl":"https:\/\/www.blogsoestado.com\/danielmatos\/files\/2022\/05\/Screenshot_20220520-0032502.png","datePublished":"2022-05-20T11:00:00+00:00","author":{"@id":""},"breadcrumb":{"@id":"https:\/\/www.blogsoestado.com\/danielmatos\/dr-gutemberg-cria-lei-para-amparar-pessoas-com-doencas-inflamatorias-intestinais-dii\/#breadcrumb"},"inLanguage":"pt-BR","potentialAction":[{"@type":"ReadAction","target":["https:\/\/www.blogsoestado.com\/danielmatos\/dr-gutemberg-cria-lei-para-amparar-pessoas-com-doencas-inflamatorias-intestinais-dii\/"]}]},{"@type":"ImageObject","inLanguage":"pt-BR","@id":"https:\/\/www.blogsoestado.com\/danielmatos\/dr-gutemberg-cria-lei-para-amparar-pessoas-com-doencas-inflamatorias-intestinais-dii\/#primaryimage","url":"https:\/\/www.blogsoestado.com\/danielmatos\/files\/2022\/05\/Screenshot_20220520-0032502.png","contentUrl":"https:\/\/www.blogsoestado.com\/danielmatos\/files\/2022\/05\/Screenshot_20220520-0032502.png"},{"@type":"BreadcrumbList","@id":"https:\/\/www.blogsoestado.com\/danielmatos\/dr-gutemberg-cria-lei-para-amparar-pessoas-com-doencas-inflamatorias-intestinais-dii\/#breadcrumb","itemListElement":[{"@type":"ListItem","position":1,"name":"In\u00edcio","item":"https:\/\/www.blogsoestado.com\/danielmatos\/"},{"@type":"ListItem","position":2,"name":"Dr. Gutemberg cria lei para amparar pessoas com Doen\u00e7as Inflamat\u00f3rias Intestinais (DII)"}]},{"@type":"WebSite","@id":"https:\/\/www.blogsoestado.com\/danielmatos\/#website","url":"https:\/\/www.blogsoestado.com\/danielmatos\/","name":"Daniel Matos","description":"","potentialAction":[{"@type":"SearchAction","target":{"@type":"EntryPoint","urlTemplate":"https:\/\/www.blogsoestado.com\/danielmatos\/?s={search_term_string}"},"query-input":{"@type":"PropertyValueSpecification","valueRequired":true,"valueName":"search_term_string"}}],"inLanguage":"pt-BR"}]}},"jetpack_featured_media_url":"","_links":{"self":[{"href":"https:\/\/www.blogsoestado.com\/danielmatos\/wp-json\/wp\/v2\/posts\/97363","targetHints":{"allow":["GET"]}}],"collection":[{"href":"https:\/\/www.blogsoestado.com\/danielmatos\/wp-json\/wp\/v2\/posts"}],"about":[{"href":"https:\/\/www.blogsoestado.com\/danielmatos\/wp-json\/wp\/v2\/types\/post"}],"replies":[{"embeddable":true,"href":"https:\/\/www.blogsoestado.com\/danielmatos\/wp-json\/wp\/v2\/comments?post=97363"}],"version-history":[{"count":0,"href":"https:\/\/www.blogsoestado.com\/danielmatos\/wp-json\/wp\/v2\/posts\/97363\/revisions"}],"wp:attachment":[{"href":"https:\/\/www.blogsoestado.com\/danielmatos\/wp-json\/wp\/v2\/media?parent=97363"}],"wp:term":[{"taxonomy":"category","embeddable":true,"href":"https:\/\/www.blogsoestado.com\/danielmatos\/wp-json\/wp\/v2\/categories?post=97363"},{"taxonomy":"post_tag","embeddable":true,"href":"https:\/\/www.blogsoestado.com\/danielmatos\/wp-json\/wp\/v2\/tags?post=97363"}],"curies":[{"name":"wp","href":"https:\/\/api.w.org\/{rel}","templated":true}]}}