{"id":97380,"date":"2022-05-20T15:33:54","date_gmt":"2022-05-20T18:33:54","guid":{"rendered":"https:\/\/www.blogsoestado.com\/danielmatos\/?p=97380"},"modified":"2022-05-20T15:33:54","modified_gmt":"2022-05-20T18:33:54","slug":"prefeitura-de-sao-jose-de-ribamar-assina-ordem-de-servico-para-a-construcao-de-uma-praca-na-vila-dr-julinho","status":"publish","type":"post","link":"https:\/\/www.blogsoestado.com\/danielmatos\/prefeitura-de-sao-jose-de-ribamar-assina-ordem-de-servico-para-a-construcao-de-uma-praca-na-vila-dr-julinho\/","title":{"rendered":"Prefeitura de S\u00e3o Jos\u00e9 de Ribamar assina ordem de servi\u00e7o para a constru\u00e7\u00e3o de uma pra\u00e7a na Vila Dr.Julinho"},"content":{"rendered":"\n<div class=\"wp-block-image\"><figure class=\"aligncenter size-large\"><a href=\"https:\/\/www.blogsoestado.com\/danielmatos\/files\/2022\/05\/Screenshot_20220520-1517272.png\"><img decoding=\"async\" src=\"https:\/\/www.blogsoestado.com\/danielmatos\/files\/2022\/05\/Screenshot_20220520-1517272.png\" alt=\"\" class=\"wp-image-97381\"\/><\/a><figcaption>O prefeito de S\u00e3o Jos\u00e9 de Ribamar, Dr. Julinho, assina ordem de servi\u00e7o autorizando a constru\u00e7\u00e3o da pra\u00e7a<\/figcaption><\/figure><\/div>\n\n\n\n<p>A Prefeitura de S\u00e3o Jos\u00e9 de Ribamar assinou na manh\u00e3 desta quarta-feira (18), a ordem de servi\u00e7o para a constru\u00e7\u00e3o de uma&nbsp; pra\u00e7a na Vila Dr. Julinho. O local onde a pra\u00e7a ser\u00e1 constru\u00edda, atualmente funciona uma quadra, que est\u00e1 em estado prec\u00e1rio. Al\u00e9m da pra\u00e7a, que ter\u00e1 bancos, arboriza\u00e7\u00e3o e playground, o projeto tamb\u00e9m contempla a reforma da quadra, que passar\u00e1 a ser poliesportiva, a constru\u00e7\u00e3o de arquibancadas,&nbsp;pista de cooper e ciclovia.<\/p>\n\n\n\n<p>As benfeitorias ser\u00e3o aproveitadas por jovens, crian\u00e7as e adultos da comunidade, que tem, em sua maioria, moradores em situa\u00e7\u00e3o de vulnerabilidade social.<\/p>\n\n\n\n<div class=\"wp-block-image\"><figure class=\"aligncenter size-large\"><a href=\"https:\/\/www.blogsoestado.com\/danielmatos\/files\/2022\/05\/Screenshot_20220520-1517492.png\"><img decoding=\"async\" src=\"https:\/\/www.blogsoestado.com\/danielmatos\/files\/2022\/05\/Screenshot_20220520-1517492.png\" alt=\"\" class=\"wp-image-97382\"\/><\/a><figcaption>Prefeito Dr. Julinho faz gesto de carinho a crian\u00e7a da comunidade que acompanhou a assinatura da ordem de servi\u00e7o<\/figcaption><\/figure><\/div>\n\n\n\n<p>Segundo o estudante Vin\u00edcius Souza, a Vila Dr. Julinho sofre in\u00fameras discrimina\u00e7\u00f5es sociais, e a pra\u00e7a vem para trazer lazer e uni\u00e3o entre os moradores. &#8220;As pessoas pensam que aqui s\u00f3 tem criminalidade, mas isso n\u00e3o \u00e9 verdade. Aqui tem gente de bem, gente batalhadora que sai de casa todos os dias para trabalhar e ganhar o p\u00e3o de cada dia. N\u00f3s merecemos! Essa pra\u00e7a vai nos proporcionar lazer e esporte para nossas crian\u00e7as. Vamos sair dessa condi\u00e7\u00e3o de ociosidade&#8221;, destacou o jovem.<\/p>\n\n\n\n<div class=\"wp-block-image\"><figure class=\"aligncenter size-large\"><a href=\"https:\/\/www.blogsoestado.com\/danielmatos\/files\/2022\/05\/Screenshot_20220520-1518592.png\"><img decoding=\"async\" src=\"https:\/\/www.blogsoestado.com\/danielmatos\/files\/2022\/05\/Screenshot_20220520-1518592.png\" alt=\"\" class=\"wp-image-97383\"\/><\/a><figcaption>M\u00e1quina \u00e9 usada para limpar o terreno onde ser\u00e1 constru\u00edda a pra\u00e7a<\/figcaption><\/figure><\/div>\n\n\n\n<p>A obra come\u00e7ou logo depois que a ordem de servico foi assinada. A previs\u00e3o \u00e9 que seja conclu\u00edda em menos de 12 meses.<\/p>\n\n\n\n<div class=\"wp-block-image\"><figure class=\"aligncenter size-large\"><a href=\"https:\/\/www.blogsoestado.com\/danielmatos\/files\/2022\/05\/Screenshot_20220520-1519172.png\"><img decoding=\"async\" src=\"https:\/\/www.blogsoestado.com\/danielmatos\/files\/2022\/05\/Screenshot_20220520-1519172.png\" alt=\"\" class=\"wp-image-97384\"\/><\/a><figcaption>Equipe t\u00e9cnica confere detalhes do projeto de engenharia que ser\u00e1 executado na Vila Dr. Julinho<\/figcaption><\/figure><\/div>\n\n\n\n<p>De acordo com o prefeito da cidade, Dr. Julinho, esse \u00e9 mais um investimento para melhorar a qualidade de vida da popula\u00e7\u00e3o. \u201cSeguimos trabalhando por uma S\u00e3o Jos\u00e9 de Ribamar que contemple a todos. A Vila Dr. Julinho ficou esquecida por muito tempo e agora temos o compromisso de devolver dignidade a essas pessoas. Vamos construir a pra\u00e7a e as ruas receber\u00e3o pavimenta\u00e7\u00e3o. J\u00e1 come\u00e7amos pela rua Bom Jesus, com pavimenta\u00e7\u00e3o em bloquetes&#8221;, disse o prefeito.<\/p>\n","protected":false},"excerpt":{"rendered":"<p>A Prefeitura de S\u00e3o Jos\u00e9 de Ribamar assinou na manh\u00e3 desta quarta-feira (18), a ordem de servi\u00e7o para a constru\u00e7\u00e3o [&hellip;]<\/p>\n","protected":false},"author":0,"featured_media":0,"comment_status":"open","ping_status":"open","sticky":false,"template":"","format":"standard","meta":{"site-sidebar-layout":"default","site-content-layout":"","ast-site-content-layout":"default","site-content-style":"default","site-sidebar-style":"default","ast-global-header-display":"","ast-banner-title-visibility":"","ast-main-header-display":"","ast-hfb-above-header-display":"","ast-hfb-below-header-display":"","ast-hfb-mobile-header-display":"","site-post-title":"","ast-breadcrumbs-content":"","ast-featured-img":"","footer-sml-layout":"","ast-disable-related-posts":"","theme-transparent-header-meta":"","adv-header-id-meta":"","stick-header-meta":"","header-above-stick-meta":"","header-main-stick-meta":"","header-below-stick-meta":"","astra-migrate-meta-layouts":"default","ast-page-background-enabled":"default","ast-page-background-meta":{"desktop":{"background-color":"var(--ast-global-color-5)","background-image":"","background-repeat":"repeat","background-position":"center center","background-size":"auto","background-attachment":"scroll","background-type":"","background-media":"","overlay-type":"","overlay-color":"","overlay-opacity":"","overlay-gradient":""},"tablet":{"background-color":"","background-image":"","background-repeat":"repeat","background-position":"center center","background-size":"auto","background-attachment":"scroll","background-type":"","background-media":"","overlay-type":"","overlay-color":"","overlay-opacity":"","overlay-gradient":""},"mobile":{"background-color":"","background-image":"","background-repeat":"repeat","background-position":"center center","background-size":"auto","background-attachment":"scroll","background-type":"","background-media":"","overlay-type":"","overlay-color":"","overlay-opacity":"","overlay-gradient":""}},"ast-content-background-meta":{"desktop":{"background-color":"var(--ast-global-color-4)","background-image":"","background-repeat":"repeat","background-position":"center center","background-size":"auto","background-attachment":"scroll","background-type":"","background-media":"","overlay-type":"","overlay-color":"","overlay-opacity":"","overlay-gradient":""},"tablet":{"background-color":"var(--ast-global-color-4)","background-image":"","background-repeat":"repeat","background-position":"center center","background-size":"auto","background-attachment":"scroll","background-type":"","background-media":"","overlay-type":"","overlay-color":"","overlay-opacity":"","overlay-gradient":""},"mobile":{"background-color":"var(--ast-global-color-4)","background-image":"","background-repeat":"repeat","background-position":"center center","background-size":"auto","background-attachment":"scroll","background-type":"","background-media":"","overlay-type":"","overlay-color":"","overlay-opacity":"","overlay-gradient":""}},"footnotes":""},"categories":[1],"tags":[],"class_list":["post-97380","post","type-post","status-publish","format-standard","hentry","category-sem-categoria"],"yoast_head":"<!-- This site is optimized with the Yoast SEO plugin v26.6 - https:\/\/yoast.com\/wordpress\/plugins\/seo\/ -->\n<title>Prefeitura de S\u00e3o Jos\u00e9 de Ribamar assina ordem de servi\u00e7o para a constru\u00e7\u00e3o de uma pra\u00e7a na Vila Dr.Julinho - Daniel Matos<\/title>\n<meta name=\"robots\" content=\"index, follow, max-snippet:-1, max-image-preview:large, max-video-preview:-1\" \/>\n<link rel=\"canonical\" href=\"https:\/\/www.blogsoestado.com\/danielmatos\/prefeitura-de-sao-jose-de-ribamar-assina-ordem-de-servico-para-a-construcao-de-uma-praca-na-vila-dr-julinho\/\" \/>\n<meta property=\"og:locale\" content=\"pt_BR\" \/>\n<meta property=\"og:type\" content=\"article\" \/>\n<meta property=\"og:title\" content=\"Prefeitura de S\u00e3o Jos\u00e9 de Ribamar assina ordem de servi\u00e7o para a constru\u00e7\u00e3o de uma pra\u00e7a na Vila Dr.Julinho - Daniel Matos\" \/>\n<meta property=\"og:description\" content=\"A Prefeitura de S\u00e3o Jos\u00e9 de Ribamar assinou na manh\u00e3 desta quarta-feira (18), a ordem de servi\u00e7o para a constru\u00e7\u00e3o [&hellip;]\" \/>\n<meta property=\"og:url\" content=\"https:\/\/www.blogsoestado.com\/danielmatos\/prefeitura-de-sao-jose-de-ribamar-assina-ordem-de-servico-para-a-construcao-de-uma-praca-na-vila-dr-julinho\/\" \/>\n<meta property=\"og:site_name\" content=\"Daniel Matos\" \/>\n<meta property=\"article:published_time\" content=\"2022-05-20T18:33:54+00:00\" \/>\n<meta property=\"og:image\" content=\"https:\/\/www.blogsoestado.com\/danielmatos\/files\/2022\/05\/Screenshot_20220520-1517272.png\" \/>\n<meta name=\"twitter:card\" content=\"summary_large_image\" \/>\n<meta name=\"twitter:label1\" content=\"Est. tempo de leitura\" \/>\n\t<meta name=\"twitter:data1\" content=\"3 minutos\" \/>\n<script type=\"application\/ld+json\" class=\"yoast-schema-graph\">{\"@context\":\"https:\/\/schema.org\",\"@graph\":[{\"@type\":\"WebPage\",\"@id\":\"https:\/\/www.blogsoestado.com\/danielmatos\/prefeitura-de-sao-jose-de-ribamar-assina-ordem-de-servico-para-a-construcao-de-uma-praca-na-vila-dr-julinho\/\",\"url\":\"https:\/\/www.blogsoestado.com\/danielmatos\/prefeitura-de-sao-jose-de-ribamar-assina-ordem-de-servico-para-a-construcao-de-uma-praca-na-vila-dr-julinho\/\",\"name\":\"Prefeitura de S\u00e3o Jos\u00e9 de Ribamar assina ordem de servi\u00e7o para a constru\u00e7\u00e3o de uma pra\u00e7a na Vila Dr.Julinho - Daniel Matos\",\"isPartOf\":{\"@id\":\"https:\/\/www.blogsoestado.com\/danielmatos\/#website\"},\"primaryImageOfPage\":{\"@id\":\"https:\/\/www.blogsoestado.com\/danielmatos\/prefeitura-de-sao-jose-de-ribamar-assina-ordem-de-servico-para-a-construcao-de-uma-praca-na-vila-dr-julinho\/#primaryimage\"},\"image\":{\"@id\":\"https:\/\/www.blogsoestado.com\/danielmatos\/prefeitura-de-sao-jose-de-ribamar-assina-ordem-de-servico-para-a-construcao-de-uma-praca-na-vila-dr-julinho\/#primaryimage\"},\"thumbnailUrl\":\"https:\/\/www.blogsoestado.com\/danielmatos\/files\/2022\/05\/Screenshot_20220520-1517272.png\",\"datePublished\":\"2022-05-20T18:33:54+00:00\",\"author\":{\"@id\":\"\"},\"breadcrumb\":{\"@id\":\"https:\/\/www.blogsoestado.com\/danielmatos\/prefeitura-de-sao-jose-de-ribamar-assina-ordem-de-servico-para-a-construcao-de-uma-praca-na-vila-dr-julinho\/#breadcrumb\"},\"inLanguage\":\"pt-BR\",\"potentialAction\":[{\"@type\":\"ReadAction\",\"target\":[\"https:\/\/www.blogsoestado.com\/danielmatos\/prefeitura-de-sao-jose-de-ribamar-assina-ordem-de-servico-para-a-construcao-de-uma-praca-na-vila-dr-julinho\/\"]}]},{\"@type\":\"ImageObject\",\"inLanguage\":\"pt-BR\",\"@id\":\"https:\/\/www.blogsoestado.com\/danielmatos\/prefeitura-de-sao-jose-de-ribamar-assina-ordem-de-servico-para-a-construcao-de-uma-praca-na-vila-dr-julinho\/#primaryimage\",\"url\":\"https:\/\/www.blogsoestado.com\/danielmatos\/files\/2022\/05\/Screenshot_20220520-1517272.png\",\"contentUrl\":\"https:\/\/www.blogsoestado.com\/danielmatos\/files\/2022\/05\/Screenshot_20220520-1517272.png\"},{\"@type\":\"BreadcrumbList\",\"@id\":\"https:\/\/www.blogsoestado.com\/danielmatos\/prefeitura-de-sao-jose-de-ribamar-assina-ordem-de-servico-para-a-construcao-de-uma-praca-na-vila-dr-julinho\/#breadcrumb\",\"itemListElement\":[{\"@type\":\"ListItem\",\"position\":1,\"name\":\"In\u00edcio\",\"item\":\"https:\/\/www.blogsoestado.com\/danielmatos\/\"},{\"@type\":\"ListItem\",\"position\":2,\"name\":\"Prefeitura de S\u00e3o Jos\u00e9 de Ribamar assina ordem de servi\u00e7o para a constru\u00e7\u00e3o de uma pra\u00e7a na Vila Dr.Julinho\"}]},{\"@type\":\"WebSite\",\"@id\":\"https:\/\/www.blogsoestado.com\/danielmatos\/#website\",\"url\":\"https:\/\/www.blogsoestado.com\/danielmatos\/\",\"name\":\"Daniel Matos\",\"description\":\"\",\"potentialAction\":[{\"@type\":\"SearchAction\",\"target\":{\"@type\":\"EntryPoint\",\"urlTemplate\":\"https:\/\/www.blogsoestado.com\/danielmatos\/?s={search_term_string}\"},\"query-input\":{\"@type\":\"PropertyValueSpecification\",\"valueRequired\":true,\"valueName\":\"search_term_string\"}}],\"inLanguage\":\"pt-BR\"}]}<\/script>\n<!-- \/ Yoast SEO plugin. -->","yoast_head_json":{"title":"Prefeitura de S\u00e3o Jos\u00e9 de Ribamar assina ordem de servi\u00e7o para a constru\u00e7\u00e3o de uma pra\u00e7a na Vila Dr.Julinho - Daniel Matos","robots":{"index":"index","follow":"follow","max-snippet":"max-snippet:-1","max-image-preview":"max-image-preview:large","max-video-preview":"max-video-preview:-1"},"canonical":"https:\/\/www.blogsoestado.com\/danielmatos\/prefeitura-de-sao-jose-de-ribamar-assina-ordem-de-servico-para-a-construcao-de-uma-praca-na-vila-dr-julinho\/","og_locale":"pt_BR","og_type":"article","og_title":"Prefeitura de S\u00e3o Jos\u00e9 de Ribamar assina ordem de servi\u00e7o para a constru\u00e7\u00e3o de uma pra\u00e7a na Vila Dr.Julinho - Daniel Matos","og_description":"A Prefeitura de S\u00e3o Jos\u00e9 de Ribamar assinou na manh\u00e3 desta quarta-feira (18), a ordem de servi\u00e7o para a constru\u00e7\u00e3o [&hellip;]","og_url":"https:\/\/www.blogsoestado.com\/danielmatos\/prefeitura-de-sao-jose-de-ribamar-assina-ordem-de-servico-para-a-construcao-de-uma-praca-na-vila-dr-julinho\/","og_site_name":"Daniel Matos","article_published_time":"2022-05-20T18:33:54+00:00","og_image":[{"url":"https:\/\/www.blogsoestado.com\/danielmatos\/files\/2022\/05\/Screenshot_20220520-1517272.png","type":"","width":"","height":""}],"twitter_card":"summary_large_image","twitter_misc":{"Est. tempo de leitura":"3 minutos"},"schema":{"@context":"https:\/\/schema.org","@graph":[{"@type":"WebPage","@id":"https:\/\/www.blogsoestado.com\/danielmatos\/prefeitura-de-sao-jose-de-ribamar-assina-ordem-de-servico-para-a-construcao-de-uma-praca-na-vila-dr-julinho\/","url":"https:\/\/www.blogsoestado.com\/danielmatos\/prefeitura-de-sao-jose-de-ribamar-assina-ordem-de-servico-para-a-construcao-de-uma-praca-na-vila-dr-julinho\/","name":"Prefeitura de S\u00e3o Jos\u00e9 de Ribamar assina ordem de servi\u00e7o para a constru\u00e7\u00e3o de uma pra\u00e7a na Vila Dr.Julinho - Daniel Matos","isPartOf":{"@id":"https:\/\/www.blogsoestado.com\/danielmatos\/#website"},"primaryImageOfPage":{"@id":"https:\/\/www.blogsoestado.com\/danielmatos\/prefeitura-de-sao-jose-de-ribamar-assina-ordem-de-servico-para-a-construcao-de-uma-praca-na-vila-dr-julinho\/#primaryimage"},"image":{"@id":"https:\/\/www.blogsoestado.com\/danielmatos\/prefeitura-de-sao-jose-de-ribamar-assina-ordem-de-servico-para-a-construcao-de-uma-praca-na-vila-dr-julinho\/#primaryimage"},"thumbnailUrl":"https:\/\/www.blogsoestado.com\/danielmatos\/files\/2022\/05\/Screenshot_20220520-1517272.png","datePublished":"2022-05-20T18:33:54+00:00","author":{"@id":""},"breadcrumb":{"@id":"https:\/\/www.blogsoestado.com\/danielmatos\/prefeitura-de-sao-jose-de-ribamar-assina-ordem-de-servico-para-a-construcao-de-uma-praca-na-vila-dr-julinho\/#breadcrumb"},"inLanguage":"pt-BR","potentialAction":[{"@type":"ReadAction","target":["https:\/\/www.blogsoestado.com\/danielmatos\/prefeitura-de-sao-jose-de-ribamar-assina-ordem-de-servico-para-a-construcao-de-uma-praca-na-vila-dr-julinho\/"]}]},{"@type":"ImageObject","inLanguage":"pt-BR","@id":"https:\/\/www.blogsoestado.com\/danielmatos\/prefeitura-de-sao-jose-de-ribamar-assina-ordem-de-servico-para-a-construcao-de-uma-praca-na-vila-dr-julinho\/#primaryimage","url":"https:\/\/www.blogsoestado.com\/danielmatos\/files\/2022\/05\/Screenshot_20220520-1517272.png","contentUrl":"https:\/\/www.blogsoestado.com\/danielmatos\/files\/2022\/05\/Screenshot_20220520-1517272.png"},{"@type":"BreadcrumbList","@id":"https:\/\/www.blogsoestado.com\/danielmatos\/prefeitura-de-sao-jose-de-ribamar-assina-ordem-de-servico-para-a-construcao-de-uma-praca-na-vila-dr-julinho\/#breadcrumb","itemListElement":[{"@type":"ListItem","position":1,"name":"In\u00edcio","item":"https:\/\/www.blogsoestado.com\/danielmatos\/"},{"@type":"ListItem","position":2,"name":"Prefeitura de S\u00e3o Jos\u00e9 de Ribamar assina ordem de servi\u00e7o para a constru\u00e7\u00e3o de uma pra\u00e7a na Vila Dr.Julinho"}]},{"@type":"WebSite","@id":"https:\/\/www.blogsoestado.com\/danielmatos\/#website","url":"https:\/\/www.blogsoestado.com\/danielmatos\/","name":"Daniel Matos","description":"","potentialAction":[{"@type":"SearchAction","target":{"@type":"EntryPoint","urlTemplate":"https:\/\/www.blogsoestado.com\/danielmatos\/?s={search_term_string}"},"query-input":{"@type":"PropertyValueSpecification","valueRequired":true,"valueName":"search_term_string"}}],"inLanguage":"pt-BR"}]}},"jetpack_featured_media_url":"","_links":{"self":[{"href":"https:\/\/www.blogsoestado.com\/danielmatos\/wp-json\/wp\/v2\/posts\/97380","targetHints":{"allow":["GET"]}}],"collection":[{"href":"https:\/\/www.blogsoestado.com\/danielmatos\/wp-json\/wp\/v2\/posts"}],"about":[{"href":"https:\/\/www.blogsoestado.com\/danielmatos\/wp-json\/wp\/v2\/types\/post"}],"replies":[{"embeddable":true,"href":"https:\/\/www.blogsoestado.com\/danielmatos\/wp-json\/wp\/v2\/comments?post=97380"}],"version-history":[{"count":0,"href":"https:\/\/www.blogsoestado.com\/danielmatos\/wp-json\/wp\/v2\/posts\/97380\/revisions"}],"wp:attachment":[{"href":"https:\/\/www.blogsoestado.com\/danielmatos\/wp-json\/wp\/v2\/media?parent=97380"}],"wp:term":[{"taxonomy":"category","embeddable":true,"href":"https:\/\/www.blogsoestado.com\/danielmatos\/wp-json\/wp\/v2\/categories?post=97380"},{"taxonomy":"post_tag","embeddable":true,"href":"https:\/\/www.blogsoestado.com\/danielmatos\/wp-json\/wp\/v2\/tags?post=97380"}],"curies":[{"name":"wp","href":"https:\/\/api.w.org\/{rel}","templated":true}]}}