{"id":97407,"date":"2022-05-21T18:47:01","date_gmt":"2022-05-21T21:47:01","guid":{"rendered":"https:\/\/www.blogsoestado.com\/danielmatos\/?p=97407"},"modified":"2022-05-21T18:47:01","modified_gmt":"2022-05-21T21:47:01","slug":"ministro-victor-godoy-inaugura-predio-do-bict-e-anuncia-novos-investimentos-para-a-ufma","status":"publish","type":"post","link":"https:\/\/www.blogsoestado.com\/danielmatos\/ministro-victor-godoy-inaugura-predio-do-bict-e-anuncia-novos-investimentos-para-a-ufma\/","title":{"rendered":"Ministro Victor Godoy inaugura pr\u00e9dio do BICT e anuncia novos investimentos para a UFMA"},"content":{"rendered":"\n<div class=\"wp-block-image\"><figure class=\"aligncenter size-large\"><a href=\"https:\/\/www.blogsoestado.com\/danielmatos\/files\/2022\/05\/Screenshot_20220521-1838082.png\"><img decoding=\"async\" src=\"https:\/\/www.blogsoestado.com\/danielmatos\/files\/2022\/05\/Screenshot_20220521-1838082.png\" alt=\"\" class=\"wp-image-97408\"\/><\/a><figcaption>A solenidade de inaugura\u00e7\u00e3o foi comandada pelo ministro de Estado da Educa\u00e7\u00e3o, Victor Godoy Veiga, e pelo reitor Natalino Salgado.<\/figcaption><\/figure><\/div>\n\n\n\n<p>A\u00a0Universidade\u00a0Federal do Maranh\u00e3o (UFMA) inaugurou,\u00a0nessa\u00a0sexta-feira, 20, o novo pr\u00e9dio do Bacharelado Interdisciplinar em Ci\u00eancia e Tecnologia (BICT), situado na Cidade Universit\u00e1ria Dom Delgado, no C\u00e2mpus de S\u00e3o Lu\u00eds. A solenidade de inaugura\u00e7\u00e3o foi comandada pelo ministro de Estado da Educa\u00e7\u00e3o, Victor Godoy Veiga, e pelo reitor Natalino Salgado, com as presen\u00e7as de gestores do MEC e da administra\u00e7\u00e3o superior da Universidade, autoridades, estudantes e convidados.<\/p>\n\n\n\n<p>Al\u00e9m do ministro da Educa\u00e7\u00e3o e do reitor da UFMA, a composi\u00e7\u00e3o do dispositivo de honra foi formada pelo presidente do Fundo Nacional de Desenvolvimento da Educa\u00e7\u00e3o (FNDE), Marcelo Ponte; pelo diretor do Centro de Ci\u00eancias Exatas e Tecnologia da UFMA, Auro Tanaka; pelo coordenador do pr\u00e9dio das Engenharias da UFMA, Marcos Aur\u00e9lio Santos; pelo coordenador do Bacharelado Interdisciplinar em Ci\u00eancia e Tecnologia, Igo T\u00f4rres Lima, e pelo presidente do Diret\u00f3rio Central dos Estudantes da UFMA, Marcony Edson Silva de Matos.\u00a0 \u00a0\u00a0<\/p>\n\n\n\n<p>Victor Godoy abriu o seu pronunciamento afirmando que a UFMA tem um reitor, que, al\u00e9m de m\u00e9dico, \u00e9 um excelente administrador. Ele lembrou que a UFMA foi a primeira universidade federal a aderir \u00e0&nbsp;<a href=\"https:\/\/www.gov.br\/ebserh\/pt-br\" target=\"_blank\" rel=\"noreferrer noopener\">Empresa Brasileira de Servi\u00e7os Hospitalares<\/a>&nbsp;(EBSERH). Segundo o ministro, uma decis\u00e3o vision\u00e1ria do reitor Natalino Salgado. Em seguida, destacou resultados de trabalho e falou sobre a import\u00e2ncia do pr\u00e9dio do BICT para as engenharias no Maranh\u00e3o.<\/p>\n\n\n\n<p>\u201cHoje \u00e9 um dia de festa. \u00c9 um dia de comemora\u00e7\u00e3o. N\u00f3s estamos aqui, na entrega desse pr\u00e9dio, e, para mim que conhe\u00e7o bastante o trabalho do reitor Natalino Salgado e de toda a sua equipe, esse pr\u00e9dio tem o tamanho e a qualidade que a UFMA merece. \u00c9 muito gratificante estar aqui, representando o Minist\u00e9rio da Educa\u00e7\u00e3o para apoiar a UFMA na implementa\u00e7\u00e3o dos cursos, contem com o MEC\u201d, afirmou o ministro Victor Godoy.<\/p>\n\n\n\n<div class=\"wp-block-image\"><figure class=\"aligncenter size-large\"><a href=\"https:\/\/www.blogsoestado.com\/danielmatos\/files\/2022\/05\/Screenshot_20220521-1838282.png\"><img decoding=\"async\" src=\"https:\/\/www.blogsoestado.com\/danielmatos\/files\/2022\/05\/Screenshot_20220521-1838282.png\" alt=\"\" class=\"wp-image-97409\"\/><\/a><figcaption>O reitor da UFMA, Natalino Salgado,. cumprimenta o ministro de Estado da Educa\u00e7\u00e3o, Victor Godoy Veiga, no ato da inaugura\u00e7\u00e3o<\/figcaption><\/figure><\/div>\n\n\n\n<p>\u201cAntecipo aqui, inclusive, o apoio que a gente aprovou, no Minist\u00e9rio da Educa\u00e7\u00e3o, de R$ 3,5 milh\u00f5es, para a UFMA concluir os pr\u00e9dios da Enfermagem, no c\u00e2mpus de S\u00e3o Lu\u00eds, e do curso de Medicina, no c\u00e2mpus de Imperatriz, ambos previstos para serem inaugurados em novembro deste ano\u201d. Victor Godoy anunciou ainda que o MEC vai apoiar na extens\u00e3o do programa dos chips, beneficiando os alunos mais vulner\u00e1veis.<\/p>\n\n\n\n<p>\u201cDei o meu compromisso ao reitor para ajudar em tudo o que for poss\u00edvel para implantar os cursos de Engenharia Mecatr\u00f4nica, Engenharia de Transporte Multimodal, com foco no portu\u00e1rio, e, posteriormente, o curso de Engenharia Rob\u00f3tica. N\u00f3s valorizamos o ensino superior e desejamos que esse novo equipamento traga muito desenvolvimento para a regi\u00e3o, melhores condi\u00e7\u00f5es aos alunos, docentes, t\u00e9cnicos administrativos, para que, no futuro, a gente veja muitos engenheiros formados, ajudando no desenvolvimento do nosso pa\u00eds\u201d, finalizou Victor Godoy.<\/p>\n\n\n\n<p>O reitor Natalino Salgado iniciou o seu discurso enaltecendo o trabalho de todos que somaram esfor\u00e7os para a constru\u00e7\u00e3o do pr\u00e9dio. \u201cN\u00f3s estamos hoje inaugurando uma edifica\u00e7\u00e3o desse tamanho e com essa complexidade de infraestrutura e potencial para permitir todo o desenvolvimento de pesquisa, de ensino e qualidade, sobretudo numa \u00e1rea estrat\u00e9gica, que \u00e9 a engenharia. Um trabalho que se deve a muitos trabalhadores. Trabalhadores que precisam receber a nossa gratid\u00e3o e a nossa homenagem\u201d, disse o reitor Natalino Salgado.<\/p>\n\n\n\n<p>\u201cA Educa\u00e7\u00e3o \u00e9 que move o desenvolvimento de qualquer pa\u00eds. Qualquer pa\u00eds que deseja crescer investindo em inova\u00e7\u00e3o e educa\u00e7\u00e3o, por seus princ\u00edpios democr\u00e1ticos, ter\u00e1 sempre a educa\u00e7\u00e3o como motor para igualdade social. Renovo sempre aqui o apoio que temos recebido do MEC\u201d, complementou o reitor. Segundo ele, o Minist\u00e9rio da Educa\u00e7\u00e3o tamb\u00e9m deu um grande apoio para a conclus\u00e3o do C\u00e2mpus de Balsas, que vai ser inaugurado nos pr\u00f3ximos meses.<\/p>\n\n\n\n<div class=\"wp-block-image\"><figure class=\"aligncenter size-large\"><a href=\"https:\/\/www.blogsoestado.com\/danielmatos\/files\/2022\/05\/Screenshot_20220521-1838472.png\"><img decoding=\"async\" src=\"https:\/\/www.blogsoestado.com\/danielmatos\/files\/2022\/05\/Screenshot_20220521-1838472.png\" alt=\"\" class=\"wp-image-97410\"\/><\/a><figcaption>Em seu pronunciamento, o reitor Natalino Salgado destacou que a Educa\u00e7\u00e3o \u00e9 que move o desenvolvimento de qualquer pa\u00eds<\/figcaption><\/figure><\/div>\n\n\n\n<p>O reitor anunciou ainda que a UFMA est\u00e1 com um grupo de alto n\u00edvel construindo projetos estrat\u00e9gicos para ampliar as engenharias na institui\u00e7\u00e3o. Uma delas \u00e9 na \u00e1rea de transporte multimodal, com foco na \u00e1rea portu\u00e1ria. S\u00e3o \u00e1reas estrat\u00e9gicas para o nosso estado e pa\u00eds\u201d, concluiu o reitor.<\/p>\n\n\n\n<p><strong>Visita ao HU-UFMA-Ebserh-MEC<\/strong><\/p>\n\n\n\n<p>Pela manh\u00e3, o ministro da Educa\u00e7\u00e3o, acompanhado de assessores, entre eles, Ant\u00f4nio C\u00e9sar Alves Rocha, presidente em exerc\u00edcio da Rede Ebserh \u2014 estatal que administra o hospital\u2014, fez uma visita t\u00e9cnica ao Hospital Universit\u00e1rio da Universidade Federal do Maranh\u00e3o (HU-UFMA-Ebserh-MEC). Na ocasi\u00e3o, Victor Godoy Veiga destacou a atua\u00e7\u00e3o da unidade hospitalar no cen\u00e1rio brasileiro.<\/p>\n\n\n\n<p><strong>Saiba mais sobre BICT<\/strong><\/p>\n\n\n\n<p>Instalado em uma \u00e1rea de 7.817.34 metros quadrados, o novo pr\u00e9dio do Bacharelado Interdisciplinar em Ci\u00eancia e Tecnologia (BICT) vai sediar os cursos das engenharias aeroespacial, ambiental e sanit\u00e1ria, civil, da computa\u00e7\u00e3o e mec\u00e2nica. Docentes e discentes compartilhar\u00e3o conhecimentos e aprendizado em amplas e modernas instala\u00e7\u00f5es, em um ambiente confort\u00e1vel e motivador para o desenvolvimento de atividades de ensino, pesquisa, extens\u00e3o e inova\u00e7\u00e3o.&nbsp;&nbsp;<\/p>\n\n\n\n<p>Crescendo em ritmo acelerado, impulsionada pela conquista de \u00edndices e resultados de excel\u00eancia, a UFMA vem se destacando como uma das melhores institui\u00e7\u00f5es de ensino superior do Norte-Nordeste. Sempre focada em sua miss\u00e3o, desenvolve, h\u00e1 d\u00e9cadas, um trabalho de alta relev\u00e2ncia no processo de transforma\u00e7\u00e3o de realidades, em diversas \u00e1reas das engenharias. Antenada \u00e0s novas demandas de crescimento econ\u00f4mico e tecnol\u00f3gico do estado, a institui\u00e7\u00e3o implantou, em 2013, o Bacharelado Interdisciplinar em Ci\u00eancia e Tecnologia (BICT).<\/p>\n\n\n\n<div class=\"wp-block-image\"><figure class=\"aligncenter size-large\"><a href=\"https:\/\/www.blogsoestado.com\/danielmatos\/files\/2022\/05\/Screenshot_20220521-1839042.png\"><img decoding=\"async\" src=\"https:\/\/www.blogsoestado.com\/danielmatos\/files\/2022\/05\/Screenshot_20220521-1839042.png\" alt=\"\" class=\"wp-image-97411\"\/><\/a><figcaption>A cerim\u00f4nia tamb\u00e9m contou com as presen\u00e7as de gestores do MEC e da administra\u00e7\u00e3o superior da Universidade, autoridades, estudantes e convidados<\/figcaption><\/figure><\/div>\n\n\n\n<p>A partir de ent\u00e3o, o curso de gradua\u00e7\u00e3o se configura numa forma\u00e7\u00e3o tecnol\u00f3gica mais ampla e abrangente. O primeiro ciclo tem um car\u00e1ter interdisciplinar. O segundo \u00e9 formado pelas engenharias aeroespacial, ambiental e sanit\u00e1ria, civil, da computa\u00e7\u00e3o e mec\u00e2nica. Para atender ao curso, uma nova estrutura foi constru\u00edda pela UFMA, com recursos do Governo Federal.<\/p>\n\n\n\n<p><strong>Novo pr\u00e9dio: inova\u00e7\u00e3o na educa\u00e7\u00e3o<\/strong><\/p>\n\n\n\n<p>Ocupando uma \u00e1rea de 7.817,34 metros quadrados, o novo pr\u00e9dio do BICT foi or\u00e7ado em quase 14 milh\u00f5es de reais e vai contribuir para o desenvolvimento do ensino, da pesquisa e extens\u00e3o. Com tr\u00eas pavimentos, o pr\u00e9dio proporcionar\u00e1 maior integra\u00e7\u00e3o entre os cursos de engenharia. Todo o pr\u00e9dio \u00e9 equipado com elevador para garantir acessibilidade.<\/p>\n\n\n\n<p>O pavimento t\u00e9rreo \u00e9 formado por dois miniaudit\u00f3rios, laborat\u00f3rios de inform\u00e1tica e de atividades acad\u00eamicas, coordena\u00e7\u00f5es de cursos, secretarias acad\u00eamicas, cantina e \u00e1rea de conviv\u00eancia. O primeiro pavimento tem salas de aulas conjugadas e laborat\u00f3rios espec\u00edficos das engenharias, e, no segundo pavimento, est\u00e3o localizadas salas para professores, espa\u00e7os para atendimentos aos estudantes, salas de reuni\u00e3o e \u00e1rea de viv\u00eancia.<\/p>\n","protected":false},"excerpt":{"rendered":"<p>A\u00a0Universidade\u00a0Federal do Maranh\u00e3o (UFMA) inaugurou,\u00a0nessa\u00a0sexta-feira, 20, o novo pr\u00e9dio do Bacharelado Interdisciplinar em Ci\u00eancia e Tecnologia (BICT), situado na Cidade [&hellip;]<\/p>\n","protected":false},"author":0,"featured_media":0,"comment_status":"open","ping_status":"open","sticky":false,"template":"","format":"standard","meta":{"site-sidebar-layout":"default","site-content-layout":"","ast-site-content-layout":"default","site-content-style":"default","site-sidebar-style":"default","ast-global-header-display":"","ast-banner-title-visibility":"","ast-main-header-display":"","ast-hfb-above-header-display":"","ast-hfb-below-header-display":"","ast-hfb-mobile-header-display":"","site-post-title":"","ast-breadcrumbs-content":"","ast-featured-img":"","footer-sml-layout":"","ast-disable-related-posts":"","theme-transparent-header-meta":"","adv-header-id-meta":"","stick-header-meta":"","header-above-stick-meta":"","header-main-stick-meta":"","header-below-stick-meta":"","astra-migrate-meta-layouts":"default","ast-page-background-enabled":"default","ast-page-background-meta":{"desktop":{"background-color":"var(--ast-global-color-5)","background-image":"","background-repeat":"repeat","background-position":"center center","background-size":"auto","background-attachment":"scroll","background-type":"","background-media":"","overlay-type":"","overlay-color":"","overlay-opacity":"","overlay-gradient":""},"tablet":{"background-color":"","background-image":"","background-repeat":"repeat","background-position":"center center","background-size":"auto","background-attachment":"scroll","background-type":"","background-media":"","overlay-type":"","overlay-color":"","overlay-opacity":"","overlay-gradient":""},"mobile":{"background-color":"","background-image":"","background-repeat":"repeat","background-position":"center center","background-size":"auto","background-attachment":"scroll","background-type":"","background-media":"","overlay-type":"","overlay-color":"","overlay-opacity":"","overlay-gradient":""}},"ast-content-background-meta":{"desktop":{"background-color":"var(--ast-global-color-4)","background-image":"","background-repeat":"repeat","background-position":"center center","background-size":"auto","background-attachment":"scroll","background-type":"","background-media":"","overlay-type":"","overlay-color":"","overlay-opacity":"","overlay-gradient":""},"tablet":{"background-color":"var(--ast-global-color-4)","background-image":"","background-repeat":"repeat","background-position":"center center","background-size":"auto","background-attachment":"scroll","background-type":"","background-media":"","overlay-type":"","overlay-color":"","overlay-opacity":"","overlay-gradient":""},"mobile":{"background-color":"var(--ast-global-color-4)","background-image":"","background-repeat":"repeat","background-position":"center center","background-size":"auto","background-attachment":"scroll","background-type":"","background-media":"","overlay-type":"","overlay-color":"","overlay-opacity":"","overlay-gradient":""}},"footnotes":""},"categories":[1],"tags":[],"class_list":["post-97407","post","type-post","status-publish","format-standard","hentry","category-sem-categoria"],"yoast_head":"<!-- This site is optimized with the Yoast SEO plugin v26.6 - https:\/\/yoast.com\/wordpress\/plugins\/seo\/ -->\n<title>Ministro Victor Godoy inaugura pr\u00e9dio do BICT e anuncia novos investimentos para a UFMA - Daniel Matos<\/title>\n<meta name=\"robots\" content=\"index, follow, max-snippet:-1, max-image-preview:large, max-video-preview:-1\" \/>\n<link rel=\"canonical\" href=\"https:\/\/www.blogsoestado.com\/danielmatos\/ministro-victor-godoy-inaugura-predio-do-bict-e-anuncia-novos-investimentos-para-a-ufma\/\" \/>\n<meta property=\"og:locale\" content=\"pt_BR\" \/>\n<meta property=\"og:type\" content=\"article\" \/>\n<meta property=\"og:title\" content=\"Ministro Victor Godoy inaugura pr\u00e9dio do BICT e anuncia novos investimentos para a UFMA - Daniel Matos\" \/>\n<meta property=\"og:description\" content=\"A\u00a0Universidade\u00a0Federal do Maranh\u00e3o (UFMA) inaugurou,\u00a0nessa\u00a0sexta-feira, 20, o novo pr\u00e9dio do Bacharelado Interdisciplinar em Ci\u00eancia e Tecnologia (BICT), situado na Cidade [&hellip;]\" \/>\n<meta property=\"og:url\" content=\"https:\/\/www.blogsoestado.com\/danielmatos\/ministro-victor-godoy-inaugura-predio-do-bict-e-anuncia-novos-investimentos-para-a-ufma\/\" \/>\n<meta property=\"og:site_name\" content=\"Daniel Matos\" \/>\n<meta property=\"article:published_time\" content=\"2022-05-21T21:47:01+00:00\" \/>\n<meta property=\"og:image\" content=\"https:\/\/www.blogsoestado.com\/danielmatos\/files\/2022\/05\/Screenshot_20220521-1838082.png\" \/>\n<meta name=\"twitter:card\" content=\"summary_large_image\" \/>\n<meta name=\"twitter:label1\" content=\"Est. tempo de leitura\" \/>\n\t<meta name=\"twitter:data1\" content=\"6 minutos\" \/>\n<script type=\"application\/ld+json\" class=\"yoast-schema-graph\">{\"@context\":\"https:\/\/schema.org\",\"@graph\":[{\"@type\":\"WebPage\",\"@id\":\"https:\/\/www.blogsoestado.com\/danielmatos\/ministro-victor-godoy-inaugura-predio-do-bict-e-anuncia-novos-investimentos-para-a-ufma\/\",\"url\":\"https:\/\/www.blogsoestado.com\/danielmatos\/ministro-victor-godoy-inaugura-predio-do-bict-e-anuncia-novos-investimentos-para-a-ufma\/\",\"name\":\"Ministro Victor Godoy inaugura pr\u00e9dio do BICT e anuncia novos investimentos para a UFMA - Daniel Matos\",\"isPartOf\":{\"@id\":\"https:\/\/www.blogsoestado.com\/danielmatos\/#website\"},\"primaryImageOfPage\":{\"@id\":\"https:\/\/www.blogsoestado.com\/danielmatos\/ministro-victor-godoy-inaugura-predio-do-bict-e-anuncia-novos-investimentos-para-a-ufma\/#primaryimage\"},\"image\":{\"@id\":\"https:\/\/www.blogsoestado.com\/danielmatos\/ministro-victor-godoy-inaugura-predio-do-bict-e-anuncia-novos-investimentos-para-a-ufma\/#primaryimage\"},\"thumbnailUrl\":\"https:\/\/www.blogsoestado.com\/danielmatos\/files\/2022\/05\/Screenshot_20220521-1838082.png\",\"datePublished\":\"2022-05-21T21:47:01+00:00\",\"author\":{\"@id\":\"\"},\"breadcrumb\":{\"@id\":\"https:\/\/www.blogsoestado.com\/danielmatos\/ministro-victor-godoy-inaugura-predio-do-bict-e-anuncia-novos-investimentos-para-a-ufma\/#breadcrumb\"},\"inLanguage\":\"pt-BR\",\"potentialAction\":[{\"@type\":\"ReadAction\",\"target\":[\"https:\/\/www.blogsoestado.com\/danielmatos\/ministro-victor-godoy-inaugura-predio-do-bict-e-anuncia-novos-investimentos-para-a-ufma\/\"]}]},{\"@type\":\"ImageObject\",\"inLanguage\":\"pt-BR\",\"@id\":\"https:\/\/www.blogsoestado.com\/danielmatos\/ministro-victor-godoy-inaugura-predio-do-bict-e-anuncia-novos-investimentos-para-a-ufma\/#primaryimage\",\"url\":\"https:\/\/www.blogsoestado.com\/danielmatos\/files\/2022\/05\/Screenshot_20220521-1838082.png\",\"contentUrl\":\"https:\/\/www.blogsoestado.com\/danielmatos\/files\/2022\/05\/Screenshot_20220521-1838082.png\"},{\"@type\":\"BreadcrumbList\",\"@id\":\"https:\/\/www.blogsoestado.com\/danielmatos\/ministro-victor-godoy-inaugura-predio-do-bict-e-anuncia-novos-investimentos-para-a-ufma\/#breadcrumb\",\"itemListElement\":[{\"@type\":\"ListItem\",\"position\":1,\"name\":\"In\u00edcio\",\"item\":\"https:\/\/www.blogsoestado.com\/danielmatos\/\"},{\"@type\":\"ListItem\",\"position\":2,\"name\":\"Ministro Victor Godoy inaugura pr\u00e9dio do BICT e anuncia novos investimentos para a UFMA\"}]},{\"@type\":\"WebSite\",\"@id\":\"https:\/\/www.blogsoestado.com\/danielmatos\/#website\",\"url\":\"https:\/\/www.blogsoestado.com\/danielmatos\/\",\"name\":\"Daniel Matos\",\"description\":\"\",\"potentialAction\":[{\"@type\":\"SearchAction\",\"target\":{\"@type\":\"EntryPoint\",\"urlTemplate\":\"https:\/\/www.blogsoestado.com\/danielmatos\/?s={search_term_string}\"},\"query-input\":{\"@type\":\"PropertyValueSpecification\",\"valueRequired\":true,\"valueName\":\"search_term_string\"}}],\"inLanguage\":\"pt-BR\"}]}<\/script>\n<!-- \/ Yoast SEO plugin. -->","yoast_head_json":{"title":"Ministro Victor Godoy inaugura pr\u00e9dio do BICT e anuncia novos investimentos para a UFMA - Daniel Matos","robots":{"index":"index","follow":"follow","max-snippet":"max-snippet:-1","max-image-preview":"max-image-preview:large","max-video-preview":"max-video-preview:-1"},"canonical":"https:\/\/www.blogsoestado.com\/danielmatos\/ministro-victor-godoy-inaugura-predio-do-bict-e-anuncia-novos-investimentos-para-a-ufma\/","og_locale":"pt_BR","og_type":"article","og_title":"Ministro Victor Godoy inaugura pr\u00e9dio do BICT e anuncia novos investimentos para a UFMA - Daniel Matos","og_description":"A\u00a0Universidade\u00a0Federal do Maranh\u00e3o (UFMA) inaugurou,\u00a0nessa\u00a0sexta-feira, 20, o novo pr\u00e9dio do Bacharelado Interdisciplinar em Ci\u00eancia e Tecnologia (BICT), situado na Cidade [&hellip;]","og_url":"https:\/\/www.blogsoestado.com\/danielmatos\/ministro-victor-godoy-inaugura-predio-do-bict-e-anuncia-novos-investimentos-para-a-ufma\/","og_site_name":"Daniel Matos","article_published_time":"2022-05-21T21:47:01+00:00","og_image":[{"url":"https:\/\/www.blogsoestado.com\/danielmatos\/files\/2022\/05\/Screenshot_20220521-1838082.png","type":"","width":"","height":""}],"twitter_card":"summary_large_image","twitter_misc":{"Est. tempo de leitura":"6 minutos"},"schema":{"@context":"https:\/\/schema.org","@graph":[{"@type":"WebPage","@id":"https:\/\/www.blogsoestado.com\/danielmatos\/ministro-victor-godoy-inaugura-predio-do-bict-e-anuncia-novos-investimentos-para-a-ufma\/","url":"https:\/\/www.blogsoestado.com\/danielmatos\/ministro-victor-godoy-inaugura-predio-do-bict-e-anuncia-novos-investimentos-para-a-ufma\/","name":"Ministro Victor Godoy inaugura pr\u00e9dio do BICT e anuncia novos investimentos para a UFMA - Daniel Matos","isPartOf":{"@id":"https:\/\/www.blogsoestado.com\/danielmatos\/#website"},"primaryImageOfPage":{"@id":"https:\/\/www.blogsoestado.com\/danielmatos\/ministro-victor-godoy-inaugura-predio-do-bict-e-anuncia-novos-investimentos-para-a-ufma\/#primaryimage"},"image":{"@id":"https:\/\/www.blogsoestado.com\/danielmatos\/ministro-victor-godoy-inaugura-predio-do-bict-e-anuncia-novos-investimentos-para-a-ufma\/#primaryimage"},"thumbnailUrl":"https:\/\/www.blogsoestado.com\/danielmatos\/files\/2022\/05\/Screenshot_20220521-1838082.png","datePublished":"2022-05-21T21:47:01+00:00","author":{"@id":""},"breadcrumb":{"@id":"https:\/\/www.blogsoestado.com\/danielmatos\/ministro-victor-godoy-inaugura-predio-do-bict-e-anuncia-novos-investimentos-para-a-ufma\/#breadcrumb"},"inLanguage":"pt-BR","potentialAction":[{"@type":"ReadAction","target":["https:\/\/www.blogsoestado.com\/danielmatos\/ministro-victor-godoy-inaugura-predio-do-bict-e-anuncia-novos-investimentos-para-a-ufma\/"]}]},{"@type":"ImageObject","inLanguage":"pt-BR","@id":"https:\/\/www.blogsoestado.com\/danielmatos\/ministro-victor-godoy-inaugura-predio-do-bict-e-anuncia-novos-investimentos-para-a-ufma\/#primaryimage","url":"https:\/\/www.blogsoestado.com\/danielmatos\/files\/2022\/05\/Screenshot_20220521-1838082.png","contentUrl":"https:\/\/www.blogsoestado.com\/danielmatos\/files\/2022\/05\/Screenshot_20220521-1838082.png"},{"@type":"BreadcrumbList","@id":"https:\/\/www.blogsoestado.com\/danielmatos\/ministro-victor-godoy-inaugura-predio-do-bict-e-anuncia-novos-investimentos-para-a-ufma\/#breadcrumb","itemListElement":[{"@type":"ListItem","position":1,"name":"In\u00edcio","item":"https:\/\/www.blogsoestado.com\/danielmatos\/"},{"@type":"ListItem","position":2,"name":"Ministro Victor Godoy inaugura pr\u00e9dio do BICT e anuncia novos investimentos para a UFMA"}]},{"@type":"WebSite","@id":"https:\/\/www.blogsoestado.com\/danielmatos\/#website","url":"https:\/\/www.blogsoestado.com\/danielmatos\/","name":"Daniel Matos","description":"","potentialAction":[{"@type":"SearchAction","target":{"@type":"EntryPoint","urlTemplate":"https:\/\/www.blogsoestado.com\/danielmatos\/?s={search_term_string}"},"query-input":{"@type":"PropertyValueSpecification","valueRequired":true,"valueName":"search_term_string"}}],"inLanguage":"pt-BR"}]}},"jetpack_featured_media_url":"","_links":{"self":[{"href":"https:\/\/www.blogsoestado.com\/danielmatos\/wp-json\/wp\/v2\/posts\/97407","targetHints":{"allow":["GET"]}}],"collection":[{"href":"https:\/\/www.blogsoestado.com\/danielmatos\/wp-json\/wp\/v2\/posts"}],"about":[{"href":"https:\/\/www.blogsoestado.com\/danielmatos\/wp-json\/wp\/v2\/types\/post"}],"replies":[{"embeddable":true,"href":"https:\/\/www.blogsoestado.com\/danielmatos\/wp-json\/wp\/v2\/comments?post=97407"}],"version-history":[{"count":0,"href":"https:\/\/www.blogsoestado.com\/danielmatos\/wp-json\/wp\/v2\/posts\/97407\/revisions"}],"wp:attachment":[{"href":"https:\/\/www.blogsoestado.com\/danielmatos\/wp-json\/wp\/v2\/media?parent=97407"}],"wp:term":[{"taxonomy":"category","embeddable":true,"href":"https:\/\/www.blogsoestado.com\/danielmatos\/wp-json\/wp\/v2\/categories?post=97407"},{"taxonomy":"post_tag","embeddable":true,"href":"https:\/\/www.blogsoestado.com\/danielmatos\/wp-json\/wp\/v2\/tags?post=97407"}],"curies":[{"name":"wp","href":"https:\/\/api.w.org\/{rel}","templated":true}]}}