{"id":97980,"date":"2022-06-10T14:54:19","date_gmt":"2022-06-10T17:54:19","guid":{"rendered":"https:\/\/www.blogsoestado.com\/danielmatos\/?p=97980"},"modified":"2022-06-10T14:54:19","modified_gmt":"2022-06-10T17:54:19","slug":"paco-do-lumiar-prefeita-paula-azevedo-cumpre-promessa-de-pavimentar-ruas-do-conjunto-abdalla-e-do-residencial-roseana-sarney","status":"publish","type":"post","link":"https:\/\/www.blogsoestado.com\/danielmatos\/paco-do-lumiar-prefeita-paula-azevedo-cumpre-promessa-de-pavimentar-ruas-do-conjunto-abdalla-e-do-residencial-roseana-sarney\/","title":{"rendered":"Pa\u00e7o do Lumiar: prefeita Paula Azevedo cumpre promessa de pavimentar ruas do Conjunto Abdalla e do Residencial Roseana Sarney"},"content":{"rendered":"\n<div class=\"wp-block-image\"><figure class=\"aligncenter size-large\"><a href=\"https:\/\/www.blogsoestado.com\/danielmatos\/files\/2022\/06\/Screenshot_20220610-1436272.png\"><img decoding=\"async\" src=\"https:\/\/www.blogsoestado.com\/danielmatos\/files\/2022\/06\/Screenshot_20220610-1436272.png\" alt=\"\" class=\"wp-image-97981\"\/><\/a><figcaption>Populares manifestaram extrema satisfa\u00e7\u00e3o durante a inaugura\u00e7\u00e3o das obras de infraestrutura<\/figcaption><\/figure><\/div>\n\n\n\n<p>Um sonho realizado! Depois de mais de 20 anos de espera, os moradores da Rua 4 do Residencial Abdalla II e da Rua do Ferreiro, no Conjunto Roseana Sarney agora podem sair de casa e andar por vias recuperadas e pavimentadas com revestimento em bloquetes. Os servi\u00e7os foram executados com recursos pr\u00f3prios da Prefeitura de Pa\u00e7o do Lumiar, atrav\u00e9s da Secretaria Municipal de Infraestrutura e Urbanismo-SEMIU. A Rua 4, possui 147 metros de extens\u00e3o e a Rua do Ferreiro, possui um total de 130 metros, conforme o cronograma da Prefeitura.<\/p>\n\n\n\n<div class=\"wp-block-image\"><figure class=\"aligncenter size-large\"><a href=\"https:\/\/www.blogsoestado.com\/danielmatos\/files\/2022\/06\/Screenshot_20220610-1437002.png\"><img decoding=\"async\" src=\"https:\/\/www.blogsoestado.com\/danielmatos\/files\/2022\/06\/Screenshot_20220610-1437002.png\" alt=\"\" class=\"wp-image-97982\"\/><\/a><figcaption>Paula Azevedo comemora com a popula\u00e7\u00e3o a pavimenta\u00e7\u00e3o das vias p\u00fablicas<\/figcaption><\/figure><\/div>\n\n\n\n<p>As obras foram prometidas no in\u00edcio da gest\u00e3o da Prefeita Paula Azevedo (PCdoB), em 2019, quando ela caminhou com os moradores e garantiu revitalizar ruas e levar melhorias para as comunidades. Na \u00e9poca, a prefeita conversou com a popula\u00e7\u00e3o, que em sua maioria, se dizia desesperan\u00e7osa, no entanto, as promessas gradativamente se tornaram realidade e Paula ganhou a confian\u00e7a popular, desde ent\u00e3o, foram v\u00e1rias melhorias, o corredor de transportes do Abdalla II foi completamente restaurado, beneficiando as duas comunidades com mais transporte e qualidade de vida, al\u00e9m de servi\u00e7os de regulariza\u00e7\u00e3o fundi\u00e1ria e um vasto cronograma de a\u00e7\u00f5es que vem sendo cumprido nas duas localidades e em todo o munic\u00edpio.<\/p>\n\n\n\n<div class=\"wp-block-image\"><figure class=\"aligncenter size-large\"><a href=\"https:\/\/www.blogsoestado.com\/danielmatos\/files\/2022\/06\/Screenshot_20220610-1437232.png\"><img decoding=\"async\" src=\"https:\/\/www.blogsoestado.com\/danielmatos\/files\/2022\/06\/Screenshot_20220610-1437232.png\" alt=\"\" class=\"wp-image-97983\"\/><\/a><figcaption>Uma das ruas que teve o piso revestido com bloquetes, favorecendo a mobilidade<\/figcaption><\/figure><\/div>\n\n\n\n<p>Paula vem desconstruindo fal\u00e1cias dos seus opositores, com uma linguagem popular, por\u00e9m bastante eficaz, ela discursou, comparando a antiga realidade das vias recuperadas com a atual. &#8220;Quando caminhamos na Rua 4 do Conjunto Abdalla II e na Rua do Ferreiro, no Residencial Roseana Sarney, n\u00f3s v\u00edamos ruas intrafeg\u00e1veis, era realmente muito dif\u00edcil. Desde ent\u00e3o, percebemos que seriam necess\u00e1rias v\u00e1rias interven\u00e7\u00f5es e assim fizemos, estamos cumprindo todo o cronograma e ampliaremos nossos projetos e melhorias, pois a popula\u00e7\u00e3o das comunidades merecem&#8221;, assinalou.<\/p>\n\n\n\n<figure class=\"wp-block-image size-large\"><a href=\"https:\/\/www.blogsoestado.com\/danielmatos\/files\/2022\/06\/Screenshot_20220610-1437572.png\"><img decoding=\"async\" src=\"https:\/\/www.blogsoestado.com\/danielmatos\/files\/2022\/06\/Screenshot_20220610-1437572.png\" alt=\"\" class=\"wp-image-97984\"\/><\/a><figcaption>Paula Azevedo honrou a palavra ao pavimentar as vias, fato reconhecido e aplaudido pela popula\u00e7\u00e3o<\/figcaption><\/figure>\n\n\n\n<p>O secret\u00e1rio municipal de Infraestrutura e Urbanismo de Pa\u00e7o do Lumiar, Walburg Neto, falou sobre o cronograma de obras. &#8220;Nessa quinta-feira (9), estamos entregando estas duas ruas mas o trabalho n\u00e3o para, tamb\u00e9m seguimos trabalhando na Comunidade Roseana Sarney, na Rua Mestre de Obras, que possui 375 metros de extens\u00e3o e na Rua do Servente, que possui 130 metros, em seguida iniciarmos as obras da Rua do Carpinteiro, que possui 312 metros, todas ser\u00e3o pavimentadas em bloquetes com recursos pr\u00f3prios do munic\u00edpio. Nossa prefeita Paula Azevedo tamb\u00e9m deu a ordem de servi\u00e7o para recupera\u00e7\u00e3o da Avenida 4 e da Rua 2 do Conjunto Abdalla II, que juntas possuem aproximadamente 300 metros de extens\u00e3o, esse \u00e9 um compromisso que n\u00f3s assumimos e cumpriremos como o prometido&#8221;, disse ele.<\/p>\n\n\n\n<div class=\"wp-block-image\"><figure class=\"aligncenter size-large\"><a href=\"https:\/\/www.blogsoestado.com\/danielmatos\/files\/2022\/06\/Screenshot_20220610-1438232.png\"><img decoding=\"async\" src=\"https:\/\/www.blogsoestado.com\/danielmatos\/files\/2022\/06\/Screenshot_20220610-1438232.png\" alt=\"\" class=\"wp-image-97985\"\/><\/a><figcaption>A prefeita Paula Azevedo com representantes da comunidade, que manifestaram gratid\u00e3o pela execu\u00e7\u00e3o das obras<\/figcaption><\/figure><\/div>\n\n\n\n<p>Marisa Ferreira \u00e9 moradora do Abdalla II h\u00e1 mais de 20 anos e explicou que ficou emocionada ao ver a Rua 4 pavimentada. &#8220;Agora, eu fico orgulhosa com a minha rua, por muitos anos nenhum transporte parava na porta da minha casa, isso era uma realidade triste, mas hoje o que eu vejo s\u00e3o crian\u00e7as brincando, pessoas circulando livremente, sem medo dos dias de chuva, isso \u00e9 simplesmente emocionante&#8221;, disse.<\/p>\n","protected":false},"excerpt":{"rendered":"<p>Um sonho realizado! Depois de mais de 20 anos de espera, os moradores da Rua 4 do Residencial Abdalla II [&hellip;]<\/p>\n","protected":false},"author":0,"featured_media":0,"comment_status":"open","ping_status":"open","sticky":false,"template":"","format":"standard","meta":{"site-sidebar-layout":"default","site-content-layout":"","ast-site-content-layout":"default","site-content-style":"default","site-sidebar-style":"default","ast-global-header-display":"","ast-banner-title-visibility":"","ast-main-header-display":"","ast-hfb-above-header-display":"","ast-hfb-below-header-display":"","ast-hfb-mobile-header-display":"","site-post-title":"","ast-breadcrumbs-content":"","ast-featured-img":"","footer-sml-layout":"","ast-disable-related-posts":"","theme-transparent-header-meta":"","adv-header-id-meta":"","stick-header-meta":"","header-above-stick-meta":"","header-main-stick-meta":"","header-below-stick-meta":"","astra-migrate-meta-layouts":"default","ast-page-background-enabled":"default","ast-page-background-meta":{"desktop":{"background-color":"var(--ast-global-color-5)","background-image":"","background-repeat":"repeat","background-position":"center center","background-size":"auto","background-attachment":"scroll","background-type":"","background-media":"","overlay-type":"","overlay-color":"","overlay-opacity":"","overlay-gradient":""},"tablet":{"background-color":"","background-image":"","background-repeat":"repeat","background-position":"center center","background-size":"auto","background-attachment":"scroll","background-type":"","background-media":"","overlay-type":"","overlay-color":"","overlay-opacity":"","overlay-gradient":""},"mobile":{"background-color":"","background-image":"","background-repeat":"repeat","background-position":"center center","background-size":"auto","background-attachment":"scroll","background-type":"","background-media":"","overlay-type":"","overlay-color":"","overlay-opacity":"","overlay-gradient":""}},"ast-content-background-meta":{"desktop":{"background-color":"var(--ast-global-color-4)","background-image":"","background-repeat":"repeat","background-position":"center center","background-size":"auto","background-attachment":"scroll","background-type":"","background-media":"","overlay-type":"","overlay-color":"","overlay-opacity":"","overlay-gradient":""},"tablet":{"background-color":"var(--ast-global-color-4)","background-image":"","background-repeat":"repeat","background-position":"center center","background-size":"auto","background-attachment":"scroll","background-type":"","background-media":"","overlay-type":"","overlay-color":"","overlay-opacity":"","overlay-gradient":""},"mobile":{"background-color":"var(--ast-global-color-4)","background-image":"","background-repeat":"repeat","background-position":"center center","background-size":"auto","background-attachment":"scroll","background-type":"","background-media":"","overlay-type":"","overlay-color":"","overlay-opacity":"","overlay-gradient":""}},"footnotes":""},"categories":[1],"tags":[],"class_list":["post-97980","post","type-post","status-publish","format-standard","hentry","category-sem-categoria"],"yoast_head":"<!-- This site is optimized with the Yoast SEO plugin v26.6 - https:\/\/yoast.com\/wordpress\/plugins\/seo\/ -->\n<title>Pa\u00e7o do Lumiar: prefeita Paula Azevedo cumpre promessa de pavimentar ruas do Conjunto Abdalla e do Residencial Roseana Sarney - Daniel Matos<\/title>\n<meta name=\"robots\" content=\"index, follow, max-snippet:-1, max-image-preview:large, max-video-preview:-1\" \/>\n<link rel=\"canonical\" href=\"https:\/\/www.blogsoestado.com\/danielmatos\/paco-do-lumiar-prefeita-paula-azevedo-cumpre-promessa-de-pavimentar-ruas-do-conjunto-abdalla-e-do-residencial-roseana-sarney\/\" \/>\n<meta property=\"og:locale\" content=\"pt_BR\" \/>\n<meta property=\"og:type\" content=\"article\" \/>\n<meta property=\"og:title\" content=\"Pa\u00e7o do Lumiar: prefeita Paula Azevedo cumpre promessa de pavimentar ruas do Conjunto Abdalla e do Residencial Roseana Sarney - Daniel Matos\" \/>\n<meta property=\"og:description\" content=\"Um sonho realizado! Depois de mais de 20 anos de espera, os moradores da Rua 4 do Residencial Abdalla II [&hellip;]\" \/>\n<meta property=\"og:url\" content=\"https:\/\/www.blogsoestado.com\/danielmatos\/paco-do-lumiar-prefeita-paula-azevedo-cumpre-promessa-de-pavimentar-ruas-do-conjunto-abdalla-e-do-residencial-roseana-sarney\/\" \/>\n<meta property=\"og:site_name\" content=\"Daniel Matos\" \/>\n<meta property=\"article:published_time\" content=\"2022-06-10T17:54:19+00:00\" \/>\n<meta property=\"og:image\" content=\"https:\/\/www.blogsoestado.com\/danielmatos\/files\/2022\/06\/Screenshot_20220610-1436272.png\" \/>\n<meta name=\"twitter:card\" content=\"summary_large_image\" \/>\n<meta name=\"twitter:label1\" content=\"Est. tempo de leitura\" \/>\n\t<meta name=\"twitter:data1\" content=\"4 minutos\" \/>\n<script type=\"application\/ld+json\" class=\"yoast-schema-graph\">{\"@context\":\"https:\/\/schema.org\",\"@graph\":[{\"@type\":\"WebPage\",\"@id\":\"https:\/\/www.blogsoestado.com\/danielmatos\/paco-do-lumiar-prefeita-paula-azevedo-cumpre-promessa-de-pavimentar-ruas-do-conjunto-abdalla-e-do-residencial-roseana-sarney\/\",\"url\":\"https:\/\/www.blogsoestado.com\/danielmatos\/paco-do-lumiar-prefeita-paula-azevedo-cumpre-promessa-de-pavimentar-ruas-do-conjunto-abdalla-e-do-residencial-roseana-sarney\/\",\"name\":\"Pa\u00e7o do Lumiar: prefeita Paula Azevedo cumpre promessa de pavimentar ruas do Conjunto Abdalla e do Residencial Roseana Sarney - Daniel Matos\",\"isPartOf\":{\"@id\":\"https:\/\/www.blogsoestado.com\/danielmatos\/#website\"},\"primaryImageOfPage\":{\"@id\":\"https:\/\/www.blogsoestado.com\/danielmatos\/paco-do-lumiar-prefeita-paula-azevedo-cumpre-promessa-de-pavimentar-ruas-do-conjunto-abdalla-e-do-residencial-roseana-sarney\/#primaryimage\"},\"image\":{\"@id\":\"https:\/\/www.blogsoestado.com\/danielmatos\/paco-do-lumiar-prefeita-paula-azevedo-cumpre-promessa-de-pavimentar-ruas-do-conjunto-abdalla-e-do-residencial-roseana-sarney\/#primaryimage\"},\"thumbnailUrl\":\"https:\/\/www.blogsoestado.com\/danielmatos\/files\/2022\/06\/Screenshot_20220610-1436272.png\",\"datePublished\":\"2022-06-10T17:54:19+00:00\",\"author\":{\"@id\":\"\"},\"breadcrumb\":{\"@id\":\"https:\/\/www.blogsoestado.com\/danielmatos\/paco-do-lumiar-prefeita-paula-azevedo-cumpre-promessa-de-pavimentar-ruas-do-conjunto-abdalla-e-do-residencial-roseana-sarney\/#breadcrumb\"},\"inLanguage\":\"pt-BR\",\"potentialAction\":[{\"@type\":\"ReadAction\",\"target\":[\"https:\/\/www.blogsoestado.com\/danielmatos\/paco-do-lumiar-prefeita-paula-azevedo-cumpre-promessa-de-pavimentar-ruas-do-conjunto-abdalla-e-do-residencial-roseana-sarney\/\"]}]},{\"@type\":\"ImageObject\",\"inLanguage\":\"pt-BR\",\"@id\":\"https:\/\/www.blogsoestado.com\/danielmatos\/paco-do-lumiar-prefeita-paula-azevedo-cumpre-promessa-de-pavimentar-ruas-do-conjunto-abdalla-e-do-residencial-roseana-sarney\/#primaryimage\",\"url\":\"https:\/\/www.blogsoestado.com\/danielmatos\/files\/2022\/06\/Screenshot_20220610-1436272.png\",\"contentUrl\":\"https:\/\/www.blogsoestado.com\/danielmatos\/files\/2022\/06\/Screenshot_20220610-1436272.png\"},{\"@type\":\"BreadcrumbList\",\"@id\":\"https:\/\/www.blogsoestado.com\/danielmatos\/paco-do-lumiar-prefeita-paula-azevedo-cumpre-promessa-de-pavimentar-ruas-do-conjunto-abdalla-e-do-residencial-roseana-sarney\/#breadcrumb\",\"itemListElement\":[{\"@type\":\"ListItem\",\"position\":1,\"name\":\"In\u00edcio\",\"item\":\"https:\/\/www.blogsoestado.com\/danielmatos\/\"},{\"@type\":\"ListItem\",\"position\":2,\"name\":\"Pa\u00e7o do Lumiar: prefeita Paula Azevedo cumpre promessa de pavimentar ruas do Conjunto Abdalla e do Residencial Roseana Sarney\"}]},{\"@type\":\"WebSite\",\"@id\":\"https:\/\/www.blogsoestado.com\/danielmatos\/#website\",\"url\":\"https:\/\/www.blogsoestado.com\/danielmatos\/\",\"name\":\"Daniel Matos\",\"description\":\"\",\"potentialAction\":[{\"@type\":\"SearchAction\",\"target\":{\"@type\":\"EntryPoint\",\"urlTemplate\":\"https:\/\/www.blogsoestado.com\/danielmatos\/?s={search_term_string}\"},\"query-input\":{\"@type\":\"PropertyValueSpecification\",\"valueRequired\":true,\"valueName\":\"search_term_string\"}}],\"inLanguage\":\"pt-BR\"}]}<\/script>\n<!-- \/ Yoast SEO plugin. -->","yoast_head_json":{"title":"Pa\u00e7o do Lumiar: prefeita Paula Azevedo cumpre promessa de pavimentar ruas do Conjunto Abdalla e do Residencial Roseana Sarney - Daniel Matos","robots":{"index":"index","follow":"follow","max-snippet":"max-snippet:-1","max-image-preview":"max-image-preview:large","max-video-preview":"max-video-preview:-1"},"canonical":"https:\/\/www.blogsoestado.com\/danielmatos\/paco-do-lumiar-prefeita-paula-azevedo-cumpre-promessa-de-pavimentar-ruas-do-conjunto-abdalla-e-do-residencial-roseana-sarney\/","og_locale":"pt_BR","og_type":"article","og_title":"Pa\u00e7o do Lumiar: prefeita Paula Azevedo cumpre promessa de pavimentar ruas do Conjunto Abdalla e do Residencial Roseana Sarney - Daniel Matos","og_description":"Um sonho realizado! Depois de mais de 20 anos de espera, os moradores da Rua 4 do Residencial Abdalla II [&hellip;]","og_url":"https:\/\/www.blogsoestado.com\/danielmatos\/paco-do-lumiar-prefeita-paula-azevedo-cumpre-promessa-de-pavimentar-ruas-do-conjunto-abdalla-e-do-residencial-roseana-sarney\/","og_site_name":"Daniel Matos","article_published_time":"2022-06-10T17:54:19+00:00","og_image":[{"url":"https:\/\/www.blogsoestado.com\/danielmatos\/files\/2022\/06\/Screenshot_20220610-1436272.png","type":"","width":"","height":""}],"twitter_card":"summary_large_image","twitter_misc":{"Est. tempo de leitura":"4 minutos"},"schema":{"@context":"https:\/\/schema.org","@graph":[{"@type":"WebPage","@id":"https:\/\/www.blogsoestado.com\/danielmatos\/paco-do-lumiar-prefeita-paula-azevedo-cumpre-promessa-de-pavimentar-ruas-do-conjunto-abdalla-e-do-residencial-roseana-sarney\/","url":"https:\/\/www.blogsoestado.com\/danielmatos\/paco-do-lumiar-prefeita-paula-azevedo-cumpre-promessa-de-pavimentar-ruas-do-conjunto-abdalla-e-do-residencial-roseana-sarney\/","name":"Pa\u00e7o do Lumiar: prefeita Paula Azevedo cumpre promessa de pavimentar ruas do Conjunto Abdalla e do Residencial Roseana Sarney - Daniel Matos","isPartOf":{"@id":"https:\/\/www.blogsoestado.com\/danielmatos\/#website"},"primaryImageOfPage":{"@id":"https:\/\/www.blogsoestado.com\/danielmatos\/paco-do-lumiar-prefeita-paula-azevedo-cumpre-promessa-de-pavimentar-ruas-do-conjunto-abdalla-e-do-residencial-roseana-sarney\/#primaryimage"},"image":{"@id":"https:\/\/www.blogsoestado.com\/danielmatos\/paco-do-lumiar-prefeita-paula-azevedo-cumpre-promessa-de-pavimentar-ruas-do-conjunto-abdalla-e-do-residencial-roseana-sarney\/#primaryimage"},"thumbnailUrl":"https:\/\/www.blogsoestado.com\/danielmatos\/files\/2022\/06\/Screenshot_20220610-1436272.png","datePublished":"2022-06-10T17:54:19+00:00","author":{"@id":""},"breadcrumb":{"@id":"https:\/\/www.blogsoestado.com\/danielmatos\/paco-do-lumiar-prefeita-paula-azevedo-cumpre-promessa-de-pavimentar-ruas-do-conjunto-abdalla-e-do-residencial-roseana-sarney\/#breadcrumb"},"inLanguage":"pt-BR","potentialAction":[{"@type":"ReadAction","target":["https:\/\/www.blogsoestado.com\/danielmatos\/paco-do-lumiar-prefeita-paula-azevedo-cumpre-promessa-de-pavimentar-ruas-do-conjunto-abdalla-e-do-residencial-roseana-sarney\/"]}]},{"@type":"ImageObject","inLanguage":"pt-BR","@id":"https:\/\/www.blogsoestado.com\/danielmatos\/paco-do-lumiar-prefeita-paula-azevedo-cumpre-promessa-de-pavimentar-ruas-do-conjunto-abdalla-e-do-residencial-roseana-sarney\/#primaryimage","url":"https:\/\/www.blogsoestado.com\/danielmatos\/files\/2022\/06\/Screenshot_20220610-1436272.png","contentUrl":"https:\/\/www.blogsoestado.com\/danielmatos\/files\/2022\/06\/Screenshot_20220610-1436272.png"},{"@type":"BreadcrumbList","@id":"https:\/\/www.blogsoestado.com\/danielmatos\/paco-do-lumiar-prefeita-paula-azevedo-cumpre-promessa-de-pavimentar-ruas-do-conjunto-abdalla-e-do-residencial-roseana-sarney\/#breadcrumb","itemListElement":[{"@type":"ListItem","position":1,"name":"In\u00edcio","item":"https:\/\/www.blogsoestado.com\/danielmatos\/"},{"@type":"ListItem","position":2,"name":"Pa\u00e7o do Lumiar: prefeita Paula Azevedo cumpre promessa de pavimentar ruas do Conjunto Abdalla e do Residencial Roseana Sarney"}]},{"@type":"WebSite","@id":"https:\/\/www.blogsoestado.com\/danielmatos\/#website","url":"https:\/\/www.blogsoestado.com\/danielmatos\/","name":"Daniel Matos","description":"","potentialAction":[{"@type":"SearchAction","target":{"@type":"EntryPoint","urlTemplate":"https:\/\/www.blogsoestado.com\/danielmatos\/?s={search_term_string}"},"query-input":{"@type":"PropertyValueSpecification","valueRequired":true,"valueName":"search_term_string"}}],"inLanguage":"pt-BR"}]}},"jetpack_featured_media_url":"","_links":{"self":[{"href":"https:\/\/www.blogsoestado.com\/danielmatos\/wp-json\/wp\/v2\/posts\/97980","targetHints":{"allow":["GET"]}}],"collection":[{"href":"https:\/\/www.blogsoestado.com\/danielmatos\/wp-json\/wp\/v2\/posts"}],"about":[{"href":"https:\/\/www.blogsoestado.com\/danielmatos\/wp-json\/wp\/v2\/types\/post"}],"replies":[{"embeddable":true,"href":"https:\/\/www.blogsoestado.com\/danielmatos\/wp-json\/wp\/v2\/comments?post=97980"}],"version-history":[{"count":0,"href":"https:\/\/www.blogsoestado.com\/danielmatos\/wp-json\/wp\/v2\/posts\/97980\/revisions"}],"wp:attachment":[{"href":"https:\/\/www.blogsoestado.com\/danielmatos\/wp-json\/wp\/v2\/media?parent=97980"}],"wp:term":[{"taxonomy":"category","embeddable":true,"href":"https:\/\/www.blogsoestado.com\/danielmatos\/wp-json\/wp\/v2\/categories?post=97980"},{"taxonomy":"post_tag","embeddable":true,"href":"https:\/\/www.blogsoestado.com\/danielmatos\/wp-json\/wp\/v2\/tags?post=97980"}],"curies":[{"name":"wp","href":"https:\/\/api.w.org\/{rel}","templated":true}]}}