{"id":97990,"date":"2022-06-10T15:59:32","date_gmt":"2022-06-10T18:59:32","guid":{"rendered":"https:\/\/www.blogsoestado.com\/danielmatos\/?p=97990"},"modified":"2022-06-10T15:59:32","modified_gmt":"2022-06-10T18:59:32","slug":"othelino-comunica-escusa-temporaria-por-justa-causa-legitima-e-nao-assumira-o-governo-com-nova-licenca-de-brandao","status":"publish","type":"post","link":"https:\/\/www.blogsoestado.com\/danielmatos\/othelino-comunica-escusa-temporaria-por-justa-causa-legitima-e-nao-assumira-o-governo-com-nova-licenca-de-brandao\/","title":{"rendered":"Othelino comunica retorno ao Maranh\u00e3o e escusa tempor\u00e1ria ao governo por justa causa leg\u00edtima"},"content":{"rendered":"\n<div class=\"wp-block-image\"><figure class=\"aligncenter size-large\"><a href=\"https:\/\/www.blogsoestado.com\/danielmatos\/files\/2022\/06\/Screenshot_20220610-1557202.png\"><img decoding=\"async\" src=\"https:\/\/www.blogsoestado.com\/danielmatos\/files\/2022\/06\/Screenshot_20220610-1557202.png\" alt=\"\" class=\"wp-image-97991\"\/><\/a><figcaption>Deputado Othelino Neto comunicou escusa tempor\u00e1ria ao Governo do Estado por justa causa leg\u00edtima<\/figcaption><\/figure><\/div>\n\n\n\n<p>O presidente da Assembleia Legislativa do Maranh\u00e3o, deputado estadual Othelino Neto (PCdoB), comunicou oficialmente, nesta sexta-feira (10), ao governador interino do Estado, desembargador Paulo Velten, e aos membros da Mesa Diretora da Casa a sua &#8220;escusa tempor\u00e1ria&#8221; ao chamado para o exerc\u00edcio da fun\u00e7\u00e3o de chefe do Poder Executivo do Estado do Maranh\u00e3o por&nbsp; &#8220;justa causa leg\u00edtima&#8221; consistente no impedimento legal, decorrente da san\u00e7\u00e3o de inelegibilidade prevista no \u00a7 6\u00ba do art. 14 da Constitui\u00e7\u00e3o Federal.&nbsp;<\/p>\n\n\n\n<p>O parlamentar informou, ainda, o seu retorno ao territ\u00f3rio maranhense nesta sexta-feira (10).<\/p>\n\n\n\n<p>O comunicado de &#8220;escusa tempor\u00e1ria&#8221; do deputado Othelino foi oficializado a partir da informa\u00e7\u00e3o de prorroga\u00e7\u00e3o do afastamento do governador Carlos Brand\u00e3o, no per\u00edodo de 11 a 20 de junho de 2022, conforme Of\u00edcio n\u00ba 041\/2022, protocolado na quinta-feira (9) e publicado no Di\u00e1rio da Assembleia.<\/p>\n\n\n\n<p>A decis\u00e3o do deputado Othelino Neto firma-se, tamb\u00e9m, por analogia e simetria, na jurisprud\u00eancia da Corte do Tribunal Superior Eleitoral (TSE), de 30 de abril de 2002, a qual determina que \u201cpermanecendo no Pa\u00eds qualquer das autoridades referidas, sendo chamada a substituir, eventualmente, o presidente da Rep\u00fablica, a sua escusa n\u00e3o gera inelegibilidade\u201d.<\/p>\n\n\n\n<p>Othelino Neto fundamenta tamb\u00e9m sua decis\u00e3o em n\u00e3o assumir o Governo do Estado considerando que \u201ca san\u00e7\u00e3o de inelegibilidade (art. 14 da Constitui\u00e7\u00e3o Federal) decorrente do exerc\u00edcio provis\u00f3rio de chefe do Executivo estadual, neste per\u00edodo de seis meses antes do pleito, representa evidente impedimento jur\u00eddico \u00e0 sua pretens\u00e3o de reelei\u00e7\u00e3o ao cargo de deputado estadual.&nbsp; Nesta circunst\u00e2ncia, tal fato constitui-se em um axioma jur\u00eddico de justa causa leg\u00edtima motivadora de sua escusa ao chamado\u201d.<\/p>\n\n\n\n<p>Argumenta, ainda, que o chamamento do presidente do Tribunal de Justi\u00e7a, na qualidade de autoridade subsequente prevista na Constitui\u00e7\u00e3o Estadual, mant\u00e9m a estabilidade administrativa e preserva a linha sucess\u00f3ria constitucional do Estado do Maranh\u00e3o.<\/p>\n","protected":false},"excerpt":{"rendered":"<p>O presidente da Assembleia Legislativa do Maranh\u00e3o, deputado estadual Othelino Neto (PCdoB), comunicou oficialmente, nesta sexta-feira (10), ao governador interino [&hellip;]<\/p>\n","protected":false},"author":0,"featured_media":0,"comment_status":"open","ping_status":"open","sticky":false,"template":"","format":"standard","meta":{"site-sidebar-layout":"default","site-content-layout":"","ast-site-content-layout":"default","site-content-style":"default","site-sidebar-style":"default","ast-global-header-display":"","ast-banner-title-visibility":"","ast-main-header-display":"","ast-hfb-above-header-display":"","ast-hfb-below-header-display":"","ast-hfb-mobile-header-display":"","site-post-title":"","ast-breadcrumbs-content":"","ast-featured-img":"","footer-sml-layout":"","ast-disable-related-posts":"","theme-transparent-header-meta":"","adv-header-id-meta":"","stick-header-meta":"","header-above-stick-meta":"","header-main-stick-meta":"","header-below-stick-meta":"","astra-migrate-meta-layouts":"default","ast-page-background-enabled":"default","ast-page-background-meta":{"desktop":{"background-color":"var(--ast-global-color-5)","background-image":"","background-repeat":"repeat","background-position":"center center","background-size":"auto","background-attachment":"scroll","background-type":"","background-media":"","overlay-type":"","overlay-color":"","overlay-opacity":"","overlay-gradient":""},"tablet":{"background-color":"","background-image":"","background-repeat":"repeat","background-position":"center center","background-size":"auto","background-attachment":"scroll","background-type":"","background-media":"","overlay-type":"","overlay-color":"","overlay-opacity":"","overlay-gradient":""},"mobile":{"background-color":"","background-image":"","background-repeat":"repeat","background-position":"center center","background-size":"auto","background-attachment":"scroll","background-type":"","background-media":"","overlay-type":"","overlay-color":"","overlay-opacity":"","overlay-gradient":""}},"ast-content-background-meta":{"desktop":{"background-color":"var(--ast-global-color-4)","background-image":"","background-repeat":"repeat","background-position":"center center","background-size":"auto","background-attachment":"scroll","background-type":"","background-media":"","overlay-type":"","overlay-color":"","overlay-opacity":"","overlay-gradient":""},"tablet":{"background-color":"var(--ast-global-color-4)","background-image":"","background-repeat":"repeat","background-position":"center center","background-size":"auto","background-attachment":"scroll","background-type":"","background-media":"","overlay-type":"","overlay-color":"","overlay-opacity":"","overlay-gradient":""},"mobile":{"background-color":"var(--ast-global-color-4)","background-image":"","background-repeat":"repeat","background-position":"center center","background-size":"auto","background-attachment":"scroll","background-type":"","background-media":"","overlay-type":"","overlay-color":"","overlay-opacity":"","overlay-gradient":""}},"footnotes":""},"categories":[1],"tags":[],"class_list":["post-97990","post","type-post","status-publish","format-standard","hentry","category-sem-categoria"],"yoast_head":"<!-- This site is optimized with the Yoast SEO plugin v26.6 - https:\/\/yoast.com\/wordpress\/plugins\/seo\/ -->\n<title>Othelino comunica retorno ao Maranh\u00e3o e escusa tempor\u00e1ria ao governo por justa causa leg\u00edtima - Daniel Matos<\/title>\n<meta name=\"robots\" content=\"index, follow, max-snippet:-1, max-image-preview:large, max-video-preview:-1\" \/>\n<link rel=\"canonical\" href=\"https:\/\/www.blogsoestado.com\/danielmatos\/othelino-comunica-escusa-temporaria-por-justa-causa-legitima-e-nao-assumira-o-governo-com-nova-licenca-de-brandao\/\" \/>\n<meta property=\"og:locale\" content=\"pt_BR\" \/>\n<meta property=\"og:type\" content=\"article\" \/>\n<meta property=\"og:title\" content=\"Othelino comunica retorno ao Maranh\u00e3o e escusa tempor\u00e1ria ao governo por justa causa leg\u00edtima - Daniel Matos\" \/>\n<meta property=\"og:description\" content=\"O presidente da Assembleia Legislativa do Maranh\u00e3o, deputado estadual Othelino Neto (PCdoB), comunicou oficialmente, nesta sexta-feira (10), ao governador interino [&hellip;]\" \/>\n<meta property=\"og:url\" content=\"https:\/\/www.blogsoestado.com\/danielmatos\/othelino-comunica-escusa-temporaria-por-justa-causa-legitima-e-nao-assumira-o-governo-com-nova-licenca-de-brandao\/\" \/>\n<meta property=\"og:site_name\" content=\"Daniel Matos\" \/>\n<meta property=\"article:published_time\" content=\"2022-06-10T18:59:32+00:00\" \/>\n<meta property=\"og:image\" content=\"https:\/\/www.blogsoestado.com\/danielmatos\/files\/2022\/06\/Screenshot_20220610-1557202.png\" \/>\n<meta name=\"twitter:card\" content=\"summary_large_image\" \/>\n<meta name=\"twitter:label1\" content=\"Est. tempo de leitura\" \/>\n\t<meta name=\"twitter:data1\" content=\"2 minutos\" \/>\n<script type=\"application\/ld+json\" class=\"yoast-schema-graph\">{\"@context\":\"https:\/\/schema.org\",\"@graph\":[{\"@type\":\"WebPage\",\"@id\":\"https:\/\/www.blogsoestado.com\/danielmatos\/othelino-comunica-escusa-temporaria-por-justa-causa-legitima-e-nao-assumira-o-governo-com-nova-licenca-de-brandao\/\",\"url\":\"https:\/\/www.blogsoestado.com\/danielmatos\/othelino-comunica-escusa-temporaria-por-justa-causa-legitima-e-nao-assumira-o-governo-com-nova-licenca-de-brandao\/\",\"name\":\"Othelino comunica retorno ao Maranh\u00e3o e escusa tempor\u00e1ria ao governo por justa causa leg\u00edtima - Daniel Matos\",\"isPartOf\":{\"@id\":\"https:\/\/www.blogsoestado.com\/danielmatos\/#website\"},\"primaryImageOfPage\":{\"@id\":\"https:\/\/www.blogsoestado.com\/danielmatos\/othelino-comunica-escusa-temporaria-por-justa-causa-legitima-e-nao-assumira-o-governo-com-nova-licenca-de-brandao\/#primaryimage\"},\"image\":{\"@id\":\"https:\/\/www.blogsoestado.com\/danielmatos\/othelino-comunica-escusa-temporaria-por-justa-causa-legitima-e-nao-assumira-o-governo-com-nova-licenca-de-brandao\/#primaryimage\"},\"thumbnailUrl\":\"https:\/\/www.blogsoestado.com\/danielmatos\/files\/2022\/06\/Screenshot_20220610-1557202.png\",\"datePublished\":\"2022-06-10T18:59:32+00:00\",\"author\":{\"@id\":\"\"},\"breadcrumb\":{\"@id\":\"https:\/\/www.blogsoestado.com\/danielmatos\/othelino-comunica-escusa-temporaria-por-justa-causa-legitima-e-nao-assumira-o-governo-com-nova-licenca-de-brandao\/#breadcrumb\"},\"inLanguage\":\"pt-BR\",\"potentialAction\":[{\"@type\":\"ReadAction\",\"target\":[\"https:\/\/www.blogsoestado.com\/danielmatos\/othelino-comunica-escusa-temporaria-por-justa-causa-legitima-e-nao-assumira-o-governo-com-nova-licenca-de-brandao\/\"]}]},{\"@type\":\"ImageObject\",\"inLanguage\":\"pt-BR\",\"@id\":\"https:\/\/www.blogsoestado.com\/danielmatos\/othelino-comunica-escusa-temporaria-por-justa-causa-legitima-e-nao-assumira-o-governo-com-nova-licenca-de-brandao\/#primaryimage\",\"url\":\"https:\/\/www.blogsoestado.com\/danielmatos\/files\/2022\/06\/Screenshot_20220610-1557202.png\",\"contentUrl\":\"https:\/\/www.blogsoestado.com\/danielmatos\/files\/2022\/06\/Screenshot_20220610-1557202.png\"},{\"@type\":\"BreadcrumbList\",\"@id\":\"https:\/\/www.blogsoestado.com\/danielmatos\/othelino-comunica-escusa-temporaria-por-justa-causa-legitima-e-nao-assumira-o-governo-com-nova-licenca-de-brandao\/#breadcrumb\",\"itemListElement\":[{\"@type\":\"ListItem\",\"position\":1,\"name\":\"In\u00edcio\",\"item\":\"https:\/\/www.blogsoestado.com\/danielmatos\/\"},{\"@type\":\"ListItem\",\"position\":2,\"name\":\"Othelino comunica retorno ao Maranh\u00e3o e escusa tempor\u00e1ria ao governo por justa causa leg\u00edtima\"}]},{\"@type\":\"WebSite\",\"@id\":\"https:\/\/www.blogsoestado.com\/danielmatos\/#website\",\"url\":\"https:\/\/www.blogsoestado.com\/danielmatos\/\",\"name\":\"Daniel Matos\",\"description\":\"\",\"potentialAction\":[{\"@type\":\"SearchAction\",\"target\":{\"@type\":\"EntryPoint\",\"urlTemplate\":\"https:\/\/www.blogsoestado.com\/danielmatos\/?s={search_term_string}\"},\"query-input\":{\"@type\":\"PropertyValueSpecification\",\"valueRequired\":true,\"valueName\":\"search_term_string\"}}],\"inLanguage\":\"pt-BR\"}]}<\/script>\n<!-- \/ Yoast SEO plugin. -->","yoast_head_json":{"title":"Othelino comunica retorno ao Maranh\u00e3o e escusa tempor\u00e1ria ao governo por justa causa leg\u00edtima - Daniel Matos","robots":{"index":"index","follow":"follow","max-snippet":"max-snippet:-1","max-image-preview":"max-image-preview:large","max-video-preview":"max-video-preview:-1"},"canonical":"https:\/\/www.blogsoestado.com\/danielmatos\/othelino-comunica-escusa-temporaria-por-justa-causa-legitima-e-nao-assumira-o-governo-com-nova-licenca-de-brandao\/","og_locale":"pt_BR","og_type":"article","og_title":"Othelino comunica retorno ao Maranh\u00e3o e escusa tempor\u00e1ria ao governo por justa causa leg\u00edtima - Daniel Matos","og_description":"O presidente da Assembleia Legislativa do Maranh\u00e3o, deputado estadual Othelino Neto (PCdoB), comunicou oficialmente, nesta sexta-feira (10), ao governador interino [&hellip;]","og_url":"https:\/\/www.blogsoestado.com\/danielmatos\/othelino-comunica-escusa-temporaria-por-justa-causa-legitima-e-nao-assumira-o-governo-com-nova-licenca-de-brandao\/","og_site_name":"Daniel Matos","article_published_time":"2022-06-10T18:59:32+00:00","og_image":[{"url":"https:\/\/www.blogsoestado.com\/danielmatos\/files\/2022\/06\/Screenshot_20220610-1557202.png","type":"","width":"","height":""}],"twitter_card":"summary_large_image","twitter_misc":{"Est. tempo de leitura":"2 minutos"},"schema":{"@context":"https:\/\/schema.org","@graph":[{"@type":"WebPage","@id":"https:\/\/www.blogsoestado.com\/danielmatos\/othelino-comunica-escusa-temporaria-por-justa-causa-legitima-e-nao-assumira-o-governo-com-nova-licenca-de-brandao\/","url":"https:\/\/www.blogsoestado.com\/danielmatos\/othelino-comunica-escusa-temporaria-por-justa-causa-legitima-e-nao-assumira-o-governo-com-nova-licenca-de-brandao\/","name":"Othelino comunica retorno ao Maranh\u00e3o e escusa tempor\u00e1ria ao governo por justa causa leg\u00edtima - Daniel Matos","isPartOf":{"@id":"https:\/\/www.blogsoestado.com\/danielmatos\/#website"},"primaryImageOfPage":{"@id":"https:\/\/www.blogsoestado.com\/danielmatos\/othelino-comunica-escusa-temporaria-por-justa-causa-legitima-e-nao-assumira-o-governo-com-nova-licenca-de-brandao\/#primaryimage"},"image":{"@id":"https:\/\/www.blogsoestado.com\/danielmatos\/othelino-comunica-escusa-temporaria-por-justa-causa-legitima-e-nao-assumira-o-governo-com-nova-licenca-de-brandao\/#primaryimage"},"thumbnailUrl":"https:\/\/www.blogsoestado.com\/danielmatos\/files\/2022\/06\/Screenshot_20220610-1557202.png","datePublished":"2022-06-10T18:59:32+00:00","author":{"@id":""},"breadcrumb":{"@id":"https:\/\/www.blogsoestado.com\/danielmatos\/othelino-comunica-escusa-temporaria-por-justa-causa-legitima-e-nao-assumira-o-governo-com-nova-licenca-de-brandao\/#breadcrumb"},"inLanguage":"pt-BR","potentialAction":[{"@type":"ReadAction","target":["https:\/\/www.blogsoestado.com\/danielmatos\/othelino-comunica-escusa-temporaria-por-justa-causa-legitima-e-nao-assumira-o-governo-com-nova-licenca-de-brandao\/"]}]},{"@type":"ImageObject","inLanguage":"pt-BR","@id":"https:\/\/www.blogsoestado.com\/danielmatos\/othelino-comunica-escusa-temporaria-por-justa-causa-legitima-e-nao-assumira-o-governo-com-nova-licenca-de-brandao\/#primaryimage","url":"https:\/\/www.blogsoestado.com\/danielmatos\/files\/2022\/06\/Screenshot_20220610-1557202.png","contentUrl":"https:\/\/www.blogsoestado.com\/danielmatos\/files\/2022\/06\/Screenshot_20220610-1557202.png"},{"@type":"BreadcrumbList","@id":"https:\/\/www.blogsoestado.com\/danielmatos\/othelino-comunica-escusa-temporaria-por-justa-causa-legitima-e-nao-assumira-o-governo-com-nova-licenca-de-brandao\/#breadcrumb","itemListElement":[{"@type":"ListItem","position":1,"name":"In\u00edcio","item":"https:\/\/www.blogsoestado.com\/danielmatos\/"},{"@type":"ListItem","position":2,"name":"Othelino comunica retorno ao Maranh\u00e3o e escusa tempor\u00e1ria ao governo por justa causa leg\u00edtima"}]},{"@type":"WebSite","@id":"https:\/\/www.blogsoestado.com\/danielmatos\/#website","url":"https:\/\/www.blogsoestado.com\/danielmatos\/","name":"Daniel Matos","description":"","potentialAction":[{"@type":"SearchAction","target":{"@type":"EntryPoint","urlTemplate":"https:\/\/www.blogsoestado.com\/danielmatos\/?s={search_term_string}"},"query-input":{"@type":"PropertyValueSpecification","valueRequired":true,"valueName":"search_term_string"}}],"inLanguage":"pt-BR"}]}},"jetpack_featured_media_url":"","_links":{"self":[{"href":"https:\/\/www.blogsoestado.com\/danielmatos\/wp-json\/wp\/v2\/posts\/97990","targetHints":{"allow":["GET"]}}],"collection":[{"href":"https:\/\/www.blogsoestado.com\/danielmatos\/wp-json\/wp\/v2\/posts"}],"about":[{"href":"https:\/\/www.blogsoestado.com\/danielmatos\/wp-json\/wp\/v2\/types\/post"}],"replies":[{"embeddable":true,"href":"https:\/\/www.blogsoestado.com\/danielmatos\/wp-json\/wp\/v2\/comments?post=97990"}],"version-history":[{"count":0,"href":"https:\/\/www.blogsoestado.com\/danielmatos\/wp-json\/wp\/v2\/posts\/97990\/revisions"}],"wp:attachment":[{"href":"https:\/\/www.blogsoestado.com\/danielmatos\/wp-json\/wp\/v2\/media?parent=97990"}],"wp:term":[{"taxonomy":"category","embeddable":true,"href":"https:\/\/www.blogsoestado.com\/danielmatos\/wp-json\/wp\/v2\/categories?post=97990"},{"taxonomy":"post_tag","embeddable":true,"href":"https:\/\/www.blogsoestado.com\/danielmatos\/wp-json\/wp\/v2\/tags?post=97990"}],"curies":[{"name":"wp","href":"https:\/\/api.w.org\/{rel}","templated":true}]}}