{"id":98003,"date":"2022-06-10T20:30:00","date_gmt":"2022-06-10T23:30:00","guid":{"rendered":"https:\/\/www.blogsoestado.com\/danielmatos\/?p=98003"},"modified":"2022-06-10T20:30:00","modified_gmt":"2022-06-10T23:30:00","slug":"dr-lahesio-bonfim-e-dr-gutemberg-participam-de-encontro-com-jovens-empresarios-de-todo-o-brasil-na-101a-assembleia-geral-do-conaje","status":"publish","type":"post","link":"https:\/\/www.blogsoestado.com\/danielmatos\/dr-lahesio-bonfim-e-dr-gutemberg-participam-de-encontro-com-jovens-empresarios-de-todo-o-brasil-na-101a-assembleia-geral-do-conaje\/","title":{"rendered":"Dr. Lahesio Bonfim e Dr. Gutemberg participam de encontro com jovens empres\u00e1rios de todo o Brasil na 101\u00aa Assembleia Geral do Conaje"},"content":{"rendered":"\n<div class=\"wp-block-image\"><figure class=\"aligncenter size-large\"><a href=\"https:\/\/www.blogsoestado.com\/danielmatos\/files\/2022\/06\/Screenshot_20220610-1928242.png\"><img decoding=\"async\" src=\"https:\/\/www.blogsoestado.com\/danielmatos\/files\/2022\/06\/Screenshot_20220610-1928242.png\" alt=\"\" class=\"wp-image-98004\"\/><\/a><figcaption>No evento, o vereador Dr. Gutemberg e o pr\u00e9-candidato Lahesio Bonfim foram recepcionados pelo empres\u00e1rio Felipe Mussalem, presidente da Ag\u00eancia Municipal de Desenvolvimento Econ\u00f4mico e Social, e pelo presidente da Associa\u00e7\u00e3o de Jovens Empres\u00e1rios do Maranh\u00e3o (AJE-MA), Odilon Duarte<\/figcaption><\/figure><\/div>\n\n\n\n<p>O vice-presidente da C\u00e2mara Municipal de S\u00e3o Lu\u00eds, vereador Dr. Gutemberg, e o pr\u00e9-candidato ao Governo do Estado, Dr. Lahesio Bonfim (PSC), prestigiaram nesta quinta-feira (09), a abertura da 101\u00aa Assembleia Geral da Confedera\u00e7\u00e3o Nacional de Jovens Empres\u00e1rios (Conaje), no Hotel Luzeiros, em S\u00e3o Lu\u00eds. A capital maranhense \u00e9 sede do evento nacional que re\u00fane jovens empreendedores de diversos estados e setores da economia.<\/p>\n\n\n\n<p>No evento, o vereador Dr. Gutemberg e o pr\u00e9-candidato Lahesio Bonfim foram recepcionados pela presidente da Conaje, Maria Brasil, o empres\u00e1rio Felipe Mussal\u00e9m, presidente da Ag\u00eancia Municipal de Desenvolvimento Econ\u00f4mico e social e pelo presidente da Associa\u00e7\u00e3o de Jovens Empres\u00e1rios do Maranh\u00e3o (AJE-MA), Odilon Duarte.<\/p>\n\n\n\n<p>O evento \u00e9 coordenado pela Associa\u00e7\u00e3o de Jovens Empres\u00e1rios do Maranh\u00e3o (AJE-MA), e reuniu mais de 100 jovens empres\u00e1rios de todo o pa\u00eds. O objetivo do encontro \u00e9 deliberar a respeito das a\u00e7\u00f5es, projetos e eventos futuros da Confedera\u00e7\u00e3o, bem como dialogar sobre investimentos, inova\u00e7\u00f5es e apoio aos jovens empreendedores.<\/p>\n\n\n\n<p><strong>Lei do primeiro emprego<\/strong><\/p>\n\n\n\n<p>Autor da Lei Municipal do primeiro emprego para os jovens e parlamentar atuante em S\u00e3o Lu\u00eds na defesa dos jovens empres\u00e1rios, Dr. Gutemberg parabenizou a iniciativa.<\/p>\n\n\n\n<p>\u201c\u00c9 gratificante ver a for\u00e7a dos jovens empres\u00e1rios que contribuem para girar a roda da nossa economia. Defendo que eles precisam de mais apoio nessa miss\u00e3o, como a qualifica\u00e7\u00e3o e pol\u00edticas p\u00fabicas que facilitem a vida do jovem empreendedor. Esse encontro \u00e9 uma grande oportunidade para debater esses temas e gerar neg\u00f3cios para o nosso Maranh\u00e3o. Parabenizo a jovem empreendedora Maria Brasil, toda a dire\u00e7\u00e3o da AJE, amigos F\u00e1bio Henrique, Odilon Duarte e os demais jovens empreendedores envolvidos nesse evento\u201d, disse Dr. Gutemberg.<\/p>\n\n\n\n<p>O pr\u00e9-candidato Lahesio Bonfim externou tamb\u00e9m a satisfa\u00e7\u00e3o em participar desse momento e falou em oportunidades para os jovens empreendedores.<\/p>\n\n\n\n<p>\u201cFiquei feliz em conhecer a juventude maranhense que empreende no Maranh\u00e3o, al\u00e9m de outros jovens do nosso pa\u00eds. Senti o quanto que eles querem fazer do Maranh\u00e3o um grande Estado. Temos pautas importantes para os jovens empreendedores. Eles precisam de oportunidades para ajudar a atrair mais investimentos. E eles t\u00eam todo o apoio do Lahesio Bonfim\u201d, disse o pr\u00e9-candidato ao Governo, Lahesio Bonfim.<\/p>\n","protected":false},"excerpt":{"rendered":"<p>O vice-presidente da C\u00e2mara Municipal de S\u00e3o Lu\u00eds, vereador Dr. Gutemberg, e o pr\u00e9-candidato ao Governo do Estado, Dr. Lahesio [&hellip;]<\/p>\n","protected":false},"author":0,"featured_media":0,"comment_status":"open","ping_status":"open","sticky":false,"template":"","format":"standard","meta":{"site-sidebar-layout":"default","site-content-layout":"","ast-site-content-layout":"default","site-content-style":"default","site-sidebar-style":"default","ast-global-header-display":"","ast-banner-title-visibility":"","ast-main-header-display":"","ast-hfb-above-header-display":"","ast-hfb-below-header-display":"","ast-hfb-mobile-header-display":"","site-post-title":"","ast-breadcrumbs-content":"","ast-featured-img":"","footer-sml-layout":"","ast-disable-related-posts":"","theme-transparent-header-meta":"","adv-header-id-meta":"","stick-header-meta":"","header-above-stick-meta":"","header-main-stick-meta":"","header-below-stick-meta":"","astra-migrate-meta-layouts":"default","ast-page-background-enabled":"default","ast-page-background-meta":{"desktop":{"background-color":"var(--ast-global-color-5)","background-image":"","background-repeat":"repeat","background-position":"center center","background-size":"auto","background-attachment":"scroll","background-type":"","background-media":"","overlay-type":"","overlay-color":"","overlay-opacity":"","overlay-gradient":""},"tablet":{"background-color":"","background-image":"","background-repeat":"repeat","background-position":"center center","background-size":"auto","background-attachment":"scroll","background-type":"","background-media":"","overlay-type":"","overlay-color":"","overlay-opacity":"","overlay-gradient":""},"mobile":{"background-color":"","background-image":"","background-repeat":"repeat","background-position":"center center","background-size":"auto","background-attachment":"scroll","background-type":"","background-media":"","overlay-type":"","overlay-color":"","overlay-opacity":"","overlay-gradient":""}},"ast-content-background-meta":{"desktop":{"background-color":"var(--ast-global-color-4)","background-image":"","background-repeat":"repeat","background-position":"center center","background-size":"auto","background-attachment":"scroll","background-type":"","background-media":"","overlay-type":"","overlay-color":"","overlay-opacity":"","overlay-gradient":""},"tablet":{"background-color":"var(--ast-global-color-4)","background-image":"","background-repeat":"repeat","background-position":"center center","background-size":"auto","background-attachment":"scroll","background-type":"","background-media":"","overlay-type":"","overlay-color":"","overlay-opacity":"","overlay-gradient":""},"mobile":{"background-color":"var(--ast-global-color-4)","background-image":"","background-repeat":"repeat","background-position":"center center","background-size":"auto","background-attachment":"scroll","background-type":"","background-media":"","overlay-type":"","overlay-color":"","overlay-opacity":"","overlay-gradient":""}},"footnotes":""},"categories":[1],"tags":[],"class_list":["post-98003","post","type-post","status-publish","format-standard","hentry","category-sem-categoria"],"yoast_head":"<!-- This site is optimized with the Yoast SEO plugin v26.6 - https:\/\/yoast.com\/wordpress\/plugins\/seo\/ -->\n<title>Dr. Lahesio Bonfim e Dr. Gutemberg participam de encontro com jovens empres\u00e1rios de todo o Brasil na 101\u00aa Assembleia Geral do Conaje - Daniel Matos<\/title>\n<meta name=\"robots\" content=\"index, follow, max-snippet:-1, max-image-preview:large, max-video-preview:-1\" \/>\n<link rel=\"canonical\" href=\"https:\/\/www.blogsoestado.com\/danielmatos\/dr-lahesio-bonfim-e-dr-gutemberg-participam-de-encontro-com-jovens-empresarios-de-todo-o-brasil-na-101a-assembleia-geral-do-conaje\/\" \/>\n<meta property=\"og:locale\" content=\"pt_BR\" \/>\n<meta property=\"og:type\" content=\"article\" \/>\n<meta property=\"og:title\" content=\"Dr. Lahesio Bonfim e Dr. Gutemberg participam de encontro com jovens empres\u00e1rios de todo o Brasil na 101\u00aa Assembleia Geral do Conaje - Daniel Matos\" \/>\n<meta property=\"og:description\" content=\"O vice-presidente da C\u00e2mara Municipal de S\u00e3o Lu\u00eds, vereador Dr. Gutemberg, e o pr\u00e9-candidato ao Governo do Estado, Dr. Lahesio [&hellip;]\" \/>\n<meta property=\"og:url\" content=\"https:\/\/www.blogsoestado.com\/danielmatos\/dr-lahesio-bonfim-e-dr-gutemberg-participam-de-encontro-com-jovens-empresarios-de-todo-o-brasil-na-101a-assembleia-geral-do-conaje\/\" \/>\n<meta property=\"og:site_name\" content=\"Daniel Matos\" \/>\n<meta property=\"article:published_time\" content=\"2022-06-10T23:30:00+00:00\" \/>\n<meta property=\"og:image\" content=\"https:\/\/www.blogsoestado.com\/danielmatos\/files\/2022\/06\/Screenshot_20220610-1928242.png\" \/>\n<meta name=\"twitter:card\" content=\"summary_large_image\" \/>\n<meta name=\"twitter:label1\" content=\"Est. tempo de leitura\" \/>\n\t<meta name=\"twitter:data1\" content=\"2 minutos\" \/>\n<script type=\"application\/ld+json\" class=\"yoast-schema-graph\">{\"@context\":\"https:\/\/schema.org\",\"@graph\":[{\"@type\":\"WebPage\",\"@id\":\"https:\/\/www.blogsoestado.com\/danielmatos\/dr-lahesio-bonfim-e-dr-gutemberg-participam-de-encontro-com-jovens-empresarios-de-todo-o-brasil-na-101a-assembleia-geral-do-conaje\/\",\"url\":\"https:\/\/www.blogsoestado.com\/danielmatos\/dr-lahesio-bonfim-e-dr-gutemberg-participam-de-encontro-com-jovens-empresarios-de-todo-o-brasil-na-101a-assembleia-geral-do-conaje\/\",\"name\":\"Dr. Lahesio Bonfim e Dr. Gutemberg participam de encontro com jovens empres\u00e1rios de todo o Brasil na 101\u00aa Assembleia Geral do Conaje - Daniel Matos\",\"isPartOf\":{\"@id\":\"https:\/\/www.blogsoestado.com\/danielmatos\/#website\"},\"primaryImageOfPage\":{\"@id\":\"https:\/\/www.blogsoestado.com\/danielmatos\/dr-lahesio-bonfim-e-dr-gutemberg-participam-de-encontro-com-jovens-empresarios-de-todo-o-brasil-na-101a-assembleia-geral-do-conaje\/#primaryimage\"},\"image\":{\"@id\":\"https:\/\/www.blogsoestado.com\/danielmatos\/dr-lahesio-bonfim-e-dr-gutemberg-participam-de-encontro-com-jovens-empresarios-de-todo-o-brasil-na-101a-assembleia-geral-do-conaje\/#primaryimage\"},\"thumbnailUrl\":\"https:\/\/www.blogsoestado.com\/danielmatos\/files\/2022\/06\/Screenshot_20220610-1928242.png\",\"datePublished\":\"2022-06-10T23:30:00+00:00\",\"author\":{\"@id\":\"\"},\"breadcrumb\":{\"@id\":\"https:\/\/www.blogsoestado.com\/danielmatos\/dr-lahesio-bonfim-e-dr-gutemberg-participam-de-encontro-com-jovens-empresarios-de-todo-o-brasil-na-101a-assembleia-geral-do-conaje\/#breadcrumb\"},\"inLanguage\":\"pt-BR\",\"potentialAction\":[{\"@type\":\"ReadAction\",\"target\":[\"https:\/\/www.blogsoestado.com\/danielmatos\/dr-lahesio-bonfim-e-dr-gutemberg-participam-de-encontro-com-jovens-empresarios-de-todo-o-brasil-na-101a-assembleia-geral-do-conaje\/\"]}]},{\"@type\":\"ImageObject\",\"inLanguage\":\"pt-BR\",\"@id\":\"https:\/\/www.blogsoestado.com\/danielmatos\/dr-lahesio-bonfim-e-dr-gutemberg-participam-de-encontro-com-jovens-empresarios-de-todo-o-brasil-na-101a-assembleia-geral-do-conaje\/#primaryimage\",\"url\":\"https:\/\/www.blogsoestado.com\/danielmatos\/files\/2022\/06\/Screenshot_20220610-1928242.png\",\"contentUrl\":\"https:\/\/www.blogsoestado.com\/danielmatos\/files\/2022\/06\/Screenshot_20220610-1928242.png\"},{\"@type\":\"BreadcrumbList\",\"@id\":\"https:\/\/www.blogsoestado.com\/danielmatos\/dr-lahesio-bonfim-e-dr-gutemberg-participam-de-encontro-com-jovens-empresarios-de-todo-o-brasil-na-101a-assembleia-geral-do-conaje\/#breadcrumb\",\"itemListElement\":[{\"@type\":\"ListItem\",\"position\":1,\"name\":\"In\u00edcio\",\"item\":\"https:\/\/www.blogsoestado.com\/danielmatos\/\"},{\"@type\":\"ListItem\",\"position\":2,\"name\":\"Dr. Lahesio Bonfim e Dr. Gutemberg participam de encontro com jovens empres\u00e1rios de todo o Brasil na 101\u00aa Assembleia Geral do Conaje\"}]},{\"@type\":\"WebSite\",\"@id\":\"https:\/\/www.blogsoestado.com\/danielmatos\/#website\",\"url\":\"https:\/\/www.blogsoestado.com\/danielmatos\/\",\"name\":\"Daniel Matos\",\"description\":\"\",\"potentialAction\":[{\"@type\":\"SearchAction\",\"target\":{\"@type\":\"EntryPoint\",\"urlTemplate\":\"https:\/\/www.blogsoestado.com\/danielmatos\/?s={search_term_string}\"},\"query-input\":{\"@type\":\"PropertyValueSpecification\",\"valueRequired\":true,\"valueName\":\"search_term_string\"}}],\"inLanguage\":\"pt-BR\"}]}<\/script>\n<!-- \/ Yoast SEO plugin. -->","yoast_head_json":{"title":"Dr. Lahesio Bonfim e Dr. Gutemberg participam de encontro com jovens empres\u00e1rios de todo o Brasil na 101\u00aa Assembleia Geral do Conaje - Daniel Matos","robots":{"index":"index","follow":"follow","max-snippet":"max-snippet:-1","max-image-preview":"max-image-preview:large","max-video-preview":"max-video-preview:-1"},"canonical":"https:\/\/www.blogsoestado.com\/danielmatos\/dr-lahesio-bonfim-e-dr-gutemberg-participam-de-encontro-com-jovens-empresarios-de-todo-o-brasil-na-101a-assembleia-geral-do-conaje\/","og_locale":"pt_BR","og_type":"article","og_title":"Dr. Lahesio Bonfim e Dr. Gutemberg participam de encontro com jovens empres\u00e1rios de todo o Brasil na 101\u00aa Assembleia Geral do Conaje - Daniel Matos","og_description":"O vice-presidente da C\u00e2mara Municipal de S\u00e3o Lu\u00eds, vereador Dr. Gutemberg, e o pr\u00e9-candidato ao Governo do Estado, Dr. Lahesio [&hellip;]","og_url":"https:\/\/www.blogsoestado.com\/danielmatos\/dr-lahesio-bonfim-e-dr-gutemberg-participam-de-encontro-com-jovens-empresarios-de-todo-o-brasil-na-101a-assembleia-geral-do-conaje\/","og_site_name":"Daniel Matos","article_published_time":"2022-06-10T23:30:00+00:00","og_image":[{"url":"https:\/\/www.blogsoestado.com\/danielmatos\/files\/2022\/06\/Screenshot_20220610-1928242.png","type":"","width":"","height":""}],"twitter_card":"summary_large_image","twitter_misc":{"Est. tempo de leitura":"2 minutos"},"schema":{"@context":"https:\/\/schema.org","@graph":[{"@type":"WebPage","@id":"https:\/\/www.blogsoestado.com\/danielmatos\/dr-lahesio-bonfim-e-dr-gutemberg-participam-de-encontro-com-jovens-empresarios-de-todo-o-brasil-na-101a-assembleia-geral-do-conaje\/","url":"https:\/\/www.blogsoestado.com\/danielmatos\/dr-lahesio-bonfim-e-dr-gutemberg-participam-de-encontro-com-jovens-empresarios-de-todo-o-brasil-na-101a-assembleia-geral-do-conaje\/","name":"Dr. Lahesio Bonfim e Dr. Gutemberg participam de encontro com jovens empres\u00e1rios de todo o Brasil na 101\u00aa Assembleia Geral do Conaje - Daniel Matos","isPartOf":{"@id":"https:\/\/www.blogsoestado.com\/danielmatos\/#website"},"primaryImageOfPage":{"@id":"https:\/\/www.blogsoestado.com\/danielmatos\/dr-lahesio-bonfim-e-dr-gutemberg-participam-de-encontro-com-jovens-empresarios-de-todo-o-brasil-na-101a-assembleia-geral-do-conaje\/#primaryimage"},"image":{"@id":"https:\/\/www.blogsoestado.com\/danielmatos\/dr-lahesio-bonfim-e-dr-gutemberg-participam-de-encontro-com-jovens-empresarios-de-todo-o-brasil-na-101a-assembleia-geral-do-conaje\/#primaryimage"},"thumbnailUrl":"https:\/\/www.blogsoestado.com\/danielmatos\/files\/2022\/06\/Screenshot_20220610-1928242.png","datePublished":"2022-06-10T23:30:00+00:00","author":{"@id":""},"breadcrumb":{"@id":"https:\/\/www.blogsoestado.com\/danielmatos\/dr-lahesio-bonfim-e-dr-gutemberg-participam-de-encontro-com-jovens-empresarios-de-todo-o-brasil-na-101a-assembleia-geral-do-conaje\/#breadcrumb"},"inLanguage":"pt-BR","potentialAction":[{"@type":"ReadAction","target":["https:\/\/www.blogsoestado.com\/danielmatos\/dr-lahesio-bonfim-e-dr-gutemberg-participam-de-encontro-com-jovens-empresarios-de-todo-o-brasil-na-101a-assembleia-geral-do-conaje\/"]}]},{"@type":"ImageObject","inLanguage":"pt-BR","@id":"https:\/\/www.blogsoestado.com\/danielmatos\/dr-lahesio-bonfim-e-dr-gutemberg-participam-de-encontro-com-jovens-empresarios-de-todo-o-brasil-na-101a-assembleia-geral-do-conaje\/#primaryimage","url":"https:\/\/www.blogsoestado.com\/danielmatos\/files\/2022\/06\/Screenshot_20220610-1928242.png","contentUrl":"https:\/\/www.blogsoestado.com\/danielmatos\/files\/2022\/06\/Screenshot_20220610-1928242.png"},{"@type":"BreadcrumbList","@id":"https:\/\/www.blogsoestado.com\/danielmatos\/dr-lahesio-bonfim-e-dr-gutemberg-participam-de-encontro-com-jovens-empresarios-de-todo-o-brasil-na-101a-assembleia-geral-do-conaje\/#breadcrumb","itemListElement":[{"@type":"ListItem","position":1,"name":"In\u00edcio","item":"https:\/\/www.blogsoestado.com\/danielmatos\/"},{"@type":"ListItem","position":2,"name":"Dr. Lahesio Bonfim e Dr. Gutemberg participam de encontro com jovens empres\u00e1rios de todo o Brasil na 101\u00aa Assembleia Geral do Conaje"}]},{"@type":"WebSite","@id":"https:\/\/www.blogsoestado.com\/danielmatos\/#website","url":"https:\/\/www.blogsoestado.com\/danielmatos\/","name":"Daniel Matos","description":"","potentialAction":[{"@type":"SearchAction","target":{"@type":"EntryPoint","urlTemplate":"https:\/\/www.blogsoestado.com\/danielmatos\/?s={search_term_string}"},"query-input":{"@type":"PropertyValueSpecification","valueRequired":true,"valueName":"search_term_string"}}],"inLanguage":"pt-BR"}]}},"jetpack_featured_media_url":"","_links":{"self":[{"href":"https:\/\/www.blogsoestado.com\/danielmatos\/wp-json\/wp\/v2\/posts\/98003","targetHints":{"allow":["GET"]}}],"collection":[{"href":"https:\/\/www.blogsoestado.com\/danielmatos\/wp-json\/wp\/v2\/posts"}],"about":[{"href":"https:\/\/www.blogsoestado.com\/danielmatos\/wp-json\/wp\/v2\/types\/post"}],"replies":[{"embeddable":true,"href":"https:\/\/www.blogsoestado.com\/danielmatos\/wp-json\/wp\/v2\/comments?post=98003"}],"version-history":[{"count":0,"href":"https:\/\/www.blogsoestado.com\/danielmatos\/wp-json\/wp\/v2\/posts\/98003\/revisions"}],"wp:attachment":[{"href":"https:\/\/www.blogsoestado.com\/danielmatos\/wp-json\/wp\/v2\/media?parent=98003"}],"wp:term":[{"taxonomy":"category","embeddable":true,"href":"https:\/\/www.blogsoestado.com\/danielmatos\/wp-json\/wp\/v2\/categories?post=98003"},{"taxonomy":"post_tag","embeddable":true,"href":"https:\/\/www.blogsoestado.com\/danielmatos\/wp-json\/wp\/v2\/tags?post=98003"}],"curies":[{"name":"wp","href":"https:\/\/api.w.org\/{rel}","templated":true}]}}