{"id":999,"date":"2009-04-16T15:23:59","date_gmt":"2009-04-16T18:23:59","guid":{"rendered":"https:\/\/www.blogsoestado.com\/danielmatos\/danielmatos\/2009\/04\/16\/depois-de-clodomir-paz-euridice-vidigal-pode-ser-a-proxima-a-ter-a-prisao-decretada-pela-justica\/"},"modified":"2009-04-16T15:23:59","modified_gmt":"2009-04-16T18:23:59","slug":"depois-de-clodomir-paz-euridice-vidigal-pode-ser-a-proxima-a-ter-a-prisao-decretada-pela-justica","status":"publish","type":"post","link":"https:\/\/www.blogsoestado.com\/danielmatos\/depois-de-clodomir-paz-euridice-vidigal-pode-ser-a-proxima-a-ter-a-prisao-decretada-pela-justica\/","title":{"rendered":"Briga judicial entre Detran e Euromar pode dar em cadeia para Eur\u00eddice Vidigal"},"content":{"rendered":"<p><a href=\"https:\/\/www.blogsoestado.com\/danielmatos\/files\/2009\/04\/vidigal-euridice.jpg\" title=\"vidigal-euridice.jpg\"><\/a><a href=\"https:\/\/www.blogsoestado.com\/danielmatos\/files\/2009\/04\/dsc06974.JPG\" title=\"dsc06974.JPG\"><img decoding=\"async\" align=\"right\" src=\"https:\/\/www.blogsoestado.com\/danielmatos\/files\/2009\/04\/dsc06974.JPG\" alt=\"dsc06974.JPG\" \/><\/a>Depois do diretor-geral do Detran, Clodomir Paz,\u00a0a secret\u00e1ria de Seguran\u00e7a Cidad\u00e3, Eur\u00eddice Vidigal (foto), presidente do Conselho Estadual de Tr\u00e2nsito (Cetran), pode ser a pr\u00f3xima a ter a pris\u00e3o decretada por descumprir a decis\u00e3o do Tribunal de Justi\u00e7a\u00a0de emplacar os cerca de 400\u00a0carros vendidos pela Euromar. A atitude do Cetran de intervir no Detran, outorgando para si a responsabilidade pelo primeiro emplacamento\u00a0dos ve\u00edculos,\u00a0foi considerada incorreta pelos desembargadores, j\u00e1 que o segundo n\u00e3o\u00a0\u00e9 diretamente subordinado ao primeiro.<\/p>\n<p>Na sess\u00e3o extraordin\u00e1ria realizada esta manh\u00e3,\u00a0a 2\u00aa C\u00e2mara C\u00edvel do TJ ordenou a cientifica\u00e7\u00e3o do\u00a0conselho para que deixe de obstruir o licenciamento dos ve\u00edculos no prazo de 24 horas, sob pena de decreta\u00e7\u00e3o da\u00a0pris\u00e3o de todos os seus integrantes. Na condi\u00e7\u00e3o de presidente, a secret\u00e1ria Eur\u00eddice Vidigal\u00a0encabe\u00e7a a lista de candidatos ao xilindr\u00f3. O subsecret\u00e1rio estadual de Comunica\u00e7\u00e3o,\u00a0Jerry Abrantes, o advogado Jo\u00e3o Batista Ericeira, cunhado do governador Jackson Lago (PDT), entre outros, tamb\u00e9m est\u00e3o amea\u00e7ados de ir para a cadeia.<\/p>\n<p>Desconhecido da\u00a0grande maioria do p\u00fablico, o\u00a0Cetran \u00e9 composto por 11 membros.\u00a0Cada um\u00a0recebe cerca de R$ 4,5 mil mensais por ocupar assento no \u00f3rg\u00e3o. Uma eventual pris\u00e3o na esteira do conflito Detran X Euromar\u00a0seria\u00a0o primeiro fato\u00a0a dar real visibilidade \u00e0\u00a0exist\u00eancia dos conselheiros.\u00a0\u00a0\u00a0\u00a0\u00a0\u00a0\u00a0\u00a0<\/p>\n","protected":false},"excerpt":{"rendered":"<p>Depois do diretor-geral do Detran, Clodomir Paz,\u00a0a secret\u00e1ria de Seguran\u00e7a Cidad\u00e3, Eur\u00eddice Vidigal (foto), presidente do Conselho Estadual de Tr\u00e2nsito [&hellip;]<\/p>\n","protected":false},"author":0,"featured_media":0,"comment_status":"open","ping_status":"open","sticky":false,"template":"","format":"standard","meta":{"site-sidebar-layout":"default","site-content-layout":"","ast-site-content-layout":"default","site-content-style":"default","site-sidebar-style":"default","ast-global-header-display":"","ast-banner-title-visibility":"","ast-main-header-display":"","ast-hfb-above-header-display":"","ast-hfb-below-header-display":"","ast-hfb-mobile-header-display":"","site-post-title":"","ast-breadcrumbs-content":"","ast-featured-img":"","footer-sml-layout":"","ast-disable-related-posts":"","theme-transparent-header-meta":"","adv-header-id-meta":"","stick-header-meta":"","header-above-stick-meta":"","header-main-stick-meta":"","header-below-stick-meta":"","astra-migrate-meta-layouts":"default","ast-page-background-enabled":"default","ast-page-background-meta":{"desktop":{"background-color":"var(--ast-global-color-5)","background-image":"","background-repeat":"repeat","background-position":"center center","background-size":"auto","background-attachment":"scroll","background-type":"","background-media":"","overlay-type":"","overlay-color":"","overlay-opacity":"","overlay-gradient":""},"tablet":{"background-color":"","background-image":"","background-repeat":"repeat","background-position":"center center","background-size":"auto","background-attachment":"scroll","background-type":"","background-media":"","overlay-type":"","overlay-color":"","overlay-opacity":"","overlay-gradient":""},"mobile":{"background-color":"","background-image":"","background-repeat":"repeat","background-position":"center center","background-size":"auto","background-attachment":"scroll","background-type":"","background-media":"","overlay-type":"","overlay-color":"","overlay-opacity":"","overlay-gradient":""}},"ast-content-background-meta":{"desktop":{"background-color":"var(--ast-global-color-4)","background-image":"","background-repeat":"repeat","background-position":"center center","background-size":"auto","background-attachment":"scroll","background-type":"","background-media":"","overlay-type":"","overlay-color":"","overlay-opacity":"","overlay-gradient":""},"tablet":{"background-color":"var(--ast-global-color-4)","background-image":"","background-repeat":"repeat","background-position":"center center","background-size":"auto","background-attachment":"scroll","background-type":"","background-media":"","overlay-type":"","overlay-color":"","overlay-opacity":"","overlay-gradient":""},"mobile":{"background-color":"var(--ast-global-color-4)","background-image":"","background-repeat":"repeat","background-position":"center center","background-size":"auto","background-attachment":"scroll","background-type":"","background-media":"","overlay-type":"","overlay-color":"","overlay-opacity":"","overlay-gradient":""}},"footnotes":""},"categories":[1],"tags":[],"class_list":["post-999","post","type-post","status-publish","format-standard","hentry","category-sem-categoria"],"yoast_head":"<!-- This site is optimized with the Yoast SEO plugin v26.6 - https:\/\/yoast.com\/wordpress\/plugins\/seo\/ -->\n<title>Briga judicial entre Detran e Euromar pode dar em cadeia para Eur\u00eddice Vidigal - Daniel Matos<\/title>\n<meta name=\"robots\" content=\"index, follow, max-snippet:-1, max-image-preview:large, max-video-preview:-1\" \/>\n<link rel=\"canonical\" href=\"https:\/\/www.blogsoestado.com\/danielmatos\/depois-de-clodomir-paz-euridice-vidigal-pode-ser-a-proxima-a-ter-a-prisao-decretada-pela-justica\/\" \/>\n<meta property=\"og:locale\" content=\"pt_BR\" \/>\n<meta property=\"og:type\" content=\"article\" \/>\n<meta property=\"og:title\" content=\"Briga judicial entre Detran e Euromar pode dar em cadeia para Eur\u00eddice Vidigal - Daniel Matos\" \/>\n<meta property=\"og:description\" content=\"Depois do diretor-geral do Detran, Clodomir Paz,\u00a0a secret\u00e1ria de Seguran\u00e7a Cidad\u00e3, Eur\u00eddice Vidigal (foto), presidente do Conselho Estadual de Tr\u00e2nsito [&hellip;]\" \/>\n<meta property=\"og:url\" content=\"https:\/\/www.blogsoestado.com\/danielmatos\/depois-de-clodomir-paz-euridice-vidigal-pode-ser-a-proxima-a-ter-a-prisao-decretada-pela-justica\/\" \/>\n<meta property=\"og:site_name\" content=\"Daniel Matos\" \/>\n<meta property=\"article:published_time\" content=\"2009-04-16T18:23:59+00:00\" \/>\n<meta property=\"og:image\" content=\"https:\/\/www.blogsoestado.com\/danielmatos\/files\/2009\/04\/dsc06974.JPG\" \/>\n<meta name=\"twitter:card\" content=\"summary_large_image\" \/>\n<meta name=\"twitter:label1\" content=\"Est. tempo de leitura\" \/>\n\t<meta name=\"twitter:data1\" content=\"1 minuto\" \/>\n<script type=\"application\/ld+json\" class=\"yoast-schema-graph\">{\"@context\":\"https:\/\/schema.org\",\"@graph\":[{\"@type\":\"WebPage\",\"@id\":\"https:\/\/www.blogsoestado.com\/danielmatos\/depois-de-clodomir-paz-euridice-vidigal-pode-ser-a-proxima-a-ter-a-prisao-decretada-pela-justica\/\",\"url\":\"https:\/\/www.blogsoestado.com\/danielmatos\/depois-de-clodomir-paz-euridice-vidigal-pode-ser-a-proxima-a-ter-a-prisao-decretada-pela-justica\/\",\"name\":\"Briga judicial entre Detran e Euromar pode dar em cadeia para Eur\u00eddice Vidigal - Daniel Matos\",\"isPartOf\":{\"@id\":\"https:\/\/www.blogsoestado.com\/danielmatos\/#website\"},\"primaryImageOfPage\":{\"@id\":\"https:\/\/www.blogsoestado.com\/danielmatos\/depois-de-clodomir-paz-euridice-vidigal-pode-ser-a-proxima-a-ter-a-prisao-decretada-pela-justica\/#primaryimage\"},\"image\":{\"@id\":\"https:\/\/www.blogsoestado.com\/danielmatos\/depois-de-clodomir-paz-euridice-vidigal-pode-ser-a-proxima-a-ter-a-prisao-decretada-pela-justica\/#primaryimage\"},\"thumbnailUrl\":\"https:\/\/www.blogsoestado.com\/danielmatos\/files\/2009\/04\/dsc06974.JPG\",\"datePublished\":\"2009-04-16T18:23:59+00:00\",\"author\":{\"@id\":\"\"},\"breadcrumb\":{\"@id\":\"https:\/\/www.blogsoestado.com\/danielmatos\/depois-de-clodomir-paz-euridice-vidigal-pode-ser-a-proxima-a-ter-a-prisao-decretada-pela-justica\/#breadcrumb\"},\"inLanguage\":\"pt-BR\",\"potentialAction\":[{\"@type\":\"ReadAction\",\"target\":[\"https:\/\/www.blogsoestado.com\/danielmatos\/depois-de-clodomir-paz-euridice-vidigal-pode-ser-a-proxima-a-ter-a-prisao-decretada-pela-justica\/\"]}]},{\"@type\":\"ImageObject\",\"inLanguage\":\"pt-BR\",\"@id\":\"https:\/\/www.blogsoestado.com\/danielmatos\/depois-de-clodomir-paz-euridice-vidigal-pode-ser-a-proxima-a-ter-a-prisao-decretada-pela-justica\/#primaryimage\",\"url\":\"https:\/\/www.blogsoestado.com\/danielmatos\/files\/2009\/04\/dsc06974.JPG\",\"contentUrl\":\"https:\/\/www.blogsoestado.com\/danielmatos\/files\/2009\/04\/dsc06974.JPG\"},{\"@type\":\"BreadcrumbList\",\"@id\":\"https:\/\/www.blogsoestado.com\/danielmatos\/depois-de-clodomir-paz-euridice-vidigal-pode-ser-a-proxima-a-ter-a-prisao-decretada-pela-justica\/#breadcrumb\",\"itemListElement\":[{\"@type\":\"ListItem\",\"position\":1,\"name\":\"In\u00edcio\",\"item\":\"https:\/\/www.blogsoestado.com\/danielmatos\/\"},{\"@type\":\"ListItem\",\"position\":2,\"name\":\"Briga judicial entre Detran e Euromar pode dar em cadeia para Eur\u00eddice Vidigal\"}]},{\"@type\":\"WebSite\",\"@id\":\"https:\/\/www.blogsoestado.com\/danielmatos\/#website\",\"url\":\"https:\/\/www.blogsoestado.com\/danielmatos\/\",\"name\":\"Daniel Matos\",\"description\":\"\",\"potentialAction\":[{\"@type\":\"SearchAction\",\"target\":{\"@type\":\"EntryPoint\",\"urlTemplate\":\"https:\/\/www.blogsoestado.com\/danielmatos\/?s={search_term_string}\"},\"query-input\":{\"@type\":\"PropertyValueSpecification\",\"valueRequired\":true,\"valueName\":\"search_term_string\"}}],\"inLanguage\":\"pt-BR\"}]}<\/script>\n<!-- \/ Yoast SEO plugin. -->","yoast_head_json":{"title":"Briga judicial entre Detran e Euromar pode dar em cadeia para Eur\u00eddice Vidigal - Daniel Matos","robots":{"index":"index","follow":"follow","max-snippet":"max-snippet:-1","max-image-preview":"max-image-preview:large","max-video-preview":"max-video-preview:-1"},"canonical":"https:\/\/www.blogsoestado.com\/danielmatos\/depois-de-clodomir-paz-euridice-vidigal-pode-ser-a-proxima-a-ter-a-prisao-decretada-pela-justica\/","og_locale":"pt_BR","og_type":"article","og_title":"Briga judicial entre Detran e Euromar pode dar em cadeia para Eur\u00eddice Vidigal - Daniel Matos","og_description":"Depois do diretor-geral do Detran, Clodomir Paz,\u00a0a secret\u00e1ria de Seguran\u00e7a Cidad\u00e3, Eur\u00eddice Vidigal (foto), presidente do Conselho Estadual de Tr\u00e2nsito [&hellip;]","og_url":"https:\/\/www.blogsoestado.com\/danielmatos\/depois-de-clodomir-paz-euridice-vidigal-pode-ser-a-proxima-a-ter-a-prisao-decretada-pela-justica\/","og_site_name":"Daniel Matos","article_published_time":"2009-04-16T18:23:59+00:00","og_image":[{"url":"https:\/\/www.blogsoestado.com\/danielmatos\/files\/2009\/04\/dsc06974.JPG","type":"","width":"","height":""}],"twitter_card":"summary_large_image","twitter_misc":{"Est. tempo de leitura":"1 minuto"},"schema":{"@context":"https:\/\/schema.org","@graph":[{"@type":"WebPage","@id":"https:\/\/www.blogsoestado.com\/danielmatos\/depois-de-clodomir-paz-euridice-vidigal-pode-ser-a-proxima-a-ter-a-prisao-decretada-pela-justica\/","url":"https:\/\/www.blogsoestado.com\/danielmatos\/depois-de-clodomir-paz-euridice-vidigal-pode-ser-a-proxima-a-ter-a-prisao-decretada-pela-justica\/","name":"Briga judicial entre Detran e Euromar pode dar em cadeia para Eur\u00eddice Vidigal - Daniel Matos","isPartOf":{"@id":"https:\/\/www.blogsoestado.com\/danielmatos\/#website"},"primaryImageOfPage":{"@id":"https:\/\/www.blogsoestado.com\/danielmatos\/depois-de-clodomir-paz-euridice-vidigal-pode-ser-a-proxima-a-ter-a-prisao-decretada-pela-justica\/#primaryimage"},"image":{"@id":"https:\/\/www.blogsoestado.com\/danielmatos\/depois-de-clodomir-paz-euridice-vidigal-pode-ser-a-proxima-a-ter-a-prisao-decretada-pela-justica\/#primaryimage"},"thumbnailUrl":"https:\/\/www.blogsoestado.com\/danielmatos\/files\/2009\/04\/dsc06974.JPG","datePublished":"2009-04-16T18:23:59+00:00","author":{"@id":""},"breadcrumb":{"@id":"https:\/\/www.blogsoestado.com\/danielmatos\/depois-de-clodomir-paz-euridice-vidigal-pode-ser-a-proxima-a-ter-a-prisao-decretada-pela-justica\/#breadcrumb"},"inLanguage":"pt-BR","potentialAction":[{"@type":"ReadAction","target":["https:\/\/www.blogsoestado.com\/danielmatos\/depois-de-clodomir-paz-euridice-vidigal-pode-ser-a-proxima-a-ter-a-prisao-decretada-pela-justica\/"]}]},{"@type":"ImageObject","inLanguage":"pt-BR","@id":"https:\/\/www.blogsoestado.com\/danielmatos\/depois-de-clodomir-paz-euridice-vidigal-pode-ser-a-proxima-a-ter-a-prisao-decretada-pela-justica\/#primaryimage","url":"https:\/\/www.blogsoestado.com\/danielmatos\/files\/2009\/04\/dsc06974.JPG","contentUrl":"https:\/\/www.blogsoestado.com\/danielmatos\/files\/2009\/04\/dsc06974.JPG"},{"@type":"BreadcrumbList","@id":"https:\/\/www.blogsoestado.com\/danielmatos\/depois-de-clodomir-paz-euridice-vidigal-pode-ser-a-proxima-a-ter-a-prisao-decretada-pela-justica\/#breadcrumb","itemListElement":[{"@type":"ListItem","position":1,"name":"In\u00edcio","item":"https:\/\/www.blogsoestado.com\/danielmatos\/"},{"@type":"ListItem","position":2,"name":"Briga judicial entre Detran e Euromar pode dar em cadeia para Eur\u00eddice Vidigal"}]},{"@type":"WebSite","@id":"https:\/\/www.blogsoestado.com\/danielmatos\/#website","url":"https:\/\/www.blogsoestado.com\/danielmatos\/","name":"Daniel Matos","description":"","potentialAction":[{"@type":"SearchAction","target":{"@type":"EntryPoint","urlTemplate":"https:\/\/www.blogsoestado.com\/danielmatos\/?s={search_term_string}"},"query-input":{"@type":"PropertyValueSpecification","valueRequired":true,"valueName":"search_term_string"}}],"inLanguage":"pt-BR"}]}},"jetpack_featured_media_url":"","_links":{"self":[{"href":"https:\/\/www.blogsoestado.com\/danielmatos\/wp-json\/wp\/v2\/posts\/999","targetHints":{"allow":["GET"]}}],"collection":[{"href":"https:\/\/www.blogsoestado.com\/danielmatos\/wp-json\/wp\/v2\/posts"}],"about":[{"href":"https:\/\/www.blogsoestado.com\/danielmatos\/wp-json\/wp\/v2\/types\/post"}],"replies":[{"embeddable":true,"href":"https:\/\/www.blogsoestado.com\/danielmatos\/wp-json\/wp\/v2\/comments?post=999"}],"version-history":[{"count":0,"href":"https:\/\/www.blogsoestado.com\/danielmatos\/wp-json\/wp\/v2\/posts\/999\/revisions"}],"wp:attachment":[{"href":"https:\/\/www.blogsoestado.com\/danielmatos\/wp-json\/wp\/v2\/media?parent=999"}],"wp:term":[{"taxonomy":"category","embeddable":true,"href":"https:\/\/www.blogsoestado.com\/danielmatos\/wp-json\/wp\/v2\/categories?post=999"},{"taxonomy":"post_tag","embeddable":true,"href":"https:\/\/www.blogsoestado.com\/danielmatos\/wp-json\/wp\/v2\/tags?post=999"}],"curies":[{"name":"wp","href":"https:\/\/api.w.org\/{rel}","templated":true}]}}