{"id":10016,"date":"2023-10-02T15:25:18","date_gmt":"2023-10-02T18:25:18","guid":{"rendered":"https:\/\/www.blogsoestado.com\/evandrojunior\/?p=10016"},"modified":"2023-10-02T15:25:18","modified_gmt":"2023-10-02T18:25:18","slug":"wine-celebration-2023-sera-realizada-no-palazzo-com-show-de-paulo-ricardo","status":"publish","type":"post","link":"https:\/\/www.blogsoestado.com\/evandrojunior\/2023\/10\/02\/wine-celebration-2023-sera-realizada-no-palazzo-com-show-de-paulo-ricardo\/","title":{"rendered":"Wine Celebration 2023 ser\u00e1 realizada no Palazzo com show de Paulo Ricardo"},"content":{"rendered":"\n<div class=\"wp-block-image\"><figure class=\"aligncenter size-large is-resized\"><img fetchpriority=\"high\" decoding=\"async\" src=\"https:\/\/www.blogsoestado.com\/evandrojunior\/files\/2023\/10\/WhatsApp-Image-2023-10-02-at-15.08.28-1024x683.jpeg\" alt=\"\" class=\"wp-image-10017\" width=\"563\" height=\"375\"\/><figcaption><strong>Wine Celebration \u00e9 um evento dedicado ao mundo dos vinhos<\/strong><\/figcaption><\/figure><\/div>\n\n\n\n<p><strong>S\u00c3O LU\u00cdS<\/strong> &#8211; O maior evento de vinho das regi\u00f5es Norte e Nordeste come\u00e7a a entrar em contagem regressiva a partir de hoje para sua edi\u00e7\u00e3o 2023. <\/p>\n\n\n\n<p>A Wine Celebration ser\u00e1 realizada no dia 20 de outubro, \u00e0s 21h, no Palazzo Eventos (Ara\u00e7agi), all inclusive, sob a chancela da equipe da AMZ Company, tendo no comando os empres\u00e1rios Emmanuel M\u00e1rcio Barbosa e Al\u00edpio Moraes. Os ingressos est\u00e3o sendo vendidos na Bilheteria Digital. <\/p>\n\n\n\n<p>A exemplo das edi\u00e7\u00f5es anteriores, o evento que consagra uma das bebidas mais consumidas no mundo ser\u00e1 regado tamb\u00e9m \u00e0 m\u00fasica. Desta vez, o convidado \u00e9 o cantor Paulo Ricardo, que far\u00e1 um show completo enquanto o p\u00fablico estiver degustando os melhores r\u00f3tulos dessa bebida que traz muitos benef\u00edcios \u00e0 sa\u00fade. <\/p>\n\n\n\n<div class=\"wp-block-image\"><figure class=\"aligncenter size-large is-resized\"><img decoding=\"async\" src=\"https:\/\/www.blogsoestado.com\/evandrojunior\/files\/2023\/10\/WhatsApp-Image-2023-10-02-at-15.08.44-1024x654.jpeg\" alt=\"\" class=\"wp-image-10018\" width=\"587\" height=\"374\"\/><figcaption><strong>Cantor Paulo Ricardo far\u00e1 um show exclusivo durante o evento<\/strong><\/figcaption><\/figure><\/div>\n\n\n\n<p>O evento ser\u00e1 uma noite para brindar entre amigos levantando ta\u00e7as de famosos r\u00f3tulos, incluindo alguns da vin\u00edcola do en\u00f3logo franc\u00eas Pascoal Marty, como Kalak e Ser. <\/p>\n\n\n\n<p>Pascal Marty fundou, no Chile, a Vi\u00f1a Marty, com o conceito de fazer nascer o que ele mais sabe: grandes vinhos. Marty \u00e9 conhecido por ter produzido tr\u00eas vinhos de renome mundial em tr\u00eas continentes diferentes nas \u00faltimas tr\u00eas d\u00e9cadas: iniciou a carreira com o vintage Chateau Mouton Rothschild, de 1982, foi chefe en\u00f3logo e criador do Opus One, nos Estados Unidos, e repetiu o mesmo conceito no Chile com a Vi\u00f1a Almaviva. Logo, \u00e9 considerado o pioneiro em fazer vinho chileno super premium.<\/p>\n\n\n\n<p>&#8220;Vinho \u00e9 uma bebida elegante e que faz bem \u00e0 sa\u00fade quando consumida sem exageros. Ali\u00e1s, segundo a Wine Intelligence, mais de 50 milh\u00f5es de brasileiros, ou seja, cerca de 36% da popula\u00e7\u00e3o adulta, consomem vinho regularmente. \u00c9 uma propor\u00e7\u00e3o equivalente ao que ocorre nos Estados Unidos. Portanto, vinho tamb\u00e9m \u00e9 uma paix\u00e3o nacional e n\u00f3s estamos muito felizes por realizar mais uma edi\u00e7\u00e3o deste grande evento com um protagonista que faz a diferen\u00e7a na mesa&#8221;, disse.<\/p>\n","protected":false},"excerpt":{"rendered":"<p>S\u00c3O LU\u00cdS &#8211; O maior evento de vinho das regi\u00f5es Norte e Nordeste come\u00e7a a entrar em contagem regressiva a [&hellip;]<\/p>\n","protected":false},"author":4,"featured_media":0,"comment_status":"open","ping_status":"open","sticky":false,"template":"","format":"standard","meta":{"site-sidebar-layout":"default","site-content-layout":"","ast-site-content-layout":"default","site-content-style":"default","site-sidebar-style":"default","ast-global-header-display":"","ast-banner-title-visibility":"","ast-main-header-display":"","ast-hfb-above-header-display":"","ast-hfb-below-header-display":"","ast-hfb-mobile-header-display":"","site-post-title":"","ast-breadcrumbs-content":"","ast-featured-img":"","footer-sml-layout":"","ast-disable-related-posts":"","theme-transparent-header-meta":"","adv-header-id-meta":"","stick-header-meta":"","header-above-stick-meta":"","header-main-stick-meta":"","header-below-stick-meta":"","astra-migrate-meta-layouts":"default","ast-page-background-enabled":"default","ast-page-background-meta":{"desktop":{"background-color":"var(--ast-global-color-5)","background-image":"","background-repeat":"repeat","background-position":"center center","background-size":"auto","background-attachment":"scroll","background-type":"","background-media":"","overlay-type":"","overlay-color":"","overlay-opacity":"","overlay-gradient":""},"tablet":{"background-color":"","background-image":"","background-repeat":"repeat","background-position":"center center","background-size":"auto","background-attachment":"scroll","background-type":"","background-media":"","overlay-type":"","overlay-color":"","overlay-opacity":"","overlay-gradient":""},"mobile":{"background-color":"","background-image":"","background-repeat":"repeat","background-position":"center center","background-size":"auto","background-attachment":"scroll","background-type":"","background-media":"","overlay-type":"","overlay-color":"","overlay-opacity":"","overlay-gradient":""}},"ast-content-background-meta":{"desktop":{"background-color":"var(--ast-global-color-4)","background-image":"","background-repeat":"repeat","background-position":"center center","background-size":"auto","background-attachment":"scroll","background-type":"","background-media":"","overlay-type":"","overlay-color":"","overlay-opacity":"","overlay-gradient":""},"tablet":{"background-color":"var(--ast-global-color-4)","background-image":"","background-repeat":"repeat","background-position":"center center","background-size":"auto","background-attachment":"scroll","background-type":"","background-media":"","overlay-type":"","overlay-color":"","overlay-opacity":"","overlay-gradient":""},"mobile":{"background-color":"var(--ast-global-color-4)","background-image":"","background-repeat":"repeat","background-position":"center center","background-size":"auto","background-attachment":"scroll","background-type":"","background-media":"","overlay-type":"","overlay-color":"","overlay-opacity":"","overlay-gradient":""}},"footnotes":""},"categories":[1],"tags":[],"class_list":["post-10016","post","type-post","status-publish","format-standard","hentry","category-sem-categoria"],"yoast_head":"<!-- This site is optimized with the Yoast SEO plugin v26.6 - https:\/\/yoast.com\/wordpress\/plugins\/seo\/ -->\n<title>Wine Celebration 2023 ser\u00e1 realizada no Palazzo com show de Paulo Ricardo - Evandro Junior<\/title>\n<meta name=\"robots\" content=\"index, follow, max-snippet:-1, max-image-preview:large, max-video-preview:-1\" \/>\n<link rel=\"canonical\" href=\"https:\/\/www.blogsoestado.com\/evandrojunior\/2023\/10\/02\/wine-celebration-2023-sera-realizada-no-palazzo-com-show-de-paulo-ricardo\/\" \/>\n<meta property=\"og:locale\" content=\"pt_BR\" \/>\n<meta property=\"og:type\" content=\"article\" \/>\n<meta property=\"og:title\" content=\"Wine Celebration 2023 ser\u00e1 realizada no Palazzo com show de Paulo Ricardo - Evandro Junior\" \/>\n<meta property=\"og:description\" content=\"S\u00c3O LU\u00cdS &#8211; O maior evento de vinho das regi\u00f5es Norte e Nordeste come\u00e7a a entrar em contagem regressiva a [&hellip;]\" \/>\n<meta property=\"og:url\" content=\"https:\/\/www.blogsoestado.com\/evandrojunior\/2023\/10\/02\/wine-celebration-2023-sera-realizada-no-palazzo-com-show-de-paulo-ricardo\/\" \/>\n<meta property=\"og:site_name\" content=\"Evandro Junior\" \/>\n<meta property=\"article:published_time\" content=\"2023-10-02T18:25:18+00:00\" \/>\n<meta property=\"og:image\" content=\"https:\/\/www.blogsoestado.com\/evandrojunior\/files\/2023\/10\/WhatsApp-Image-2023-10-02-at-15.08.28-1024x683.jpeg\" \/>\n<meta name=\"author\" content=\"Evandro Junior\" \/>\n<meta name=\"twitter:card\" content=\"summary_large_image\" \/>\n<meta name=\"twitter:label1\" content=\"Escrito por\" \/>\n\t<meta name=\"twitter:data1\" content=\"Evandro Junior\" \/>\n\t<meta name=\"twitter:label2\" content=\"Est. tempo de leitura\" \/>\n\t<meta name=\"twitter:data2\" content=\"3 minutos\" \/>\n<script type=\"application\/ld+json\" class=\"yoast-schema-graph\">{\"@context\":\"https:\/\/schema.org\",\"@graph\":[{\"@type\":\"WebPage\",\"@id\":\"https:\/\/www.blogsoestado.com\/evandrojunior\/2023\/10\/02\/wine-celebration-2023-sera-realizada-no-palazzo-com-show-de-paulo-ricardo\/\",\"url\":\"https:\/\/www.blogsoestado.com\/evandrojunior\/2023\/10\/02\/wine-celebration-2023-sera-realizada-no-palazzo-com-show-de-paulo-ricardo\/\",\"name\":\"Wine Celebration 2023 ser\u00e1 realizada no Palazzo com show de Paulo Ricardo - Evandro Junior\",\"isPartOf\":{\"@id\":\"https:\/\/www.blogsoestado.com\/evandrojunior\/#website\"},\"primaryImageOfPage\":{\"@id\":\"https:\/\/www.blogsoestado.com\/evandrojunior\/2023\/10\/02\/wine-celebration-2023-sera-realizada-no-palazzo-com-show-de-paulo-ricardo\/#primaryimage\"},\"image\":{\"@id\":\"https:\/\/www.blogsoestado.com\/evandrojunior\/2023\/10\/02\/wine-celebration-2023-sera-realizada-no-palazzo-com-show-de-paulo-ricardo\/#primaryimage\"},\"thumbnailUrl\":\"https:\/\/www.blogsoestado.com\/evandrojunior\/files\/2023\/10\/WhatsApp-Image-2023-10-02-at-15.08.28-1024x683.jpeg\",\"datePublished\":\"2023-10-02T18:25:18+00:00\",\"author\":{\"@id\":\"https:\/\/www.blogsoestado.com\/evandrojunior\/#\/schema\/person\/3e6c3d8dbb740d1c6878ebc935cfb3be\"},\"breadcrumb\":{\"@id\":\"https:\/\/www.blogsoestado.com\/evandrojunior\/2023\/10\/02\/wine-celebration-2023-sera-realizada-no-palazzo-com-show-de-paulo-ricardo\/#breadcrumb\"},\"inLanguage\":\"pt-BR\",\"potentialAction\":[{\"@type\":\"ReadAction\",\"target\":[\"https:\/\/www.blogsoestado.com\/evandrojunior\/2023\/10\/02\/wine-celebration-2023-sera-realizada-no-palazzo-com-show-de-paulo-ricardo\/\"]}]},{\"@type\":\"ImageObject\",\"inLanguage\":\"pt-BR\",\"@id\":\"https:\/\/www.blogsoestado.com\/evandrojunior\/2023\/10\/02\/wine-celebration-2023-sera-realizada-no-palazzo-com-show-de-paulo-ricardo\/#primaryimage\",\"url\":\"https:\/\/www.blogsoestado.com\/evandrojunior\/files\/2023\/10\/WhatsApp-Image-2023-10-02-at-15.08.28-1024x683.jpeg\",\"contentUrl\":\"https:\/\/www.blogsoestado.com\/evandrojunior\/files\/2023\/10\/WhatsApp-Image-2023-10-02-at-15.08.28-1024x683.jpeg\"},{\"@type\":\"BreadcrumbList\",\"@id\":\"https:\/\/www.blogsoestado.com\/evandrojunior\/2023\/10\/02\/wine-celebration-2023-sera-realizada-no-palazzo-com-show-de-paulo-ricardo\/#breadcrumb\",\"itemListElement\":[{\"@type\":\"ListItem\",\"position\":1,\"name\":\"In\u00edcio\",\"item\":\"https:\/\/www.blogsoestado.com\/evandrojunior\/\"},{\"@type\":\"ListItem\",\"position\":2,\"name\":\"Wine Celebration 2023 ser\u00e1 realizada no Palazzo com show de Paulo Ricardo\"}]},{\"@type\":\"WebSite\",\"@id\":\"https:\/\/www.blogsoestado.com\/evandrojunior\/#website\",\"url\":\"https:\/\/www.blogsoestado.com\/evandrojunior\/\",\"name\":\"Evandro Junior\",\"description\":\"\",\"potentialAction\":[{\"@type\":\"SearchAction\",\"target\":{\"@type\":\"EntryPoint\",\"urlTemplate\":\"https:\/\/www.blogsoestado.com\/evandrojunior\/?s={search_term_string}\"},\"query-input\":{\"@type\":\"PropertyValueSpecification\",\"valueRequired\":true,\"valueName\":\"search_term_string\"}}],\"inLanguage\":\"pt-BR\"},{\"@type\":\"Person\",\"@id\":\"https:\/\/www.blogsoestado.com\/evandrojunior\/#\/schema\/person\/3e6c3d8dbb740d1c6878ebc935cfb3be\",\"name\":\"Evandro Junior\",\"image\":{\"@type\":\"ImageObject\",\"inLanguage\":\"pt-BR\",\"@id\":\"https:\/\/www.blogsoestado.com\/evandrojunior\/#\/schema\/person\/image\/\",\"url\":\"https:\/\/secure.gravatar.com\/avatar\/f80a03a2294a580cd2318bfb459bf354cfa8be661ef3d95b542cf9a04af8d129?s=96&d=mm&r=g\",\"contentUrl\":\"https:\/\/secure.gravatar.com\/avatar\/f80a03a2294a580cd2318bfb459bf354cfa8be661ef3d95b542cf9a04af8d129?s=96&d=mm&r=g\",\"caption\":\"Evandro Junior\"},\"url\":\"https:\/\/www.blogsoestado.com\/evandrojunior\/author\/evandrojunior\/\"}]}<\/script>\n<!-- \/ Yoast SEO plugin. -->","yoast_head_json":{"title":"Wine Celebration 2023 ser\u00e1 realizada no Palazzo com show de Paulo Ricardo - Evandro Junior","robots":{"index":"index","follow":"follow","max-snippet":"max-snippet:-1","max-image-preview":"max-image-preview:large","max-video-preview":"max-video-preview:-1"},"canonical":"https:\/\/www.blogsoestado.com\/evandrojunior\/2023\/10\/02\/wine-celebration-2023-sera-realizada-no-palazzo-com-show-de-paulo-ricardo\/","og_locale":"pt_BR","og_type":"article","og_title":"Wine Celebration 2023 ser\u00e1 realizada no Palazzo com show de Paulo Ricardo - Evandro Junior","og_description":"S\u00c3O LU\u00cdS &#8211; O maior evento de vinho das regi\u00f5es Norte e Nordeste come\u00e7a a entrar em contagem regressiva a [&hellip;]","og_url":"https:\/\/www.blogsoestado.com\/evandrojunior\/2023\/10\/02\/wine-celebration-2023-sera-realizada-no-palazzo-com-show-de-paulo-ricardo\/","og_site_name":"Evandro Junior","article_published_time":"2023-10-02T18:25:18+00:00","og_image":[{"url":"https:\/\/www.blogsoestado.com\/evandrojunior\/files\/2023\/10\/WhatsApp-Image-2023-10-02-at-15.08.28-1024x683.jpeg","type":"","width":"","height":""}],"author":"Evandro Junior","twitter_card":"summary_large_image","twitter_misc":{"Escrito por":"Evandro Junior","Est. tempo de leitura":"3 minutos"},"schema":{"@context":"https:\/\/schema.org","@graph":[{"@type":"WebPage","@id":"https:\/\/www.blogsoestado.com\/evandrojunior\/2023\/10\/02\/wine-celebration-2023-sera-realizada-no-palazzo-com-show-de-paulo-ricardo\/","url":"https:\/\/www.blogsoestado.com\/evandrojunior\/2023\/10\/02\/wine-celebration-2023-sera-realizada-no-palazzo-com-show-de-paulo-ricardo\/","name":"Wine Celebration 2023 ser\u00e1 realizada no Palazzo com show de Paulo Ricardo - Evandro Junior","isPartOf":{"@id":"https:\/\/www.blogsoestado.com\/evandrojunior\/#website"},"primaryImageOfPage":{"@id":"https:\/\/www.blogsoestado.com\/evandrojunior\/2023\/10\/02\/wine-celebration-2023-sera-realizada-no-palazzo-com-show-de-paulo-ricardo\/#primaryimage"},"image":{"@id":"https:\/\/www.blogsoestado.com\/evandrojunior\/2023\/10\/02\/wine-celebration-2023-sera-realizada-no-palazzo-com-show-de-paulo-ricardo\/#primaryimage"},"thumbnailUrl":"https:\/\/www.blogsoestado.com\/evandrojunior\/files\/2023\/10\/WhatsApp-Image-2023-10-02-at-15.08.28-1024x683.jpeg","datePublished":"2023-10-02T18:25:18+00:00","author":{"@id":"https:\/\/www.blogsoestado.com\/evandrojunior\/#\/schema\/person\/3e6c3d8dbb740d1c6878ebc935cfb3be"},"breadcrumb":{"@id":"https:\/\/www.blogsoestado.com\/evandrojunior\/2023\/10\/02\/wine-celebration-2023-sera-realizada-no-palazzo-com-show-de-paulo-ricardo\/#breadcrumb"},"inLanguage":"pt-BR","potentialAction":[{"@type":"ReadAction","target":["https:\/\/www.blogsoestado.com\/evandrojunior\/2023\/10\/02\/wine-celebration-2023-sera-realizada-no-palazzo-com-show-de-paulo-ricardo\/"]}]},{"@type":"ImageObject","inLanguage":"pt-BR","@id":"https:\/\/www.blogsoestado.com\/evandrojunior\/2023\/10\/02\/wine-celebration-2023-sera-realizada-no-palazzo-com-show-de-paulo-ricardo\/#primaryimage","url":"https:\/\/www.blogsoestado.com\/evandrojunior\/files\/2023\/10\/WhatsApp-Image-2023-10-02-at-15.08.28-1024x683.jpeg","contentUrl":"https:\/\/www.blogsoestado.com\/evandrojunior\/files\/2023\/10\/WhatsApp-Image-2023-10-02-at-15.08.28-1024x683.jpeg"},{"@type":"BreadcrumbList","@id":"https:\/\/www.blogsoestado.com\/evandrojunior\/2023\/10\/02\/wine-celebration-2023-sera-realizada-no-palazzo-com-show-de-paulo-ricardo\/#breadcrumb","itemListElement":[{"@type":"ListItem","position":1,"name":"In\u00edcio","item":"https:\/\/www.blogsoestado.com\/evandrojunior\/"},{"@type":"ListItem","position":2,"name":"Wine Celebration 2023 ser\u00e1 realizada no Palazzo com show de Paulo Ricardo"}]},{"@type":"WebSite","@id":"https:\/\/www.blogsoestado.com\/evandrojunior\/#website","url":"https:\/\/www.blogsoestado.com\/evandrojunior\/","name":"Evandro Junior","description":"","potentialAction":[{"@type":"SearchAction","target":{"@type":"EntryPoint","urlTemplate":"https:\/\/www.blogsoestado.com\/evandrojunior\/?s={search_term_string}"},"query-input":{"@type":"PropertyValueSpecification","valueRequired":true,"valueName":"search_term_string"}}],"inLanguage":"pt-BR"},{"@type":"Person","@id":"https:\/\/www.blogsoestado.com\/evandrojunior\/#\/schema\/person\/3e6c3d8dbb740d1c6878ebc935cfb3be","name":"Evandro Junior","image":{"@type":"ImageObject","inLanguage":"pt-BR","@id":"https:\/\/www.blogsoestado.com\/evandrojunior\/#\/schema\/person\/image\/","url":"https:\/\/secure.gravatar.com\/avatar\/f80a03a2294a580cd2318bfb459bf354cfa8be661ef3d95b542cf9a04af8d129?s=96&d=mm&r=g","contentUrl":"https:\/\/secure.gravatar.com\/avatar\/f80a03a2294a580cd2318bfb459bf354cfa8be661ef3d95b542cf9a04af8d129?s=96&d=mm&r=g","caption":"Evandro Junior"},"url":"https:\/\/www.blogsoestado.com\/evandrojunior\/author\/evandrojunior\/"}]}},"jetpack_featured_media_url":"","_links":{"self":[{"href":"https:\/\/www.blogsoestado.com\/evandrojunior\/wp-json\/wp\/v2\/posts\/10016","targetHints":{"allow":["GET"]}}],"collection":[{"href":"https:\/\/www.blogsoestado.com\/evandrojunior\/wp-json\/wp\/v2\/posts"}],"about":[{"href":"https:\/\/www.blogsoestado.com\/evandrojunior\/wp-json\/wp\/v2\/types\/post"}],"author":[{"embeddable":true,"href":"https:\/\/www.blogsoestado.com\/evandrojunior\/wp-json\/wp\/v2\/users\/4"}],"replies":[{"embeddable":true,"href":"https:\/\/www.blogsoestado.com\/evandrojunior\/wp-json\/wp\/v2\/comments?post=10016"}],"version-history":[{"count":0,"href":"https:\/\/www.blogsoestado.com\/evandrojunior\/wp-json\/wp\/v2\/posts\/10016\/revisions"}],"wp:attachment":[{"href":"https:\/\/www.blogsoestado.com\/evandrojunior\/wp-json\/wp\/v2\/media?parent=10016"}],"wp:term":[{"taxonomy":"category","embeddable":true,"href":"https:\/\/www.blogsoestado.com\/evandrojunior\/wp-json\/wp\/v2\/categories?post=10016"},{"taxonomy":"post_tag","embeddable":true,"href":"https:\/\/www.blogsoestado.com\/evandrojunior\/wp-json\/wp\/v2\/tags?post=10016"}],"curies":[{"name":"wp","href":"https:\/\/api.w.org\/{rel}","templated":true}]}}