{"id":10049,"date":"2023-10-03T16:51:51","date_gmt":"2023-10-03T19:51:51","guid":{"rendered":"https:\/\/www.blogsoestado.com\/evandrojunior\/?p=10049"},"modified":"2023-10-03T16:51:51","modified_gmt":"2023-10-03T19:51:51","slug":"thiago-martins-e-esperado-por-fas-que-aguardam-show-do-artista-em-sao-luis","status":"publish","type":"post","link":"https:\/\/www.blogsoestado.com\/evandrojunior\/2023\/10\/03\/thiago-martins-e-esperado-por-fas-que-aguardam-show-do-artista-em-sao-luis\/","title":{"rendered":"Thiago Martins \u00e9 festejado por f\u00e3s que aguardam show do artista em S\u00e3o Lu\u00eds"},"content":{"rendered":"\n<div class=\"wp-block-image\"><figure class=\"aligncenter size-large is-resized\"><img fetchpriority=\"high\" decoding=\"async\" src=\"https:\/\/www.blogsoestado.com\/evandrojunior\/files\/2023\/10\/WhatsApp-Image-2023-10-03-at-16.48.03.jpeg\" alt=\"\" class=\"wp-image-10052\" width=\"556\" height=\"352\"\/><figcaption><strong>Thiago Martins se apresentar\u00e1 em S\u00e3o Lu\u00eds no dia 27 deste m\u00eas, no C\u00edrculo Militar<\/strong><\/figcaption><\/figure><\/div>\n\n\n\n<p><strong>S\u00c3O LU\u00cdS<\/strong> \u2013 O cantor Thiago Martins est\u00e1 na contagem regressiva para o esperado show que apresentar\u00e1 em S\u00e3o Lu\u00eds no dia 27 de outubro, \u00e0s 20h, no C\u00edrculo Militar, na Avenida Litor\u00e2nea. A iniciativa \u00e9 da \u2018Elas em Produ\u00e7\u00e3o\u2019, da dupla Ana Sousa e Gina Mondego.<\/p>\n\n\n\n<p>Thiago ser\u00e1 cortejado n\u00e3o somente pelo talento musical no palco. \u00c9 que o artista tem v\u00e1rios f\u00e3s em S\u00e3o Lu\u00eds, os quais o acompanham nas novelas e filmes.\u00a0Afinal, seu primeiro papel de destaque foi em &#8216;Cidade de Deus&#8217; (2002). <\/p>\n\n\n\n<div class=\"wp-block-image\"><figure class=\"aligncenter size-large is-resized\"><img decoding=\"async\" src=\"https:\/\/www.blogsoestado.com\/evandrojunior\/files\/2023\/10\/WhatsApp-Image-2023-10-03-at-16.48.20-768x1024.jpeg\" alt=\"\" class=\"wp-image-10053\" width=\"474\" height=\"632\"\/><figcaption><strong>Thiago Martins faz sucesso como ator e cantor, tendo trabalhado em diversas novelas<\/strong><\/figcaption><\/figure><\/div>\n\n\n\n<p>Mas a trajet\u00f3ria de Thiago Martins \u00e9 extensa. Ele fez parte do grupo de teatro &#8216;N\u00f3s do Morro&#8217;. O projeto social abriu portas para que tivesse sua primeira participa\u00e7\u00e3o na TV, ainda crian\u00e7a, no especial de Natal de Xuxa Meneghel, em 1998. <\/p>\n\n\n\n<p>O ator tamb\u00e9m fez parte das duas primeiras temporadas de &#8216;Cidade dos Homens&#8217; (2002-2005), como Jo\u00e3o Vitor. Na \u00e9poca, se dividia entre as carreiras de ator e jogador de futebol. Ele, inclusive, recebeu um convite para atuar em um time em Portugal, mas recusou ao ser chamado para sua primeira novela: &#8216;Da Cor do Pecado&#8217; (2004), de Jo\u00e3o Emanuel Carneiro, na qual atuou como Sal. De l\u00e1 para c\u00e1, n\u00e3o parou mais.<\/p>\n\n\n\n<div class=\"wp-block-image\"><figure class=\"aligncenter size-large is-resized\"><img decoding=\"async\" src=\"https:\/\/www.blogsoestado.com\/evandrojunior\/files\/2023\/10\/WhatsApp-Image-2023-10-03-at-16.48.34-683x1024.jpeg\" alt=\"\" class=\"wp-image-10054\" width=\"414\" height=\"621\"\/><figcaption><strong>Thiago Martins tem muitos f\u00e3s que aguardam seu show em S\u00e3o Lu\u00eds<\/strong><\/figcaption><\/figure><\/div>\n\n\n\n<p>Em 2005, viveu Tadeu na novela &#8216;Bel\u00edssima&#8217;.\u00a0Voltou a trabalhar com Xuxa em 2006, no filme &#8216;Xuxa G\u00eameas&#8217;, interpretando Tigre. Em 2007, viveu L\u00eddio na novela das seis &#8216;Desejo Proibido&#8217;. Em 2008, ele protagonizou ao lado de Vit\u00f3ria Frate no filme &#8216;Era uma vez&#8217;, \u00a0interpretando D\u00e9, no qual foi bastante elogiado pelo p\u00fablico e pela cr\u00edtica por sua atua\u00e7\u00e3o.\u00a0<\/p>\n\n\n\n<p>Em 2009, participou da novela das oito\u00a0&#8216;Caminho das \u00cdndias&#8217;, interpretando Shankar, papel de Lima Duarte quando jovem. Nesse per\u00edodo, atuou em pe\u00e7as de teatro com o grupo\u00a0&#8216;N\u00f3s do Morro&#8217;, com o qual se apresentou na Inglaterra com a pe\u00e7a &#8216;Os dois cavalheiros de Verona&#8217;. <\/p>\n\n\n\n<p>Al\u00e9m de interpretar, Thiago j\u00e1 cantou no grupo &#8216;Guerreiros de Jorge&#8217; e dividiu o vocal do &#8216;Trio Ternura&#8217; com o tamb\u00e9m ator Raphael Syl (Jhama), at\u00e9 o come\u00e7o de 2013<sup><a href=\"https:\/\/pt.wikipedia.org\/wiki\/Thiago_Martins_(artista)#cite_note-13\">. <\/a><\/sup><\/p>\n\n\n\n<p><\/p>\n","protected":false},"excerpt":{"rendered":"<p>S\u00c3O LU\u00cdS \u2013 O cantor Thiago Martins est\u00e1 na contagem regressiva para o esperado show que apresentar\u00e1 em S\u00e3o Lu\u00eds [&hellip;]<\/p>\n","protected":false},"author":4,"featured_media":0,"comment_status":"open","ping_status":"open","sticky":false,"template":"","format":"standard","meta":{"site-sidebar-layout":"default","site-content-layout":"","ast-site-content-layout":"default","site-content-style":"default","site-sidebar-style":"default","ast-global-header-display":"","ast-banner-title-visibility":"","ast-main-header-display":"","ast-hfb-above-header-display":"","ast-hfb-below-header-display":"","ast-hfb-mobile-header-display":"","site-post-title":"","ast-breadcrumbs-content":"","ast-featured-img":"","footer-sml-layout":"","ast-disable-related-posts":"","theme-transparent-header-meta":"","adv-header-id-meta":"","stick-header-meta":"","header-above-stick-meta":"","header-main-stick-meta":"","header-below-stick-meta":"","astra-migrate-meta-layouts":"default","ast-page-background-enabled":"default","ast-page-background-meta":{"desktop":{"background-color":"var(--ast-global-color-5)","background-image":"","background-repeat":"repeat","background-position":"center center","background-size":"auto","background-attachment":"scroll","background-type":"","background-media":"","overlay-type":"","overlay-color":"","overlay-opacity":"","overlay-gradient":""},"tablet":{"background-color":"","background-image":"","background-repeat":"repeat","background-position":"center center","background-size":"auto","background-attachment":"scroll","background-type":"","background-media":"","overlay-type":"","overlay-color":"","overlay-opacity":"","overlay-gradient":""},"mobile":{"background-color":"","background-image":"","background-repeat":"repeat","background-position":"center center","background-size":"auto","background-attachment":"scroll","background-type":"","background-media":"","overlay-type":"","overlay-color":"","overlay-opacity":"","overlay-gradient":""}},"ast-content-background-meta":{"desktop":{"background-color":"var(--ast-global-color-4)","background-image":"","background-repeat":"repeat","background-position":"center center","background-size":"auto","background-attachment":"scroll","background-type":"","background-media":"","overlay-type":"","overlay-color":"","overlay-opacity":"","overlay-gradient":""},"tablet":{"background-color":"var(--ast-global-color-4)","background-image":"","background-repeat":"repeat","background-position":"center center","background-size":"auto","background-attachment":"scroll","background-type":"","background-media":"","overlay-type":"","overlay-color":"","overlay-opacity":"","overlay-gradient":""},"mobile":{"background-color":"var(--ast-global-color-4)","background-image":"","background-repeat":"repeat","background-position":"center center","background-size":"auto","background-attachment":"scroll","background-type":"","background-media":"","overlay-type":"","overlay-color":"","overlay-opacity":"","overlay-gradient":""}},"footnotes":""},"categories":[1],"tags":[],"class_list":["post-10049","post","type-post","status-publish","format-standard","hentry","category-sem-categoria"],"yoast_head":"<!-- This site is optimized with the Yoast SEO plugin v26.6 - https:\/\/yoast.com\/wordpress\/plugins\/seo\/ -->\n<title>Thiago Martins \u00e9 festejado por f\u00e3s que aguardam show do artista em S\u00e3o Lu\u00eds - Evandro Junior<\/title>\n<meta name=\"robots\" content=\"index, follow, max-snippet:-1, max-image-preview:large, max-video-preview:-1\" \/>\n<link rel=\"canonical\" href=\"https:\/\/www.blogsoestado.com\/evandrojunior\/2023\/10\/03\/thiago-martins-e-esperado-por-fas-que-aguardam-show-do-artista-em-sao-luis\/\" \/>\n<meta property=\"og:locale\" content=\"pt_BR\" \/>\n<meta property=\"og:type\" content=\"article\" \/>\n<meta property=\"og:title\" content=\"Thiago Martins \u00e9 festejado por f\u00e3s que aguardam show do artista em S\u00e3o Lu\u00eds - Evandro Junior\" \/>\n<meta property=\"og:description\" content=\"S\u00c3O LU\u00cdS \u2013 O cantor Thiago Martins est\u00e1 na contagem regressiva para o esperado show que apresentar\u00e1 em S\u00e3o Lu\u00eds [&hellip;]\" \/>\n<meta property=\"og:url\" content=\"https:\/\/www.blogsoestado.com\/evandrojunior\/2023\/10\/03\/thiago-martins-e-esperado-por-fas-que-aguardam-show-do-artista-em-sao-luis\/\" \/>\n<meta property=\"og:site_name\" content=\"Evandro Junior\" \/>\n<meta property=\"article:published_time\" content=\"2023-10-03T19:51:51+00:00\" \/>\n<meta property=\"og:image\" content=\"https:\/\/www.blogsoestado.com\/evandrojunior\/files\/2023\/10\/WhatsApp-Image-2023-10-03-at-16.48.03.jpeg\" \/>\n<meta name=\"author\" content=\"Evandro Junior\" \/>\n<meta name=\"twitter:card\" content=\"summary_large_image\" \/>\n<meta name=\"twitter:label1\" content=\"Escrito por\" \/>\n\t<meta name=\"twitter:data1\" content=\"Evandro Junior\" \/>\n\t<meta name=\"twitter:label2\" content=\"Est. tempo de leitura\" \/>\n\t<meta name=\"twitter:data2\" content=\"3 minutos\" \/>\n<script type=\"application\/ld+json\" class=\"yoast-schema-graph\">{\"@context\":\"https:\/\/schema.org\",\"@graph\":[{\"@type\":\"WebPage\",\"@id\":\"https:\/\/www.blogsoestado.com\/evandrojunior\/2023\/10\/03\/thiago-martins-e-esperado-por-fas-que-aguardam-show-do-artista-em-sao-luis\/\",\"url\":\"https:\/\/www.blogsoestado.com\/evandrojunior\/2023\/10\/03\/thiago-martins-e-esperado-por-fas-que-aguardam-show-do-artista-em-sao-luis\/\",\"name\":\"Thiago Martins \u00e9 festejado por f\u00e3s que aguardam show do artista em S\u00e3o Lu\u00eds - Evandro Junior\",\"isPartOf\":{\"@id\":\"https:\/\/www.blogsoestado.com\/evandrojunior\/#website\"},\"primaryImageOfPage\":{\"@id\":\"https:\/\/www.blogsoestado.com\/evandrojunior\/2023\/10\/03\/thiago-martins-e-esperado-por-fas-que-aguardam-show-do-artista-em-sao-luis\/#primaryimage\"},\"image\":{\"@id\":\"https:\/\/www.blogsoestado.com\/evandrojunior\/2023\/10\/03\/thiago-martins-e-esperado-por-fas-que-aguardam-show-do-artista-em-sao-luis\/#primaryimage\"},\"thumbnailUrl\":\"https:\/\/www.blogsoestado.com\/evandrojunior\/files\/2023\/10\/WhatsApp-Image-2023-10-03-at-16.48.03.jpeg\",\"datePublished\":\"2023-10-03T19:51:51+00:00\",\"author\":{\"@id\":\"https:\/\/www.blogsoestado.com\/evandrojunior\/#\/schema\/person\/3e6c3d8dbb740d1c6878ebc935cfb3be\"},\"breadcrumb\":{\"@id\":\"https:\/\/www.blogsoestado.com\/evandrojunior\/2023\/10\/03\/thiago-martins-e-esperado-por-fas-que-aguardam-show-do-artista-em-sao-luis\/#breadcrumb\"},\"inLanguage\":\"pt-BR\",\"potentialAction\":[{\"@type\":\"ReadAction\",\"target\":[\"https:\/\/www.blogsoestado.com\/evandrojunior\/2023\/10\/03\/thiago-martins-e-esperado-por-fas-que-aguardam-show-do-artista-em-sao-luis\/\"]}]},{\"@type\":\"ImageObject\",\"inLanguage\":\"pt-BR\",\"@id\":\"https:\/\/www.blogsoestado.com\/evandrojunior\/2023\/10\/03\/thiago-martins-e-esperado-por-fas-que-aguardam-show-do-artista-em-sao-luis\/#primaryimage\",\"url\":\"https:\/\/www.blogsoestado.com\/evandrojunior\/files\/2023\/10\/WhatsApp-Image-2023-10-03-at-16.48.03.jpeg\",\"contentUrl\":\"https:\/\/www.blogsoestado.com\/evandrojunior\/files\/2023\/10\/WhatsApp-Image-2023-10-03-at-16.48.03.jpeg\"},{\"@type\":\"BreadcrumbList\",\"@id\":\"https:\/\/www.blogsoestado.com\/evandrojunior\/2023\/10\/03\/thiago-martins-e-esperado-por-fas-que-aguardam-show-do-artista-em-sao-luis\/#breadcrumb\",\"itemListElement\":[{\"@type\":\"ListItem\",\"position\":1,\"name\":\"In\u00edcio\",\"item\":\"https:\/\/www.blogsoestado.com\/evandrojunior\/\"},{\"@type\":\"ListItem\",\"position\":2,\"name\":\"Thiago Martins \u00e9 festejado por f\u00e3s que aguardam show do artista em S\u00e3o Lu\u00eds\"}]},{\"@type\":\"WebSite\",\"@id\":\"https:\/\/www.blogsoestado.com\/evandrojunior\/#website\",\"url\":\"https:\/\/www.blogsoestado.com\/evandrojunior\/\",\"name\":\"Evandro Junior\",\"description\":\"\",\"potentialAction\":[{\"@type\":\"SearchAction\",\"target\":{\"@type\":\"EntryPoint\",\"urlTemplate\":\"https:\/\/www.blogsoestado.com\/evandrojunior\/?s={search_term_string}\"},\"query-input\":{\"@type\":\"PropertyValueSpecification\",\"valueRequired\":true,\"valueName\":\"search_term_string\"}}],\"inLanguage\":\"pt-BR\"},{\"@type\":\"Person\",\"@id\":\"https:\/\/www.blogsoestado.com\/evandrojunior\/#\/schema\/person\/3e6c3d8dbb740d1c6878ebc935cfb3be\",\"name\":\"Evandro Junior\",\"image\":{\"@type\":\"ImageObject\",\"inLanguage\":\"pt-BR\",\"@id\":\"https:\/\/www.blogsoestado.com\/evandrojunior\/#\/schema\/person\/image\/\",\"url\":\"https:\/\/secure.gravatar.com\/avatar\/f80a03a2294a580cd2318bfb459bf354cfa8be661ef3d95b542cf9a04af8d129?s=96&d=mm&r=g\",\"contentUrl\":\"https:\/\/secure.gravatar.com\/avatar\/f80a03a2294a580cd2318bfb459bf354cfa8be661ef3d95b542cf9a04af8d129?s=96&d=mm&r=g\",\"caption\":\"Evandro Junior\"},\"url\":\"https:\/\/www.blogsoestado.com\/evandrojunior\/author\/evandrojunior\/\"}]}<\/script>\n<!-- \/ Yoast SEO plugin. -->","yoast_head_json":{"title":"Thiago Martins \u00e9 festejado por f\u00e3s que aguardam show do artista em S\u00e3o Lu\u00eds - Evandro Junior","robots":{"index":"index","follow":"follow","max-snippet":"max-snippet:-1","max-image-preview":"max-image-preview:large","max-video-preview":"max-video-preview:-1"},"canonical":"https:\/\/www.blogsoestado.com\/evandrojunior\/2023\/10\/03\/thiago-martins-e-esperado-por-fas-que-aguardam-show-do-artista-em-sao-luis\/","og_locale":"pt_BR","og_type":"article","og_title":"Thiago Martins \u00e9 festejado por f\u00e3s que aguardam show do artista em S\u00e3o Lu\u00eds - Evandro Junior","og_description":"S\u00c3O LU\u00cdS \u2013 O cantor Thiago Martins est\u00e1 na contagem regressiva para o esperado show que apresentar\u00e1 em S\u00e3o Lu\u00eds [&hellip;]","og_url":"https:\/\/www.blogsoestado.com\/evandrojunior\/2023\/10\/03\/thiago-martins-e-esperado-por-fas-que-aguardam-show-do-artista-em-sao-luis\/","og_site_name":"Evandro Junior","article_published_time":"2023-10-03T19:51:51+00:00","og_image":[{"url":"https:\/\/www.blogsoestado.com\/evandrojunior\/files\/2023\/10\/WhatsApp-Image-2023-10-03-at-16.48.03.jpeg","type":"","width":"","height":""}],"author":"Evandro Junior","twitter_card":"summary_large_image","twitter_misc":{"Escrito por":"Evandro Junior","Est. tempo de leitura":"3 minutos"},"schema":{"@context":"https:\/\/schema.org","@graph":[{"@type":"WebPage","@id":"https:\/\/www.blogsoestado.com\/evandrojunior\/2023\/10\/03\/thiago-martins-e-esperado-por-fas-que-aguardam-show-do-artista-em-sao-luis\/","url":"https:\/\/www.blogsoestado.com\/evandrojunior\/2023\/10\/03\/thiago-martins-e-esperado-por-fas-que-aguardam-show-do-artista-em-sao-luis\/","name":"Thiago Martins \u00e9 festejado por f\u00e3s que aguardam show do artista em S\u00e3o Lu\u00eds - Evandro Junior","isPartOf":{"@id":"https:\/\/www.blogsoestado.com\/evandrojunior\/#website"},"primaryImageOfPage":{"@id":"https:\/\/www.blogsoestado.com\/evandrojunior\/2023\/10\/03\/thiago-martins-e-esperado-por-fas-que-aguardam-show-do-artista-em-sao-luis\/#primaryimage"},"image":{"@id":"https:\/\/www.blogsoestado.com\/evandrojunior\/2023\/10\/03\/thiago-martins-e-esperado-por-fas-que-aguardam-show-do-artista-em-sao-luis\/#primaryimage"},"thumbnailUrl":"https:\/\/www.blogsoestado.com\/evandrojunior\/files\/2023\/10\/WhatsApp-Image-2023-10-03-at-16.48.03.jpeg","datePublished":"2023-10-03T19:51:51+00:00","author":{"@id":"https:\/\/www.blogsoestado.com\/evandrojunior\/#\/schema\/person\/3e6c3d8dbb740d1c6878ebc935cfb3be"},"breadcrumb":{"@id":"https:\/\/www.blogsoestado.com\/evandrojunior\/2023\/10\/03\/thiago-martins-e-esperado-por-fas-que-aguardam-show-do-artista-em-sao-luis\/#breadcrumb"},"inLanguage":"pt-BR","potentialAction":[{"@type":"ReadAction","target":["https:\/\/www.blogsoestado.com\/evandrojunior\/2023\/10\/03\/thiago-martins-e-esperado-por-fas-que-aguardam-show-do-artista-em-sao-luis\/"]}]},{"@type":"ImageObject","inLanguage":"pt-BR","@id":"https:\/\/www.blogsoestado.com\/evandrojunior\/2023\/10\/03\/thiago-martins-e-esperado-por-fas-que-aguardam-show-do-artista-em-sao-luis\/#primaryimage","url":"https:\/\/www.blogsoestado.com\/evandrojunior\/files\/2023\/10\/WhatsApp-Image-2023-10-03-at-16.48.03.jpeg","contentUrl":"https:\/\/www.blogsoestado.com\/evandrojunior\/files\/2023\/10\/WhatsApp-Image-2023-10-03-at-16.48.03.jpeg"},{"@type":"BreadcrumbList","@id":"https:\/\/www.blogsoestado.com\/evandrojunior\/2023\/10\/03\/thiago-martins-e-esperado-por-fas-que-aguardam-show-do-artista-em-sao-luis\/#breadcrumb","itemListElement":[{"@type":"ListItem","position":1,"name":"In\u00edcio","item":"https:\/\/www.blogsoestado.com\/evandrojunior\/"},{"@type":"ListItem","position":2,"name":"Thiago Martins \u00e9 festejado por f\u00e3s que aguardam show do artista em S\u00e3o Lu\u00eds"}]},{"@type":"WebSite","@id":"https:\/\/www.blogsoestado.com\/evandrojunior\/#website","url":"https:\/\/www.blogsoestado.com\/evandrojunior\/","name":"Evandro Junior","description":"","potentialAction":[{"@type":"SearchAction","target":{"@type":"EntryPoint","urlTemplate":"https:\/\/www.blogsoestado.com\/evandrojunior\/?s={search_term_string}"},"query-input":{"@type":"PropertyValueSpecification","valueRequired":true,"valueName":"search_term_string"}}],"inLanguage":"pt-BR"},{"@type":"Person","@id":"https:\/\/www.blogsoestado.com\/evandrojunior\/#\/schema\/person\/3e6c3d8dbb740d1c6878ebc935cfb3be","name":"Evandro Junior","image":{"@type":"ImageObject","inLanguage":"pt-BR","@id":"https:\/\/www.blogsoestado.com\/evandrojunior\/#\/schema\/person\/image\/","url":"https:\/\/secure.gravatar.com\/avatar\/f80a03a2294a580cd2318bfb459bf354cfa8be661ef3d95b542cf9a04af8d129?s=96&d=mm&r=g","contentUrl":"https:\/\/secure.gravatar.com\/avatar\/f80a03a2294a580cd2318bfb459bf354cfa8be661ef3d95b542cf9a04af8d129?s=96&d=mm&r=g","caption":"Evandro Junior"},"url":"https:\/\/www.blogsoestado.com\/evandrojunior\/author\/evandrojunior\/"}]}},"jetpack_featured_media_url":"","_links":{"self":[{"href":"https:\/\/www.blogsoestado.com\/evandrojunior\/wp-json\/wp\/v2\/posts\/10049","targetHints":{"allow":["GET"]}}],"collection":[{"href":"https:\/\/www.blogsoestado.com\/evandrojunior\/wp-json\/wp\/v2\/posts"}],"about":[{"href":"https:\/\/www.blogsoestado.com\/evandrojunior\/wp-json\/wp\/v2\/types\/post"}],"author":[{"embeddable":true,"href":"https:\/\/www.blogsoestado.com\/evandrojunior\/wp-json\/wp\/v2\/users\/4"}],"replies":[{"embeddable":true,"href":"https:\/\/www.blogsoestado.com\/evandrojunior\/wp-json\/wp\/v2\/comments?post=10049"}],"version-history":[{"count":0,"href":"https:\/\/www.blogsoestado.com\/evandrojunior\/wp-json\/wp\/v2\/posts\/10049\/revisions"}],"wp:attachment":[{"href":"https:\/\/www.blogsoestado.com\/evandrojunior\/wp-json\/wp\/v2\/media?parent=10049"}],"wp:term":[{"taxonomy":"category","embeddable":true,"href":"https:\/\/www.blogsoestado.com\/evandrojunior\/wp-json\/wp\/v2\/categories?post=10049"},{"taxonomy":"post_tag","embeddable":true,"href":"https:\/\/www.blogsoestado.com\/evandrojunior\/wp-json\/wp\/v2\/tags?post=10049"}],"curies":[{"name":"wp","href":"https:\/\/api.w.org\/{rel}","templated":true}]}}