{"id":10065,"date":"2023-10-03T18:59:24","date_gmt":"2023-10-03T21:59:24","guid":{"rendered":"https:\/\/www.blogsoestado.com\/evandrojunior\/?p=10065"},"modified":"2023-10-03T18:59:24","modified_gmt":"2023-10-03T21:59:24","slug":"projeto-pretende-implantar-universidade-em-territorio-indigena","status":"publish","type":"post","link":"https:\/\/www.blogsoestado.com\/evandrojunior\/2023\/10\/03\/projeto-pretende-implantar-universidade-em-territorio-indigena\/","title":{"rendered":"Projeto pretende implantar universidade em territ\u00f3rio ind\u00edgena"},"content":{"rendered":"\n<div class=\"wp-block-image\"><figure class=\"aligncenter size-large is-resized\"><img fetchpriority=\"high\" decoding=\"async\" src=\"https:\/\/www.blogsoestado.com\/evandrojunior\/files\/2023\/10\/WhatsApp-Image-2023-10-03-at-14.54.45.jpeg\" alt=\"\" class=\"wp-image-10067\" width=\"497\" height=\"493\"\/><figcaption><strong>Fot\u00f3grafo Taciano J\u00fanior. e S\u00e9rvio T\u00falio (Equatorial Energia), fot\u00f3grafo Meireles J\u00fanior com Carlos Schmidt (Fribal), a diretora executiva do Instituto Tuk\u00e0n, Fabiana Guajajara, com o presidente do Instituto Tuk\u00e1n e o cacique e lideran\u00e7a ind\u00edgena S\u00edlvio Santana da Silva<\/strong><\/figcaption><\/figure><\/div>\n\n\n\n<p><strong>S\u00c3O LU\u00cdS <\/strong>&#8211; Um projeto \u00fanico e in\u00e9dito no mundo reunindo educa\u00e7\u00e3o, tradi\u00e7\u00e3o e manuten\u00e7\u00e3o de saberes ancestrais, cultura e empoderamento das futuras gera\u00e7\u00f5es dos povos origin\u00e1rios do Maranh\u00e3o. Essa \u00e9 a s\u00edntese do que visa o Instituto Tuk\u00e0n com a implanta\u00e7\u00e3o do Centro de Saberes Tenetehar, no sul do Maranh\u00e3o.<\/p>\n\n\n\n<p>Esse grandioso projeto, que pretende implantar futuramente uma universidade dentro de um territ\u00f3rio ind\u00edgena, conta com patroc\u00ednio da Fribal e da Equatorial Energia por meio da Lei Estadual de Incentivo \u00e0 Cultura.<\/p>\n\n\n\n<p>E como todo grande sonho precisa de um primeiro passo, o cacique e lideran\u00e7a ind\u00edgena da TI Ararib\u00f3ia S\u00edlvio Santana da Silva (fundador e presidente do Instituto Tuk\u00e0n) promover\u00e1, no pr\u00f3ximo dia 11 de outubro, \u00e0s 8h, o lan\u00e7amento da pedra fundamental do Centro de Saberes Tenetehar, no munic\u00edpio Amarante do Maranh\u00e3o, pr\u00f3ximo \u00e0 aldeia Lagoa Quieta.<\/p>\n\n\n\n<p>O cacique Silvio Santana da Silva lembra que o Instituto Tuk\u00e1n atua em defesa da Amaz\u00f4nia. &#8220;E busca autonomia por meio da educa\u00e7\u00e3o e da soberania alimentar, atrav\u00e9s do Centro de Saberes Tenetehar\u201d.<\/p>\n\n\n\n<p>Para a diretora executiva do Instituto Tuk\u00e0n, ativista e pedagoga Fabiana Guajajara, do Povo Tenetehar Guajajara do Territ\u00f3rio Ararib\u00f3ia, o Instituto Tuk\u00e0n est\u00e1 empenhado em promover educa\u00e7\u00e3o, sa\u00fade, cultura, produ\u00e7\u00e3o agr\u00edcola e preserva\u00e7\u00e3o ambiental com foco na integra\u00e7\u00e3o e autonomia dos povos ind\u00edgenas. &#8220;E esse evento ser\u00e1 uma celebra\u00e7\u00e3o desse compromisso e um verdadeiro tesouro de conhecimento, arte e experi\u00eancia\u201d, resumiu.<\/p>\n\n\n\n<p>A Fribal, que sempre valorizou a cultura maranhense, refor\u00e7a o orgulho em participar desse projeto. \u201cEntendemos que a cultura \u00e9 um dos bens mais valiosos de um povo. Por isso, apoiamos a cultura maranhense em suas mais diferentes manifesta\u00e7\u00f5es e vertentes. Ao tomarmos conhecimento desse grandioso e valoroso projeto do Instituto Tuk\u00e1n, fizemos quest\u00e3o de apoiar. Desejamos sucesso e temos a certeza de que, em breve, o Centro de Saberes Tenetehar atuar\u00e1 para multiplicar a rica cultura e os saberes ancestrais dos povos origin\u00e1rios, em especial do povo Tenetehar Guajajara\u201d, declarou o presidente do Grupo Fribal Carlos Francisco de Oliveira.<\/p>\n\n\n\n<p><strong>Arte e Cultura<\/strong><\/p>\n\n\n\n<p>O lan\u00e7amento da pedra fundamental do Centro de Saberes contar\u00e1 tamb\u00e9m com a exposi\u00e7\u00e3o de fotos que ilustraram o livro &#8220;Ritos Tentehar&#8221;, dos renomados fot\u00f3grafos Taciano Brito e Meireles Jr., projeto que tamb\u00e9m contou com o patroc\u00ednio da Fribal e Equatorial Energia.<\/p>\n\n\n\n<p>Al\u00e9m disso, a cantora Fl\u00e1via Bittencourt far\u00e1 um pocket-show, acompanhada de apresenta\u00e7\u00f5es culturais do povo Tenetehar, numa bela demonstra\u00e7\u00e3o da riqueza e beleza da cultura ind\u00edgena local.<\/p>\n","protected":false},"excerpt":{"rendered":"<p>S\u00c3O LU\u00cdS &#8211; Um projeto \u00fanico e in\u00e9dito no mundo reunindo educa\u00e7\u00e3o, tradi\u00e7\u00e3o e manuten\u00e7\u00e3o de saberes ancestrais, cultura e [&hellip;]<\/p>\n","protected":false},"author":4,"featured_media":0,"comment_status":"open","ping_status":"open","sticky":false,"template":"","format":"standard","meta":{"site-sidebar-layout":"default","site-content-layout":"","ast-site-content-layout":"default","site-content-style":"default","site-sidebar-style":"default","ast-global-header-display":"","ast-banner-title-visibility":"","ast-main-header-display":"","ast-hfb-above-header-display":"","ast-hfb-below-header-display":"","ast-hfb-mobile-header-display":"","site-post-title":"","ast-breadcrumbs-content":"","ast-featured-img":"","footer-sml-layout":"","ast-disable-related-posts":"","theme-transparent-header-meta":"","adv-header-id-meta":"","stick-header-meta":"","header-above-stick-meta":"","header-main-stick-meta":"","header-below-stick-meta":"","astra-migrate-meta-layouts":"default","ast-page-background-enabled":"default","ast-page-background-meta":{"desktop":{"background-color":"var(--ast-global-color-5)","background-image":"","background-repeat":"repeat","background-position":"center center","background-size":"auto","background-attachment":"scroll","background-type":"","background-media":"","overlay-type":"","overlay-color":"","overlay-opacity":"","overlay-gradient":""},"tablet":{"background-color":"","background-image":"","background-repeat":"repeat","background-position":"center center","background-size":"auto","background-attachment":"scroll","background-type":"","background-media":"","overlay-type":"","overlay-color":"","overlay-opacity":"","overlay-gradient":""},"mobile":{"background-color":"","background-image":"","background-repeat":"repeat","background-position":"center center","background-size":"auto","background-attachment":"scroll","background-type":"","background-media":"","overlay-type":"","overlay-color":"","overlay-opacity":"","overlay-gradient":""}},"ast-content-background-meta":{"desktop":{"background-color":"var(--ast-global-color-4)","background-image":"","background-repeat":"repeat","background-position":"center center","background-size":"auto","background-attachment":"scroll","background-type":"","background-media":"","overlay-type":"","overlay-color":"","overlay-opacity":"","overlay-gradient":""},"tablet":{"background-color":"var(--ast-global-color-4)","background-image":"","background-repeat":"repeat","background-position":"center center","background-size":"auto","background-attachment":"scroll","background-type":"","background-media":"","overlay-type":"","overlay-color":"","overlay-opacity":"","overlay-gradient":""},"mobile":{"background-color":"var(--ast-global-color-4)","background-image":"","background-repeat":"repeat","background-position":"center center","background-size":"auto","background-attachment":"scroll","background-type":"","background-media":"","overlay-type":"","overlay-color":"","overlay-opacity":"","overlay-gradient":""}},"footnotes":""},"categories":[1],"tags":[],"class_list":["post-10065","post","type-post","status-publish","format-standard","hentry","category-sem-categoria"],"yoast_head":"<!-- This site is optimized with the Yoast SEO plugin v26.6 - https:\/\/yoast.com\/wordpress\/plugins\/seo\/ -->\n<title>Projeto pretende implantar universidade em territ\u00f3rio ind\u00edgena - Evandro Junior<\/title>\n<meta name=\"robots\" content=\"index, follow, max-snippet:-1, max-image-preview:large, max-video-preview:-1\" \/>\n<link rel=\"canonical\" href=\"https:\/\/www.blogsoestado.com\/evandrojunior\/2023\/10\/03\/projeto-pretende-implantar-universidade-em-territorio-indigena\/\" \/>\n<meta property=\"og:locale\" content=\"pt_BR\" \/>\n<meta property=\"og:type\" content=\"article\" \/>\n<meta property=\"og:title\" content=\"Projeto pretende implantar universidade em territ\u00f3rio ind\u00edgena - Evandro Junior\" \/>\n<meta property=\"og:description\" content=\"S\u00c3O LU\u00cdS &#8211; Um projeto \u00fanico e in\u00e9dito no mundo reunindo educa\u00e7\u00e3o, tradi\u00e7\u00e3o e manuten\u00e7\u00e3o de saberes ancestrais, cultura e [&hellip;]\" \/>\n<meta property=\"og:url\" content=\"https:\/\/www.blogsoestado.com\/evandrojunior\/2023\/10\/03\/projeto-pretende-implantar-universidade-em-territorio-indigena\/\" \/>\n<meta property=\"og:site_name\" content=\"Evandro Junior\" \/>\n<meta property=\"article:published_time\" content=\"2023-10-03T21:59:24+00:00\" \/>\n<meta property=\"og:image\" content=\"https:\/\/www.blogsoestado.com\/evandrojunior\/files\/2023\/10\/WhatsApp-Image-2023-10-03-at-14.54.45.jpeg\" \/>\n<meta name=\"author\" content=\"Evandro Junior\" \/>\n<meta name=\"twitter:card\" content=\"summary_large_image\" \/>\n<meta name=\"twitter:label1\" content=\"Escrito por\" \/>\n\t<meta name=\"twitter:data1\" content=\"Evandro Junior\" \/>\n\t<meta name=\"twitter:label2\" content=\"Est. tempo de leitura\" \/>\n\t<meta name=\"twitter:data2\" content=\"3 minutos\" \/>\n<script type=\"application\/ld+json\" class=\"yoast-schema-graph\">{\"@context\":\"https:\/\/schema.org\",\"@graph\":[{\"@type\":\"WebPage\",\"@id\":\"https:\/\/www.blogsoestado.com\/evandrojunior\/2023\/10\/03\/projeto-pretende-implantar-universidade-em-territorio-indigena\/\",\"url\":\"https:\/\/www.blogsoestado.com\/evandrojunior\/2023\/10\/03\/projeto-pretende-implantar-universidade-em-territorio-indigena\/\",\"name\":\"Projeto pretende implantar universidade em territ\u00f3rio ind\u00edgena - Evandro Junior\",\"isPartOf\":{\"@id\":\"https:\/\/www.blogsoestado.com\/evandrojunior\/#website\"},\"primaryImageOfPage\":{\"@id\":\"https:\/\/www.blogsoestado.com\/evandrojunior\/2023\/10\/03\/projeto-pretende-implantar-universidade-em-territorio-indigena\/#primaryimage\"},\"image\":{\"@id\":\"https:\/\/www.blogsoestado.com\/evandrojunior\/2023\/10\/03\/projeto-pretende-implantar-universidade-em-territorio-indigena\/#primaryimage\"},\"thumbnailUrl\":\"https:\/\/www.blogsoestado.com\/evandrojunior\/files\/2023\/10\/WhatsApp-Image-2023-10-03-at-14.54.45.jpeg\",\"datePublished\":\"2023-10-03T21:59:24+00:00\",\"author\":{\"@id\":\"https:\/\/www.blogsoestado.com\/evandrojunior\/#\/schema\/person\/3e6c3d8dbb740d1c6878ebc935cfb3be\"},\"breadcrumb\":{\"@id\":\"https:\/\/www.blogsoestado.com\/evandrojunior\/2023\/10\/03\/projeto-pretende-implantar-universidade-em-territorio-indigena\/#breadcrumb\"},\"inLanguage\":\"pt-BR\",\"potentialAction\":[{\"@type\":\"ReadAction\",\"target\":[\"https:\/\/www.blogsoestado.com\/evandrojunior\/2023\/10\/03\/projeto-pretende-implantar-universidade-em-territorio-indigena\/\"]}]},{\"@type\":\"ImageObject\",\"inLanguage\":\"pt-BR\",\"@id\":\"https:\/\/www.blogsoestado.com\/evandrojunior\/2023\/10\/03\/projeto-pretende-implantar-universidade-em-territorio-indigena\/#primaryimage\",\"url\":\"https:\/\/www.blogsoestado.com\/evandrojunior\/files\/2023\/10\/WhatsApp-Image-2023-10-03-at-14.54.45.jpeg\",\"contentUrl\":\"https:\/\/www.blogsoestado.com\/evandrojunior\/files\/2023\/10\/WhatsApp-Image-2023-10-03-at-14.54.45.jpeg\"},{\"@type\":\"BreadcrumbList\",\"@id\":\"https:\/\/www.blogsoestado.com\/evandrojunior\/2023\/10\/03\/projeto-pretende-implantar-universidade-em-territorio-indigena\/#breadcrumb\",\"itemListElement\":[{\"@type\":\"ListItem\",\"position\":1,\"name\":\"In\u00edcio\",\"item\":\"https:\/\/www.blogsoestado.com\/evandrojunior\/\"},{\"@type\":\"ListItem\",\"position\":2,\"name\":\"Projeto pretende implantar universidade em territ\u00f3rio ind\u00edgena\"}]},{\"@type\":\"WebSite\",\"@id\":\"https:\/\/www.blogsoestado.com\/evandrojunior\/#website\",\"url\":\"https:\/\/www.blogsoestado.com\/evandrojunior\/\",\"name\":\"Evandro Junior\",\"description\":\"\",\"potentialAction\":[{\"@type\":\"SearchAction\",\"target\":{\"@type\":\"EntryPoint\",\"urlTemplate\":\"https:\/\/www.blogsoestado.com\/evandrojunior\/?s={search_term_string}\"},\"query-input\":{\"@type\":\"PropertyValueSpecification\",\"valueRequired\":true,\"valueName\":\"search_term_string\"}}],\"inLanguage\":\"pt-BR\"},{\"@type\":\"Person\",\"@id\":\"https:\/\/www.blogsoestado.com\/evandrojunior\/#\/schema\/person\/3e6c3d8dbb740d1c6878ebc935cfb3be\",\"name\":\"Evandro Junior\",\"image\":{\"@type\":\"ImageObject\",\"inLanguage\":\"pt-BR\",\"@id\":\"https:\/\/www.blogsoestado.com\/evandrojunior\/#\/schema\/person\/image\/\",\"url\":\"https:\/\/secure.gravatar.com\/avatar\/f80a03a2294a580cd2318bfb459bf354cfa8be661ef3d95b542cf9a04af8d129?s=96&d=mm&r=g\",\"contentUrl\":\"https:\/\/secure.gravatar.com\/avatar\/f80a03a2294a580cd2318bfb459bf354cfa8be661ef3d95b542cf9a04af8d129?s=96&d=mm&r=g\",\"caption\":\"Evandro Junior\"},\"url\":\"https:\/\/www.blogsoestado.com\/evandrojunior\/author\/evandrojunior\/\"}]}<\/script>\n<!-- \/ Yoast SEO plugin. -->","yoast_head_json":{"title":"Projeto pretende implantar universidade em territ\u00f3rio ind\u00edgena - Evandro Junior","robots":{"index":"index","follow":"follow","max-snippet":"max-snippet:-1","max-image-preview":"max-image-preview:large","max-video-preview":"max-video-preview:-1"},"canonical":"https:\/\/www.blogsoestado.com\/evandrojunior\/2023\/10\/03\/projeto-pretende-implantar-universidade-em-territorio-indigena\/","og_locale":"pt_BR","og_type":"article","og_title":"Projeto pretende implantar universidade em territ\u00f3rio ind\u00edgena - Evandro Junior","og_description":"S\u00c3O LU\u00cdS &#8211; Um projeto \u00fanico e in\u00e9dito no mundo reunindo educa\u00e7\u00e3o, tradi\u00e7\u00e3o e manuten\u00e7\u00e3o de saberes ancestrais, cultura e [&hellip;]","og_url":"https:\/\/www.blogsoestado.com\/evandrojunior\/2023\/10\/03\/projeto-pretende-implantar-universidade-em-territorio-indigena\/","og_site_name":"Evandro Junior","article_published_time":"2023-10-03T21:59:24+00:00","og_image":[{"url":"https:\/\/www.blogsoestado.com\/evandrojunior\/files\/2023\/10\/WhatsApp-Image-2023-10-03-at-14.54.45.jpeg","type":"","width":"","height":""}],"author":"Evandro Junior","twitter_card":"summary_large_image","twitter_misc":{"Escrito por":"Evandro Junior","Est. tempo de leitura":"3 minutos"},"schema":{"@context":"https:\/\/schema.org","@graph":[{"@type":"WebPage","@id":"https:\/\/www.blogsoestado.com\/evandrojunior\/2023\/10\/03\/projeto-pretende-implantar-universidade-em-territorio-indigena\/","url":"https:\/\/www.blogsoestado.com\/evandrojunior\/2023\/10\/03\/projeto-pretende-implantar-universidade-em-territorio-indigena\/","name":"Projeto pretende implantar universidade em territ\u00f3rio ind\u00edgena - Evandro Junior","isPartOf":{"@id":"https:\/\/www.blogsoestado.com\/evandrojunior\/#website"},"primaryImageOfPage":{"@id":"https:\/\/www.blogsoestado.com\/evandrojunior\/2023\/10\/03\/projeto-pretende-implantar-universidade-em-territorio-indigena\/#primaryimage"},"image":{"@id":"https:\/\/www.blogsoestado.com\/evandrojunior\/2023\/10\/03\/projeto-pretende-implantar-universidade-em-territorio-indigena\/#primaryimage"},"thumbnailUrl":"https:\/\/www.blogsoestado.com\/evandrojunior\/files\/2023\/10\/WhatsApp-Image-2023-10-03-at-14.54.45.jpeg","datePublished":"2023-10-03T21:59:24+00:00","author":{"@id":"https:\/\/www.blogsoestado.com\/evandrojunior\/#\/schema\/person\/3e6c3d8dbb740d1c6878ebc935cfb3be"},"breadcrumb":{"@id":"https:\/\/www.blogsoestado.com\/evandrojunior\/2023\/10\/03\/projeto-pretende-implantar-universidade-em-territorio-indigena\/#breadcrumb"},"inLanguage":"pt-BR","potentialAction":[{"@type":"ReadAction","target":["https:\/\/www.blogsoestado.com\/evandrojunior\/2023\/10\/03\/projeto-pretende-implantar-universidade-em-territorio-indigena\/"]}]},{"@type":"ImageObject","inLanguage":"pt-BR","@id":"https:\/\/www.blogsoestado.com\/evandrojunior\/2023\/10\/03\/projeto-pretende-implantar-universidade-em-territorio-indigena\/#primaryimage","url":"https:\/\/www.blogsoestado.com\/evandrojunior\/files\/2023\/10\/WhatsApp-Image-2023-10-03-at-14.54.45.jpeg","contentUrl":"https:\/\/www.blogsoestado.com\/evandrojunior\/files\/2023\/10\/WhatsApp-Image-2023-10-03-at-14.54.45.jpeg"},{"@type":"BreadcrumbList","@id":"https:\/\/www.blogsoestado.com\/evandrojunior\/2023\/10\/03\/projeto-pretende-implantar-universidade-em-territorio-indigena\/#breadcrumb","itemListElement":[{"@type":"ListItem","position":1,"name":"In\u00edcio","item":"https:\/\/www.blogsoestado.com\/evandrojunior\/"},{"@type":"ListItem","position":2,"name":"Projeto pretende implantar universidade em territ\u00f3rio ind\u00edgena"}]},{"@type":"WebSite","@id":"https:\/\/www.blogsoestado.com\/evandrojunior\/#website","url":"https:\/\/www.blogsoestado.com\/evandrojunior\/","name":"Evandro Junior","description":"","potentialAction":[{"@type":"SearchAction","target":{"@type":"EntryPoint","urlTemplate":"https:\/\/www.blogsoestado.com\/evandrojunior\/?s={search_term_string}"},"query-input":{"@type":"PropertyValueSpecification","valueRequired":true,"valueName":"search_term_string"}}],"inLanguage":"pt-BR"},{"@type":"Person","@id":"https:\/\/www.blogsoestado.com\/evandrojunior\/#\/schema\/person\/3e6c3d8dbb740d1c6878ebc935cfb3be","name":"Evandro Junior","image":{"@type":"ImageObject","inLanguage":"pt-BR","@id":"https:\/\/www.blogsoestado.com\/evandrojunior\/#\/schema\/person\/image\/","url":"https:\/\/secure.gravatar.com\/avatar\/f80a03a2294a580cd2318bfb459bf354cfa8be661ef3d95b542cf9a04af8d129?s=96&d=mm&r=g","contentUrl":"https:\/\/secure.gravatar.com\/avatar\/f80a03a2294a580cd2318bfb459bf354cfa8be661ef3d95b542cf9a04af8d129?s=96&d=mm&r=g","caption":"Evandro Junior"},"url":"https:\/\/www.blogsoestado.com\/evandrojunior\/author\/evandrojunior\/"}]}},"jetpack_featured_media_url":"","_links":{"self":[{"href":"https:\/\/www.blogsoestado.com\/evandrojunior\/wp-json\/wp\/v2\/posts\/10065","targetHints":{"allow":["GET"]}}],"collection":[{"href":"https:\/\/www.blogsoestado.com\/evandrojunior\/wp-json\/wp\/v2\/posts"}],"about":[{"href":"https:\/\/www.blogsoestado.com\/evandrojunior\/wp-json\/wp\/v2\/types\/post"}],"author":[{"embeddable":true,"href":"https:\/\/www.blogsoestado.com\/evandrojunior\/wp-json\/wp\/v2\/users\/4"}],"replies":[{"embeddable":true,"href":"https:\/\/www.blogsoestado.com\/evandrojunior\/wp-json\/wp\/v2\/comments?post=10065"}],"version-history":[{"count":0,"href":"https:\/\/www.blogsoestado.com\/evandrojunior\/wp-json\/wp\/v2\/posts\/10065\/revisions"}],"wp:attachment":[{"href":"https:\/\/www.blogsoestado.com\/evandrojunior\/wp-json\/wp\/v2\/media?parent=10065"}],"wp:term":[{"taxonomy":"category","embeddable":true,"href":"https:\/\/www.blogsoestado.com\/evandrojunior\/wp-json\/wp\/v2\/categories?post=10065"},{"taxonomy":"post_tag","embeddable":true,"href":"https:\/\/www.blogsoestado.com\/evandrojunior\/wp-json\/wp\/v2\/tags?post=10065"}],"curies":[{"name":"wp","href":"https:\/\/api.w.org\/{rel}","templated":true}]}}