{"id":10078,"date":"2023-10-04T16:07:28","date_gmt":"2023-10-04T19:07:28","guid":{"rendered":"https:\/\/www.blogsoestado.com\/evandrojunior\/?p=10078"},"modified":"2023-10-04T16:07:28","modified_gmt":"2023-10-04T19:07:28","slug":"superclinica-homenageara-medicos-com-evento-especial-nesta-quinta-no-blue-tree","status":"publish","type":"post","link":"https:\/\/www.blogsoestado.com\/evandrojunior\/2023\/10\/04\/superclinica-homenageara-medicos-com-evento-especial-nesta-quinta-no-blue-tree\/","title":{"rendered":"Supercl\u00ednica homenagear\u00e1 m\u00e9dicos com evento especial nesta quinta no Blue Tree"},"content":{"rendered":"\n<div class=\"wp-block-image\"><figure class=\"aligncenter size-large is-resized\"><img fetchpriority=\"high\" decoding=\"async\" src=\"https:\/\/www.blogsoestado.com\/evandrojunior\/files\/2023\/10\/WhatsApp-Image-2023-10-04-at-08.59.12.jpeg\" alt=\"\" class=\"wp-image-10079\" width=\"472\" height=\"746\"\/><figcaption><strong>S\u00f3cios da SuperCl\u00ednica Gustavo e Rodolfo Almeida, que celebram os 20 anos da cl\u00ednica nesta quinta-feira (5), \u00e0s 19h30, no Blue Tree <\/strong><\/figcaption><\/figure><\/div>\n\n\n\n<p>S\u00e3o Lu\u00eds &#8211; Nos 20 anos da empresa SuperCl\u00ednica, todos os p\u00fablicos est\u00e3o sendo lembrados e contemplados nas merecidas celebra\u00e7\u00f5es iniciadas em setembro pelos s\u00f3cios Gustavo e Rodolfo Almeida.<\/p>\n\n\n\n<p>Depois de abrir as comemora\u00e7\u00f5es com uma a\u00e7\u00e3o social impactante, que at\u00e9 o fim do ano estar\u00e1 distribuindo mais de 3 mil vouchers de consultas e exames gratuitos para quem mais precisa, chegou a vez de prestar uma justa homenagem \u00e0queles que s\u00e3o os maiores respons\u00e1veis pelo sucesso da empresa: os m\u00e9dicos que integram o corpo cl\u00ednico.<\/p>\n\n\n\n<p>S\u00e3o cerca de 300 conceituados profissionais, que atendem em mais de 30 especialidades nas seis unidades da empresa, e que ser\u00e3o homenageados com um coquetel promovido pela SuperCl\u00ednica e pelo parceiro grupo DASA \/ Laborat\u00f3rio Gaspar.<\/p>\n\n\n\n<p>\u201cEntre os nossos valores principais est\u00e3o a alta qualidade da nossa equipe de m\u00e9dicos, cuja escolha se d\u00e1 com base em crit\u00e9rios como compet\u00eancia e experi\u00eancia, al\u00e9m do atendimento humanizado de nossos colaboradores. Eles merecem essa noite especial que preparamos com todo o carinho para nossos m\u00e9dicos e m\u00e9dicas\u201d, enfatizam os s\u00f3cios Gustavo e Rodolfo Almeida.<\/p>\n\n\n\n<p>O evento fechado para os m\u00e9dicos da SuperCl\u00ednica ser\u00e1 no Hotel Blue Tree, nessa quinta \u2013 feira (05.10) \u00e0s 19h30 e vai contar como destaque cultural, com uma exclusiva noite de aut\u00f3grafos do mais novo livro do fot\u00f3grafo Meireles Jr., intitulado \u201cJoias da Arquitetura Civil Portuguesa\u201d. Cada m\u00e9dico ser\u00e1 presenteado com um exemplar da obra bilingue (ingl\u00eas \/ portugu\u00eas), que re\u00fane fotos do casario colonial de S\u00e3o Lu\u00eds e de mais sete cidades portuguesas.<\/p>\n","protected":false},"excerpt":{"rendered":"<p>S\u00e3o Lu\u00eds &#8211; Nos 20 anos da empresa SuperCl\u00ednica, todos os p\u00fablicos est\u00e3o sendo lembrados e contemplados nas merecidas celebra\u00e7\u00f5es [&hellip;]<\/p>\n","protected":false},"author":4,"featured_media":0,"comment_status":"open","ping_status":"open","sticky":false,"template":"","format":"standard","meta":{"site-sidebar-layout":"default","site-content-layout":"","ast-site-content-layout":"default","site-content-style":"default","site-sidebar-style":"default","ast-global-header-display":"","ast-banner-title-visibility":"","ast-main-header-display":"","ast-hfb-above-header-display":"","ast-hfb-below-header-display":"","ast-hfb-mobile-header-display":"","site-post-title":"","ast-breadcrumbs-content":"","ast-featured-img":"","footer-sml-layout":"","ast-disable-related-posts":"","theme-transparent-header-meta":"","adv-header-id-meta":"","stick-header-meta":"","header-above-stick-meta":"","header-main-stick-meta":"","header-below-stick-meta":"","astra-migrate-meta-layouts":"default","ast-page-background-enabled":"default","ast-page-background-meta":{"desktop":{"background-color":"var(--ast-global-color-5)","background-image":"","background-repeat":"repeat","background-position":"center center","background-size":"auto","background-attachment":"scroll","background-type":"","background-media":"","overlay-type":"","overlay-color":"","overlay-opacity":"","overlay-gradient":""},"tablet":{"background-color":"","background-image":"","background-repeat":"repeat","background-position":"center center","background-size":"auto","background-attachment":"scroll","background-type":"","background-media":"","overlay-type":"","overlay-color":"","overlay-opacity":"","overlay-gradient":""},"mobile":{"background-color":"","background-image":"","background-repeat":"repeat","background-position":"center center","background-size":"auto","background-attachment":"scroll","background-type":"","background-media":"","overlay-type":"","overlay-color":"","overlay-opacity":"","overlay-gradient":""}},"ast-content-background-meta":{"desktop":{"background-color":"var(--ast-global-color-4)","background-image":"","background-repeat":"repeat","background-position":"center center","background-size":"auto","background-attachment":"scroll","background-type":"","background-media":"","overlay-type":"","overlay-color":"","overlay-opacity":"","overlay-gradient":""},"tablet":{"background-color":"var(--ast-global-color-4)","background-image":"","background-repeat":"repeat","background-position":"center center","background-size":"auto","background-attachment":"scroll","background-type":"","background-media":"","overlay-type":"","overlay-color":"","overlay-opacity":"","overlay-gradient":""},"mobile":{"background-color":"var(--ast-global-color-4)","background-image":"","background-repeat":"repeat","background-position":"center center","background-size":"auto","background-attachment":"scroll","background-type":"","background-media":"","overlay-type":"","overlay-color":"","overlay-opacity":"","overlay-gradient":""}},"footnotes":""},"categories":[1],"tags":[],"class_list":["post-10078","post","type-post","status-publish","format-standard","hentry","category-sem-categoria"],"yoast_head":"<!-- This site is optimized with the Yoast SEO plugin v26.6 - https:\/\/yoast.com\/wordpress\/plugins\/seo\/ -->\n<title>Supercl\u00ednica homenagear\u00e1 m\u00e9dicos com evento especial nesta quinta no Blue Tree - Evandro Junior<\/title>\n<meta name=\"robots\" content=\"index, follow, max-snippet:-1, max-image-preview:large, max-video-preview:-1\" \/>\n<link rel=\"canonical\" href=\"https:\/\/www.blogsoestado.com\/evandrojunior\/2023\/10\/04\/superclinica-homenageara-medicos-com-evento-especial-nesta-quinta-no-blue-tree\/\" \/>\n<meta property=\"og:locale\" content=\"pt_BR\" \/>\n<meta property=\"og:type\" content=\"article\" \/>\n<meta property=\"og:title\" content=\"Supercl\u00ednica homenagear\u00e1 m\u00e9dicos com evento especial nesta quinta no Blue Tree - Evandro Junior\" \/>\n<meta property=\"og:description\" content=\"S\u00e3o Lu\u00eds &#8211; Nos 20 anos da empresa SuperCl\u00ednica, todos os p\u00fablicos est\u00e3o sendo lembrados e contemplados nas merecidas celebra\u00e7\u00f5es [&hellip;]\" \/>\n<meta property=\"og:url\" content=\"https:\/\/www.blogsoestado.com\/evandrojunior\/2023\/10\/04\/superclinica-homenageara-medicos-com-evento-especial-nesta-quinta-no-blue-tree\/\" \/>\n<meta property=\"og:site_name\" content=\"Evandro Junior\" \/>\n<meta property=\"article:published_time\" content=\"2023-10-04T19:07:28+00:00\" \/>\n<meta property=\"og:image\" content=\"https:\/\/www.blogsoestado.com\/evandrojunior\/files\/2023\/10\/WhatsApp-Image-2023-10-04-at-08.59.12.jpeg\" \/>\n<meta name=\"author\" content=\"Evandro Junior\" \/>\n<meta name=\"twitter:card\" content=\"summary_large_image\" \/>\n<meta name=\"twitter:label1\" content=\"Escrito por\" \/>\n\t<meta name=\"twitter:data1\" content=\"Evandro Junior\" \/>\n\t<meta name=\"twitter:label2\" content=\"Est. tempo de leitura\" \/>\n\t<meta name=\"twitter:data2\" content=\"2 minutos\" \/>\n<script type=\"application\/ld+json\" class=\"yoast-schema-graph\">{\"@context\":\"https:\/\/schema.org\",\"@graph\":[{\"@type\":\"WebPage\",\"@id\":\"https:\/\/www.blogsoestado.com\/evandrojunior\/2023\/10\/04\/superclinica-homenageara-medicos-com-evento-especial-nesta-quinta-no-blue-tree\/\",\"url\":\"https:\/\/www.blogsoestado.com\/evandrojunior\/2023\/10\/04\/superclinica-homenageara-medicos-com-evento-especial-nesta-quinta-no-blue-tree\/\",\"name\":\"Supercl\u00ednica homenagear\u00e1 m\u00e9dicos com evento especial nesta quinta no Blue Tree - Evandro Junior\",\"isPartOf\":{\"@id\":\"https:\/\/www.blogsoestado.com\/evandrojunior\/#website\"},\"primaryImageOfPage\":{\"@id\":\"https:\/\/www.blogsoestado.com\/evandrojunior\/2023\/10\/04\/superclinica-homenageara-medicos-com-evento-especial-nesta-quinta-no-blue-tree\/#primaryimage\"},\"image\":{\"@id\":\"https:\/\/www.blogsoestado.com\/evandrojunior\/2023\/10\/04\/superclinica-homenageara-medicos-com-evento-especial-nesta-quinta-no-blue-tree\/#primaryimage\"},\"thumbnailUrl\":\"https:\/\/www.blogsoestado.com\/evandrojunior\/files\/2023\/10\/WhatsApp-Image-2023-10-04-at-08.59.12.jpeg\",\"datePublished\":\"2023-10-04T19:07:28+00:00\",\"author\":{\"@id\":\"https:\/\/www.blogsoestado.com\/evandrojunior\/#\/schema\/person\/3e6c3d8dbb740d1c6878ebc935cfb3be\"},\"breadcrumb\":{\"@id\":\"https:\/\/www.blogsoestado.com\/evandrojunior\/2023\/10\/04\/superclinica-homenageara-medicos-com-evento-especial-nesta-quinta-no-blue-tree\/#breadcrumb\"},\"inLanguage\":\"pt-BR\",\"potentialAction\":[{\"@type\":\"ReadAction\",\"target\":[\"https:\/\/www.blogsoestado.com\/evandrojunior\/2023\/10\/04\/superclinica-homenageara-medicos-com-evento-especial-nesta-quinta-no-blue-tree\/\"]}]},{\"@type\":\"ImageObject\",\"inLanguage\":\"pt-BR\",\"@id\":\"https:\/\/www.blogsoestado.com\/evandrojunior\/2023\/10\/04\/superclinica-homenageara-medicos-com-evento-especial-nesta-quinta-no-blue-tree\/#primaryimage\",\"url\":\"https:\/\/www.blogsoestado.com\/evandrojunior\/files\/2023\/10\/WhatsApp-Image-2023-10-04-at-08.59.12.jpeg\",\"contentUrl\":\"https:\/\/www.blogsoestado.com\/evandrojunior\/files\/2023\/10\/WhatsApp-Image-2023-10-04-at-08.59.12.jpeg\"},{\"@type\":\"BreadcrumbList\",\"@id\":\"https:\/\/www.blogsoestado.com\/evandrojunior\/2023\/10\/04\/superclinica-homenageara-medicos-com-evento-especial-nesta-quinta-no-blue-tree\/#breadcrumb\",\"itemListElement\":[{\"@type\":\"ListItem\",\"position\":1,\"name\":\"In\u00edcio\",\"item\":\"https:\/\/www.blogsoestado.com\/evandrojunior\/\"},{\"@type\":\"ListItem\",\"position\":2,\"name\":\"Supercl\u00ednica homenagear\u00e1 m\u00e9dicos com evento especial nesta quinta no Blue Tree\"}]},{\"@type\":\"WebSite\",\"@id\":\"https:\/\/www.blogsoestado.com\/evandrojunior\/#website\",\"url\":\"https:\/\/www.blogsoestado.com\/evandrojunior\/\",\"name\":\"Evandro Junior\",\"description\":\"\",\"potentialAction\":[{\"@type\":\"SearchAction\",\"target\":{\"@type\":\"EntryPoint\",\"urlTemplate\":\"https:\/\/www.blogsoestado.com\/evandrojunior\/?s={search_term_string}\"},\"query-input\":{\"@type\":\"PropertyValueSpecification\",\"valueRequired\":true,\"valueName\":\"search_term_string\"}}],\"inLanguage\":\"pt-BR\"},{\"@type\":\"Person\",\"@id\":\"https:\/\/www.blogsoestado.com\/evandrojunior\/#\/schema\/person\/3e6c3d8dbb740d1c6878ebc935cfb3be\",\"name\":\"Evandro Junior\",\"image\":{\"@type\":\"ImageObject\",\"inLanguage\":\"pt-BR\",\"@id\":\"https:\/\/www.blogsoestado.com\/evandrojunior\/#\/schema\/person\/image\/\",\"url\":\"https:\/\/secure.gravatar.com\/avatar\/f80a03a2294a580cd2318bfb459bf354cfa8be661ef3d95b542cf9a04af8d129?s=96&d=mm&r=g\",\"contentUrl\":\"https:\/\/secure.gravatar.com\/avatar\/f80a03a2294a580cd2318bfb459bf354cfa8be661ef3d95b542cf9a04af8d129?s=96&d=mm&r=g\",\"caption\":\"Evandro Junior\"},\"url\":\"https:\/\/www.blogsoestado.com\/evandrojunior\/author\/evandrojunior\/\"}]}<\/script>\n<!-- \/ Yoast SEO plugin. -->","yoast_head_json":{"title":"Supercl\u00ednica homenagear\u00e1 m\u00e9dicos com evento especial nesta quinta no Blue Tree - Evandro Junior","robots":{"index":"index","follow":"follow","max-snippet":"max-snippet:-1","max-image-preview":"max-image-preview:large","max-video-preview":"max-video-preview:-1"},"canonical":"https:\/\/www.blogsoestado.com\/evandrojunior\/2023\/10\/04\/superclinica-homenageara-medicos-com-evento-especial-nesta-quinta-no-blue-tree\/","og_locale":"pt_BR","og_type":"article","og_title":"Supercl\u00ednica homenagear\u00e1 m\u00e9dicos com evento especial nesta quinta no Blue Tree - Evandro Junior","og_description":"S\u00e3o Lu\u00eds &#8211; Nos 20 anos da empresa SuperCl\u00ednica, todos os p\u00fablicos est\u00e3o sendo lembrados e contemplados nas merecidas celebra\u00e7\u00f5es [&hellip;]","og_url":"https:\/\/www.blogsoestado.com\/evandrojunior\/2023\/10\/04\/superclinica-homenageara-medicos-com-evento-especial-nesta-quinta-no-blue-tree\/","og_site_name":"Evandro Junior","article_published_time":"2023-10-04T19:07:28+00:00","og_image":[{"url":"https:\/\/www.blogsoestado.com\/evandrojunior\/files\/2023\/10\/WhatsApp-Image-2023-10-04-at-08.59.12.jpeg","type":"","width":"","height":""}],"author":"Evandro Junior","twitter_card":"summary_large_image","twitter_misc":{"Escrito por":"Evandro Junior","Est. tempo de leitura":"2 minutos"},"schema":{"@context":"https:\/\/schema.org","@graph":[{"@type":"WebPage","@id":"https:\/\/www.blogsoestado.com\/evandrojunior\/2023\/10\/04\/superclinica-homenageara-medicos-com-evento-especial-nesta-quinta-no-blue-tree\/","url":"https:\/\/www.blogsoestado.com\/evandrojunior\/2023\/10\/04\/superclinica-homenageara-medicos-com-evento-especial-nesta-quinta-no-blue-tree\/","name":"Supercl\u00ednica homenagear\u00e1 m\u00e9dicos com evento especial nesta quinta no Blue Tree - Evandro Junior","isPartOf":{"@id":"https:\/\/www.blogsoestado.com\/evandrojunior\/#website"},"primaryImageOfPage":{"@id":"https:\/\/www.blogsoestado.com\/evandrojunior\/2023\/10\/04\/superclinica-homenageara-medicos-com-evento-especial-nesta-quinta-no-blue-tree\/#primaryimage"},"image":{"@id":"https:\/\/www.blogsoestado.com\/evandrojunior\/2023\/10\/04\/superclinica-homenageara-medicos-com-evento-especial-nesta-quinta-no-blue-tree\/#primaryimage"},"thumbnailUrl":"https:\/\/www.blogsoestado.com\/evandrojunior\/files\/2023\/10\/WhatsApp-Image-2023-10-04-at-08.59.12.jpeg","datePublished":"2023-10-04T19:07:28+00:00","author":{"@id":"https:\/\/www.blogsoestado.com\/evandrojunior\/#\/schema\/person\/3e6c3d8dbb740d1c6878ebc935cfb3be"},"breadcrumb":{"@id":"https:\/\/www.blogsoestado.com\/evandrojunior\/2023\/10\/04\/superclinica-homenageara-medicos-com-evento-especial-nesta-quinta-no-blue-tree\/#breadcrumb"},"inLanguage":"pt-BR","potentialAction":[{"@type":"ReadAction","target":["https:\/\/www.blogsoestado.com\/evandrojunior\/2023\/10\/04\/superclinica-homenageara-medicos-com-evento-especial-nesta-quinta-no-blue-tree\/"]}]},{"@type":"ImageObject","inLanguage":"pt-BR","@id":"https:\/\/www.blogsoestado.com\/evandrojunior\/2023\/10\/04\/superclinica-homenageara-medicos-com-evento-especial-nesta-quinta-no-blue-tree\/#primaryimage","url":"https:\/\/www.blogsoestado.com\/evandrojunior\/files\/2023\/10\/WhatsApp-Image-2023-10-04-at-08.59.12.jpeg","contentUrl":"https:\/\/www.blogsoestado.com\/evandrojunior\/files\/2023\/10\/WhatsApp-Image-2023-10-04-at-08.59.12.jpeg"},{"@type":"BreadcrumbList","@id":"https:\/\/www.blogsoestado.com\/evandrojunior\/2023\/10\/04\/superclinica-homenageara-medicos-com-evento-especial-nesta-quinta-no-blue-tree\/#breadcrumb","itemListElement":[{"@type":"ListItem","position":1,"name":"In\u00edcio","item":"https:\/\/www.blogsoestado.com\/evandrojunior\/"},{"@type":"ListItem","position":2,"name":"Supercl\u00ednica homenagear\u00e1 m\u00e9dicos com evento especial nesta quinta no Blue Tree"}]},{"@type":"WebSite","@id":"https:\/\/www.blogsoestado.com\/evandrojunior\/#website","url":"https:\/\/www.blogsoestado.com\/evandrojunior\/","name":"Evandro Junior","description":"","potentialAction":[{"@type":"SearchAction","target":{"@type":"EntryPoint","urlTemplate":"https:\/\/www.blogsoestado.com\/evandrojunior\/?s={search_term_string}"},"query-input":{"@type":"PropertyValueSpecification","valueRequired":true,"valueName":"search_term_string"}}],"inLanguage":"pt-BR"},{"@type":"Person","@id":"https:\/\/www.blogsoestado.com\/evandrojunior\/#\/schema\/person\/3e6c3d8dbb740d1c6878ebc935cfb3be","name":"Evandro Junior","image":{"@type":"ImageObject","inLanguage":"pt-BR","@id":"https:\/\/www.blogsoestado.com\/evandrojunior\/#\/schema\/person\/image\/","url":"https:\/\/secure.gravatar.com\/avatar\/f80a03a2294a580cd2318bfb459bf354cfa8be661ef3d95b542cf9a04af8d129?s=96&d=mm&r=g","contentUrl":"https:\/\/secure.gravatar.com\/avatar\/f80a03a2294a580cd2318bfb459bf354cfa8be661ef3d95b542cf9a04af8d129?s=96&d=mm&r=g","caption":"Evandro Junior"},"url":"https:\/\/www.blogsoestado.com\/evandrojunior\/author\/evandrojunior\/"}]}},"jetpack_featured_media_url":"","_links":{"self":[{"href":"https:\/\/www.blogsoestado.com\/evandrojunior\/wp-json\/wp\/v2\/posts\/10078","targetHints":{"allow":["GET"]}}],"collection":[{"href":"https:\/\/www.blogsoestado.com\/evandrojunior\/wp-json\/wp\/v2\/posts"}],"about":[{"href":"https:\/\/www.blogsoestado.com\/evandrojunior\/wp-json\/wp\/v2\/types\/post"}],"author":[{"embeddable":true,"href":"https:\/\/www.blogsoestado.com\/evandrojunior\/wp-json\/wp\/v2\/users\/4"}],"replies":[{"embeddable":true,"href":"https:\/\/www.blogsoestado.com\/evandrojunior\/wp-json\/wp\/v2\/comments?post=10078"}],"version-history":[{"count":0,"href":"https:\/\/www.blogsoestado.com\/evandrojunior\/wp-json\/wp\/v2\/posts\/10078\/revisions"}],"wp:attachment":[{"href":"https:\/\/www.blogsoestado.com\/evandrojunior\/wp-json\/wp\/v2\/media?parent=10078"}],"wp:term":[{"taxonomy":"category","embeddable":true,"href":"https:\/\/www.blogsoestado.com\/evandrojunior\/wp-json\/wp\/v2\/categories?post=10078"},{"taxonomy":"post_tag","embeddable":true,"href":"https:\/\/www.blogsoestado.com\/evandrojunior\/wp-json\/wp\/v2\/tags?post=10078"}],"curies":[{"name":"wp","href":"https:\/\/api.w.org\/{rel}","templated":true}]}}