{"id":10085,"date":"2023-10-04T17:32:49","date_gmt":"2023-10-04T20:32:49","guid":{"rendered":"https:\/\/www.blogsoestado.com\/evandrojunior\/?p=10085"},"modified":"2023-10-04T17:32:49","modified_gmt":"2023-10-04T20:32:49","slug":"instituto-embelleze-cohab-celebra-dez-anos-de-muito-trabalho-e-sucesso","status":"publish","type":"post","link":"https:\/\/www.blogsoestado.com\/evandrojunior\/2023\/10\/04\/instituto-embelleze-cohab-celebra-dez-anos-de-muito-trabalho-e-sucesso\/","title":{"rendered":"Instituto Embelleze Cohab celebra dez anos de muito trabalho e sucesso"},"content":{"rendered":"\n<div class=\"wp-block-image\"><figure class=\"aligncenter size-large is-resized\"><img fetchpriority=\"high\" decoding=\"async\" src=\"https:\/\/www.blogsoestado.com\/evandrojunior\/files\/2023\/10\/WhatsApp-Image-2023-10-04-at-16.41.56-676x1024.jpeg\" alt=\"\" class=\"wp-image-10086\" width=\"446\" height=\"676\"\/><figcaption><strong>Ana Karine Monteles, diretora do Instituto Embelleze Cohab, comemora os dez anos do projeto<\/strong><\/figcaption><\/figure><\/div>\n\n\n\n<p><strong>S\u00c3O LU\u00cdS<\/strong> &#8211; O Instituto Embelleze Cohab, sob a dire\u00e7\u00e3o da empres\u00e1ria Ana Karine Monteles, est\u00e1 celebrando uma d\u00e9cada de sucesso e impacto transformador no Maranh\u00e3o.  Nesse per\u00edodo, estabeleceu-se como uma institui\u00e7\u00e3o de ensino de beleza e empreendedorismo, proporcionando n\u00e3o apenas habilidades pr\u00e1ticas, mas a oportunidade de independ\u00eancia financeira, mudando a trajet\u00f3ria de muita gente.<\/p>\n\n\n\n<p>Uma de suas caracter\u00edsticas mais marcantes \u00e9 a variedade de cursos oferecidos, que abrem portas a uma carreira pr\u00f3spera no mundo da beleza. Os depoimentos de alunas e ex-alunas refletem o impacto profundo desse trabalho.<\/p>\n\n\n\n<p>\u00c2ngela Penha Amaral, instrutora do Curso de Maquiador Profissional, compartilhou sua jornada de transforma\u00e7\u00e3o, passando de aluna a professora, inspirando outras pessoas a seguirem seus sonhos.<\/p>\n\n\n\n<p>\u201cEm 2019, eu estava vivendo um momento bem desafiador na minha vida e a minha psic\u00f3loga me orientou a procurar fazer alguma coisa de que eu gostasse muito. E eu sempre gostei dessa \u00e1rea da maquiagem. Foi quando encontrei o Instituto Embelleze. No primeiro momento, busquei distra\u00e7\u00e3o e um momento de lazer. Contudo, me identifiquei muito com o curso e comecei a levar a s\u00e9rio. A cada aula, me sentia mais interessada e apaixonava Isso fez com que eu deixasse um legado bem legal no Embelleze. Um ano depois eu fui procurada para lecionar no curso de maquiagem&#8221;, contou.<\/p>\n\n\n\n<p>Paula Belfort, CEO da Paula Belfort Beauty, destacou como o Instituto Embelleze foi seu ponto de partida para conquistar independ\u00eancia financeira. Inicialmente, ela procurava uma renda extra, mas logo percebeu que tinha potencial para fazer da beleza sua profiss\u00e3o em tempo integral. Hoje, n\u00e3o apenas gerencia o pr\u00f3prio neg\u00f3cio,<br>mas compartilha seu conhecimento como instrutora.<\/p>\n\n\n\n<p>\u201c\u00c9 uma honra falar do Instituto Embelleze, que \u00e9 um canal de transforma\u00e7\u00e3o na vida de in\u00fameras pessoas. Meu ponto de partida foi l\u00e1. H\u00e1 10 anos, eu estava perdida, querendo uma outra fonte de renda, pois eu era CLT. Eu tinha aquele sal\u00e1rio fixo e n\u00e3o me contentava com isso. Foi ent\u00e3o que comecei a pesquisar outras possibilidades e encontrei no Embelleze uma possibilidade de ter renda extra. Eu trabalhava como CLT, mas ao dar in\u00edcio ao curso de designer de sobrancelhas e de depila\u00e7\u00e3o, consegui ter uma renda extra. S\u00f3 que chegou um momento de decis\u00e3o na minha carreira, que foi quando deu t\u00e3o certo esse meu extra que eu vi a possibilidade de se tornar meu fixo e ainda ter mais liberdade\u201d, conta a profissional. <\/p>\n\n\n\n<div class=\"wp-block-image\"><figure class=\"aligncenter size-large is-resized\"><img decoding=\"async\" src=\"https:\/\/www.blogsoestado.com\/evandrojunior\/files\/2023\/10\/WhatsApp-Image-2023-10-04-at-16.41.56-1-1-1024x697.jpeg\" alt=\"\" class=\"wp-image-10088\" width=\"564\" height=\"383\"\/><figcaption><strong>Jacira Haickel, presidente do Conselho da Mulher Empres\u00e1ria, da Associa\u00e7\u00e3o Comercial do Maranh\u00e3o (ACM), parabeniza  Ana Karine Monteles pela trajet\u00f3ria de sucesso \u00e0 frente do Instituto Embelleze Cohab<\/strong><\/figcaption><\/figure><\/div>\n\n\n\n<div class=\"wp-block-image\"><figure class=\"aligncenter size-large is-resized\"><img decoding=\"async\" src=\"https:\/\/www.blogsoestado.com\/evandrojunior\/files\/2023\/10\/WhatsApp-Image-2023-10-04-at-16.41.56-2-1024x692.jpeg\" alt=\"\" class=\"wp-image-10091\" width=\"578\" height=\"389\"\/><figcaption>Ana Karine com a m\u00e3e, Jesus Monteles Barros, Jacira Haickel e o irm\u00e3o, Augusto Barros e a esposa Cristiane<\/figcaption><\/figure><\/div>\n\n\n\n<p>Gabriela Freita, CEO do Studio Make Up Beauty, testemunhou como a institui\u00e7\u00e3o mudou sua vida de enfermeira a maquiadora de sucesso. O Instituto Embelleze deu a ela as habilidades e a confian\u00e7a necess\u00e1rias para construir sua carreira na \u00e1rea da beleza. Agora, ela tamb\u00e9m atua como instrutora, capacitando centenas de novas maquiadoras.<\/p>\n\n\n\n<p>&#8220;Essa foi a melhor decis\u00e3o que eu tomei em toda a minha vida. Oito anos se passaram e eu constru\u00ed uma carreira n\u00e3o como enfermeira, mas como maquiadora. Hoje, eu vivo disso. N\u00f3s temos est\u00fadios e loja. Hoje, atendemos as noivas e criamos nome por meio desse curso de maquiador profissional\u201d, relembra Gabriela.<\/p>\n\n\n\n<p>De acordo com Ana Karine Monteles, diretora do Instituto Embelleze Cohab, ao longo desses 10 anos, mais de 30 mil pessoas foram capacitadas por meio dos cursos oferecidos pela institui\u00e7\u00e3o. O resultado \u00e9 not\u00e1vel, com profissionais de sucesso brilhando no mercado de trabalho. <\/p>\n\n\n\n<div class=\"wp-block-image\"><figure class=\"aligncenter size-large is-resized\"><img loading=\"lazy\" decoding=\"async\" src=\"https:\/\/www.blogsoestado.com\/evandrojunior\/files\/2023\/10\/WhatsApp-Image-2023-10-04-at-16.41.57-1024x685.jpeg\" alt=\"\" class=\"wp-image-10089\" width=\"554\" height=\"370\"\/><figcaption><strong>Empres\u00e1rio Felipe Mussal\u00e9m participou do evento que marcou os dez anos do Instituto Embelleze Cohab<\/strong><\/figcaption><\/figure><\/div>\n\n\n\n<p>&#8220;Toda mulher quer estar bem, estar bonita, ganhando dinheiro, e se realizando profissionalmente. Ent\u00e3o, a gente sempre tem pessoas nos procurando, e estamos aqui prontas para capacitar essas pessoas para esse futuro de prosperidade, de beleza&#8221;, afirma Karine Monteles. <\/p>\n\n\n\n<div class=\"wp-block-image\"><figure class=\"aligncenter size-large is-resized\"><img loading=\"lazy\" decoding=\"async\" src=\"https:\/\/www.blogsoestado.com\/evandrojunior\/files\/2023\/10\/WhatsApp-Image-2023-10-04-at-17.19.32-813x1024.jpeg\" alt=\"\" class=\"wp-image-10090\" width=\"500\" height=\"630\"\/><figcaption><strong>Ana Karine Monteles com Gabriela Freita, CEO do Studio Make Up Beauty, instrutora do curso de maquiador profissional e ex-aluna do Instituto Embelleze<\/strong><\/figcaption><\/figure><\/div>\n\n\n\n<p>O Instituto Embelleze Cohab n\u00e3o apenas ensina t\u00e9cnicas de beleza, mas tamb\u00e9m inspira a confian\u00e7a e a independ\u00eancia financeira, transformando vidas e moldando carreiras de sucesso. Nesses 10 anos, o Instituto se consolidou como um farol de oportunidades para todos que desejam seguir o caminho da beleza e do empreendedorismo.<\/p>\n","protected":false},"excerpt":{"rendered":"<p>S\u00c3O LU\u00cdS &#8211; O Instituto Embelleze Cohab, sob a dire\u00e7\u00e3o da empres\u00e1ria Ana Karine Monteles, est\u00e1 celebrando uma d\u00e9cada de [&hellip;]<\/p>\n","protected":false},"author":4,"featured_media":0,"comment_status":"open","ping_status":"open","sticky":false,"template":"","format":"standard","meta":{"site-sidebar-layout":"default","site-content-layout":"","ast-site-content-layout":"default","site-content-style":"default","site-sidebar-style":"default","ast-global-header-display":"","ast-banner-title-visibility":"","ast-main-header-display":"","ast-hfb-above-header-display":"","ast-hfb-below-header-display":"","ast-hfb-mobile-header-display":"","site-post-title":"","ast-breadcrumbs-content":"","ast-featured-img":"","footer-sml-layout":"","ast-disable-related-posts":"","theme-transparent-header-meta":"","adv-header-id-meta":"","stick-header-meta":"","header-above-stick-meta":"","header-main-stick-meta":"","header-below-stick-meta":"","astra-migrate-meta-layouts":"default","ast-page-background-enabled":"default","ast-page-background-meta":{"desktop":{"background-color":"var(--ast-global-color-5)","background-image":"","background-repeat":"repeat","background-position":"center center","background-size":"auto","background-attachment":"scroll","background-type":"","background-media":"","overlay-type":"","overlay-color":"","overlay-opacity":"","overlay-gradient":""},"tablet":{"background-color":"","background-image":"","background-repeat":"repeat","background-position":"center center","background-size":"auto","background-attachment":"scroll","background-type":"","background-media":"","overlay-type":"","overlay-color":"","overlay-opacity":"","overlay-gradient":""},"mobile":{"background-color":"","background-image":"","background-repeat":"repeat","background-position":"center center","background-size":"auto","background-attachment":"scroll","background-type":"","background-media":"","overlay-type":"","overlay-color":"","overlay-opacity":"","overlay-gradient":""}},"ast-content-background-meta":{"desktop":{"background-color":"var(--ast-global-color-4)","background-image":"","background-repeat":"repeat","background-position":"center center","background-size":"auto","background-attachment":"scroll","background-type":"","background-media":"","overlay-type":"","overlay-color":"","overlay-opacity":"","overlay-gradient":""},"tablet":{"background-color":"var(--ast-global-color-4)","background-image":"","background-repeat":"repeat","background-position":"center center","background-size":"auto","background-attachment":"scroll","background-type":"","background-media":"","overlay-type":"","overlay-color":"","overlay-opacity":"","overlay-gradient":""},"mobile":{"background-color":"var(--ast-global-color-4)","background-image":"","background-repeat":"repeat","background-position":"center center","background-size":"auto","background-attachment":"scroll","background-type":"","background-media":"","overlay-type":"","overlay-color":"","overlay-opacity":"","overlay-gradient":""}},"footnotes":""},"categories":[1],"tags":[],"class_list":["post-10085","post","type-post","status-publish","format-standard","hentry","category-sem-categoria"],"yoast_head":"<!-- This site is optimized with the Yoast SEO plugin v26.6 - https:\/\/yoast.com\/wordpress\/plugins\/seo\/ -->\n<title>Instituto Embelleze Cohab celebra dez anos de muito trabalho e sucesso - Evandro Junior<\/title>\n<meta name=\"robots\" content=\"index, follow, max-snippet:-1, max-image-preview:large, max-video-preview:-1\" \/>\n<link rel=\"canonical\" href=\"https:\/\/www.blogsoestado.com\/evandrojunior\/2023\/10\/04\/instituto-embelleze-cohab-celebra-dez-anos-de-muito-trabalho-e-sucesso\/\" \/>\n<meta property=\"og:locale\" content=\"pt_BR\" \/>\n<meta property=\"og:type\" content=\"article\" \/>\n<meta property=\"og:title\" content=\"Instituto Embelleze Cohab celebra dez anos de muito trabalho e sucesso - Evandro Junior\" \/>\n<meta property=\"og:description\" content=\"S\u00c3O LU\u00cdS &#8211; O Instituto Embelleze Cohab, sob a dire\u00e7\u00e3o da empres\u00e1ria Ana Karine Monteles, est\u00e1 celebrando uma d\u00e9cada de [&hellip;]\" \/>\n<meta property=\"og:url\" content=\"https:\/\/www.blogsoestado.com\/evandrojunior\/2023\/10\/04\/instituto-embelleze-cohab-celebra-dez-anos-de-muito-trabalho-e-sucesso\/\" \/>\n<meta property=\"og:site_name\" content=\"Evandro Junior\" \/>\n<meta property=\"article:published_time\" content=\"2023-10-04T20:32:49+00:00\" \/>\n<meta property=\"og:image\" content=\"https:\/\/www.blogsoestado.com\/evandrojunior\/files\/2023\/10\/WhatsApp-Image-2023-10-04-at-16.41.56-676x1024.jpeg\" \/>\n<meta name=\"author\" content=\"Evandro Junior\" \/>\n<meta name=\"twitter:card\" content=\"summary_large_image\" \/>\n<meta name=\"twitter:label1\" content=\"Escrito por\" \/>\n\t<meta name=\"twitter:data1\" content=\"Evandro Junior\" \/>\n\t<meta name=\"twitter:label2\" content=\"Est. tempo de leitura\" \/>\n\t<meta name=\"twitter:data2\" content=\"5 minutos\" \/>\n<script type=\"application\/ld+json\" class=\"yoast-schema-graph\">{\"@context\":\"https:\/\/schema.org\",\"@graph\":[{\"@type\":\"WebPage\",\"@id\":\"https:\/\/www.blogsoestado.com\/evandrojunior\/2023\/10\/04\/instituto-embelleze-cohab-celebra-dez-anos-de-muito-trabalho-e-sucesso\/\",\"url\":\"https:\/\/www.blogsoestado.com\/evandrojunior\/2023\/10\/04\/instituto-embelleze-cohab-celebra-dez-anos-de-muito-trabalho-e-sucesso\/\",\"name\":\"Instituto Embelleze Cohab celebra dez anos de muito trabalho e sucesso - Evandro Junior\",\"isPartOf\":{\"@id\":\"https:\/\/www.blogsoestado.com\/evandrojunior\/#website\"},\"primaryImageOfPage\":{\"@id\":\"https:\/\/www.blogsoestado.com\/evandrojunior\/2023\/10\/04\/instituto-embelleze-cohab-celebra-dez-anos-de-muito-trabalho-e-sucesso\/#primaryimage\"},\"image\":{\"@id\":\"https:\/\/www.blogsoestado.com\/evandrojunior\/2023\/10\/04\/instituto-embelleze-cohab-celebra-dez-anos-de-muito-trabalho-e-sucesso\/#primaryimage\"},\"thumbnailUrl\":\"https:\/\/www.blogsoestado.com\/evandrojunior\/files\/2023\/10\/WhatsApp-Image-2023-10-04-at-16.41.56-676x1024.jpeg\",\"datePublished\":\"2023-10-04T20:32:49+00:00\",\"author\":{\"@id\":\"https:\/\/www.blogsoestado.com\/evandrojunior\/#\/schema\/person\/3e6c3d8dbb740d1c6878ebc935cfb3be\"},\"breadcrumb\":{\"@id\":\"https:\/\/www.blogsoestado.com\/evandrojunior\/2023\/10\/04\/instituto-embelleze-cohab-celebra-dez-anos-de-muito-trabalho-e-sucesso\/#breadcrumb\"},\"inLanguage\":\"pt-BR\",\"potentialAction\":[{\"@type\":\"ReadAction\",\"target\":[\"https:\/\/www.blogsoestado.com\/evandrojunior\/2023\/10\/04\/instituto-embelleze-cohab-celebra-dez-anos-de-muito-trabalho-e-sucesso\/\"]}]},{\"@type\":\"ImageObject\",\"inLanguage\":\"pt-BR\",\"@id\":\"https:\/\/www.blogsoestado.com\/evandrojunior\/2023\/10\/04\/instituto-embelleze-cohab-celebra-dez-anos-de-muito-trabalho-e-sucesso\/#primaryimage\",\"url\":\"https:\/\/www.blogsoestado.com\/evandrojunior\/files\/2023\/10\/WhatsApp-Image-2023-10-04-at-16.41.56-676x1024.jpeg\",\"contentUrl\":\"https:\/\/www.blogsoestado.com\/evandrojunior\/files\/2023\/10\/WhatsApp-Image-2023-10-04-at-16.41.56-676x1024.jpeg\"},{\"@type\":\"BreadcrumbList\",\"@id\":\"https:\/\/www.blogsoestado.com\/evandrojunior\/2023\/10\/04\/instituto-embelleze-cohab-celebra-dez-anos-de-muito-trabalho-e-sucesso\/#breadcrumb\",\"itemListElement\":[{\"@type\":\"ListItem\",\"position\":1,\"name\":\"In\u00edcio\",\"item\":\"https:\/\/www.blogsoestado.com\/evandrojunior\/\"},{\"@type\":\"ListItem\",\"position\":2,\"name\":\"Instituto Embelleze Cohab celebra dez anos de muito trabalho e sucesso\"}]},{\"@type\":\"WebSite\",\"@id\":\"https:\/\/www.blogsoestado.com\/evandrojunior\/#website\",\"url\":\"https:\/\/www.blogsoestado.com\/evandrojunior\/\",\"name\":\"Evandro Junior\",\"description\":\"\",\"potentialAction\":[{\"@type\":\"SearchAction\",\"target\":{\"@type\":\"EntryPoint\",\"urlTemplate\":\"https:\/\/www.blogsoestado.com\/evandrojunior\/?s={search_term_string}\"},\"query-input\":{\"@type\":\"PropertyValueSpecification\",\"valueRequired\":true,\"valueName\":\"search_term_string\"}}],\"inLanguage\":\"pt-BR\"},{\"@type\":\"Person\",\"@id\":\"https:\/\/www.blogsoestado.com\/evandrojunior\/#\/schema\/person\/3e6c3d8dbb740d1c6878ebc935cfb3be\",\"name\":\"Evandro Junior\",\"image\":{\"@type\":\"ImageObject\",\"inLanguage\":\"pt-BR\",\"@id\":\"https:\/\/www.blogsoestado.com\/evandrojunior\/#\/schema\/person\/image\/\",\"url\":\"https:\/\/secure.gravatar.com\/avatar\/f80a03a2294a580cd2318bfb459bf354cfa8be661ef3d95b542cf9a04af8d129?s=96&d=mm&r=g\",\"contentUrl\":\"https:\/\/secure.gravatar.com\/avatar\/f80a03a2294a580cd2318bfb459bf354cfa8be661ef3d95b542cf9a04af8d129?s=96&d=mm&r=g\",\"caption\":\"Evandro Junior\"},\"url\":\"https:\/\/www.blogsoestado.com\/evandrojunior\/author\/evandrojunior\/\"}]}<\/script>\n<!-- \/ Yoast SEO plugin. -->","yoast_head_json":{"title":"Instituto Embelleze Cohab celebra dez anos de muito trabalho e sucesso - Evandro Junior","robots":{"index":"index","follow":"follow","max-snippet":"max-snippet:-1","max-image-preview":"max-image-preview:large","max-video-preview":"max-video-preview:-1"},"canonical":"https:\/\/www.blogsoestado.com\/evandrojunior\/2023\/10\/04\/instituto-embelleze-cohab-celebra-dez-anos-de-muito-trabalho-e-sucesso\/","og_locale":"pt_BR","og_type":"article","og_title":"Instituto Embelleze Cohab celebra dez anos de muito trabalho e sucesso - Evandro Junior","og_description":"S\u00c3O LU\u00cdS &#8211; O Instituto Embelleze Cohab, sob a dire\u00e7\u00e3o da empres\u00e1ria Ana Karine Monteles, est\u00e1 celebrando uma d\u00e9cada de [&hellip;]","og_url":"https:\/\/www.blogsoestado.com\/evandrojunior\/2023\/10\/04\/instituto-embelleze-cohab-celebra-dez-anos-de-muito-trabalho-e-sucesso\/","og_site_name":"Evandro Junior","article_published_time":"2023-10-04T20:32:49+00:00","og_image":[{"url":"https:\/\/www.blogsoestado.com\/evandrojunior\/files\/2023\/10\/WhatsApp-Image-2023-10-04-at-16.41.56-676x1024.jpeg","type":"","width":"","height":""}],"author":"Evandro Junior","twitter_card":"summary_large_image","twitter_misc":{"Escrito por":"Evandro Junior","Est. tempo de leitura":"5 minutos"},"schema":{"@context":"https:\/\/schema.org","@graph":[{"@type":"WebPage","@id":"https:\/\/www.blogsoestado.com\/evandrojunior\/2023\/10\/04\/instituto-embelleze-cohab-celebra-dez-anos-de-muito-trabalho-e-sucesso\/","url":"https:\/\/www.blogsoestado.com\/evandrojunior\/2023\/10\/04\/instituto-embelleze-cohab-celebra-dez-anos-de-muito-trabalho-e-sucesso\/","name":"Instituto Embelleze Cohab celebra dez anos de muito trabalho e sucesso - Evandro Junior","isPartOf":{"@id":"https:\/\/www.blogsoestado.com\/evandrojunior\/#website"},"primaryImageOfPage":{"@id":"https:\/\/www.blogsoestado.com\/evandrojunior\/2023\/10\/04\/instituto-embelleze-cohab-celebra-dez-anos-de-muito-trabalho-e-sucesso\/#primaryimage"},"image":{"@id":"https:\/\/www.blogsoestado.com\/evandrojunior\/2023\/10\/04\/instituto-embelleze-cohab-celebra-dez-anos-de-muito-trabalho-e-sucesso\/#primaryimage"},"thumbnailUrl":"https:\/\/www.blogsoestado.com\/evandrojunior\/files\/2023\/10\/WhatsApp-Image-2023-10-04-at-16.41.56-676x1024.jpeg","datePublished":"2023-10-04T20:32:49+00:00","author":{"@id":"https:\/\/www.blogsoestado.com\/evandrojunior\/#\/schema\/person\/3e6c3d8dbb740d1c6878ebc935cfb3be"},"breadcrumb":{"@id":"https:\/\/www.blogsoestado.com\/evandrojunior\/2023\/10\/04\/instituto-embelleze-cohab-celebra-dez-anos-de-muito-trabalho-e-sucesso\/#breadcrumb"},"inLanguage":"pt-BR","potentialAction":[{"@type":"ReadAction","target":["https:\/\/www.blogsoestado.com\/evandrojunior\/2023\/10\/04\/instituto-embelleze-cohab-celebra-dez-anos-de-muito-trabalho-e-sucesso\/"]}]},{"@type":"ImageObject","inLanguage":"pt-BR","@id":"https:\/\/www.blogsoestado.com\/evandrojunior\/2023\/10\/04\/instituto-embelleze-cohab-celebra-dez-anos-de-muito-trabalho-e-sucesso\/#primaryimage","url":"https:\/\/www.blogsoestado.com\/evandrojunior\/files\/2023\/10\/WhatsApp-Image-2023-10-04-at-16.41.56-676x1024.jpeg","contentUrl":"https:\/\/www.blogsoestado.com\/evandrojunior\/files\/2023\/10\/WhatsApp-Image-2023-10-04-at-16.41.56-676x1024.jpeg"},{"@type":"BreadcrumbList","@id":"https:\/\/www.blogsoestado.com\/evandrojunior\/2023\/10\/04\/instituto-embelleze-cohab-celebra-dez-anos-de-muito-trabalho-e-sucesso\/#breadcrumb","itemListElement":[{"@type":"ListItem","position":1,"name":"In\u00edcio","item":"https:\/\/www.blogsoestado.com\/evandrojunior\/"},{"@type":"ListItem","position":2,"name":"Instituto Embelleze Cohab celebra dez anos de muito trabalho e sucesso"}]},{"@type":"WebSite","@id":"https:\/\/www.blogsoestado.com\/evandrojunior\/#website","url":"https:\/\/www.blogsoestado.com\/evandrojunior\/","name":"Evandro Junior","description":"","potentialAction":[{"@type":"SearchAction","target":{"@type":"EntryPoint","urlTemplate":"https:\/\/www.blogsoestado.com\/evandrojunior\/?s={search_term_string}"},"query-input":{"@type":"PropertyValueSpecification","valueRequired":true,"valueName":"search_term_string"}}],"inLanguage":"pt-BR"},{"@type":"Person","@id":"https:\/\/www.blogsoestado.com\/evandrojunior\/#\/schema\/person\/3e6c3d8dbb740d1c6878ebc935cfb3be","name":"Evandro Junior","image":{"@type":"ImageObject","inLanguage":"pt-BR","@id":"https:\/\/www.blogsoestado.com\/evandrojunior\/#\/schema\/person\/image\/","url":"https:\/\/secure.gravatar.com\/avatar\/f80a03a2294a580cd2318bfb459bf354cfa8be661ef3d95b542cf9a04af8d129?s=96&d=mm&r=g","contentUrl":"https:\/\/secure.gravatar.com\/avatar\/f80a03a2294a580cd2318bfb459bf354cfa8be661ef3d95b542cf9a04af8d129?s=96&d=mm&r=g","caption":"Evandro Junior"},"url":"https:\/\/www.blogsoestado.com\/evandrojunior\/author\/evandrojunior\/"}]}},"jetpack_featured_media_url":"","_links":{"self":[{"href":"https:\/\/www.blogsoestado.com\/evandrojunior\/wp-json\/wp\/v2\/posts\/10085","targetHints":{"allow":["GET"]}}],"collection":[{"href":"https:\/\/www.blogsoestado.com\/evandrojunior\/wp-json\/wp\/v2\/posts"}],"about":[{"href":"https:\/\/www.blogsoestado.com\/evandrojunior\/wp-json\/wp\/v2\/types\/post"}],"author":[{"embeddable":true,"href":"https:\/\/www.blogsoestado.com\/evandrojunior\/wp-json\/wp\/v2\/users\/4"}],"replies":[{"embeddable":true,"href":"https:\/\/www.blogsoestado.com\/evandrojunior\/wp-json\/wp\/v2\/comments?post=10085"}],"version-history":[{"count":0,"href":"https:\/\/www.blogsoestado.com\/evandrojunior\/wp-json\/wp\/v2\/posts\/10085\/revisions"}],"wp:attachment":[{"href":"https:\/\/www.blogsoestado.com\/evandrojunior\/wp-json\/wp\/v2\/media?parent=10085"}],"wp:term":[{"taxonomy":"category","embeddable":true,"href":"https:\/\/www.blogsoestado.com\/evandrojunior\/wp-json\/wp\/v2\/categories?post=10085"},{"taxonomy":"post_tag","embeddable":true,"href":"https:\/\/www.blogsoestado.com\/evandrojunior\/wp-json\/wp\/v2\/tags?post=10085"}],"curies":[{"name":"wp","href":"https:\/\/api.w.org\/{rel}","templated":true}]}}