{"id":10104,"date":"2023-10-06T16:26:45","date_gmt":"2023-10-06T19:26:45","guid":{"rendered":"https:\/\/www.blogsoestado.com\/evandrojunior\/?p=10104"},"modified":"2023-10-06T16:26:45","modified_gmt":"2023-10-06T19:26:45","slug":"leilao-da-mulher-empreendedora-e-anunciado-para-impulsionar-empreendedorismo-feminino","status":"publish","type":"post","link":"https:\/\/www.blogsoestado.com\/evandrojunior\/2023\/10\/06\/leilao-da-mulher-empreendedora-e-anunciado-para-impulsionar-empreendedorismo-feminino\/","title":{"rendered":"&#8220;Leil\u00e3o da Mulher Empreendedora&#8221; \u00e9 anunciado para impulsionar empreendedorismo feminino"},"content":{"rendered":"\n<div class=\"wp-block-image\"><figure class=\"aligncenter size-large is-resized\"><img fetchpriority=\"high\" decoding=\"async\" src=\"https:\/\/www.blogsoestado.com\/evandrojunior\/files\/2023\/10\/WhatsApp-Image-2023-10-06-at-16.24.46-1024x682.jpeg\" alt=\"\" class=\"wp-image-10107\" width=\"587\" height=\"391\"\/><figcaption>&#8220;Leil\u00e3o d<strong>a Mulher Empreendedora&#8221; contar\u00e1 com a presen\u00e7a de embaixadoras unidas pela causa do empreendedorismo feminino<\/strong> (Foto: Herbert Alves)<\/figcaption><\/figure><\/div>\n\n\n\n<p><strong>S\u00c3O LU\u00cdS<\/strong> &#8211; A Rede de Mulheres Empreendedoras do Maranh\u00e3o (AME\/MA, cuja presidente \u00e9 a empres\u00e1ria Guga Fernandes e a vice Patr\u00edcia Heluy, anunciou o lan\u00e7amento do &#8220;Leil\u00e3o da Mulher Empreendedora&#8221;, evento exclusivo e inovador que promete impulsionar o empreendedorismo feminino.<\/p>\n\n\n\n<p>No dia 30 de outubro, \u00e0s 19h, a AME\/MA realizar\u00e1 a quarta edi\u00e7\u00e3o desse evento especial no elegante buffet Residencial Recep\u00e7\u00f5es. O objetivo vai al\u00e9m da arrecada\u00e7\u00e3o de fundos: busca criar oportunidades e recursos que capacitar\u00e3o as empreendedoras a atingir o sucesso.<\/p>\n\n\n\n<p>O &#8220;Leil\u00e3o da Mulher Empreendedora&#8221; contar\u00e1 com a presen\u00e7a de dez embaixadoras: Ana Karina Maia, Carla Carneiro Fran\u00e7a, Adriana Mesquita Ramos Goulart, Roberta Mar\u00e3o Felix Baptista, Elayne Cristinne Moura Lima Lucena, Allana Eug\u00eanio, Gisela Diniz, Ros\u00e2ngela Martins Nunes, Rayanne Lima Moura e Ros\u00e2ngela Dias.<\/p>\n\n\n\n<p>O destaque \u00e9 a meta ambiciosa de contratar uma intelig\u00eancia artificial a ser aliada valiosa para as empreendedoras. Essa IA auxiliar\u00e1 na expans\u00e3o de horizontes, na cria\u00e7\u00e3o de redes, na efici\u00eancia na comercializa\u00e7\u00e3o de produtos e na cria\u00e7\u00e3o de um clube de benef\u00edcios e vantagens exclusivo para as associadas.<\/p>\n\n\n\n<p>A vis\u00e3o da AME\/MA \u00e9 criar uma plataforma onde as mulheres empreendedoras possam se conectar, aprender, colaborar e prosperar juntas. Essa plataforma ser\u00e1 acess\u00edvel gratuitamente a todas as associadas, oferecendo recursos valiosos e oportunidades de crescimento.<\/p>\n\n\n\n<p>O projeto \u00e9 uma demonstra\u00e7\u00e3o da uni\u00e3o, determina\u00e7\u00e3o e vis\u00e3o da AME\/MA. Juntas, essas empreendedoras s\u00e3o capazes de alcan\u00e7ar grandes feitos e est\u00e3o construindo um futuro onde cada uma atingir\u00e1 o sucesso e a liberdade financeira que merece.<\/p>\n\n\n\n<p><strong>Sobre a AME\/MA:<\/strong><\/p>\n\n\n\n<p>A Rede de Mulheres Empreendedoras do Maranh\u00e3o (AME\/MA) \u00e9 uma organiza\u00e7\u00e3o dedicada a capacitar e apoiar mulheres empreendedoras na busca pelo sucesso nos neg\u00f3cios. A AME\/MA acredita na for\u00e7a da uni\u00e3o e na cria\u00e7\u00e3o de oportunidades para que elas alcancem seus objetivos.<\/p>\n","protected":false},"excerpt":{"rendered":"<p>S\u00c3O LU\u00cdS &#8211; A Rede de Mulheres Empreendedoras do Maranh\u00e3o (AME\/MA, cuja presidente \u00e9 a empres\u00e1ria Guga Fernandes e a [&hellip;]<\/p>\n","protected":false},"author":4,"featured_media":0,"comment_status":"open","ping_status":"open","sticky":false,"template":"","format":"standard","meta":{"site-sidebar-layout":"default","site-content-layout":"","ast-site-content-layout":"default","site-content-style":"default","site-sidebar-style":"default","ast-global-header-display":"","ast-banner-title-visibility":"","ast-main-header-display":"","ast-hfb-above-header-display":"","ast-hfb-below-header-display":"","ast-hfb-mobile-header-display":"","site-post-title":"","ast-breadcrumbs-content":"","ast-featured-img":"","footer-sml-layout":"","ast-disable-related-posts":"","theme-transparent-header-meta":"","adv-header-id-meta":"","stick-header-meta":"","header-above-stick-meta":"","header-main-stick-meta":"","header-below-stick-meta":"","astra-migrate-meta-layouts":"default","ast-page-background-enabled":"default","ast-page-background-meta":{"desktop":{"background-color":"var(--ast-global-color-5)","background-image":"","background-repeat":"repeat","background-position":"center center","background-size":"auto","background-attachment":"scroll","background-type":"","background-media":"","overlay-type":"","overlay-color":"","overlay-opacity":"","overlay-gradient":""},"tablet":{"background-color":"","background-image":"","background-repeat":"repeat","background-position":"center center","background-size":"auto","background-attachment":"scroll","background-type":"","background-media":"","overlay-type":"","overlay-color":"","overlay-opacity":"","overlay-gradient":""},"mobile":{"background-color":"","background-image":"","background-repeat":"repeat","background-position":"center center","background-size":"auto","background-attachment":"scroll","background-type":"","background-media":"","overlay-type":"","overlay-color":"","overlay-opacity":"","overlay-gradient":""}},"ast-content-background-meta":{"desktop":{"background-color":"var(--ast-global-color-4)","background-image":"","background-repeat":"repeat","background-position":"center center","background-size":"auto","background-attachment":"scroll","background-type":"","background-media":"","overlay-type":"","overlay-color":"","overlay-opacity":"","overlay-gradient":""},"tablet":{"background-color":"var(--ast-global-color-4)","background-image":"","background-repeat":"repeat","background-position":"center center","background-size":"auto","background-attachment":"scroll","background-type":"","background-media":"","overlay-type":"","overlay-color":"","overlay-opacity":"","overlay-gradient":""},"mobile":{"background-color":"var(--ast-global-color-4)","background-image":"","background-repeat":"repeat","background-position":"center center","background-size":"auto","background-attachment":"scroll","background-type":"","background-media":"","overlay-type":"","overlay-color":"","overlay-opacity":"","overlay-gradient":""}},"footnotes":""},"categories":[1],"tags":[],"class_list":["post-10104","post","type-post","status-publish","format-standard","hentry","category-sem-categoria"],"yoast_head":"<!-- This site is optimized with the Yoast SEO plugin v26.6 - https:\/\/yoast.com\/wordpress\/plugins\/seo\/ -->\n<title>&quot;Leil\u00e3o da Mulher Empreendedora&quot; \u00e9 anunciado para impulsionar empreendedorismo feminino - Evandro Junior<\/title>\n<meta name=\"robots\" content=\"index, follow, max-snippet:-1, max-image-preview:large, max-video-preview:-1\" \/>\n<link rel=\"canonical\" href=\"https:\/\/www.blogsoestado.com\/evandrojunior\/2023\/10\/06\/leilao-da-mulher-empreendedora-e-anunciado-para-impulsionar-empreendedorismo-feminino\/\" \/>\n<meta property=\"og:locale\" content=\"pt_BR\" \/>\n<meta property=\"og:type\" content=\"article\" \/>\n<meta property=\"og:title\" content=\"&quot;Leil\u00e3o da Mulher Empreendedora&quot; \u00e9 anunciado para impulsionar empreendedorismo feminino - Evandro Junior\" \/>\n<meta property=\"og:description\" content=\"S\u00c3O LU\u00cdS &#8211; A Rede de Mulheres Empreendedoras do Maranh\u00e3o (AME\/MA, cuja presidente \u00e9 a empres\u00e1ria Guga Fernandes e a [&hellip;]\" \/>\n<meta property=\"og:url\" content=\"https:\/\/www.blogsoestado.com\/evandrojunior\/2023\/10\/06\/leilao-da-mulher-empreendedora-e-anunciado-para-impulsionar-empreendedorismo-feminino\/\" \/>\n<meta property=\"og:site_name\" content=\"Evandro Junior\" \/>\n<meta property=\"article:published_time\" content=\"2023-10-06T19:26:45+00:00\" \/>\n<meta property=\"og:image\" content=\"https:\/\/www.blogsoestado.com\/evandrojunior\/files\/2023\/10\/WhatsApp-Image-2023-10-06-at-16.24.46-1024x682.jpeg\" \/>\n<meta name=\"author\" content=\"Evandro Junior\" \/>\n<meta name=\"twitter:card\" content=\"summary_large_image\" \/>\n<meta name=\"twitter:label1\" content=\"Escrito por\" \/>\n\t<meta name=\"twitter:data1\" content=\"Evandro Junior\" \/>\n\t<meta name=\"twitter:label2\" content=\"Est. tempo de leitura\" \/>\n\t<meta name=\"twitter:data2\" content=\"2 minutos\" \/>\n<script type=\"application\/ld+json\" class=\"yoast-schema-graph\">{\"@context\":\"https:\/\/schema.org\",\"@graph\":[{\"@type\":\"WebPage\",\"@id\":\"https:\/\/www.blogsoestado.com\/evandrojunior\/2023\/10\/06\/leilao-da-mulher-empreendedora-e-anunciado-para-impulsionar-empreendedorismo-feminino\/\",\"url\":\"https:\/\/www.blogsoestado.com\/evandrojunior\/2023\/10\/06\/leilao-da-mulher-empreendedora-e-anunciado-para-impulsionar-empreendedorismo-feminino\/\",\"name\":\"\\\"Leil\u00e3o da Mulher Empreendedora\\\" \u00e9 anunciado para impulsionar empreendedorismo feminino - Evandro Junior\",\"isPartOf\":{\"@id\":\"https:\/\/www.blogsoestado.com\/evandrojunior\/#website\"},\"primaryImageOfPage\":{\"@id\":\"https:\/\/www.blogsoestado.com\/evandrojunior\/2023\/10\/06\/leilao-da-mulher-empreendedora-e-anunciado-para-impulsionar-empreendedorismo-feminino\/#primaryimage\"},\"image\":{\"@id\":\"https:\/\/www.blogsoestado.com\/evandrojunior\/2023\/10\/06\/leilao-da-mulher-empreendedora-e-anunciado-para-impulsionar-empreendedorismo-feminino\/#primaryimage\"},\"thumbnailUrl\":\"https:\/\/www.blogsoestado.com\/evandrojunior\/files\/2023\/10\/WhatsApp-Image-2023-10-06-at-16.24.46-1024x682.jpeg\",\"datePublished\":\"2023-10-06T19:26:45+00:00\",\"author\":{\"@id\":\"https:\/\/www.blogsoestado.com\/evandrojunior\/#\/schema\/person\/3e6c3d8dbb740d1c6878ebc935cfb3be\"},\"breadcrumb\":{\"@id\":\"https:\/\/www.blogsoestado.com\/evandrojunior\/2023\/10\/06\/leilao-da-mulher-empreendedora-e-anunciado-para-impulsionar-empreendedorismo-feminino\/#breadcrumb\"},\"inLanguage\":\"pt-BR\",\"potentialAction\":[{\"@type\":\"ReadAction\",\"target\":[\"https:\/\/www.blogsoestado.com\/evandrojunior\/2023\/10\/06\/leilao-da-mulher-empreendedora-e-anunciado-para-impulsionar-empreendedorismo-feminino\/\"]}]},{\"@type\":\"ImageObject\",\"inLanguage\":\"pt-BR\",\"@id\":\"https:\/\/www.blogsoestado.com\/evandrojunior\/2023\/10\/06\/leilao-da-mulher-empreendedora-e-anunciado-para-impulsionar-empreendedorismo-feminino\/#primaryimage\",\"url\":\"https:\/\/www.blogsoestado.com\/evandrojunior\/files\/2023\/10\/WhatsApp-Image-2023-10-06-at-16.24.46-1024x682.jpeg\",\"contentUrl\":\"https:\/\/www.blogsoestado.com\/evandrojunior\/files\/2023\/10\/WhatsApp-Image-2023-10-06-at-16.24.46-1024x682.jpeg\"},{\"@type\":\"BreadcrumbList\",\"@id\":\"https:\/\/www.blogsoestado.com\/evandrojunior\/2023\/10\/06\/leilao-da-mulher-empreendedora-e-anunciado-para-impulsionar-empreendedorismo-feminino\/#breadcrumb\",\"itemListElement\":[{\"@type\":\"ListItem\",\"position\":1,\"name\":\"In\u00edcio\",\"item\":\"https:\/\/www.blogsoestado.com\/evandrojunior\/\"},{\"@type\":\"ListItem\",\"position\":2,\"name\":\"&#8220;Leil\u00e3o da Mulher Empreendedora&#8221; \u00e9 anunciado para impulsionar empreendedorismo feminino\"}]},{\"@type\":\"WebSite\",\"@id\":\"https:\/\/www.blogsoestado.com\/evandrojunior\/#website\",\"url\":\"https:\/\/www.blogsoestado.com\/evandrojunior\/\",\"name\":\"Evandro Junior\",\"description\":\"\",\"potentialAction\":[{\"@type\":\"SearchAction\",\"target\":{\"@type\":\"EntryPoint\",\"urlTemplate\":\"https:\/\/www.blogsoestado.com\/evandrojunior\/?s={search_term_string}\"},\"query-input\":{\"@type\":\"PropertyValueSpecification\",\"valueRequired\":true,\"valueName\":\"search_term_string\"}}],\"inLanguage\":\"pt-BR\"},{\"@type\":\"Person\",\"@id\":\"https:\/\/www.blogsoestado.com\/evandrojunior\/#\/schema\/person\/3e6c3d8dbb740d1c6878ebc935cfb3be\",\"name\":\"Evandro Junior\",\"image\":{\"@type\":\"ImageObject\",\"inLanguage\":\"pt-BR\",\"@id\":\"https:\/\/www.blogsoestado.com\/evandrojunior\/#\/schema\/person\/image\/\",\"url\":\"https:\/\/secure.gravatar.com\/avatar\/f80a03a2294a580cd2318bfb459bf354cfa8be661ef3d95b542cf9a04af8d129?s=96&d=mm&r=g\",\"contentUrl\":\"https:\/\/secure.gravatar.com\/avatar\/f80a03a2294a580cd2318bfb459bf354cfa8be661ef3d95b542cf9a04af8d129?s=96&d=mm&r=g\",\"caption\":\"Evandro Junior\"},\"url\":\"https:\/\/www.blogsoestado.com\/evandrojunior\/author\/evandrojunior\/\"}]}<\/script>\n<!-- \/ Yoast SEO plugin. -->","yoast_head_json":{"title":"\"Leil\u00e3o da Mulher Empreendedora\" \u00e9 anunciado para impulsionar empreendedorismo feminino - Evandro Junior","robots":{"index":"index","follow":"follow","max-snippet":"max-snippet:-1","max-image-preview":"max-image-preview:large","max-video-preview":"max-video-preview:-1"},"canonical":"https:\/\/www.blogsoestado.com\/evandrojunior\/2023\/10\/06\/leilao-da-mulher-empreendedora-e-anunciado-para-impulsionar-empreendedorismo-feminino\/","og_locale":"pt_BR","og_type":"article","og_title":"\"Leil\u00e3o da Mulher Empreendedora\" \u00e9 anunciado para impulsionar empreendedorismo feminino - Evandro Junior","og_description":"S\u00c3O LU\u00cdS &#8211; A Rede de Mulheres Empreendedoras do Maranh\u00e3o (AME\/MA, cuja presidente \u00e9 a empres\u00e1ria Guga Fernandes e a [&hellip;]","og_url":"https:\/\/www.blogsoestado.com\/evandrojunior\/2023\/10\/06\/leilao-da-mulher-empreendedora-e-anunciado-para-impulsionar-empreendedorismo-feminino\/","og_site_name":"Evandro Junior","article_published_time":"2023-10-06T19:26:45+00:00","og_image":[{"url":"https:\/\/www.blogsoestado.com\/evandrojunior\/files\/2023\/10\/WhatsApp-Image-2023-10-06-at-16.24.46-1024x682.jpeg","type":"","width":"","height":""}],"author":"Evandro Junior","twitter_card":"summary_large_image","twitter_misc":{"Escrito por":"Evandro Junior","Est. tempo de leitura":"2 minutos"},"schema":{"@context":"https:\/\/schema.org","@graph":[{"@type":"WebPage","@id":"https:\/\/www.blogsoestado.com\/evandrojunior\/2023\/10\/06\/leilao-da-mulher-empreendedora-e-anunciado-para-impulsionar-empreendedorismo-feminino\/","url":"https:\/\/www.blogsoestado.com\/evandrojunior\/2023\/10\/06\/leilao-da-mulher-empreendedora-e-anunciado-para-impulsionar-empreendedorismo-feminino\/","name":"\"Leil\u00e3o da Mulher Empreendedora\" \u00e9 anunciado para impulsionar empreendedorismo feminino - Evandro Junior","isPartOf":{"@id":"https:\/\/www.blogsoestado.com\/evandrojunior\/#website"},"primaryImageOfPage":{"@id":"https:\/\/www.blogsoestado.com\/evandrojunior\/2023\/10\/06\/leilao-da-mulher-empreendedora-e-anunciado-para-impulsionar-empreendedorismo-feminino\/#primaryimage"},"image":{"@id":"https:\/\/www.blogsoestado.com\/evandrojunior\/2023\/10\/06\/leilao-da-mulher-empreendedora-e-anunciado-para-impulsionar-empreendedorismo-feminino\/#primaryimage"},"thumbnailUrl":"https:\/\/www.blogsoestado.com\/evandrojunior\/files\/2023\/10\/WhatsApp-Image-2023-10-06-at-16.24.46-1024x682.jpeg","datePublished":"2023-10-06T19:26:45+00:00","author":{"@id":"https:\/\/www.blogsoestado.com\/evandrojunior\/#\/schema\/person\/3e6c3d8dbb740d1c6878ebc935cfb3be"},"breadcrumb":{"@id":"https:\/\/www.blogsoestado.com\/evandrojunior\/2023\/10\/06\/leilao-da-mulher-empreendedora-e-anunciado-para-impulsionar-empreendedorismo-feminino\/#breadcrumb"},"inLanguage":"pt-BR","potentialAction":[{"@type":"ReadAction","target":["https:\/\/www.blogsoestado.com\/evandrojunior\/2023\/10\/06\/leilao-da-mulher-empreendedora-e-anunciado-para-impulsionar-empreendedorismo-feminino\/"]}]},{"@type":"ImageObject","inLanguage":"pt-BR","@id":"https:\/\/www.blogsoestado.com\/evandrojunior\/2023\/10\/06\/leilao-da-mulher-empreendedora-e-anunciado-para-impulsionar-empreendedorismo-feminino\/#primaryimage","url":"https:\/\/www.blogsoestado.com\/evandrojunior\/files\/2023\/10\/WhatsApp-Image-2023-10-06-at-16.24.46-1024x682.jpeg","contentUrl":"https:\/\/www.blogsoestado.com\/evandrojunior\/files\/2023\/10\/WhatsApp-Image-2023-10-06-at-16.24.46-1024x682.jpeg"},{"@type":"BreadcrumbList","@id":"https:\/\/www.blogsoestado.com\/evandrojunior\/2023\/10\/06\/leilao-da-mulher-empreendedora-e-anunciado-para-impulsionar-empreendedorismo-feminino\/#breadcrumb","itemListElement":[{"@type":"ListItem","position":1,"name":"In\u00edcio","item":"https:\/\/www.blogsoestado.com\/evandrojunior\/"},{"@type":"ListItem","position":2,"name":"&#8220;Leil\u00e3o da Mulher Empreendedora&#8221; \u00e9 anunciado para impulsionar empreendedorismo feminino"}]},{"@type":"WebSite","@id":"https:\/\/www.blogsoestado.com\/evandrojunior\/#website","url":"https:\/\/www.blogsoestado.com\/evandrojunior\/","name":"Evandro Junior","description":"","potentialAction":[{"@type":"SearchAction","target":{"@type":"EntryPoint","urlTemplate":"https:\/\/www.blogsoestado.com\/evandrojunior\/?s={search_term_string}"},"query-input":{"@type":"PropertyValueSpecification","valueRequired":true,"valueName":"search_term_string"}}],"inLanguage":"pt-BR"},{"@type":"Person","@id":"https:\/\/www.blogsoestado.com\/evandrojunior\/#\/schema\/person\/3e6c3d8dbb740d1c6878ebc935cfb3be","name":"Evandro Junior","image":{"@type":"ImageObject","inLanguage":"pt-BR","@id":"https:\/\/www.blogsoestado.com\/evandrojunior\/#\/schema\/person\/image\/","url":"https:\/\/secure.gravatar.com\/avatar\/f80a03a2294a580cd2318bfb459bf354cfa8be661ef3d95b542cf9a04af8d129?s=96&d=mm&r=g","contentUrl":"https:\/\/secure.gravatar.com\/avatar\/f80a03a2294a580cd2318bfb459bf354cfa8be661ef3d95b542cf9a04af8d129?s=96&d=mm&r=g","caption":"Evandro Junior"},"url":"https:\/\/www.blogsoestado.com\/evandrojunior\/author\/evandrojunior\/"}]}},"jetpack_featured_media_url":"","_links":{"self":[{"href":"https:\/\/www.blogsoestado.com\/evandrojunior\/wp-json\/wp\/v2\/posts\/10104","targetHints":{"allow":["GET"]}}],"collection":[{"href":"https:\/\/www.blogsoestado.com\/evandrojunior\/wp-json\/wp\/v2\/posts"}],"about":[{"href":"https:\/\/www.blogsoestado.com\/evandrojunior\/wp-json\/wp\/v2\/types\/post"}],"author":[{"embeddable":true,"href":"https:\/\/www.blogsoestado.com\/evandrojunior\/wp-json\/wp\/v2\/users\/4"}],"replies":[{"embeddable":true,"href":"https:\/\/www.blogsoestado.com\/evandrojunior\/wp-json\/wp\/v2\/comments?post=10104"}],"version-history":[{"count":0,"href":"https:\/\/www.blogsoestado.com\/evandrojunior\/wp-json\/wp\/v2\/posts\/10104\/revisions"}],"wp:attachment":[{"href":"https:\/\/www.blogsoestado.com\/evandrojunior\/wp-json\/wp\/v2\/media?parent=10104"}],"wp:term":[{"taxonomy":"category","embeddable":true,"href":"https:\/\/www.blogsoestado.com\/evandrojunior\/wp-json\/wp\/v2\/categories?post=10104"},{"taxonomy":"post_tag","embeddable":true,"href":"https:\/\/www.blogsoestado.com\/evandrojunior\/wp-json\/wp\/v2\/tags?post=10104"}],"curies":[{"name":"wp","href":"https:\/\/api.w.org\/{rel}","templated":true}]}}