{"id":10111,"date":"2023-10-09T10:28:15","date_gmt":"2023-10-09T13:28:15","guid":{"rendered":"https:\/\/www.blogsoestado.com\/evandrojunior\/?p=10111"},"modified":"2023-10-09T10:28:15","modified_gmt":"2023-10-09T13:28:15","slug":"propostas-de-emanuel-miguez-que-garantirao-avancos-para-o-crea-ma-agradam-profissionais","status":"publish","type":"post","link":"https:\/\/www.blogsoestado.com\/evandrojunior\/2023\/10\/09\/propostas-de-emanuel-miguez-que-garantirao-avancos-para-o-crea-ma-agradam-profissionais\/","title":{"rendered":"Propostas de Emanuel Miguez que garantir\u00e3o avan\u00e7os para o CREA-MA agradam profissionais"},"content":{"rendered":"\n<div class=\"wp-block-image\"><figure class=\"aligncenter size-large is-resized\"><img fetchpriority=\"high\" decoding=\"async\" src=\"https:\/\/www.blogsoestado.com\/evandrojunior\/files\/2023\/10\/WhatsApp-Image-2023-10-09-at-10.30.21.jpeg\" alt=\"\" class=\"wp-image-10115\" width=\"498\" height=\"449\"\/><figcaption><strong>Emanuel Miguez \u00e9 candidato \u00e0 Presid\u00eancia do CREA-MA<\/strong><\/figcaption><\/figure><\/div>\n\n\n\n<p><strong>S\u00c3O LU\u00cdS<\/strong> &#8211; Com propostas voltadas para melhoria da presta\u00e7\u00e3o de servi\u00e7os e valoriza\u00e7\u00e3o dos profissionais registrados no CREA-MA, benef\u00edcios para funcion\u00e1rios e profissionais registrados no Conselho e seguran\u00e7a para a sociedade, a candidatura do engenheiro civil Emanuel Miguez \u00e0 presid\u00eancia da entidade, est\u00e1 agradando e atraindo muitos apoiadores e eleitores. As elei\u00e7\u00f5es gerais para o Sistema CONFEA\/CREA\/M\u00daTUA ser\u00e3o realizadas no dia 17 de novembro, de forma 100% on-line.<\/p>\n\n\n\n<p>\u201cAtuo na \u00e1rea de Engenharia do mercado maranhense h\u00e1 mais de 30 anos e conhe\u00e7o bem as necessidades dos profissionais, empresas e da sociedade, por isso, minhas propostas contemplam benef\u00edcios para todos. N\u00e3o podemos conceber, nos tempos atuais, que o CREA-MA n\u00e3o tenha um atendimento presencial das 8hs \u00e0s 18h e on-line 24 horas. Este \u00e9 um dos servi\u00e7os que implantarei, caso seja eleito\u201d, afirma Emanuel Miguez.<\/p>\n\n\n\n<p>A profissionaliza\u00e7\u00e3o da fiscaliza\u00e7\u00e3o do exerc\u00edcio profissional pelo CREA-MA para proteger os profissionais e garantir seguran\u00e7a \u00e0 sociedade \u00e9 outra importante proposta de Emanuel Miguez.<\/p>\n\n\n\n<p><strong>Confira abaixo as propostas de Emanuel Miguez para o CREA-MA:<\/strong><\/p>\n\n\n\n<p>1- Garantir presta\u00e7\u00e3o de servi\u00e7os do CREA-MA presencial das 8h \u00e0s 18h e on-line, por 24 horas, aos profissionais e \u00e0 sociedade;<\/p>\n\n\n\n<p>2- Estabelecer conv\u00eanios e Termos de Coopera\u00e7\u00e3o T\u00e9cnica em parcerias p\u00fablico-privadas para assegurar o exerc\u00edcio profissional aos registrados no CREA-MA;<\/p>\n\n\n\n<p>3- Profissionalizar a fiscaliza\u00e7\u00e3o do exerc\u00edcio profissional pelo CREA-MA para proteger os profissionais e garantir seguran\u00e7a \u00e0 sociedade;<\/p>\n\n\n\n<p>4- Implantar o programa de benef\u00edcios Anuidade Zero (reembolso de parte do valor de compras feitas em estabelecimentos comerciais parceiros. O ac\u00famulo de cashbacks ou pontos poder\u00e3o ser abatidos do valor da anuidade);<\/p>\n\n\n\n<p>5- Implantar projeto de educa\u00e7\u00e3o continuada para os profissionais das Engenharias e Geoci\u00eancias;<\/p>\n\n\n\n<p>6- Criar o Programa de Resid\u00eancia T\u00e9cnica para os profissionais registrados no CREA-MA;<\/p>\n\n\n\n<p>7 &#8211; Criar um banco de dados com oferta de servi\u00e7os para os profissionais das Engenharias e Geoci\u00eancias;<\/p>\n\n\n\n<p>8- &#8211; Ampliar a representa\u00e7\u00e3o dos conselheiros, valorizando as entidades de classe e a academia;<\/p>\n\n\n\n<p>9- Criar a Inspetoria de S\u00e3o Lu\u00eds no Centro Hist\u00f3rico e construir as sedes das Inspetorias Regionais;(fortalecer a rede f\u00edsica do CREA-MA);<\/p>\n\n\n\n<p>10- Realizar a\u00e7\u00f5es de responsabilidade social e ambiental.<\/p>\n","protected":false},"excerpt":{"rendered":"<p>S\u00c3O LU\u00cdS &#8211; Com propostas voltadas para melhoria da presta\u00e7\u00e3o de servi\u00e7os e valoriza\u00e7\u00e3o dos profissionais registrados no CREA-MA, benef\u00edcios [&hellip;]<\/p>\n","protected":false},"author":4,"featured_media":0,"comment_status":"open","ping_status":"open","sticky":false,"template":"","format":"standard","meta":{"site-sidebar-layout":"default","site-content-layout":"","ast-site-content-layout":"default","site-content-style":"default","site-sidebar-style":"default","ast-global-header-display":"","ast-banner-title-visibility":"","ast-main-header-display":"","ast-hfb-above-header-display":"","ast-hfb-below-header-display":"","ast-hfb-mobile-header-display":"","site-post-title":"","ast-breadcrumbs-content":"","ast-featured-img":"","footer-sml-layout":"","ast-disable-related-posts":"","theme-transparent-header-meta":"","adv-header-id-meta":"","stick-header-meta":"","header-above-stick-meta":"","header-main-stick-meta":"","header-below-stick-meta":"","astra-migrate-meta-layouts":"default","ast-page-background-enabled":"default","ast-page-background-meta":{"desktop":{"background-color":"var(--ast-global-color-5)","background-image":"","background-repeat":"repeat","background-position":"center center","background-size":"auto","background-attachment":"scroll","background-type":"","background-media":"","overlay-type":"","overlay-color":"","overlay-opacity":"","overlay-gradient":""},"tablet":{"background-color":"","background-image":"","background-repeat":"repeat","background-position":"center center","background-size":"auto","background-attachment":"scroll","background-type":"","background-media":"","overlay-type":"","overlay-color":"","overlay-opacity":"","overlay-gradient":""},"mobile":{"background-color":"","background-image":"","background-repeat":"repeat","background-position":"center center","background-size":"auto","background-attachment":"scroll","background-type":"","background-media":"","overlay-type":"","overlay-color":"","overlay-opacity":"","overlay-gradient":""}},"ast-content-background-meta":{"desktop":{"background-color":"var(--ast-global-color-4)","background-image":"","background-repeat":"repeat","background-position":"center center","background-size":"auto","background-attachment":"scroll","background-type":"","background-media":"","overlay-type":"","overlay-color":"","overlay-opacity":"","overlay-gradient":""},"tablet":{"background-color":"var(--ast-global-color-4)","background-image":"","background-repeat":"repeat","background-position":"center center","background-size":"auto","background-attachment":"scroll","background-type":"","background-media":"","overlay-type":"","overlay-color":"","overlay-opacity":"","overlay-gradient":""},"mobile":{"background-color":"var(--ast-global-color-4)","background-image":"","background-repeat":"repeat","background-position":"center center","background-size":"auto","background-attachment":"scroll","background-type":"","background-media":"","overlay-type":"","overlay-color":"","overlay-opacity":"","overlay-gradient":""}},"footnotes":""},"categories":[1],"tags":[],"class_list":["post-10111","post","type-post","status-publish","format-standard","hentry","category-sem-categoria"],"yoast_head":"<!-- This site is optimized with the Yoast SEO plugin v26.6 - https:\/\/yoast.com\/wordpress\/plugins\/seo\/ -->\n<title>Propostas de Emanuel Miguez que garantir\u00e3o avan\u00e7os para o CREA-MA agradam profissionais - Evandro Junior<\/title>\n<meta name=\"robots\" content=\"index, follow, max-snippet:-1, max-image-preview:large, max-video-preview:-1\" \/>\n<link rel=\"canonical\" href=\"https:\/\/www.blogsoestado.com\/evandrojunior\/2023\/10\/09\/propostas-de-emanuel-miguez-que-garantirao-avancos-para-o-crea-ma-agradam-profissionais\/\" \/>\n<meta property=\"og:locale\" content=\"pt_BR\" \/>\n<meta property=\"og:type\" content=\"article\" \/>\n<meta property=\"og:title\" content=\"Propostas de Emanuel Miguez que garantir\u00e3o avan\u00e7os para o CREA-MA agradam profissionais - Evandro Junior\" \/>\n<meta property=\"og:description\" content=\"S\u00c3O LU\u00cdS &#8211; Com propostas voltadas para melhoria da presta\u00e7\u00e3o de servi\u00e7os e valoriza\u00e7\u00e3o dos profissionais registrados no CREA-MA, benef\u00edcios [&hellip;]\" \/>\n<meta property=\"og:url\" content=\"https:\/\/www.blogsoestado.com\/evandrojunior\/2023\/10\/09\/propostas-de-emanuel-miguez-que-garantirao-avancos-para-o-crea-ma-agradam-profissionais\/\" \/>\n<meta property=\"og:site_name\" content=\"Evandro Junior\" \/>\n<meta property=\"article:published_time\" content=\"2023-10-09T13:28:15+00:00\" \/>\n<meta property=\"og:image\" content=\"https:\/\/www.blogsoestado.com\/evandrojunior\/files\/2023\/10\/WhatsApp-Image-2023-10-09-at-10.30.21.jpeg\" \/>\n<meta name=\"author\" content=\"Evandro Junior\" \/>\n<meta name=\"twitter:card\" content=\"summary_large_image\" \/>\n<meta name=\"twitter:label1\" content=\"Escrito por\" \/>\n\t<meta name=\"twitter:data1\" content=\"Evandro Junior\" \/>\n\t<meta name=\"twitter:label2\" content=\"Est. tempo de leitura\" \/>\n\t<meta name=\"twitter:data2\" content=\"2 minutos\" \/>\n<script type=\"application\/ld+json\" class=\"yoast-schema-graph\">{\"@context\":\"https:\/\/schema.org\",\"@graph\":[{\"@type\":\"WebPage\",\"@id\":\"https:\/\/www.blogsoestado.com\/evandrojunior\/2023\/10\/09\/propostas-de-emanuel-miguez-que-garantirao-avancos-para-o-crea-ma-agradam-profissionais\/\",\"url\":\"https:\/\/www.blogsoestado.com\/evandrojunior\/2023\/10\/09\/propostas-de-emanuel-miguez-que-garantirao-avancos-para-o-crea-ma-agradam-profissionais\/\",\"name\":\"Propostas de Emanuel Miguez que garantir\u00e3o avan\u00e7os para o CREA-MA agradam profissionais - Evandro Junior\",\"isPartOf\":{\"@id\":\"https:\/\/www.blogsoestado.com\/evandrojunior\/#website\"},\"primaryImageOfPage\":{\"@id\":\"https:\/\/www.blogsoestado.com\/evandrojunior\/2023\/10\/09\/propostas-de-emanuel-miguez-que-garantirao-avancos-para-o-crea-ma-agradam-profissionais\/#primaryimage\"},\"image\":{\"@id\":\"https:\/\/www.blogsoestado.com\/evandrojunior\/2023\/10\/09\/propostas-de-emanuel-miguez-que-garantirao-avancos-para-o-crea-ma-agradam-profissionais\/#primaryimage\"},\"thumbnailUrl\":\"https:\/\/www.blogsoestado.com\/evandrojunior\/files\/2023\/10\/WhatsApp-Image-2023-10-09-at-10.30.21.jpeg\",\"datePublished\":\"2023-10-09T13:28:15+00:00\",\"author\":{\"@id\":\"https:\/\/www.blogsoestado.com\/evandrojunior\/#\/schema\/person\/3e6c3d8dbb740d1c6878ebc935cfb3be\"},\"breadcrumb\":{\"@id\":\"https:\/\/www.blogsoestado.com\/evandrojunior\/2023\/10\/09\/propostas-de-emanuel-miguez-que-garantirao-avancos-para-o-crea-ma-agradam-profissionais\/#breadcrumb\"},\"inLanguage\":\"pt-BR\",\"potentialAction\":[{\"@type\":\"ReadAction\",\"target\":[\"https:\/\/www.blogsoestado.com\/evandrojunior\/2023\/10\/09\/propostas-de-emanuel-miguez-que-garantirao-avancos-para-o-crea-ma-agradam-profissionais\/\"]}]},{\"@type\":\"ImageObject\",\"inLanguage\":\"pt-BR\",\"@id\":\"https:\/\/www.blogsoestado.com\/evandrojunior\/2023\/10\/09\/propostas-de-emanuel-miguez-que-garantirao-avancos-para-o-crea-ma-agradam-profissionais\/#primaryimage\",\"url\":\"https:\/\/www.blogsoestado.com\/evandrojunior\/files\/2023\/10\/WhatsApp-Image-2023-10-09-at-10.30.21.jpeg\",\"contentUrl\":\"https:\/\/www.blogsoestado.com\/evandrojunior\/files\/2023\/10\/WhatsApp-Image-2023-10-09-at-10.30.21.jpeg\"},{\"@type\":\"BreadcrumbList\",\"@id\":\"https:\/\/www.blogsoestado.com\/evandrojunior\/2023\/10\/09\/propostas-de-emanuel-miguez-que-garantirao-avancos-para-o-crea-ma-agradam-profissionais\/#breadcrumb\",\"itemListElement\":[{\"@type\":\"ListItem\",\"position\":1,\"name\":\"In\u00edcio\",\"item\":\"https:\/\/www.blogsoestado.com\/evandrojunior\/\"},{\"@type\":\"ListItem\",\"position\":2,\"name\":\"Propostas de Emanuel Miguez que garantir\u00e3o avan\u00e7os para o CREA-MA agradam profissionais\"}]},{\"@type\":\"WebSite\",\"@id\":\"https:\/\/www.blogsoestado.com\/evandrojunior\/#website\",\"url\":\"https:\/\/www.blogsoestado.com\/evandrojunior\/\",\"name\":\"Evandro Junior\",\"description\":\"\",\"potentialAction\":[{\"@type\":\"SearchAction\",\"target\":{\"@type\":\"EntryPoint\",\"urlTemplate\":\"https:\/\/www.blogsoestado.com\/evandrojunior\/?s={search_term_string}\"},\"query-input\":{\"@type\":\"PropertyValueSpecification\",\"valueRequired\":true,\"valueName\":\"search_term_string\"}}],\"inLanguage\":\"pt-BR\"},{\"@type\":\"Person\",\"@id\":\"https:\/\/www.blogsoestado.com\/evandrojunior\/#\/schema\/person\/3e6c3d8dbb740d1c6878ebc935cfb3be\",\"name\":\"Evandro Junior\",\"image\":{\"@type\":\"ImageObject\",\"inLanguage\":\"pt-BR\",\"@id\":\"https:\/\/www.blogsoestado.com\/evandrojunior\/#\/schema\/person\/image\/\",\"url\":\"https:\/\/secure.gravatar.com\/avatar\/f80a03a2294a580cd2318bfb459bf354cfa8be661ef3d95b542cf9a04af8d129?s=96&d=mm&r=g\",\"contentUrl\":\"https:\/\/secure.gravatar.com\/avatar\/f80a03a2294a580cd2318bfb459bf354cfa8be661ef3d95b542cf9a04af8d129?s=96&d=mm&r=g\",\"caption\":\"Evandro Junior\"},\"url\":\"https:\/\/www.blogsoestado.com\/evandrojunior\/author\/evandrojunior\/\"}]}<\/script>\n<!-- \/ Yoast SEO plugin. -->","yoast_head_json":{"title":"Propostas de Emanuel Miguez que garantir\u00e3o avan\u00e7os para o CREA-MA agradam profissionais - Evandro Junior","robots":{"index":"index","follow":"follow","max-snippet":"max-snippet:-1","max-image-preview":"max-image-preview:large","max-video-preview":"max-video-preview:-1"},"canonical":"https:\/\/www.blogsoestado.com\/evandrojunior\/2023\/10\/09\/propostas-de-emanuel-miguez-que-garantirao-avancos-para-o-crea-ma-agradam-profissionais\/","og_locale":"pt_BR","og_type":"article","og_title":"Propostas de Emanuel Miguez que garantir\u00e3o avan\u00e7os para o CREA-MA agradam profissionais - Evandro Junior","og_description":"S\u00c3O LU\u00cdS &#8211; Com propostas voltadas para melhoria da presta\u00e7\u00e3o de servi\u00e7os e valoriza\u00e7\u00e3o dos profissionais registrados no CREA-MA, benef\u00edcios [&hellip;]","og_url":"https:\/\/www.blogsoestado.com\/evandrojunior\/2023\/10\/09\/propostas-de-emanuel-miguez-que-garantirao-avancos-para-o-crea-ma-agradam-profissionais\/","og_site_name":"Evandro Junior","article_published_time":"2023-10-09T13:28:15+00:00","og_image":[{"url":"https:\/\/www.blogsoestado.com\/evandrojunior\/files\/2023\/10\/WhatsApp-Image-2023-10-09-at-10.30.21.jpeg","type":"","width":"","height":""}],"author":"Evandro Junior","twitter_card":"summary_large_image","twitter_misc":{"Escrito por":"Evandro Junior","Est. tempo de leitura":"2 minutos"},"schema":{"@context":"https:\/\/schema.org","@graph":[{"@type":"WebPage","@id":"https:\/\/www.blogsoestado.com\/evandrojunior\/2023\/10\/09\/propostas-de-emanuel-miguez-que-garantirao-avancos-para-o-crea-ma-agradam-profissionais\/","url":"https:\/\/www.blogsoestado.com\/evandrojunior\/2023\/10\/09\/propostas-de-emanuel-miguez-que-garantirao-avancos-para-o-crea-ma-agradam-profissionais\/","name":"Propostas de Emanuel Miguez que garantir\u00e3o avan\u00e7os para o CREA-MA agradam profissionais - Evandro Junior","isPartOf":{"@id":"https:\/\/www.blogsoestado.com\/evandrojunior\/#website"},"primaryImageOfPage":{"@id":"https:\/\/www.blogsoestado.com\/evandrojunior\/2023\/10\/09\/propostas-de-emanuel-miguez-que-garantirao-avancos-para-o-crea-ma-agradam-profissionais\/#primaryimage"},"image":{"@id":"https:\/\/www.blogsoestado.com\/evandrojunior\/2023\/10\/09\/propostas-de-emanuel-miguez-que-garantirao-avancos-para-o-crea-ma-agradam-profissionais\/#primaryimage"},"thumbnailUrl":"https:\/\/www.blogsoestado.com\/evandrojunior\/files\/2023\/10\/WhatsApp-Image-2023-10-09-at-10.30.21.jpeg","datePublished":"2023-10-09T13:28:15+00:00","author":{"@id":"https:\/\/www.blogsoestado.com\/evandrojunior\/#\/schema\/person\/3e6c3d8dbb740d1c6878ebc935cfb3be"},"breadcrumb":{"@id":"https:\/\/www.blogsoestado.com\/evandrojunior\/2023\/10\/09\/propostas-de-emanuel-miguez-que-garantirao-avancos-para-o-crea-ma-agradam-profissionais\/#breadcrumb"},"inLanguage":"pt-BR","potentialAction":[{"@type":"ReadAction","target":["https:\/\/www.blogsoestado.com\/evandrojunior\/2023\/10\/09\/propostas-de-emanuel-miguez-que-garantirao-avancos-para-o-crea-ma-agradam-profissionais\/"]}]},{"@type":"ImageObject","inLanguage":"pt-BR","@id":"https:\/\/www.blogsoestado.com\/evandrojunior\/2023\/10\/09\/propostas-de-emanuel-miguez-que-garantirao-avancos-para-o-crea-ma-agradam-profissionais\/#primaryimage","url":"https:\/\/www.blogsoestado.com\/evandrojunior\/files\/2023\/10\/WhatsApp-Image-2023-10-09-at-10.30.21.jpeg","contentUrl":"https:\/\/www.blogsoestado.com\/evandrojunior\/files\/2023\/10\/WhatsApp-Image-2023-10-09-at-10.30.21.jpeg"},{"@type":"BreadcrumbList","@id":"https:\/\/www.blogsoestado.com\/evandrojunior\/2023\/10\/09\/propostas-de-emanuel-miguez-que-garantirao-avancos-para-o-crea-ma-agradam-profissionais\/#breadcrumb","itemListElement":[{"@type":"ListItem","position":1,"name":"In\u00edcio","item":"https:\/\/www.blogsoestado.com\/evandrojunior\/"},{"@type":"ListItem","position":2,"name":"Propostas de Emanuel Miguez que garantir\u00e3o avan\u00e7os para o CREA-MA agradam profissionais"}]},{"@type":"WebSite","@id":"https:\/\/www.blogsoestado.com\/evandrojunior\/#website","url":"https:\/\/www.blogsoestado.com\/evandrojunior\/","name":"Evandro Junior","description":"","potentialAction":[{"@type":"SearchAction","target":{"@type":"EntryPoint","urlTemplate":"https:\/\/www.blogsoestado.com\/evandrojunior\/?s={search_term_string}"},"query-input":{"@type":"PropertyValueSpecification","valueRequired":true,"valueName":"search_term_string"}}],"inLanguage":"pt-BR"},{"@type":"Person","@id":"https:\/\/www.blogsoestado.com\/evandrojunior\/#\/schema\/person\/3e6c3d8dbb740d1c6878ebc935cfb3be","name":"Evandro Junior","image":{"@type":"ImageObject","inLanguage":"pt-BR","@id":"https:\/\/www.blogsoestado.com\/evandrojunior\/#\/schema\/person\/image\/","url":"https:\/\/secure.gravatar.com\/avatar\/f80a03a2294a580cd2318bfb459bf354cfa8be661ef3d95b542cf9a04af8d129?s=96&d=mm&r=g","contentUrl":"https:\/\/secure.gravatar.com\/avatar\/f80a03a2294a580cd2318bfb459bf354cfa8be661ef3d95b542cf9a04af8d129?s=96&d=mm&r=g","caption":"Evandro Junior"},"url":"https:\/\/www.blogsoestado.com\/evandrojunior\/author\/evandrojunior\/"}]}},"jetpack_featured_media_url":"","_links":{"self":[{"href":"https:\/\/www.blogsoestado.com\/evandrojunior\/wp-json\/wp\/v2\/posts\/10111","targetHints":{"allow":["GET"]}}],"collection":[{"href":"https:\/\/www.blogsoestado.com\/evandrojunior\/wp-json\/wp\/v2\/posts"}],"about":[{"href":"https:\/\/www.blogsoestado.com\/evandrojunior\/wp-json\/wp\/v2\/types\/post"}],"author":[{"embeddable":true,"href":"https:\/\/www.blogsoestado.com\/evandrojunior\/wp-json\/wp\/v2\/users\/4"}],"replies":[{"embeddable":true,"href":"https:\/\/www.blogsoestado.com\/evandrojunior\/wp-json\/wp\/v2\/comments?post=10111"}],"version-history":[{"count":0,"href":"https:\/\/www.blogsoestado.com\/evandrojunior\/wp-json\/wp\/v2\/posts\/10111\/revisions"}],"wp:attachment":[{"href":"https:\/\/www.blogsoestado.com\/evandrojunior\/wp-json\/wp\/v2\/media?parent=10111"}],"wp:term":[{"taxonomy":"category","embeddable":true,"href":"https:\/\/www.blogsoestado.com\/evandrojunior\/wp-json\/wp\/v2\/categories?post=10111"},{"taxonomy":"post_tag","embeddable":true,"href":"https:\/\/www.blogsoestado.com\/evandrojunior\/wp-json\/wp\/v2\/tags?post=10111"}],"curies":[{"name":"wp","href":"https:\/\/api.w.org\/{rel}","templated":true}]}}