{"id":10162,"date":"2023-10-12T16:28:53","date_gmt":"2023-10-12T19:28:53","guid":{"rendered":"https:\/\/www.blogsoestado.com\/evandrojunior\/?p=10162"},"modified":"2023-10-12T16:28:53","modified_gmt":"2023-10-12T19:28:53","slug":"iniciativas-como-essas-ajudam-a-qualificar-o-mercado-diz-lula-fylho-sobre-mba-da-faene","status":"publish","type":"post","link":"https:\/\/www.blogsoestado.com\/evandrojunior\/2023\/10\/12\/iniciativas-como-essas-ajudam-a-qualificar-o-mercado-diz-lula-fylho-sobre-mba-da-faene\/","title":{"rendered":"&#8220;Iniciativas como essa ajudam a qualificar o mercado&#8221;, diz Lula Fylho sobre MBA da Faene"},"content":{"rendered":"\n<div class=\"wp-block-image\"><figure class=\"aligncenter size-large is-resized\"><img fetchpriority=\"high\" decoding=\"async\" src=\"https:\/\/www.blogsoestado.com\/evandrojunior\/files\/2023\/10\/PHOTO-2023-10-05-17-45-13-1024x670.jpg\" alt=\"\" class=\"wp-image-10163\" width=\"524\" height=\"341\"\/><figcaption><strong>Empres\u00e1rio Lula Fylho \u00e9 um dos professores do MBA in\u00e9dito \u2018Neg\u00f3cios em Gastronomia, Bebidas, Eventos e Meios de Hospedagem\u2019<\/strong><\/figcaption><\/figure><\/div>\n\n\n\n<p><strong>S\u00e3o Lu\u00eds <\/strong>&#8211; A Faculdade de Neg\u00f3cios Faene lan\u00e7ou, em parceria com o Blue Tree Hotel, o in\u00e9dito MBA \u2018Neg\u00f3cios em Gastronomia, Bebidas, Eventos e Meios de Hospedagem\u2019, que ter\u00e1 dura\u00e7\u00e3o de 20 meses e corpo docente formado por professores convidados de S\u00e3o Paulo, Rio Grande do Sul e Pernambuco. As aulas te\u00f3ricas acontecer\u00e3o na sede da institui\u00e7\u00e3o, no bairro Angelim, enquanto as pr\u00e1ticas ser\u00e3o realizadas no Blue Tree. <\/p>\n\n\n\n<p>Entre os professores do quadro est\u00e1 o empres\u00e1rio Lula Fylho, mestre em Administra\u00e7\u00e3o, p\u00f3s-graduado em Did\u00e1tica do Ensino Superior, Gest\u00e3o de Pessoas, Lideran\u00e7a e Gest\u00e3o P\u00fablica. Lula ministrar\u00e1 aula sobre bares, restaurantes e afins.<\/p>\n\n\n\n<p>Nesta entrevista, Lula, que \u00e9 propriet\u00e1rio do Por Acaso e do Restaurante Casa de Juja, fala sobre a satisfa\u00e7\u00e3o em participar do projeto e sobre o setor de bares e restaurantes, no qual empreende h\u00e1 alguns anos na capital maranhense:<\/p>\n\n\n\n<p><strong>Como voc\u00ea recebeu o convite para integrar o corpo docente do MBA Neg\u00f3cios em Gastronomia, Eventos e Hotelaria?<\/strong><\/p>\n\n\n\n<p><strong>Lula Fylho&nbsp;<\/strong>&#8211; Recebi o convite com muito entusiasmo. Toda iniciativa que vise melhorar o know-how de empreendedores e profissionais do nosso setor ter\u00e1 meu apoio irrestrito. Achei muito ousada a atitude de investir em um segmento que gera muito emprego, mas n\u00e3o possui tradi\u00e7\u00e3o do empreendedor buscar qualifica\u00e7\u00e3o por conta de agenda sempre lotada e presen\u00e7a sempre constante dentro do seu estabelecimento.<\/p>\n\n\n\n<p><strong>Na sua opini\u00e3o, qual a import\u00e2ncia de um curso como esse para o Maranh\u00e3o?<\/strong><\/p>\n\n\n\n<p><strong>Lula Fylho &#8211;<\/strong>&nbsp;Iniciativas como essas ajudam a qualificar o mercado. Com isso, ajudam a melhorar a presta\u00e7\u00e3o de servi\u00e7os na capital. Isso produz uma alavanca de efici\u00eancia e impulsiona outras cidades a buscarem construir solu\u00e7\u00f5es parecidas.<\/p>\n\n\n\n<p><strong>Qual seria o maior desafio na gest\u00e3o de bares e restaurantes em sua opini\u00e3o?<\/strong><\/p>\n\n\n\n<p><strong>Lula Fylho&nbsp;<\/strong>&#8211; S\u00e3o in\u00fameros os desafios, mas posso citar alguns cl\u00e1ssicos: recrutar, capacitar e reter m\u00e3o de obra de qualidade. O setor de gastronomia \u00e9 grande empregador de m\u00e3o de obra inexperiente, primeiro emprego, faixas et\u00e1rias mais elevadas. Isso exige constante capacita\u00e7\u00e3o. Outro grande desafio \u00e9 conciliar a opera\u00e7\u00e3o com a gest\u00e3o. Muitos empreendedores s\u00e3o cozinheiros, gar\u00e7ons, etc. Eles sabem atender e cozinhar bem, mas n\u00e3o entendem muito de gest\u00e3o. Isso faz com que a parte financeira seja um grande problema para a maioria dos empreendedores.<\/p>\n\n\n\n<p><strong>Quais exemplos voc\u00ea daria como projetos vitoriosos, no que se refere a outros estados do Brasil nessa \u00e1rea?<\/strong><\/p>\n\n\n\n<p><strong>Lula Fylho&nbsp;<\/strong>&#8211; A Escola de Bares e Restaurantes da Abrasel tem capacitado muitos profissionais. Bem como o Senac, formando excelente m\u00e3o de obra em v\u00e1rias cidades do pa\u00eds.<\/p>\n\n\n\n<p><strong>Quais seriam os principais empecilhos enfrentados pelos empres\u00e1rios do setor de bares e restaurantes atualmente no Maranh\u00e3o?<\/strong><\/p>\n\n\n\n<p><strong>Lula Fylho &#8211;<\/strong>&nbsp;S\u00e3o v\u00e1rios, desde carga tribut\u00e1ria alta, escassez de m\u00e3o de obra qualificada, sazonalidade, grande per\u00edodo de chuvas, dificuldade de fideliza\u00e7\u00e3o de clientes, constantemente novos neg\u00f3cios abrindo, dentre outros.<\/p>\n\n\n\n<p><strong>Como voc\u00ea visualiza esse cen\u00e1rio em dez anos?<\/strong><\/p>\n\n\n\n<p><strong>Lula Fylho \u2013<\/strong>&nbsp;N\u00f3s teremos um turismo cada vez mais consolidado. O S\u00e3o Jo\u00e3o pode se caracterizar como um grande produto nacional e os Len\u00e7\u00f3is Maranhenses como desejado destino nacional e internacional. Ser\u00e1 necess\u00e1rio correr com capacita\u00e7\u00e3o e estar preparado para atender a uma demanda crescente de p\u00fablico mais exigente.<\/p>\n\n\n\n<p><strong>Quais suas considera\u00e7\u00f5es finais?<\/strong><\/p>\n\n\n\n<p><strong>Lula Fylho &#8211;<\/strong>&nbsp;Da mesma forma que existem muitos entraves no setor, hoje \u00e9 um dos mais f\u00e1ceis de abrir, pois exige pouco investimento em alguns casos. Na outra ponta, temos excelentes casas que fizeram investimentos milion\u00e1rios e grandes redes j\u00e1 de olho na cidade. Isso vai exigir profissionaliza\u00e7\u00e3o do setor. Quanto mais preparados estivermos, mais conseguiremos usufruir dos benef\u00edcios que o setor pode proporcionar.<\/p>\n","protected":false},"excerpt":{"rendered":"<p>S\u00e3o Lu\u00eds &#8211; A Faculdade de Neg\u00f3cios Faene lan\u00e7ou, em parceria com o Blue Tree Hotel, o in\u00e9dito MBA \u2018Neg\u00f3cios [&hellip;]<\/p>\n","protected":false},"author":4,"featured_media":0,"comment_status":"open","ping_status":"open","sticky":false,"template":"","format":"standard","meta":{"site-sidebar-layout":"default","site-content-layout":"","ast-site-content-layout":"default","site-content-style":"default","site-sidebar-style":"default","ast-global-header-display":"","ast-banner-title-visibility":"","ast-main-header-display":"","ast-hfb-above-header-display":"","ast-hfb-below-header-display":"","ast-hfb-mobile-header-display":"","site-post-title":"","ast-breadcrumbs-content":"","ast-featured-img":"","footer-sml-layout":"","ast-disable-related-posts":"","theme-transparent-header-meta":"","adv-header-id-meta":"","stick-header-meta":"","header-above-stick-meta":"","header-main-stick-meta":"","header-below-stick-meta":"","astra-migrate-meta-layouts":"default","ast-page-background-enabled":"default","ast-page-background-meta":{"desktop":{"background-color":"var(--ast-global-color-5)","background-image":"","background-repeat":"repeat","background-position":"center center","background-size":"auto","background-attachment":"scroll","background-type":"","background-media":"","overlay-type":"","overlay-color":"","overlay-opacity":"","overlay-gradient":""},"tablet":{"background-color":"","background-image":"","background-repeat":"repeat","background-position":"center center","background-size":"auto","background-attachment":"scroll","background-type":"","background-media":"","overlay-type":"","overlay-color":"","overlay-opacity":"","overlay-gradient":""},"mobile":{"background-color":"","background-image":"","background-repeat":"repeat","background-position":"center center","background-size":"auto","background-attachment":"scroll","background-type":"","background-media":"","overlay-type":"","overlay-color":"","overlay-opacity":"","overlay-gradient":""}},"ast-content-background-meta":{"desktop":{"background-color":"var(--ast-global-color-4)","background-image":"","background-repeat":"repeat","background-position":"center center","background-size":"auto","background-attachment":"scroll","background-type":"","background-media":"","overlay-type":"","overlay-color":"","overlay-opacity":"","overlay-gradient":""},"tablet":{"background-color":"var(--ast-global-color-4)","background-image":"","background-repeat":"repeat","background-position":"center center","background-size":"auto","background-attachment":"scroll","background-type":"","background-media":"","overlay-type":"","overlay-color":"","overlay-opacity":"","overlay-gradient":""},"mobile":{"background-color":"var(--ast-global-color-4)","background-image":"","background-repeat":"repeat","background-position":"center center","background-size":"auto","background-attachment":"scroll","background-type":"","background-media":"","overlay-type":"","overlay-color":"","overlay-opacity":"","overlay-gradient":""}},"footnotes":""},"categories":[1],"tags":[],"class_list":["post-10162","post","type-post","status-publish","format-standard","hentry","category-sem-categoria"],"yoast_head":"<!-- This site is optimized with the Yoast SEO plugin v26.6 - https:\/\/yoast.com\/wordpress\/plugins\/seo\/ -->\n<title>&quot;Iniciativas como essa ajudam a qualificar o mercado&quot;, diz Lula Fylho sobre MBA da Faene - Evandro Junior<\/title>\n<meta name=\"robots\" content=\"index, follow, max-snippet:-1, max-image-preview:large, max-video-preview:-1\" \/>\n<link rel=\"canonical\" href=\"https:\/\/www.blogsoestado.com\/evandrojunior\/2023\/10\/12\/iniciativas-como-essas-ajudam-a-qualificar-o-mercado-diz-lula-fylho-sobre-mba-da-faene\/\" \/>\n<meta property=\"og:locale\" content=\"pt_BR\" \/>\n<meta property=\"og:type\" content=\"article\" \/>\n<meta property=\"og:title\" content=\"&quot;Iniciativas como essa ajudam a qualificar o mercado&quot;, diz Lula Fylho sobre MBA da Faene - Evandro Junior\" \/>\n<meta property=\"og:description\" content=\"S\u00e3o Lu\u00eds &#8211; A Faculdade de Neg\u00f3cios Faene lan\u00e7ou, em parceria com o Blue Tree Hotel, o in\u00e9dito MBA \u2018Neg\u00f3cios [&hellip;]\" \/>\n<meta property=\"og:url\" content=\"https:\/\/www.blogsoestado.com\/evandrojunior\/2023\/10\/12\/iniciativas-como-essas-ajudam-a-qualificar-o-mercado-diz-lula-fylho-sobre-mba-da-faene\/\" \/>\n<meta property=\"og:site_name\" content=\"Evandro Junior\" \/>\n<meta property=\"article:published_time\" content=\"2023-10-12T19:28:53+00:00\" \/>\n<meta property=\"og:image\" content=\"https:\/\/www.blogsoestado.com\/evandrojunior\/files\/2023\/10\/PHOTO-2023-10-05-17-45-13-1024x670.jpg\" \/>\n<meta name=\"author\" content=\"Evandro Junior\" \/>\n<meta name=\"twitter:card\" content=\"summary_large_image\" \/>\n<meta name=\"twitter:label1\" content=\"Escrito por\" \/>\n\t<meta name=\"twitter:data1\" content=\"Evandro Junior\" \/>\n\t<meta name=\"twitter:label2\" content=\"Est. tempo de leitura\" \/>\n\t<meta name=\"twitter:data2\" content=\"3 minutos\" \/>\n<script type=\"application\/ld+json\" class=\"yoast-schema-graph\">{\"@context\":\"https:\/\/schema.org\",\"@graph\":[{\"@type\":\"WebPage\",\"@id\":\"https:\/\/www.blogsoestado.com\/evandrojunior\/2023\/10\/12\/iniciativas-como-essas-ajudam-a-qualificar-o-mercado-diz-lula-fylho-sobre-mba-da-faene\/\",\"url\":\"https:\/\/www.blogsoestado.com\/evandrojunior\/2023\/10\/12\/iniciativas-como-essas-ajudam-a-qualificar-o-mercado-diz-lula-fylho-sobre-mba-da-faene\/\",\"name\":\"\\\"Iniciativas como essa ajudam a qualificar o mercado\\\", diz Lula Fylho sobre MBA da Faene - Evandro Junior\",\"isPartOf\":{\"@id\":\"https:\/\/www.blogsoestado.com\/evandrojunior\/#website\"},\"primaryImageOfPage\":{\"@id\":\"https:\/\/www.blogsoestado.com\/evandrojunior\/2023\/10\/12\/iniciativas-como-essas-ajudam-a-qualificar-o-mercado-diz-lula-fylho-sobre-mba-da-faene\/#primaryimage\"},\"image\":{\"@id\":\"https:\/\/www.blogsoestado.com\/evandrojunior\/2023\/10\/12\/iniciativas-como-essas-ajudam-a-qualificar-o-mercado-diz-lula-fylho-sobre-mba-da-faene\/#primaryimage\"},\"thumbnailUrl\":\"https:\/\/www.blogsoestado.com\/evandrojunior\/files\/2023\/10\/PHOTO-2023-10-05-17-45-13-1024x670.jpg\",\"datePublished\":\"2023-10-12T19:28:53+00:00\",\"author\":{\"@id\":\"https:\/\/www.blogsoestado.com\/evandrojunior\/#\/schema\/person\/3e6c3d8dbb740d1c6878ebc935cfb3be\"},\"breadcrumb\":{\"@id\":\"https:\/\/www.blogsoestado.com\/evandrojunior\/2023\/10\/12\/iniciativas-como-essas-ajudam-a-qualificar-o-mercado-diz-lula-fylho-sobre-mba-da-faene\/#breadcrumb\"},\"inLanguage\":\"pt-BR\",\"potentialAction\":[{\"@type\":\"ReadAction\",\"target\":[\"https:\/\/www.blogsoestado.com\/evandrojunior\/2023\/10\/12\/iniciativas-como-essas-ajudam-a-qualificar-o-mercado-diz-lula-fylho-sobre-mba-da-faene\/\"]}]},{\"@type\":\"ImageObject\",\"inLanguage\":\"pt-BR\",\"@id\":\"https:\/\/www.blogsoestado.com\/evandrojunior\/2023\/10\/12\/iniciativas-como-essas-ajudam-a-qualificar-o-mercado-diz-lula-fylho-sobre-mba-da-faene\/#primaryimage\",\"url\":\"https:\/\/www.blogsoestado.com\/evandrojunior\/files\/2023\/10\/PHOTO-2023-10-05-17-45-13-1024x670.jpg\",\"contentUrl\":\"https:\/\/www.blogsoestado.com\/evandrojunior\/files\/2023\/10\/PHOTO-2023-10-05-17-45-13-1024x670.jpg\"},{\"@type\":\"BreadcrumbList\",\"@id\":\"https:\/\/www.blogsoestado.com\/evandrojunior\/2023\/10\/12\/iniciativas-como-essas-ajudam-a-qualificar-o-mercado-diz-lula-fylho-sobre-mba-da-faene\/#breadcrumb\",\"itemListElement\":[{\"@type\":\"ListItem\",\"position\":1,\"name\":\"In\u00edcio\",\"item\":\"https:\/\/www.blogsoestado.com\/evandrojunior\/\"},{\"@type\":\"ListItem\",\"position\":2,\"name\":\"&#8220;Iniciativas como essa ajudam a qualificar o mercado&#8221;, diz Lula Fylho sobre MBA da Faene\"}]},{\"@type\":\"WebSite\",\"@id\":\"https:\/\/www.blogsoestado.com\/evandrojunior\/#website\",\"url\":\"https:\/\/www.blogsoestado.com\/evandrojunior\/\",\"name\":\"Evandro Junior\",\"description\":\"\",\"potentialAction\":[{\"@type\":\"SearchAction\",\"target\":{\"@type\":\"EntryPoint\",\"urlTemplate\":\"https:\/\/www.blogsoestado.com\/evandrojunior\/?s={search_term_string}\"},\"query-input\":{\"@type\":\"PropertyValueSpecification\",\"valueRequired\":true,\"valueName\":\"search_term_string\"}}],\"inLanguage\":\"pt-BR\"},{\"@type\":\"Person\",\"@id\":\"https:\/\/www.blogsoestado.com\/evandrojunior\/#\/schema\/person\/3e6c3d8dbb740d1c6878ebc935cfb3be\",\"name\":\"Evandro Junior\",\"image\":{\"@type\":\"ImageObject\",\"inLanguage\":\"pt-BR\",\"@id\":\"https:\/\/www.blogsoestado.com\/evandrojunior\/#\/schema\/person\/image\/\",\"url\":\"https:\/\/secure.gravatar.com\/avatar\/f80a03a2294a580cd2318bfb459bf354cfa8be661ef3d95b542cf9a04af8d129?s=96&d=mm&r=g\",\"contentUrl\":\"https:\/\/secure.gravatar.com\/avatar\/f80a03a2294a580cd2318bfb459bf354cfa8be661ef3d95b542cf9a04af8d129?s=96&d=mm&r=g\",\"caption\":\"Evandro Junior\"},\"url\":\"https:\/\/www.blogsoestado.com\/evandrojunior\/author\/evandrojunior\/\"}]}<\/script>\n<!-- \/ Yoast SEO plugin. -->","yoast_head_json":{"title":"\"Iniciativas como essa ajudam a qualificar o mercado\", diz Lula Fylho sobre MBA da Faene - Evandro Junior","robots":{"index":"index","follow":"follow","max-snippet":"max-snippet:-1","max-image-preview":"max-image-preview:large","max-video-preview":"max-video-preview:-1"},"canonical":"https:\/\/www.blogsoestado.com\/evandrojunior\/2023\/10\/12\/iniciativas-como-essas-ajudam-a-qualificar-o-mercado-diz-lula-fylho-sobre-mba-da-faene\/","og_locale":"pt_BR","og_type":"article","og_title":"\"Iniciativas como essa ajudam a qualificar o mercado\", diz Lula Fylho sobre MBA da Faene - Evandro Junior","og_description":"S\u00e3o Lu\u00eds &#8211; A Faculdade de Neg\u00f3cios Faene lan\u00e7ou, em parceria com o Blue Tree Hotel, o in\u00e9dito MBA \u2018Neg\u00f3cios [&hellip;]","og_url":"https:\/\/www.blogsoestado.com\/evandrojunior\/2023\/10\/12\/iniciativas-como-essas-ajudam-a-qualificar-o-mercado-diz-lula-fylho-sobre-mba-da-faene\/","og_site_name":"Evandro Junior","article_published_time":"2023-10-12T19:28:53+00:00","og_image":[{"url":"https:\/\/www.blogsoestado.com\/evandrojunior\/files\/2023\/10\/PHOTO-2023-10-05-17-45-13-1024x670.jpg","type":"","width":"","height":""}],"author":"Evandro Junior","twitter_card":"summary_large_image","twitter_misc":{"Escrito por":"Evandro Junior","Est. tempo de leitura":"3 minutos"},"schema":{"@context":"https:\/\/schema.org","@graph":[{"@type":"WebPage","@id":"https:\/\/www.blogsoestado.com\/evandrojunior\/2023\/10\/12\/iniciativas-como-essas-ajudam-a-qualificar-o-mercado-diz-lula-fylho-sobre-mba-da-faene\/","url":"https:\/\/www.blogsoestado.com\/evandrojunior\/2023\/10\/12\/iniciativas-como-essas-ajudam-a-qualificar-o-mercado-diz-lula-fylho-sobre-mba-da-faene\/","name":"\"Iniciativas como essa ajudam a qualificar o mercado\", diz Lula Fylho sobre MBA da Faene - Evandro Junior","isPartOf":{"@id":"https:\/\/www.blogsoestado.com\/evandrojunior\/#website"},"primaryImageOfPage":{"@id":"https:\/\/www.blogsoestado.com\/evandrojunior\/2023\/10\/12\/iniciativas-como-essas-ajudam-a-qualificar-o-mercado-diz-lula-fylho-sobre-mba-da-faene\/#primaryimage"},"image":{"@id":"https:\/\/www.blogsoestado.com\/evandrojunior\/2023\/10\/12\/iniciativas-como-essas-ajudam-a-qualificar-o-mercado-diz-lula-fylho-sobre-mba-da-faene\/#primaryimage"},"thumbnailUrl":"https:\/\/www.blogsoestado.com\/evandrojunior\/files\/2023\/10\/PHOTO-2023-10-05-17-45-13-1024x670.jpg","datePublished":"2023-10-12T19:28:53+00:00","author":{"@id":"https:\/\/www.blogsoestado.com\/evandrojunior\/#\/schema\/person\/3e6c3d8dbb740d1c6878ebc935cfb3be"},"breadcrumb":{"@id":"https:\/\/www.blogsoestado.com\/evandrojunior\/2023\/10\/12\/iniciativas-como-essas-ajudam-a-qualificar-o-mercado-diz-lula-fylho-sobre-mba-da-faene\/#breadcrumb"},"inLanguage":"pt-BR","potentialAction":[{"@type":"ReadAction","target":["https:\/\/www.blogsoestado.com\/evandrojunior\/2023\/10\/12\/iniciativas-como-essas-ajudam-a-qualificar-o-mercado-diz-lula-fylho-sobre-mba-da-faene\/"]}]},{"@type":"ImageObject","inLanguage":"pt-BR","@id":"https:\/\/www.blogsoestado.com\/evandrojunior\/2023\/10\/12\/iniciativas-como-essas-ajudam-a-qualificar-o-mercado-diz-lula-fylho-sobre-mba-da-faene\/#primaryimage","url":"https:\/\/www.blogsoestado.com\/evandrojunior\/files\/2023\/10\/PHOTO-2023-10-05-17-45-13-1024x670.jpg","contentUrl":"https:\/\/www.blogsoestado.com\/evandrojunior\/files\/2023\/10\/PHOTO-2023-10-05-17-45-13-1024x670.jpg"},{"@type":"BreadcrumbList","@id":"https:\/\/www.blogsoestado.com\/evandrojunior\/2023\/10\/12\/iniciativas-como-essas-ajudam-a-qualificar-o-mercado-diz-lula-fylho-sobre-mba-da-faene\/#breadcrumb","itemListElement":[{"@type":"ListItem","position":1,"name":"In\u00edcio","item":"https:\/\/www.blogsoestado.com\/evandrojunior\/"},{"@type":"ListItem","position":2,"name":"&#8220;Iniciativas como essa ajudam a qualificar o mercado&#8221;, diz Lula Fylho sobre MBA da Faene"}]},{"@type":"WebSite","@id":"https:\/\/www.blogsoestado.com\/evandrojunior\/#website","url":"https:\/\/www.blogsoestado.com\/evandrojunior\/","name":"Evandro Junior","description":"","potentialAction":[{"@type":"SearchAction","target":{"@type":"EntryPoint","urlTemplate":"https:\/\/www.blogsoestado.com\/evandrojunior\/?s={search_term_string}"},"query-input":{"@type":"PropertyValueSpecification","valueRequired":true,"valueName":"search_term_string"}}],"inLanguage":"pt-BR"},{"@type":"Person","@id":"https:\/\/www.blogsoestado.com\/evandrojunior\/#\/schema\/person\/3e6c3d8dbb740d1c6878ebc935cfb3be","name":"Evandro Junior","image":{"@type":"ImageObject","inLanguage":"pt-BR","@id":"https:\/\/www.blogsoestado.com\/evandrojunior\/#\/schema\/person\/image\/","url":"https:\/\/secure.gravatar.com\/avatar\/f80a03a2294a580cd2318bfb459bf354cfa8be661ef3d95b542cf9a04af8d129?s=96&d=mm&r=g","contentUrl":"https:\/\/secure.gravatar.com\/avatar\/f80a03a2294a580cd2318bfb459bf354cfa8be661ef3d95b542cf9a04af8d129?s=96&d=mm&r=g","caption":"Evandro Junior"},"url":"https:\/\/www.blogsoestado.com\/evandrojunior\/author\/evandrojunior\/"}]}},"jetpack_featured_media_url":"","_links":{"self":[{"href":"https:\/\/www.blogsoestado.com\/evandrojunior\/wp-json\/wp\/v2\/posts\/10162","targetHints":{"allow":["GET"]}}],"collection":[{"href":"https:\/\/www.blogsoestado.com\/evandrojunior\/wp-json\/wp\/v2\/posts"}],"about":[{"href":"https:\/\/www.blogsoestado.com\/evandrojunior\/wp-json\/wp\/v2\/types\/post"}],"author":[{"embeddable":true,"href":"https:\/\/www.blogsoestado.com\/evandrojunior\/wp-json\/wp\/v2\/users\/4"}],"replies":[{"embeddable":true,"href":"https:\/\/www.blogsoestado.com\/evandrojunior\/wp-json\/wp\/v2\/comments?post=10162"}],"version-history":[{"count":0,"href":"https:\/\/www.blogsoestado.com\/evandrojunior\/wp-json\/wp\/v2\/posts\/10162\/revisions"}],"wp:attachment":[{"href":"https:\/\/www.blogsoestado.com\/evandrojunior\/wp-json\/wp\/v2\/media?parent=10162"}],"wp:term":[{"taxonomy":"category","embeddable":true,"href":"https:\/\/www.blogsoestado.com\/evandrojunior\/wp-json\/wp\/v2\/categories?post=10162"},{"taxonomy":"post_tag","embeddable":true,"href":"https:\/\/www.blogsoestado.com\/evandrojunior\/wp-json\/wp\/v2\/tags?post=10162"}],"curies":[{"name":"wp","href":"https:\/\/api.w.org\/{rel}","templated":true}]}}