{"id":10177,"date":"2023-10-16T12:00:27","date_gmt":"2023-10-16T15:00:27","guid":{"rendered":"https:\/\/www.blogsoestado.com\/evandrojunior\/?p=10177"},"modified":"2023-10-16T12:00:27","modified_gmt":"2023-10-16T15:00:27","slug":"em-entrevista-iracema-vale-destaca-importancia-da-lei-que-protege-a-regiao-dos-lencois-maranhenses","status":"publish","type":"post","link":"https:\/\/www.blogsoestado.com\/evandrojunior\/2023\/10\/16\/em-entrevista-iracema-vale-destaca-importancia-da-lei-que-protege-a-regiao-dos-lencois-maranhenses\/","title":{"rendered":"Em entrevista, Iracema Vale destaca import\u00e2ncia da lei que protege a regi\u00e3o dos Len\u00e7\u00f3is Maranhenses"},"content":{"rendered":"\n<div class=\"wp-block-image\"><figure class=\"aligncenter size-large is-resized\"><img fetchpriority=\"high\" decoding=\"async\" src=\"https:\/\/www.blogsoestado.com\/evandrojunior\/files\/2023\/10\/8a34ad48-1ecb-469d-942f-946c05132bc3-1024x576.jpg\" alt=\"\" class=\"wp-image-10178\" width=\"544\" height=\"305\"\/><figcaption><strong>Iracema Vale durante entrevista na TV Mirante<\/strong><\/figcaption><\/figure><\/div>\n\n\n\n<p><strong>S\u00e3o Lu\u00eds <\/strong>&#8211; Em entrevista ao programa \u2018Bom Dia Mirante\u2019, na manh\u00e3 desta segunda-feira (16), a presidente da Assembleia Legislativa do Maranh\u00e3o, deputada Iracema Vale (PSB), destacou a import\u00e2ncia da aprova\u00e7\u00e3o da lei, de sua autoria, que trata da\u00a0preserva\u00e7\u00e3o e\u00a0prote\u00e7\u00e3o da regi\u00e3o dos Len\u00e7\u00f3is Maranhenses, sancionada no dia 12 de outubro.<\/p>\n\n\n\n<p>\u201cA lei visa proteger todos os munic\u00edpios que abrangem os Len\u00e7\u00f3is Maranhenses. O projeto surgiu da necessidade de passarmos uma seguran\u00e7a \u00e0 popula\u00e7\u00e3o no que diz respeito \u00e0 preserva\u00e7\u00e3o do Parque, dos nossos mananciais h\u00eddricos, das nossas chapadas e, sobretudo, dos nossos agricultores familiares\u201d, afirmou a chefe do Legislativo maranhense.<\/p>\n\n\n\n<p>Na conversa com os jornalistas Cl\u00f3vis Cabalau e Vanessa Fonseca no quadro \u2018Bastidores\u2019, a parlamentar ressaltou que a lei, origin\u00e1ria do PL n\u00ba 434\/2023, ir\u00e1 conter o avan\u00e7o da abertura de novas lavouras destinadas ao cultivo de monoculturas na regi\u00e3o para coibir impactos ambientais significativos, como a perda de habitat, o aumento da polui\u00e7\u00e3o das \u00e1guas e a degrada\u00e7\u00e3o dos solos.<\/p>\n\n\n\n<p>\u201cA educa\u00e7\u00e3o ambiental tamb\u00e9m \u00e9 um dos pontos explorados pela lei porque precisamos falar mais sobre o turismo sustent\u00e1vel e o est\u00edmulo ao ecoturismo, que s\u00e3o fundamentais para a subsist\u00eancia e para o desenvolvimento da regi\u00e3o. O parque \u00e9 um patrim\u00f4nio bel\u00edssimo e o cart\u00e3o-postal do Maranh\u00e3o para o mundo e precisa dessa aten\u00e7\u00e3o\u201d, frisou Iracema Vale.<\/p>\n\n\n\n<p>Questionada sobre como \u00e9 poss\u00edvel equilibrar o avan\u00e7o do agroneg\u00f3cio, que \u00e9 importante para potencializar a economia do estado, com a necessidade de proteger as fam\u00edlias rurais e o meio-ambiente, a presidente do Poder Legislativo salientou que j\u00e1 existem produ\u00e7\u00f5es agropecu\u00e1rias na regi\u00e3o, mas determinadas \u00e1reas necessitam ser protegidas de devasta\u00e7\u00f5es.<\/p>\n\n\n\n<p>\u201cOs agricultores familiares trabalham em pequena escala e n\u00e3o prejudicam o meio ambiente com suas atividades, o que eles precisam \u00e9 de incentivo e apoio t\u00e9cnico. Com a lei, n\u00f3s garantimos que os produtores rurais tenham acesso ao que eles precisam para continuarem trabalhando e garantindo seu sustento\u201d, assegurou a presidente.<\/p>\n","protected":false},"excerpt":{"rendered":"<p>S\u00e3o Lu\u00eds &#8211; Em entrevista ao programa \u2018Bom Dia Mirante\u2019, na manh\u00e3 desta segunda-feira (16), a presidente da Assembleia Legislativa [&hellip;]<\/p>\n","protected":false},"author":4,"featured_media":0,"comment_status":"open","ping_status":"open","sticky":false,"template":"","format":"standard","meta":{"site-sidebar-layout":"default","site-content-layout":"","ast-site-content-layout":"default","site-content-style":"default","site-sidebar-style":"default","ast-global-header-display":"","ast-banner-title-visibility":"","ast-main-header-display":"","ast-hfb-above-header-display":"","ast-hfb-below-header-display":"","ast-hfb-mobile-header-display":"","site-post-title":"","ast-breadcrumbs-content":"","ast-featured-img":"","footer-sml-layout":"","ast-disable-related-posts":"","theme-transparent-header-meta":"","adv-header-id-meta":"","stick-header-meta":"","header-above-stick-meta":"","header-main-stick-meta":"","header-below-stick-meta":"","astra-migrate-meta-layouts":"default","ast-page-background-enabled":"default","ast-page-background-meta":{"desktop":{"background-color":"var(--ast-global-color-5)","background-image":"","background-repeat":"repeat","background-position":"center center","background-size":"auto","background-attachment":"scroll","background-type":"","background-media":"","overlay-type":"","overlay-color":"","overlay-opacity":"","overlay-gradient":""},"tablet":{"background-color":"","background-image":"","background-repeat":"repeat","background-position":"center center","background-size":"auto","background-attachment":"scroll","background-type":"","background-media":"","overlay-type":"","overlay-color":"","overlay-opacity":"","overlay-gradient":""},"mobile":{"background-color":"","background-image":"","background-repeat":"repeat","background-position":"center center","background-size":"auto","background-attachment":"scroll","background-type":"","background-media":"","overlay-type":"","overlay-color":"","overlay-opacity":"","overlay-gradient":""}},"ast-content-background-meta":{"desktop":{"background-color":"var(--ast-global-color-4)","background-image":"","background-repeat":"repeat","background-position":"center center","background-size":"auto","background-attachment":"scroll","background-type":"","background-media":"","overlay-type":"","overlay-color":"","overlay-opacity":"","overlay-gradient":""},"tablet":{"background-color":"var(--ast-global-color-4)","background-image":"","background-repeat":"repeat","background-position":"center center","background-size":"auto","background-attachment":"scroll","background-type":"","background-media":"","overlay-type":"","overlay-color":"","overlay-opacity":"","overlay-gradient":""},"mobile":{"background-color":"var(--ast-global-color-4)","background-image":"","background-repeat":"repeat","background-position":"center center","background-size":"auto","background-attachment":"scroll","background-type":"","background-media":"","overlay-type":"","overlay-color":"","overlay-opacity":"","overlay-gradient":""}},"footnotes":""},"categories":[1],"tags":[],"class_list":["post-10177","post","type-post","status-publish","format-standard","hentry","category-sem-categoria"],"yoast_head":"<!-- This site is optimized with the Yoast SEO plugin v26.6 - https:\/\/yoast.com\/wordpress\/plugins\/seo\/ -->\n<title>Em entrevista, Iracema Vale destaca import\u00e2ncia da lei que protege a regi\u00e3o dos Len\u00e7\u00f3is Maranhenses - Evandro Junior<\/title>\n<meta name=\"robots\" content=\"index, follow, max-snippet:-1, max-image-preview:large, max-video-preview:-1\" \/>\n<link rel=\"canonical\" href=\"https:\/\/www.blogsoestado.com\/evandrojunior\/2023\/10\/16\/em-entrevista-iracema-vale-destaca-importancia-da-lei-que-protege-a-regiao-dos-lencois-maranhenses\/\" \/>\n<meta property=\"og:locale\" content=\"pt_BR\" \/>\n<meta property=\"og:type\" content=\"article\" \/>\n<meta property=\"og:title\" content=\"Em entrevista, Iracema Vale destaca import\u00e2ncia da lei que protege a regi\u00e3o dos Len\u00e7\u00f3is Maranhenses - Evandro Junior\" \/>\n<meta property=\"og:description\" content=\"S\u00e3o Lu\u00eds &#8211; Em entrevista ao programa \u2018Bom Dia Mirante\u2019, na manh\u00e3 desta segunda-feira (16), a presidente da Assembleia Legislativa [&hellip;]\" \/>\n<meta property=\"og:url\" content=\"https:\/\/www.blogsoestado.com\/evandrojunior\/2023\/10\/16\/em-entrevista-iracema-vale-destaca-importancia-da-lei-que-protege-a-regiao-dos-lencois-maranhenses\/\" \/>\n<meta property=\"og:site_name\" content=\"Evandro Junior\" \/>\n<meta property=\"article:published_time\" content=\"2023-10-16T15:00:27+00:00\" \/>\n<meta property=\"og:image\" content=\"https:\/\/www.blogsoestado.com\/evandrojunior\/files\/2023\/10\/8a34ad48-1ecb-469d-942f-946c05132bc3-1024x576.jpg\" \/>\n<meta name=\"author\" content=\"Evandro Junior\" \/>\n<meta name=\"twitter:card\" content=\"summary_large_image\" \/>\n<meta name=\"twitter:label1\" content=\"Escrito por\" \/>\n\t<meta name=\"twitter:data1\" content=\"Evandro Junior\" \/>\n\t<meta name=\"twitter:label2\" content=\"Est. tempo de leitura\" \/>\n\t<meta name=\"twitter:data2\" content=\"2 minutos\" \/>\n<script type=\"application\/ld+json\" class=\"yoast-schema-graph\">{\"@context\":\"https:\/\/schema.org\",\"@graph\":[{\"@type\":\"WebPage\",\"@id\":\"https:\/\/www.blogsoestado.com\/evandrojunior\/2023\/10\/16\/em-entrevista-iracema-vale-destaca-importancia-da-lei-que-protege-a-regiao-dos-lencois-maranhenses\/\",\"url\":\"https:\/\/www.blogsoestado.com\/evandrojunior\/2023\/10\/16\/em-entrevista-iracema-vale-destaca-importancia-da-lei-que-protege-a-regiao-dos-lencois-maranhenses\/\",\"name\":\"Em entrevista, Iracema Vale destaca import\u00e2ncia da lei que protege a regi\u00e3o dos Len\u00e7\u00f3is Maranhenses - Evandro Junior\",\"isPartOf\":{\"@id\":\"https:\/\/www.blogsoestado.com\/evandrojunior\/#website\"},\"primaryImageOfPage\":{\"@id\":\"https:\/\/www.blogsoestado.com\/evandrojunior\/2023\/10\/16\/em-entrevista-iracema-vale-destaca-importancia-da-lei-que-protege-a-regiao-dos-lencois-maranhenses\/#primaryimage\"},\"image\":{\"@id\":\"https:\/\/www.blogsoestado.com\/evandrojunior\/2023\/10\/16\/em-entrevista-iracema-vale-destaca-importancia-da-lei-que-protege-a-regiao-dos-lencois-maranhenses\/#primaryimage\"},\"thumbnailUrl\":\"https:\/\/www.blogsoestado.com\/evandrojunior\/files\/2023\/10\/8a34ad48-1ecb-469d-942f-946c05132bc3-1024x576.jpg\",\"datePublished\":\"2023-10-16T15:00:27+00:00\",\"author\":{\"@id\":\"https:\/\/www.blogsoestado.com\/evandrojunior\/#\/schema\/person\/3e6c3d8dbb740d1c6878ebc935cfb3be\"},\"breadcrumb\":{\"@id\":\"https:\/\/www.blogsoestado.com\/evandrojunior\/2023\/10\/16\/em-entrevista-iracema-vale-destaca-importancia-da-lei-que-protege-a-regiao-dos-lencois-maranhenses\/#breadcrumb\"},\"inLanguage\":\"pt-BR\",\"potentialAction\":[{\"@type\":\"ReadAction\",\"target\":[\"https:\/\/www.blogsoestado.com\/evandrojunior\/2023\/10\/16\/em-entrevista-iracema-vale-destaca-importancia-da-lei-que-protege-a-regiao-dos-lencois-maranhenses\/\"]}]},{\"@type\":\"ImageObject\",\"inLanguage\":\"pt-BR\",\"@id\":\"https:\/\/www.blogsoestado.com\/evandrojunior\/2023\/10\/16\/em-entrevista-iracema-vale-destaca-importancia-da-lei-que-protege-a-regiao-dos-lencois-maranhenses\/#primaryimage\",\"url\":\"https:\/\/www.blogsoestado.com\/evandrojunior\/files\/2023\/10\/8a34ad48-1ecb-469d-942f-946c05132bc3-1024x576.jpg\",\"contentUrl\":\"https:\/\/www.blogsoestado.com\/evandrojunior\/files\/2023\/10\/8a34ad48-1ecb-469d-942f-946c05132bc3-1024x576.jpg\"},{\"@type\":\"BreadcrumbList\",\"@id\":\"https:\/\/www.blogsoestado.com\/evandrojunior\/2023\/10\/16\/em-entrevista-iracema-vale-destaca-importancia-da-lei-que-protege-a-regiao-dos-lencois-maranhenses\/#breadcrumb\",\"itemListElement\":[{\"@type\":\"ListItem\",\"position\":1,\"name\":\"In\u00edcio\",\"item\":\"https:\/\/www.blogsoestado.com\/evandrojunior\/\"},{\"@type\":\"ListItem\",\"position\":2,\"name\":\"Em entrevista, Iracema Vale destaca import\u00e2ncia da lei que protege a regi\u00e3o dos Len\u00e7\u00f3is Maranhenses\"}]},{\"@type\":\"WebSite\",\"@id\":\"https:\/\/www.blogsoestado.com\/evandrojunior\/#website\",\"url\":\"https:\/\/www.blogsoestado.com\/evandrojunior\/\",\"name\":\"Evandro Junior\",\"description\":\"\",\"potentialAction\":[{\"@type\":\"SearchAction\",\"target\":{\"@type\":\"EntryPoint\",\"urlTemplate\":\"https:\/\/www.blogsoestado.com\/evandrojunior\/?s={search_term_string}\"},\"query-input\":{\"@type\":\"PropertyValueSpecification\",\"valueRequired\":true,\"valueName\":\"search_term_string\"}}],\"inLanguage\":\"pt-BR\"},{\"@type\":\"Person\",\"@id\":\"https:\/\/www.blogsoestado.com\/evandrojunior\/#\/schema\/person\/3e6c3d8dbb740d1c6878ebc935cfb3be\",\"name\":\"Evandro Junior\",\"image\":{\"@type\":\"ImageObject\",\"inLanguage\":\"pt-BR\",\"@id\":\"https:\/\/www.blogsoestado.com\/evandrojunior\/#\/schema\/person\/image\/\",\"url\":\"https:\/\/secure.gravatar.com\/avatar\/f80a03a2294a580cd2318bfb459bf354cfa8be661ef3d95b542cf9a04af8d129?s=96&d=mm&r=g\",\"contentUrl\":\"https:\/\/secure.gravatar.com\/avatar\/f80a03a2294a580cd2318bfb459bf354cfa8be661ef3d95b542cf9a04af8d129?s=96&d=mm&r=g\",\"caption\":\"Evandro Junior\"},\"url\":\"https:\/\/www.blogsoestado.com\/evandrojunior\/author\/evandrojunior\/\"}]}<\/script>\n<!-- \/ Yoast SEO plugin. -->","yoast_head_json":{"title":"Em entrevista, Iracema Vale destaca import\u00e2ncia da lei que protege a regi\u00e3o dos Len\u00e7\u00f3is Maranhenses - Evandro Junior","robots":{"index":"index","follow":"follow","max-snippet":"max-snippet:-1","max-image-preview":"max-image-preview:large","max-video-preview":"max-video-preview:-1"},"canonical":"https:\/\/www.blogsoestado.com\/evandrojunior\/2023\/10\/16\/em-entrevista-iracema-vale-destaca-importancia-da-lei-que-protege-a-regiao-dos-lencois-maranhenses\/","og_locale":"pt_BR","og_type":"article","og_title":"Em entrevista, Iracema Vale destaca import\u00e2ncia da lei que protege a regi\u00e3o dos Len\u00e7\u00f3is Maranhenses - Evandro Junior","og_description":"S\u00e3o Lu\u00eds &#8211; Em entrevista ao programa \u2018Bom Dia Mirante\u2019, na manh\u00e3 desta segunda-feira (16), a presidente da Assembleia Legislativa [&hellip;]","og_url":"https:\/\/www.blogsoestado.com\/evandrojunior\/2023\/10\/16\/em-entrevista-iracema-vale-destaca-importancia-da-lei-que-protege-a-regiao-dos-lencois-maranhenses\/","og_site_name":"Evandro Junior","article_published_time":"2023-10-16T15:00:27+00:00","og_image":[{"url":"https:\/\/www.blogsoestado.com\/evandrojunior\/files\/2023\/10\/8a34ad48-1ecb-469d-942f-946c05132bc3-1024x576.jpg","type":"","width":"","height":""}],"author":"Evandro Junior","twitter_card":"summary_large_image","twitter_misc":{"Escrito por":"Evandro Junior","Est. tempo de leitura":"2 minutos"},"schema":{"@context":"https:\/\/schema.org","@graph":[{"@type":"WebPage","@id":"https:\/\/www.blogsoestado.com\/evandrojunior\/2023\/10\/16\/em-entrevista-iracema-vale-destaca-importancia-da-lei-que-protege-a-regiao-dos-lencois-maranhenses\/","url":"https:\/\/www.blogsoestado.com\/evandrojunior\/2023\/10\/16\/em-entrevista-iracema-vale-destaca-importancia-da-lei-que-protege-a-regiao-dos-lencois-maranhenses\/","name":"Em entrevista, Iracema Vale destaca import\u00e2ncia da lei que protege a regi\u00e3o dos Len\u00e7\u00f3is Maranhenses - Evandro Junior","isPartOf":{"@id":"https:\/\/www.blogsoestado.com\/evandrojunior\/#website"},"primaryImageOfPage":{"@id":"https:\/\/www.blogsoestado.com\/evandrojunior\/2023\/10\/16\/em-entrevista-iracema-vale-destaca-importancia-da-lei-que-protege-a-regiao-dos-lencois-maranhenses\/#primaryimage"},"image":{"@id":"https:\/\/www.blogsoestado.com\/evandrojunior\/2023\/10\/16\/em-entrevista-iracema-vale-destaca-importancia-da-lei-que-protege-a-regiao-dos-lencois-maranhenses\/#primaryimage"},"thumbnailUrl":"https:\/\/www.blogsoestado.com\/evandrojunior\/files\/2023\/10\/8a34ad48-1ecb-469d-942f-946c05132bc3-1024x576.jpg","datePublished":"2023-10-16T15:00:27+00:00","author":{"@id":"https:\/\/www.blogsoestado.com\/evandrojunior\/#\/schema\/person\/3e6c3d8dbb740d1c6878ebc935cfb3be"},"breadcrumb":{"@id":"https:\/\/www.blogsoestado.com\/evandrojunior\/2023\/10\/16\/em-entrevista-iracema-vale-destaca-importancia-da-lei-que-protege-a-regiao-dos-lencois-maranhenses\/#breadcrumb"},"inLanguage":"pt-BR","potentialAction":[{"@type":"ReadAction","target":["https:\/\/www.blogsoestado.com\/evandrojunior\/2023\/10\/16\/em-entrevista-iracema-vale-destaca-importancia-da-lei-que-protege-a-regiao-dos-lencois-maranhenses\/"]}]},{"@type":"ImageObject","inLanguage":"pt-BR","@id":"https:\/\/www.blogsoestado.com\/evandrojunior\/2023\/10\/16\/em-entrevista-iracema-vale-destaca-importancia-da-lei-que-protege-a-regiao-dos-lencois-maranhenses\/#primaryimage","url":"https:\/\/www.blogsoestado.com\/evandrojunior\/files\/2023\/10\/8a34ad48-1ecb-469d-942f-946c05132bc3-1024x576.jpg","contentUrl":"https:\/\/www.blogsoestado.com\/evandrojunior\/files\/2023\/10\/8a34ad48-1ecb-469d-942f-946c05132bc3-1024x576.jpg"},{"@type":"BreadcrumbList","@id":"https:\/\/www.blogsoestado.com\/evandrojunior\/2023\/10\/16\/em-entrevista-iracema-vale-destaca-importancia-da-lei-que-protege-a-regiao-dos-lencois-maranhenses\/#breadcrumb","itemListElement":[{"@type":"ListItem","position":1,"name":"In\u00edcio","item":"https:\/\/www.blogsoestado.com\/evandrojunior\/"},{"@type":"ListItem","position":2,"name":"Em entrevista, Iracema Vale destaca import\u00e2ncia da lei que protege a regi\u00e3o dos Len\u00e7\u00f3is Maranhenses"}]},{"@type":"WebSite","@id":"https:\/\/www.blogsoestado.com\/evandrojunior\/#website","url":"https:\/\/www.blogsoestado.com\/evandrojunior\/","name":"Evandro Junior","description":"","potentialAction":[{"@type":"SearchAction","target":{"@type":"EntryPoint","urlTemplate":"https:\/\/www.blogsoestado.com\/evandrojunior\/?s={search_term_string}"},"query-input":{"@type":"PropertyValueSpecification","valueRequired":true,"valueName":"search_term_string"}}],"inLanguage":"pt-BR"},{"@type":"Person","@id":"https:\/\/www.blogsoestado.com\/evandrojunior\/#\/schema\/person\/3e6c3d8dbb740d1c6878ebc935cfb3be","name":"Evandro Junior","image":{"@type":"ImageObject","inLanguage":"pt-BR","@id":"https:\/\/www.blogsoestado.com\/evandrojunior\/#\/schema\/person\/image\/","url":"https:\/\/secure.gravatar.com\/avatar\/f80a03a2294a580cd2318bfb459bf354cfa8be661ef3d95b542cf9a04af8d129?s=96&d=mm&r=g","contentUrl":"https:\/\/secure.gravatar.com\/avatar\/f80a03a2294a580cd2318bfb459bf354cfa8be661ef3d95b542cf9a04af8d129?s=96&d=mm&r=g","caption":"Evandro Junior"},"url":"https:\/\/www.blogsoestado.com\/evandrojunior\/author\/evandrojunior\/"}]}},"jetpack_featured_media_url":"","_links":{"self":[{"href":"https:\/\/www.blogsoestado.com\/evandrojunior\/wp-json\/wp\/v2\/posts\/10177","targetHints":{"allow":["GET"]}}],"collection":[{"href":"https:\/\/www.blogsoestado.com\/evandrojunior\/wp-json\/wp\/v2\/posts"}],"about":[{"href":"https:\/\/www.blogsoestado.com\/evandrojunior\/wp-json\/wp\/v2\/types\/post"}],"author":[{"embeddable":true,"href":"https:\/\/www.blogsoestado.com\/evandrojunior\/wp-json\/wp\/v2\/users\/4"}],"replies":[{"embeddable":true,"href":"https:\/\/www.blogsoestado.com\/evandrojunior\/wp-json\/wp\/v2\/comments?post=10177"}],"version-history":[{"count":0,"href":"https:\/\/www.blogsoestado.com\/evandrojunior\/wp-json\/wp\/v2\/posts\/10177\/revisions"}],"wp:attachment":[{"href":"https:\/\/www.blogsoestado.com\/evandrojunior\/wp-json\/wp\/v2\/media?parent=10177"}],"wp:term":[{"taxonomy":"category","embeddable":true,"href":"https:\/\/www.blogsoestado.com\/evandrojunior\/wp-json\/wp\/v2\/categories?post=10177"},{"taxonomy":"post_tag","embeddable":true,"href":"https:\/\/www.blogsoestado.com\/evandrojunior\/wp-json\/wp\/v2\/tags?post=10177"}],"curies":[{"name":"wp","href":"https:\/\/api.w.org\/{rel}","templated":true}]}}